{"id":727813,"date":"2024-06-05T18:23:05","date_gmt":"2024-06-05T14:23:05","guid":{"rendered":"https:\/\/arantv.az\/?p=727813"},"modified":"2024-06-05T18:23:05","modified_gmt":"2024-06-05T14:23:05","slug":"2023-24-t%c9%99hsil-ilinin-son-z%c9%99nginin-vaxti-aciqlandi","status":"publish","type":"post","link":"https:\/\/arantv.az\/?p=727813","title":{"rendered":"2023\/24 t\u0259hsil ilinin &#8220;Son z\u0259ng&#8221;inin vaxt\u0131 a\u00e7\u0131qland\u0131"},"content":{"rendered":"<p>\u0130yunun 14-\u00fc m\u0259kt\u0259bl\u0259rd\u0259 &#8220;Son z\u0259ng&#8221; \u00e7al\u0131nacaq.<\/p>\n<p><strong>ARANTV.AZ <\/strong>x\u0259b\u0259r verir ki, bu bar\u0259d\u0259 M\u0259kt\u0259b\u0259q\u0259d\u0259r v\u0259 \u00dcmumi T\u0259hsil \u00fczr\u0259 D\u00f6vl\u0259t Agentliyi (M\u00dcTDA) m\u0259lumat yay\u0131b.<\/p>\n<p>Bildirilib ki, elm v\u0259 t\u0259hsil nazirinin m\u00fcvafiq \u0259mrin\u0259 \u0259sas\u0259n, 2023\/2024-c\u00fc t\u0259dris ili \u00f6lk\u0259nin b\u00fct\u00fcn tipd\u0259n olan \u00fcmumi t\u0259hsil m\u00fc\u0259ssis\u0259l\u0259rind\u0259 15 sentyabr 2023-c\u00fc il tarixind\u0259 ba\u015flay\u0131r, 14 iyun 2024-c\u00fc il tarixind\u0259 ba\u015fa \u00e7at\u0131r.<\/p>\n<p>Bununla \u0259laq\u0259dar olaraq 14 iyun son d\u0259rs g\u00fcn\u00fcd\u00fcr.<\/p>\n<p>Qeyd ed\u0259k ki, m\u0259kt\u0259bl\u0259rd\u0259 \u015fagirdl\u0259rd\u0259n d\u0259rslikl\u0259rin t\u0259dris ilinin sonuncu h\u0259ft\u0259sind\u0259n ba\u015flayaraq t\u0259hvil al\u0131nmas\u0131 n\u0259z\u0259rd\u0259 tutulur.<\/p>\n","protected":false},"excerpt":{"rendered":"<p>\u0130yunun 14-\u00fc m\u0259kt\u0259bl\u0259rd\u0259 &#8220;Son z\u0259ng&#8221; \u00e7al\u0131nacaq. ARANTV.AZ x\u0259b\u0259r verir ki, bu bar\u0259d\u0259 M\u0259kt\u0259b\u0259q\u0259d\u0259r v\u0259 \u00dcmumi T\u0259hsil \u00fczr\u0259 D\u00f6vl\u0259t Agentliyi (M\u00dcTDA) m\u0259lumat yay\u0131b. Bildirilib ki, elm v\u0259 t\u0259hsil nazirinin m\u00fcvafiq \u0259mrin\u0259 \u0259sas\u0259n, 2023\/2024-c\u00fc t\u0259dris ili \u00f6lk\u0259nin b\u00fct\u00fcn tipd\u0259n olan \u00fcmumi t\u0259hsil m\u00fc\u0259ssis\u0259l\u0259rind\u0259 15 sentyabr 2023-c\u00fc il tarixind\u0259 ba\u015flay\u0131r, 14 iyun 2024-c\u00fc il tarixind\u0259 ba\u015fa \u00e7at\u0131r. Bununla \u0259laq\u0259dar olaraq 14 iyun son d\u0259rs g\u00fcn\u00fcd\u00fcr. Qeyd ed\u0259k ki, m\u0259kt\u0259bl\u0259rd\u0259 \u015fagirdl\u0259rd\u0259n d\u0259rslikl\u0259rin t\u0259dris ilinin sonuncu h\u0259ft\u0259sind\u0259n ba\u015flayaraq t\u0259hvil al\u0131nmas\u0131 n\u0259z\u0259rd\u0259 tutulur.<\/p>\n","protected":false},"author":2,"featured_media":727814,"comment_status":"closed","ping_status":"closed","sticky":false,"template":"","format":"standard","meta":{"om_disable_all_campaigns":false,"_monsterinsights_skip_tracking":false,"_monsterinsights_sitenote_active":false,"_monsterinsights_sitenote_note":"","_monsterinsights_sitenote_category":0},"categories":[1],"tags":[],"aioseo_notices":[],"gutentor_comment":0,"rttpg_featured_image_url":{"full":["https:\/\/arantv.az\/wp-content\/uploads\/2024\/06\/93470.jpg",637,400,false],"landscape":["https:\/\/arantv.az\/wp-content\/uploads\/2024\/06\/93470.jpg",637,400,false],"portraits":["https:\/\/arantv.az\/wp-content\/uploads\/2024\/06\/93470.jpg",637,400,false],"thumbnail":["https:\/\/arantv.az\/wp-content\/uploads\/2024\/06\/93470-500x280.jpg",500,280,true],"medium":["https:\/\/arantv.az\/wp-content\/uploads\/2024\/06\/93470-581x365.jpg",581,365,true],"large":["https:\/\/arantv.az\/wp-content\/uploads\/2024\/06\/93470.jpg",637,400,false],"1536x1536":["https:\/\/arantv.az\/wp-content\/uploads\/2024\/06\/93470.jpg",637,400,false],"2048x2048":["https:\/\/arantv.az\/wp-content\/uploads\/2024\/06\/93470.jpg",637,400,false],"post-thumbnail":["https:\/\/arantv.az\/wp-content\/uploads\/2024\/06\/93470-240x172.jpg",240,172,true],"advps-thumb-one":["https:\/\/arantv.az\/wp-content\/uploads\/2024\/06\/93470.jpg",637,400,false]},"rttpg_author":{"display_name":"V\u00fcsal Rafiqo\u011flu","author_link":"https:\/\/arantv.az\/?author=2"},"rttpg_comment":0,"rttpg_category":"<a href=\"https:\/\/arantv.az\/?cat=1\" rel=\"category\">C\u0259miyy\u0259t<\/a>","rttpg_excerpt":"\u0130yunun 14-\u00fc m\u0259kt\u0259bl\u0259rd\u0259 &#8220;Son z\u0259ng&#8221; \u00e7al\u0131nacaq. ARANTV.AZ x\u0259b\u0259r verir ki, bu bar\u0259d\u0259 M\u0259kt\u0259b\u0259q\u0259d\u0259r v\u0259 \u00dcmumi T\u0259hsil \u00fczr\u0259 D\u00f6vl\u0259t Agentliyi (M\u00dcTDA) m\u0259lumat yay\u0131b. Bildirilib ki, elm v\u0259 t\u0259hsil nazirinin m\u00fcvafiq \u0259mrin\u0259 \u0259sas\u0259n, 2023\/2024-c\u00fc t\u0259dris ili \u00f6lk\u0259nin b\u00fct\u00fcn tipd\u0259n olan \u00fcmumi t\u0259hsil m\u00fc\u0259ssis\u0259l\u0259rind\u0259 15 sentyabr 2023-c\u00fc il tarixind\u0259 ba\u015flay\u0131r, 14 iyun 2024-c\u00fc il tarixind\u0259 ba\u015fa \u00e7at\u0131r. Bununla&hellip;","_links":{"self":[{"href":"https:\/\/arantv.az\/index.php?rest_route=\/wp\/v2\/posts\/727813"}],"collection":[{"href":"https:\/\/arantv.az\/index.php?rest_route=\/wp\/v2\/posts"}],"about":[{"href":"https:\/\/arantv.az\/index.php?rest_route=\/wp\/v2\/types\/post"}],"author":[{"embeddable":true,"href":"https:\/\/arantv.az\/index.php?rest_route=\/wp\/v2\/users\/2"}],"replies":[{"embeddable":true,"href":"https:\/\/arantv.az\/index.php?rest_route=%2Fwp%2Fv2%2Fcomments&post=727813"}],"version-history":[{"count":0,"href":"https:\/\/arantv.az\/index.php?rest_route=\/wp\/v2\/posts\/727813\/revisions"}],"wp:featuredmedia":[{"embeddable":true,"href":"https:\/\/arantv.az\/index.php?rest_route=\/wp\/v2\/media\/727814"}],"wp:attachment":[{"href":"https:\/\/arantv.az\/index.php?rest_route=%2Fwp%2Fv2%2Fmedia&parent=727813"}],"wp:term":[{"taxonomy":"category","embeddable":true,"href":"https:\/\/arantv.az\/index.php?rest_route=%2Fwp%2Fv2%2Fcategories&post=727813"},{"taxonomy":"post_tag","embeddable":true,"href":"https:\/\/arantv.az\/index.php?rest_route=%2Fwp%2Fv2%2Ftags&post=727813"}],"curies":[{"name":"wp","href":"https:\/\/api.w.org\/{rel}","templated":true}]}}