{"id":727816,"date":"2024-06-05T18:24:40","date_gmt":"2024-06-05T14:24:40","guid":{"rendered":"https:\/\/arantv.az\/?p=727816"},"modified":"2024-06-05T18:24:40","modified_gmt":"2024-06-05T14:24:40","slug":"pakistanin-bas-naziri-prezident-ilham-%c9%99liyevi-t%c9%99brik-edib-3","status":"publish","type":"post","link":"https:\/\/arantv.az\/?p=727816","title":{"rendered":"Pakistan\u0131n ba\u015f naziri Prezident \u0130lham \u018fliyevi t\u0259brik edib"},"content":{"rendered":"<p>Pakistan \u0130slam Respublikas\u0131n\u0131n Ba\u015f naziri M\u0259h\u0259mm\u0259d \u015eahbaz \u015e\u0259rif Az\u0259rbaycan Respublikas\u0131n\u0131n Prezidenti\u00a0<strong>\u0130lham \u018fliyev\u0259<\/strong>\u00a0m\u0259ktub g\u00f6nd\u0259rib.<\/p>\n<p><a href=\"https:\/\/president.az\/az\/articles\/view\/66197\" target=\"_blank\" rel=\"nofollow noopener\"><strong>President.az<\/strong><\/a>\u00a0x\u0259b\u0259r verir ki, m\u0259ktubda deyilir:<\/p>\n<p>&#8220;\u018flam\u0259tdar bayram &#8211; M\u00fcst\u0259qillik G\u00fcn\u00fc m\u00fcnasib\u0259til\u0259 Siz\u0259 v\u0259 qarda\u015f Az\u0259rbaycan xalq\u0131na \u0259n s\u0259mimi t\u0259brikl\u0259rimizi \u00e7atd\u0131rmaqdan b\u00f6y\u00fck m\u0259mnunluq duyuram. M\u00fcst\u0259qillik G\u00fcn\u00fc Az\u0259rbaycan\u0131n qurucular\u0131n\u0131n \u00f6lk\u0259nin taleyini formala\u015fd\u0131rmaq \u0259zmini v\u0259 uzaqg\u00f6r\u0259nliyini n\u00fcmayi\u015f etdirir.<\/p>\n<p>Pakistan Az\u0259rbaycanla ortaq inanca, d\u0259y\u0259rl\u0259r\u0259 v\u0259 s\u0259yl\u0259r\u0259 \u0259saslanan g\u00fccl\u00fc qarda\u015fl\u0131q \u0259laq\u0259l\u0259rini y\u00fcks\u0259k qiym\u0259tl\u0259ndirir. Qar\u015f\u0131l\u0131ql\u0131 faydal\u0131 \u0259m\u0259kda\u015fl\u0131\u011f\u0131m\u0131z\u0131n inki\u015faf etm\u0259si b\u00f6y\u00fck m\u0259mnunluq do\u011furur. \u00d6lk\u0259l\u0259rimiz \u0259sl qarda\u015flar kimi beyn\u0259lxalq forumlarda \u0259sas maraq do\u011furan b\u00fct\u00fcn m\u0259s\u0259l\u0259l\u0259rd\u0259 bir-birini d\u0259st\u0259kl\u0259yib v\u0259 bundan sonra da d\u0259st\u0259kl\u0259y\u0259c\u0259k.<\/p>\n<p>Bak\u0131n\u0131n bu ilin noyabr\u0131nda COP29-a ev sahibliyi ed\u0259c\u0259k \u015f\u0259h\u0259r se\u00e7ilm\u0259si m\u00fcnasib\u0259til\u0259 Az\u0259rbaycan\u0131 bir daha t\u0259brik edir\u0259m. M\u0259n Sizin d\u0259v\u0259tinizi alm\u0131\u015fam v\u0259 COP29 Sammitind\u0259 i\u015ftirak etm\u0259yi s\u0259birsizlikl\u0259 g\u00f6zl\u0259yir\u0259m. Pakistan\u0131n h\u0259rt\u0259r\u0259fli d\u0259st\u0259yin\u0259 \u0259min ola bil\u0259rsiniz v\u0259 bu m\u00fch\u00fcm t\u0259dbirin t\u0259\u015fkilind\u0259 Az\u0259rbaycana u\u011furlar arzulay\u0131ram. \u018fmin\u0259m ki, Sizin m\u00fcdrik r\u0259hb\u0259rliyinizl\u0259 COP29 Az\u0259rbaycan \u00fc\u00e7\u00fcn daha bir parlaq diplomatik nailiyy\u0259t olacaqd\u0131r.<\/p>\n<p>2023-c\u00fc ilin iyun ay\u0131nda g\u00f6z\u0259l Bak\u0131 \u015f\u0259h\u0259rin\u0259 s\u0259f\u0259rim zaman\u0131 apard\u0131\u011f\u0131m\u0131z m\u0259hsuldar m\u00fczakir\u0259l\u0259ri, el\u0259c\u0259 d\u0259 bu yax\u0131nlarda Ramazan bayram\u0131 il\u0259 \u0259laq\u0259dar telefon dan\u0131\u015f\u0131\u011f\u0131m\u0131z\u0131 b\u00f6y\u00fck m\u0259mnunluqla xat\u0131rlay\u0131ram. Zati-alinizin qarda\u015fl\u0131q \u0259laq\u0259l\u0259rimizi daha y\u00fcks\u0259k zirv\u0259l\u0259r\u0259 qald\u0131rmaqla ba\u011fl\u0131 m\u00f6vqeyi m\u0259ni h\u0259mi\u015f\u0259 ruhland\u0131r\u0131b.<\/p>\n<p>Zati-alil\u0259ri, m\u0259hz bu ruhda Siz\u0259 m\u00fcnasib olan \u0259n yax\u0131n zamanda Pakistana r\u0259smi s\u0259f\u0259r etm\u0259k bar\u0259d\u0259 d\u0259v\u0259timi bir daha bildirir\u0259m. Bu s\u0259f\u0259r bizim zamanla s\u0131nanm\u0131\u015f v\u0259 davaml\u0131 dostluq \u0259laq\u0259l\u0259rimiz\u0259 t\u0259kan verm\u0259kl\u0259 yana\u015f\u0131, h\u0259m d\u0259 m\u00fcnasib\u0259tl\u0259rd\u0259 yeni v\u0259 \u015f\u0259r\u0259fli bir s\u0259hif\u0259 a\u00e7acaqd\u0131r.<\/p>\n<p>Zati-aliniz\u0259 m\u00f6hk\u0259m cansa\u011fl\u0131\u011f\u0131, rifah, qarda\u015f Az\u0259rbaycan xalq\u0131na is\u0259 davaml\u0131 firavanl\u0131q v\u0259 t\u0259r\u0259qqi arzulay\u0131ram.<\/p>\n<p>\u018fn y\u00fcks\u0259k ehtiram\u0131m\u0131 q\u0259bul etm\u0259yinizi xahi\u015f edir\u0259m&#8221;.<\/p>\n","protected":false},"excerpt":{"rendered":"<p>Pakistan \u0130slam Respublikas\u0131n\u0131n Ba\u015f naziri M\u0259h\u0259mm\u0259d \u015eahbaz \u015e\u0259rif Az\u0259rbaycan Respublikas\u0131n\u0131n Prezidenti\u00a0\u0130lham \u018fliyev\u0259\u00a0m\u0259ktub g\u00f6nd\u0259rib. President.az\u00a0x\u0259b\u0259r verir ki, m\u0259ktubda deyilir: &#8220;\u018flam\u0259tdar bayram &#8211; M\u00fcst\u0259qillik G\u00fcn\u00fc m\u00fcnasib\u0259til\u0259 Siz\u0259 v\u0259 qarda\u015f Az\u0259rbaycan xalq\u0131na \u0259n s\u0259mimi t\u0259brikl\u0259rimizi \u00e7atd\u0131rmaqdan b\u00f6y\u00fck m\u0259mnunluq duyuram. M\u00fcst\u0259qillik G\u00fcn\u00fc Az\u0259rbaycan\u0131n qurucular\u0131n\u0131n \u00f6lk\u0259nin taleyini formala\u015fd\u0131rmaq \u0259zmini v\u0259 uzaqg\u00f6r\u0259nliyini n\u00fcmayi\u015f etdirir. Pakistan Az\u0259rbaycanla ortaq inanca, d\u0259y\u0259rl\u0259r\u0259 v\u0259 s\u0259yl\u0259r\u0259 \u0259saslanan g\u00fccl\u00fc qarda\u015fl\u0131q \u0259laq\u0259l\u0259rini y\u00fcks\u0259k qiym\u0259tl\u0259ndirir. Qar\u015f\u0131l\u0131ql\u0131 faydal\u0131 \u0259m\u0259kda\u015fl\u0131\u011f\u0131m\u0131z\u0131n inki\u015faf etm\u0259si b\u00f6y\u00fck m\u0259mnunluq do\u011furur. \u00d6lk\u0259l\u0259rimiz \u0259sl qarda\u015flar kimi beyn\u0259lxalq forumlarda \u0259sas maraq do\u011furan b\u00fct\u00fcn m\u0259s\u0259l\u0259l\u0259rd\u0259 bir-birini d\u0259st\u0259kl\u0259yib v\u0259 bundan sonra da d\u0259st\u0259kl\u0259y\u0259c\u0259k. Bak\u0131n\u0131n bu ilin&hellip;<\/p>\n","protected":false},"author":2,"featured_media":727817,"comment_status":"closed","ping_status":"closed","sticky":false,"template":"","format":"standard","meta":{"om_disable_all_campaigns":false,"_monsterinsights_skip_tracking":false,"_monsterinsights_sitenote_active":false,"_monsterinsights_sitenote_note":"","_monsterinsights_sitenote_category":0},"categories":[4],"tags":[],"aioseo_notices":[],"gutentor_comment":0,"rttpg_featured_image_url":{"full":["https:\/\/arantv.az\/wp-content\/uploads\/2024\/06\/prezident-1.jpg",750,500,false],"landscape":["https:\/\/arantv.az\/wp-content\/uploads\/2024\/06\/prezident-1.jpg",750,500,false],"portraits":["https:\/\/arantv.az\/wp-content\/uploads\/2024\/06\/prezident-1.jpg",750,500,false],"thumbnail":["https:\/\/arantv.az\/wp-content\/uploads\/2024\/06\/prezident-1-500x280.jpg",500,280,true],"medium":["https:\/\/arantv.az\/wp-content\/uploads\/2024\/06\/prezident-1-548x365.jpg",548,365,true],"large":["https:\/\/arantv.az\/wp-content\/uploads\/2024\/06\/prezident-1.jpg",640,427,false],"1536x1536":["https:\/\/arantv.az\/wp-content\/uploads\/2024\/06\/prezident-1.jpg",750,500,false],"2048x2048":["https:\/\/arantv.az\/wp-content\/uploads\/2024\/06\/prezident-1.jpg",750,500,false],"post-thumbnail":["https:\/\/arantv.az\/wp-content\/uploads\/2024\/06\/prezident-1-240x172.jpg",240,172,true],"advps-thumb-one":["https:\/\/arantv.az\/wp-content\/uploads\/2024\/06\/prezident-1.jpg",750,500,false]},"rttpg_author":{"display_name":"V\u00fcsal Rafiqo\u011flu","author_link":"https:\/\/arantv.az\/?author=2"},"rttpg_comment":0,"rttpg_category":"<a href=\"https:\/\/arantv.az\/?cat=4\" rel=\"category\">Siyas\u0259t<\/a>","rttpg_excerpt":"Pakistan \u0130slam Respublikas\u0131n\u0131n Ba\u015f naziri M\u0259h\u0259mm\u0259d \u015eahbaz \u015e\u0259rif Az\u0259rbaycan Respublikas\u0131n\u0131n Prezidenti\u00a0\u0130lham \u018fliyev\u0259\u00a0m\u0259ktub g\u00f6nd\u0259rib. President.az\u00a0x\u0259b\u0259r verir ki, m\u0259ktubda deyilir: &#8220;\u018flam\u0259tdar bayram &#8211; M\u00fcst\u0259qillik G\u00fcn\u00fc m\u00fcnasib\u0259til\u0259 Siz\u0259 v\u0259 qarda\u015f Az\u0259rbaycan xalq\u0131na \u0259n s\u0259mimi t\u0259brikl\u0259rimizi \u00e7atd\u0131rmaqdan b\u00f6y\u00fck m\u0259mnunluq duyuram. M\u00fcst\u0259qillik G\u00fcn\u00fc Az\u0259rbaycan\u0131n qurucular\u0131n\u0131n \u00f6lk\u0259nin taleyini formala\u015fd\u0131rmaq \u0259zmini v\u0259 uzaqg\u00f6r\u0259nliyini n\u00fcmayi\u015f etdirir. Pakistan Az\u0259rbaycanla ortaq inanca, d\u0259y\u0259rl\u0259r\u0259 v\u0259 s\u0259yl\u0259r\u0259&hellip;","_links":{"self":[{"href":"https:\/\/arantv.az\/index.php?rest_route=\/wp\/v2\/posts\/727816"}],"collection":[{"href":"https:\/\/arantv.az\/index.php?rest_route=\/wp\/v2\/posts"}],"about":[{"href":"https:\/\/arantv.az\/index.php?rest_route=\/wp\/v2\/types\/post"}],"author":[{"embeddable":true,"href":"https:\/\/arantv.az\/index.php?rest_route=\/wp\/v2\/users\/2"}],"replies":[{"embeddable":true,"href":"https:\/\/arantv.az\/index.php?rest_route=%2Fwp%2Fv2%2Fcomments&post=727816"}],"version-history":[{"count":0,"href":"https:\/\/arantv.az\/index.php?rest_route=\/wp\/v2\/posts\/727816\/revisions"}],"wp:featuredmedia":[{"embeddable":true,"href":"https:\/\/arantv.az\/index.php?rest_route=\/wp\/v2\/media\/727817"}],"wp:attachment":[{"href":"https:\/\/arantv.az\/index.php?rest_route=%2Fwp%2Fv2%2Fmedia&parent=727816"}],"wp:term":[{"taxonomy":"category","embeddable":true,"href":"https:\/\/arantv.az\/index.php?rest_route=%2Fwp%2Fv2%2Fcategories&post=727816"},{"taxonomy":"post_tag","embeddable":true,"href":"https:\/\/arantv.az\/index.php?rest_route=%2Fwp%2Fv2%2Ftags&post=727816"}],"curies":[{"name":"wp","href":"https:\/\/api.w.org\/{rel}","templated":true}]}}