{"id":727884,"date":"2024-06-05T21:56:43","date_gmt":"2024-06-05T17:56:43","guid":{"rendered":"https:\/\/arantv.az\/?p=727884"},"modified":"2024-06-05T21:56:43","modified_gmt":"2024-06-05T17:56:43","slug":"h%c9%99rbi-prokurorluq-v%c9%99-mudafi%c9%99-nazirliyi-s%c9%99mkir-rayonunda-birg%c9%99-t%c9%99dbir-keciribfoto","status":"publish","type":"post","link":"https:\/\/arantv.az\/?p=727884","title":{"rendered":"H\u0259rbi Prokurorluq v\u0259 M\u00fcdafi\u0259 Nazirliyi \u015e\u0259mkir rayonunda birg\u0259 t\u0259dbir ke\u00e7iribFOTO"},"content":{"rendered":"<div class=\"text-content\" data-id=\"\" data-url=\"\">\n<p><em><strong>Milli Qurtulu\u015fun &#8211; Az\u0259rbaycan xalq\u0131n\u0131n \u00dcmummilli Lideri Heyd\u0259r \u018fliyevin ikinci d\u0259f\u0259 hakimiyy\u0259t\u0259 qay\u0131d\u0131\u015f\u0131n\u0131n 31-ci ild\u00f6n\u00fcm\u00fc v\u0259 Az\u0259rbaycanda 2024-c\u00fc ilin \u201cYa\u015f\u0131l d\u00fcnya namin\u0259 h\u0259mr\u0259ylik ili\u201d elan edilm\u0259si haqq\u0131nda Az\u0259rbaycan Prezidentinin 2023-c\u00fc il 25 dekabr tarixli S\u0259r\u0259ncam\u0131n\u0131n icras\u0131 il\u0259 \u0259laq\u0259dar \u015e\u0259mkir rayonunda H\u0259rbi Prokurorlu\u011fun r\u0259hb\u0259r v\u0259zif\u0259li \u015f\u0259xsl\u0259ri v\u0259 M\u00fcdafi\u0259 Nazirliyinin y\u00fcks\u0259k r\u00fctb\u0259li h\u0259rbi qulluq\u00e7ular\u0131n\u0131n i\u015ftirak\u0131 il\u0259 birg\u0259 t\u0259dbir ke\u00e7irilib.<\/strong><\/em><\/p>\n<p>H\u0259rbi Prokurorlu\u011fun m\u0259tbuat xidm\u0259tind\u0259n AZ\u018fRTAC-a veril\u0259n m\u0259lumata g\u00f6r\u0259, \u0259vv\u0259lc\u0259 \u00dcmummilli Lider Heyd\u0259r \u018fliyevin v\u0259 \u015f\u0259hidl\u0259rimizin \u0259ziz, unudulmaz xatir\u0259l\u0259ri bir d\u0259qiq\u0259lik s\u00fckutla an\u0131l\u0131b, onlara r\u0259hm\u0259t, qazil\u0259r\u0259 \u015f\u0259fa arzulan\u0131b.<\/p>\n<p>H\u0259rbi prokurorun b\u00f6y\u00fck k\u00f6m\u0259k\u00e7isi &#8211; m\u0259tbuat xidm\u0259tinin r\u0259hb\u0259ri, ba\u015f \u0259dliyy\u0259 m\u00fc\u015faviri Firad \u018fliyev Ba\u015f prokuror Kamran \u018fliyevin v\u0259 h\u0259rbi prokuror Xanlar V\u0259liyevin salamlar\u0131n\u0131 \u015f\u0259xsi hey\u0259t\u0259 \u00e7atd\u0131r\u0131b. Sonra Firad \u018fliyev, H\u0259rbi Prokurorlu\u011fun H\u00fcquqi T\u0259minat v\u0259 \u0130nsan H\u00fcquqlar\u0131 M\u0259s\u0259l\u0259l\u0259ri \u015f\u00f6b\u0259sinin r\u0259isi, \u0259dliyy\u0259 polkovnik-leytenant\u0131 S\u0259m\u0259d \u018fliyev, \u015e\u0259mkir h\u0259rbi prokuroru, \u0259dliyy\u0259 polkovnik-leytenant\u0131 \u0130lham Babayev v\u0259 dig\u0259r \u015f\u0259xsl\u0259r \u00e7\u0131x\u0131\u015f edibl\u0259r.<\/p>\n<p>Onlar \u00e7\u0131x\u0131\u015flar\u0131nda m\u00fcst\u0259qillik yolumuzu v\u0259 firavan g\u0259l\u0259c\u0259yimizi i\u015f\u0131qland\u0131ran d\u00fcnya\u015f\u00f6hr\u0259tli n\u0259h\u0259ng tarixi \u015f\u0259xsiyy\u0259t Ulu \u00d6nd\u0259r Heyd\u0259r \u018fliyevin h\u0259yat v\u0259 yarad\u0131c\u0131l\u0131\u011f\u0131ndan, xalq\u0131m\u0131z v\u0259 d\u00f6vl\u0259timiz qar\u015f\u0131s\u0131ndak\u0131 misilsiz xidm\u0259tl\u0259rind\u0259n b\u0259hs edibl\u0259r. \u00c7\u0131x\u0131\u015f\u00e7\u0131lar, h\u0259m\u00e7inin v\u0259t\u0259np\u0259rv\u0259r dahi \u015f\u0259xsiyy\u0259tin Az\u0259rbaycan\u0131n q\u00fcdr\u0259tl\u0259nm\u0259sin\u0259 hesablanan m\u00fck\u0259mm\u0259l siyas\u0259tini yeni m\u00fcst\u0259vid\u0259 d\u00f6vr\u00fcn t\u0259l\u0259bl\u0259rin\u0259 uy\u011fun \u015f\u0259kild\u0259 u\u011furla davam etdir\u0259n Prezident \u0130lham \u018fliyevin r\u0259hb\u0259rliyi il\u0259 son 20 il m\u00fcdd\u0259t \u0259rzind\u0259 \u00f6lk\u0259mizd\u0259 g\u00f6r\u00fcl\u0259n m\u00fcst\u0259sna i\u015fl\u0259ri vur\u011fulay\u0131blar. H\u0259yata ke\u00e7iril\u0259n h\u0259rt\u0259r\u0259fli k\u00f6kl\u00fc islahatlardan, b\u00fct\u00fcn sah\u0259l\u0259rd\u0259 qazan\u0131lan u\u011furlardan, o c\u00fcml\u0259d\u0259n q\u00fcdr\u0259tli Silahl\u0131 Q\u00fcvv\u0259l\u0259rimizin formala\u015fd\u0131r\u0131lmas\u0131ndan, el\u0259c\u0259 d\u0259 \u0259traf m\u00fchitin daha da sa\u011flamla\u015fd\u0131r\u0131lmas\u0131ndan v\u0259 etibarl\u0131 qorunmas\u0131ndan, bu nailiyy\u0259tl\u0259rin \u0259ld\u0259 edilm\u0259sind\u0259 Birinci vitse-prezident Mehriban \u018fliyevan\u0131n d\u0259st\u0259yind\u0259n v\u0259 xalq\u0131n m\u00fcdrikliyind\u0259n dan\u0131\u015f\u0131l\u0131b.<\/p>\n<p>T\u0259dbird\u0259, h\u0259m\u00e7inin H\u0259rbi Prokurorlu\u011fun Silahl\u0131 Q\u00fcvv\u0259l\u0259rl\u0259, o c\u00fcml\u0259d\u0259n M\u00fcdafi\u0259 Nazirliyi il\u0259 s\u0259m\u0259r\u0259li qar\u015f\u0131l\u0131ql\u0131 i\u015fg\u00fczar m\u00fcnasib\u0259tl\u0259rind\u0259n s\u00f6hb\u0259t a\u00e7\u0131l\u0131b. Eyni zamanda, \u0259traf m\u00fchitin m\u00fchafiz\u0259si haqq\u0131nda qanunvericiliyin t\u0259l\u0259bl\u0259rind\u0259n, h\u00fcquq v\u0259 v\u0259zif\u0259l\u0259rd\u0259n, ekoloji qanun pozuntular\u0131ndan, o c\u00fcml\u0259d\u0259n ekoloji cinay\u0259tl\u0259rd\u0259n v\u0259 m\u0259suliyy\u0259td\u0259n b\u0259hs olunub.<\/p>\n<p>Daha sonra h\u0259rbi qulluq\u00e7ular qar\u015f\u0131s\u0131nda h\u00fcquqi maarifl\u0259ndirici m\u0259zmunlu \u00e7\u0131x\u0131\u015flar olub, onlar\u0131 maraqland\u0131ran suallar cavabland\u0131r\u0131l\u0131b. El\u0259c\u0259 d\u0259 h\u0259rb\u00e7il\u0259rin qay\u011f\u0131 v\u0259 probleml\u0259ri il\u0259 maraqlan\u0131l\u0131b.<\/p>\n<p>T\u0259dbird\u0259n sonra a\u011faclar \u0259kilib.<\/p>\n<\/div>\n<div>\n<div class=\"form-group\"><img class=\"img-responsive\" src=\"https:\/\/cdn.musavat.com\/news\/images\/Gulnar\/gugu%20tur\/q\/ff\/Screenshot_1.png\" \/><\/div>\n<div class=\"form-group\"><img class=\"img-responsive\" src=\"https:\/\/cdn.musavat.com\/news\/images\/Gulnar\/gugu%20tur\/q\/ff\/Screenshot_2.png\" \/><\/div>\n<div class=\"form-group\"><img class=\"img-responsive\" src=\"https:\/\/cdn.musavat.com\/news\/images\/Gulnar\/gugu%20tur\/q\/ff\/Screenshot_3.png\" \/><\/div>\n<div class=\"form-group\"><img class=\"img-responsive\" src=\"https:\/\/cdn.musavat.com\/news\/images\/Gulnar\/gugu%20tur\/q\/ff\/Screenshot_4.png\" \/><\/div>\n<div class=\"form-group\"><img class=\"img-responsive\" src=\"https:\/\/cdn.musavat.com\/news\/images\/Gulnar\/gugu%20tur\/q\/ff\/Screenshot_5.png\" \/><\/div>\n<div class=\"form-group\"><img class=\"img-responsive\" src=\"https:\/\/cdn.musavat.com\/news\/images\/Gulnar\/gugu%20tur\/q\/ff\/Screenshot_6.png\" \/><\/div>\n<\/div>\n<div><\/div>\n<div class=\"inner-social-box\">\n<div class=\"subs-in-social subs-whatsapp\"><\/div>\n<\/div>\n","protected":false},"excerpt":{"rendered":"<p>Milli Qurtulu\u015fun &#8211; Az\u0259rbaycan xalq\u0131n\u0131n \u00dcmummilli Lideri Heyd\u0259r \u018fliyevin ikinci d\u0259f\u0259 hakimiyy\u0259t\u0259 qay\u0131d\u0131\u015f\u0131n\u0131n 31-ci ild\u00f6n\u00fcm\u00fc v\u0259 Az\u0259rbaycanda 2024-c\u00fc ilin \u201cYa\u015f\u0131l d\u00fcnya namin\u0259 h\u0259mr\u0259ylik ili\u201d elan edilm\u0259si haqq\u0131nda Az\u0259rbaycan Prezidentinin 2023-c\u00fc il 25 dekabr tarixli S\u0259r\u0259ncam\u0131n\u0131n icras\u0131 il\u0259 \u0259laq\u0259dar \u015e\u0259mkir rayonunda H\u0259rbi Prokurorlu\u011fun r\u0259hb\u0259r v\u0259zif\u0259li \u015f\u0259xsl\u0259ri v\u0259 M\u00fcdafi\u0259 Nazirliyinin y\u00fcks\u0259k r\u00fctb\u0259li h\u0259rbi qulluq\u00e7ular\u0131n\u0131n i\u015ftirak\u0131 il\u0259 birg\u0259 t\u0259dbir ke\u00e7irilib. H\u0259rbi Prokurorlu\u011fun m\u0259tbuat xidm\u0259tind\u0259n AZ\u018fRTAC-a veril\u0259n m\u0259lumata g\u00f6r\u0259, \u0259vv\u0259lc\u0259 \u00dcmummilli Lider Heyd\u0259r \u018fliyevin v\u0259 \u015f\u0259hidl\u0259rimizin \u0259ziz, unudulmaz xatir\u0259l\u0259ri bir d\u0259qiq\u0259lik s\u00fckutla an\u0131l\u0131b, onlara r\u0259hm\u0259t, qazil\u0259r\u0259 \u015f\u0259fa arzulan\u0131b. H\u0259rbi prokurorun b\u00f6y\u00fck k\u00f6m\u0259k\u00e7isi &#8211; m\u0259tbuat&hellip;<\/p>\n","protected":false},"author":2,"featured_media":727885,"comment_status":"closed","ping_status":"closed","sticky":false,"template":"","format":"standard","meta":{"om_disable_all_campaigns":false,"_monsterinsights_skip_tracking":false,"_monsterinsights_sitenote_active":false,"_monsterinsights_sitenote_note":"","_monsterinsights_sitenote_category":0},"categories":[1],"tags":[],"aioseo_notices":[],"gutentor_comment":0,"rttpg_featured_image_url":{"full":["https:\/\/arantv.az\/wp-content\/uploads\/2024\/06\/9f61336006310a2910d322bf7344217c.png",597,371,false],"landscape":["https:\/\/arantv.az\/wp-content\/uploads\/2024\/06\/9f61336006310a2910d322bf7344217c.png",597,371,false],"portraits":["https:\/\/arantv.az\/wp-content\/uploads\/2024\/06\/9f61336006310a2910d322bf7344217c.png",597,371,false],"thumbnail":["https:\/\/arantv.az\/wp-content\/uploads\/2024\/06\/9f61336006310a2910d322bf7344217c-500x280.png",500,280,true],"medium":["https:\/\/arantv.az\/wp-content\/uploads\/2024\/06\/9f61336006310a2910d322bf7344217c-587x365.png",587,365,true],"large":["https:\/\/arantv.az\/wp-content\/uploads\/2024\/06\/9f61336006310a2910d322bf7344217c.png",597,371,false],"1536x1536":["https:\/\/arantv.az\/wp-content\/uploads\/2024\/06\/9f61336006310a2910d322bf7344217c.png",597,371,false],"2048x2048":["https:\/\/arantv.az\/wp-content\/uploads\/2024\/06\/9f61336006310a2910d322bf7344217c.png",597,371,false],"post-thumbnail":["https:\/\/arantv.az\/wp-content\/uploads\/2024\/06\/9f61336006310a2910d322bf7344217c-240x172.png",240,172,true],"advps-thumb-one":["https:\/\/arantv.az\/wp-content\/uploads\/2024\/06\/9f61336006310a2910d322bf7344217c.png",597,371,false]},"rttpg_author":{"display_name":"V\u00fcsal Rafiqo\u011flu","author_link":"https:\/\/arantv.az\/?author=2"},"rttpg_comment":0,"rttpg_category":"<a href=\"https:\/\/arantv.az\/?cat=1\" rel=\"category\">C\u0259miyy\u0259t<\/a>","rttpg_excerpt":"Milli Qurtulu\u015fun &#8211; Az\u0259rbaycan xalq\u0131n\u0131n \u00dcmummilli Lideri Heyd\u0259r \u018fliyevin ikinci d\u0259f\u0259 hakimiyy\u0259t\u0259 qay\u0131d\u0131\u015f\u0131n\u0131n 31-ci ild\u00f6n\u00fcm\u00fc v\u0259 Az\u0259rbaycanda 2024-c\u00fc ilin \u201cYa\u015f\u0131l d\u00fcnya namin\u0259 h\u0259mr\u0259ylik ili\u201d elan edilm\u0259si haqq\u0131nda Az\u0259rbaycan Prezidentinin 2023-c\u00fc il 25 dekabr tarixli S\u0259r\u0259ncam\u0131n\u0131n icras\u0131 il\u0259 \u0259laq\u0259dar \u015e\u0259mkir rayonunda H\u0259rbi Prokurorlu\u011fun r\u0259hb\u0259r v\u0259zif\u0259li \u015f\u0259xsl\u0259ri v\u0259 M\u00fcdafi\u0259 Nazirliyinin y\u00fcks\u0259k r\u00fctb\u0259li h\u0259rbi qulluq\u00e7ular\u0131n\u0131n i\u015ftirak\u0131 il\u0259 birg\u0259&hellip;","_links":{"self":[{"href":"https:\/\/arantv.az\/index.php?rest_route=\/wp\/v2\/posts\/727884"}],"collection":[{"href":"https:\/\/arantv.az\/index.php?rest_route=\/wp\/v2\/posts"}],"about":[{"href":"https:\/\/arantv.az\/index.php?rest_route=\/wp\/v2\/types\/post"}],"author":[{"embeddable":true,"href":"https:\/\/arantv.az\/index.php?rest_route=\/wp\/v2\/users\/2"}],"replies":[{"embeddable":true,"href":"https:\/\/arantv.az\/index.php?rest_route=%2Fwp%2Fv2%2Fcomments&post=727884"}],"version-history":[{"count":0,"href":"https:\/\/arantv.az\/index.php?rest_route=\/wp\/v2\/posts\/727884\/revisions"}],"wp:featuredmedia":[{"embeddable":true,"href":"https:\/\/arantv.az\/index.php?rest_route=\/wp\/v2\/media\/727885"}],"wp:attachment":[{"href":"https:\/\/arantv.az\/index.php?rest_route=%2Fwp%2Fv2%2Fmedia&parent=727884"}],"wp:term":[{"taxonomy":"category","embeddable":true,"href":"https:\/\/arantv.az\/index.php?rest_route=%2Fwp%2Fv2%2Fcategories&post=727884"},{"taxonomy":"post_tag","embeddable":true,"href":"https:\/\/arantv.az\/index.php?rest_route=%2Fwp%2Fv2%2Ftags&post=727884"}],"curies":[{"name":"wp","href":"https:\/\/api.w.org\/{rel}","templated":true}]}}