{"id":728286,"date":"2024-06-07T10:01:09","date_gmt":"2024-06-07T06:01:09","guid":{"rendered":"https:\/\/arantv.az\/?p=728286"},"modified":"2024-06-07T10:01:09","modified_gmt":"2024-06-07T06:01:09","slug":"%c9%99sl-dostluq-bax-bel%c9%99-olar","status":"publish","type":"post","link":"https:\/\/arantv.az\/?p=728286","title":{"rendered":"\u018fsl dostluq bax, bel\u0259 olar!.."},"content":{"rendered":"<p>D\u00fcnyaya inteqrasiya ed\u0259n Az\u0259rbaycan\u0131n haz\u0131rda b\u0259zi d\u00f6vl\u0259tl\u0259rl\u0259 m\u00fcnasib\u0259tl\u0259ri strateji t\u0259r\u0259fda\u015fl\u0131q s\u0259viyy\u0259sin\u0259 y\u00fcks\u0259lib. Onlardan biri d\u0259 m\u00fcst\u0259qilliyimizi ilk tan\u0131yan d\u00f6vl\u0259tl\u0259rd\u0259n olan Macar\u0131stand\u0131r.<\/p>\n<p>B\u0259ri ba\u015fdan bildir\u0259k ki, haz\u0131rda Az\u0259rbaycan il\u0259 Macar\u0131stan aras\u0131nda siyasi \u0259laq\u0259l\u0259r y\u00fcks\u0259k s\u0259viyy\u0259d\u0259dir. H\u0259r iki \u00f6lk\u0259 t\u0259msil olunduqlar\u0131 beyn\u0259lxalq t\u0259\u015fkilatlarda bir-birinin m\u00f6vqel\u0259rini d\u0259st\u0259kl\u0259yir v\u0259 \u0259dal\u0259tli q\u0259rarlar\u0131n q\u0259bul olunmas\u0131na t\u00f6hf\u0259 verir. Bir m\u0259qam\u0131 da x\u00fcsusi vur\u011fulayaq ki, Macar\u0131stan Az\u0259rbaycan\u0131n Avropa \u0130ttifaq\u0131nda \u0259n etibarl\u0131 t\u0259r\u0259fda\u015flar\u0131ndan biridir.<\/p>\n<p>\u0130qtisadi \u0259laq\u0259l\u0259r\u0259 g\u0259ldikd\u0259, Macar\u0131stan Az\u0259rbaycan il\u0259 enerji, o c\u00fcml\u0259d\u0259n neft-qaz sah\u0259sind\u0259 \u0259m\u0259kda\u015fl\u0131\u011fa b\u00f6y\u00fck \u0259h\u0259miyy\u0259t verir. Dost d\u00f6vl\u0259t Avropan\u0131n enerji t\u0259hl\u00fck\u0259sizliyinin t\u0259minat\u0131nda \u00f6lk\u0259mizin oynad\u0131\u011f\u0131 rolu h\u0259mi\u015f\u0259 t\u0259qdir edir. Yeri g\u0259lmi\u015fk\u0259n qeyd ed\u0259k ki, Avropa bazar\u0131nda Az\u0259rbaycan qaz\u0131n\u0131n al\u0131c\u0131lar\u0131 aras\u0131nda Macar\u0131stan da var. Macar\u0131stan\u0131n t\u0259bii qaza illik t\u0259l\u0259bat\u0131 9-10 milyard kubmetrdir. Bu \u00f6lk\u0259 is\u0259 ild\u0259 yaln\u0131z 1,5 milyard kubmetr qaz istehsal edir ki, bu da \u00e7ox azd\u0131r. Ona g\u00f6r\u0259 d\u0259 Macar\u0131stan yax\u0131n t\u0259r\u0259fda\u015f\u0131 Az\u0259rbaycandan t\u0259bii qaz idxal edir. He\u00e7 d\u0259 t\u0259sad\u00fcfi deyil ki, iki il \u00f6nc\u0259 \u201cAz\u0259rbaycan Respublikas\u0131, G\u00fcrc\u00fcstan, Rum\u0131niya v\u0259 Macar\u0131stan H\u00f6kum\u0259tl\u0259ri aras\u0131nda ya\u015f\u0131l enerjinin inki\u015faf\u0131 v\u0259 \u00f6t\u00fcr\u00fclm\u0259si sah\u0259sind\u0259 strateji t\u0259r\u0259fda\u015fl\u0131q haqq\u0131nda Sazi\u015f\u201d, bu ilin may ay\u0131nda is\u0259 s\u00f6z\u00fcged\u0259n d\u00f6rd \u00f6lk\u0259 bununla ba\u011fl\u0131 birg\u0259 m\u00fc\u0259ssis\u0259nin yarad\u0131lmas\u0131 bar\u0259d\u0259 memorandum da imzalay\u0131b. Bu m\u00fc\u0259ssis\u0259nin \u0259sas m\u0259qs\u0259di \u201cYa\u015f\u0131l enerji d\u0259hlizi\u201d layih\u0259sinin h\u0259yata ke\u00e7irilm\u0259sidir.<\/p>\n<p>Macar\u0131stan Az\u0259rbaycan\u0131n i\u015f\u011faldan azad olunmu\u015f \u0259razil\u0259rind\u0259 apar\u0131lan b\u0259rpa-quruculuq i\u015fl\u0259rind\u0259 f\u0259al i\u015ftirak edir. Bel\u0259 ki,\u00a0Macar\u0131stan i\u015f\u011faldan azad edilmi\u015f \u0259razil\u0259rimizd\u0259 minat\u0259mizl\u0259m\u0259 f\u0259aliyy\u0259tin\u0259 d\u0259st\u0259k m\u0259qs\u0259dil\u0259 k\u00f6n\u00fcll\u00fc ian\u0259 edib. C\u0259bray\u0131l rayonunun Soltanl\u0131 k\u0259ndinin in\u015fas\u0131 da macar \u015firk\u0259tl\u0259rinin i\u015ftirak\u0131 il\u0259 h\u0259yata ke\u00e7irilir. \u015e\u00fcbh\u0259siz, Macar\u0131stan\u0131n Qaraba\u011fda tikinti-quruculuq i\u015fl\u0259rin\u0259 bel\u0259 d\u0259st\u0259k verm\u0259si \u0259sl dostlu\u011fun g\u00f6st\u0259ricisidir. M\u0259lumat \u00fc\u00e7\u00fcn bildir\u0259k ki, Macar\u0131stan \u015firk\u0259tl\u0259rinin Az\u0259rbaycan iqtisadiyyat\u0131na s\u0259rmay\u0259l\u0259ri 1 milyard dollar\u0131 \u00f6t\u00fcb.<\/p>\n<p>\u00d6t\u0259n ilin yanvar ay\u0131nda iki \u00f6lk\u0259 aras\u0131nda geni\u015fl\u0259ndirilmi\u015f strateji t\u0259r\u0259fda\u015fl\u0131q haqq\u0131nda Birg\u0259 B\u0259yannam\u0259 imzalan\u0131b. H\u0259m\u00e7inin \u00a0\u201cAz\u0259rbaycan Respublikas\u0131n\u0131n \u015eu\u015fa \u015f\u0259h\u0259ri v\u0259 Macar\u0131stan\u0131n Vesprem \u015f\u0259h\u0259ri aras\u0131nda dostluq \u0259laq\u0259l\u0259rinin t\u0259sis edilm\u0259si v\u0259 m\u0259d\u0259niyy\u0259t, turizm, \u015f\u0259h\u0259rsalma, elm, iqtisadiyyat v\u0259 ictimai h\u0259yat\u0131n dig\u0259r sah\u0259l\u0259rind\u0259 \u0259m\u0259kda\u015fl\u0131\u011fa dair Anla\u015fma Memorandumu\u201d h\u0259yata v\u0259siq\u0259 al\u0131b.D\u00fcnyada \u00e7ox az sayda \u00f6lk\u0259 var ki, aralar\u0131nda bel\u0259 m\u00fcnasib\u0259tl\u0259r olsun. El\u0259 bu kimi s\u0259b\u0259bl\u0259rd\u0259n b\u0259zi Q\u0259rb d\u00f6vl\u0259tl\u0259ri iki d\u00f6vl\u0259t aras\u0131ndak\u0131 m\u00fcnasib\u0259tl\u0259r\u0259 q\u0131sqancl\u0131qla yana\u015f\u0131rlar.<\/p>\n<p>B\u00fct\u00fcn bunlar bar\u0259d\u0259 Bak\u0131 Enerji Forumunda, h\u0259m\u00e7inin Az\u0259rbaycan il\u0259 Macar\u0131stan aras\u0131nda Strateji Dialoqun 2-ci iclas\u0131nda v\u0259 dig\u0259r t\u0259dbirl\u0259rd\u0259 d\u0259 s\u00f6z a\u00e7\u0131l\u0131b. Macar\u0131stan\u0131n xarici i\u015fl\u0259r v\u0259 ticar\u0259t naziri Peter Siyarto Bak\u0131 Enerji Forumunda \u00e7\u0131x\u0131\u015f\u0131 zaman\u0131 bildirib ki, r\u0259smi Budape\u015ft Az\u0259rbaycan\u0131n qlobal xarakter da\u015f\u0131yan layih\u0259l\u0259rini d\u0259st\u0259kl\u0259m\u0259kl\u0259 yana\u015f\u0131, \u00f6z\u00fcn\u00fcn enerji t\u0259hl\u00fck\u0259sizliyini t\u0259min etm\u0259k m\u0259qs\u0259di il\u0259 Az\u0259rbaycan il\u0259 \u0259m\u0259kda\u015fl\u0131q \u0259laq\u0259l\u0259rini d\u0259 davam etdir\u0259c\u0259k. O, h\u0259m\u00e7inin vur\u011fulay\u0131b ki, Az\u0259rbaycan uzaqg\u00f6r\u0259n enerji strategiyas\u0131 haz\u0131rlay\u0131b v\u0259 h\u0259yata ke\u00e7irir. Bu strategiya daha \u00e7ox ya\u015f\u0131l enerji istehsal etm\u0259kd\u0259n ibar\u0259tdir ki, buna da Az\u0259rbaycan\u0131n t\u0259bii v\u0259 co\u011frafi m\u00f6vqeyi imkan verir: \u201cMacar\u0131stan ya\u015f\u0131l enerjiy\u0259 ke\u00e7id prosesl\u0259rini d\u0259st\u0259kl\u0259yir v\u0259 bu istiqam\u0259td\u0259 Az\u0259rbaycan il\u0259 \u0259m\u0259kda\u015fl\u0131q \u0259laq\u0259l\u0259rini davam etdir\u0259c\u0259k\u201d. BMT-nin \u0130qlim D\u0259yi\u015fikliyi \u00fczr\u0259 \u00c7\u0259r\u00e7iv\u0259 Konvensiyas\u0131n\u0131n T\u0259r\u0259fl\u0259r Konfrans\u0131n\u0131n 29-cu sessiyas\u0131 (COP29)\u00a0 \u00e7\u0259r\u00e7iv\u0259sind\u0259 g\u00f6r\u00fcl\u0259n i\u015fl\u0259r, h\u0259m\u00e7inin b\u0259rpaolunan enerji, o c\u00fcml\u0259d\u0259n Qara d\u0259niz sualt\u0131 kabel\/Ya\u015f\u0131l Orta d\u0259hlizin f\u0259aliyy\u0259tinin davam etdirilm\u0259sinin z\u0259ruriliyi d\u0259 \u00a0d\u0259 diqq\u0259t m\u0259rk\u0259zind\u0259 olub.<\/p>\n<p>Peter Siyarto Az\u0259rbaycan\u0131n xarici i\u015fl\u0259r naziri Ceyhun Bayramovla birg\u0259 m\u0259tbuat konfrans\u0131nda\u00a0 siyasi m\u0259s\u0259l\u0259l\u0259r\u0259 d\u0259 m\u00fcnasib\u0259t bildirib. \u201cMacar\u0131stan\u0131n Avropa \u0130ttifaq\u0131 \u015euras\u0131n\u0131n s\u0259dri kimi \u00fcz\u0259rind\u0259 \u00e7al\u0131\u015faca\u011f\u0131 \u0259sas m\u0259s\u0259l\u0259 d\u00f6vl\u0259tl\u0259r aras\u0131nda s\u00fclh v\u0259 \u0259m\u0259kda\u015fl\u0131q t\u0259\u015f\u0259bb\u00fcsl\u0259rinin d\u0259st\u0259kl\u0259nm\u0259si olacaq\u201d dey\u0259n\u00a0 Peter Siyarto Avropa S\u00fclh Fondunun Erm\u0259nistana 10 milyon dollarl\u0131q yard\u0131m\u0131 m\u0259s\u0259l\u0259sin\u0259 d\u0259 toxunub. Bildirib ki, eyni m\u0259bl\u0259\u011fd\u0259 yard\u0131m Az\u0259rbaycana da g\u00f6st\u0259rilm\u0259lidir.<\/p>\n<p>\u0130ki \u00f6lk\u0259nin r\u0259smil\u0259ri aras\u0131nda ke\u00e7iril\u0259n bu g\u00f6r\u00fc\u015fl\u0259r \u00e7\u0259r\u00e7iv\u0259sind\u0259 bir ne\u00e7\u0259 s\u0259n\u0259d d\u0259 imzalan\u0131b ki, onlardan biri d\u0259 Macar\u0131stan\u0131n MVM \u015firk\u0259tinin \u201c\u015eahd\u0259niz\u201d layih\u0259sind\u0259 pay al\u0131\u015f\u0131 il\u0259 ba\u011fl\u0131 olub. Qeyd ed\u0259k ki, s\u00f6z\u00fcged\u0259n \u015firk\u0259t \u201c\u015eahd\u0259niz\u201d d\u0259niz qaz-kondensat yata\u011f\u0131n\u0131n i\u015fl\u0259nm\u0259si layih\u0259sind\u0259 5 %-lik pay\u0131n al\u0131nmas\u0131n\u0131 qaz t\u0259dar\u00fck\u00fcn\u00fcn \u015fax\u0259l\u0259ndirilm\u0259si bax\u0131m\u0131ndan m\u00fch\u00fcm add\u0131m hesab edib. B\u00fct\u00fcn bunlar is\u0259 o dem\u0259kdir ki, iki \u00f6lk\u0259 aras\u0131ndak\u0131 tarixi k\u00f6kl\u0259r\u0259 \u0259saslanan dostluq, etibarl\u0131 t\u0259r\u0259fda\u015fl\u0131q t\u0259kc\u0259 maraqlara deyil, h\u0259m d\u0259 \u00fcmumi d\u0259y\u0259rl\u0259r\u0259 \u0259saslan\u0131r. Bu m\u0259nada qar\u015f\u0131l\u0131ql\u0131 inam v\u0259 etimada \u0259saslanan, g\u00fcnd\u0259n-g\u00fcn\u0259 yeni m\u0259zmunla z\u0259nginl\u0259\u015f\u0259n Az\u0259rbaycan-Macar\u0131stan m\u00fcnasib\u0259tl\u0259rinin haz\u0131rk\u0131 s\u0259viyy\u0259sinin m\u0259mnunluq do\u011furdu\u011funu \u0259minlikl\u0259 s\u00f6yl\u0259m\u0259k olar.<\/p>\n<p><strong>Qvami M\u0259h\u0259bb\u0259to\u011flu, \u201c\u0130ki sahil\u201d<\/strong><\/p>\n","protected":false},"excerpt":{"rendered":"<p>D\u00fcnyaya inteqrasiya ed\u0259n Az\u0259rbaycan\u0131n haz\u0131rda b\u0259zi d\u00f6vl\u0259tl\u0259rl\u0259 m\u00fcnasib\u0259tl\u0259ri strateji t\u0259r\u0259fda\u015fl\u0131q s\u0259viyy\u0259sin\u0259 y\u00fcks\u0259lib. Onlardan biri d\u0259 m\u00fcst\u0259qilliyimizi ilk tan\u0131yan d\u00f6vl\u0259tl\u0259rd\u0259n olan Macar\u0131stand\u0131r. B\u0259ri ba\u015fdan bildir\u0259k ki, haz\u0131rda Az\u0259rbaycan il\u0259 Macar\u0131stan aras\u0131nda siyasi \u0259laq\u0259l\u0259r y\u00fcks\u0259k s\u0259viyy\u0259d\u0259dir. H\u0259r iki \u00f6lk\u0259 t\u0259msil olunduqlar\u0131 beyn\u0259lxalq t\u0259\u015fkilatlarda bir-birinin m\u00f6vqel\u0259rini d\u0259st\u0259kl\u0259yir v\u0259 \u0259dal\u0259tli q\u0259rarlar\u0131n q\u0259bul olunmas\u0131na t\u00f6hf\u0259 verir. Bir m\u0259qam\u0131 da x\u00fcsusi vur\u011fulayaq ki, Macar\u0131stan Az\u0259rbaycan\u0131n Avropa \u0130ttifaq\u0131nda \u0259n etibarl\u0131 t\u0259r\u0259fda\u015flar\u0131ndan biridir. \u0130qtisadi \u0259laq\u0259l\u0259r\u0259 g\u0259ldikd\u0259, Macar\u0131stan Az\u0259rbaycan il\u0259 enerji, o c\u00fcml\u0259d\u0259n neft-qaz sah\u0259sind\u0259 \u0259m\u0259kda\u015fl\u0131\u011fa b\u00f6y\u00fck \u0259h\u0259miyy\u0259t verir. Dost d\u00f6vl\u0259t Avropan\u0131n enerji t\u0259hl\u00fck\u0259sizliyinin t\u0259minat\u0131nda \u00f6lk\u0259mizin oynad\u0131\u011f\u0131 rolu h\u0259mi\u015f\u0259&hellip;<\/p>\n","protected":false},"author":2,"featured_media":728287,"comment_status":"closed","ping_status":"closed","sticky":false,"template":"","format":"standard","meta":{"om_disable_all_campaigns":false,"_monsterinsights_skip_tracking":false,"_monsterinsights_sitenote_active":false,"_monsterinsights_sitenote_note":"","_monsterinsights_sitenote_category":0},"categories":[19],"tags":[],"aioseo_notices":[],"gutentor_comment":0,"rttpg_featured_image_url":{"full":["https:\/\/arantv.az\/wp-content\/uploads\/2024\/06\/252a3dba169254056034835452110218893.jpg",975,540,false],"landscape":["https:\/\/arantv.az\/wp-content\/uploads\/2024\/06\/252a3dba169254056034835452110218893.jpg",975,540,false],"portraits":["https:\/\/arantv.az\/wp-content\/uploads\/2024\/06\/252a3dba169254056034835452110218893.jpg",975,540,false],"thumbnail":["https:\/\/arantv.az\/wp-content\/uploads\/2024\/06\/252a3dba169254056034835452110218893-500x280.jpg",500,280,true],"medium":["https:\/\/arantv.az\/wp-content\/uploads\/2024\/06\/252a3dba169254056034835452110218893-660x365.jpg",660,365,true],"large":["https:\/\/arantv.az\/wp-content\/uploads\/2024\/06\/252a3dba169254056034835452110218893-840x465.jpg",640,354,true],"1536x1536":["https:\/\/arantv.az\/wp-content\/uploads\/2024\/06\/252a3dba169254056034835452110218893.jpg",975,540,false],"2048x2048":["https:\/\/arantv.az\/wp-content\/uploads\/2024\/06\/252a3dba169254056034835452110218893.jpg",975,540,false],"post-thumbnail":["https:\/\/arantv.az\/wp-content\/uploads\/2024\/06\/252a3dba169254056034835452110218893-240x172.jpg",240,172,true],"advps-thumb-one":["https:\/\/arantv.az\/wp-content\/uploads\/2024\/06\/252a3dba169254056034835452110218893.jpg",975,540,false]},"rttpg_author":{"display_name":"V\u00fcsal Rafiqo\u011flu","author_link":"https:\/\/arantv.az\/?author=2"},"rttpg_comment":0,"rttpg_category":"<a href=\"https:\/\/arantv.az\/?cat=19\" rel=\"category\">G\u00fcnd\u0259m<\/a>","rttpg_excerpt":"D\u00fcnyaya inteqrasiya ed\u0259n Az\u0259rbaycan\u0131n haz\u0131rda b\u0259zi d\u00f6vl\u0259tl\u0259rl\u0259 m\u00fcnasib\u0259tl\u0259ri strateji t\u0259r\u0259fda\u015fl\u0131q s\u0259viyy\u0259sin\u0259 y\u00fcks\u0259lib. Onlardan biri d\u0259 m\u00fcst\u0259qilliyimizi ilk tan\u0131yan d\u00f6vl\u0259tl\u0259rd\u0259n olan Macar\u0131stand\u0131r. B\u0259ri ba\u015fdan bildir\u0259k ki, haz\u0131rda Az\u0259rbaycan il\u0259 Macar\u0131stan aras\u0131nda siyasi \u0259laq\u0259l\u0259r y\u00fcks\u0259k s\u0259viyy\u0259d\u0259dir. H\u0259r iki \u00f6lk\u0259 t\u0259msil olunduqlar\u0131 beyn\u0259lxalq t\u0259\u015fkilatlarda bir-birinin m\u00f6vqel\u0259rini d\u0259st\u0259kl\u0259yir v\u0259 \u0259dal\u0259tli q\u0259rarlar\u0131n q\u0259bul olunmas\u0131na t\u00f6hf\u0259 verir. Bir m\u0259qam\u0131 da x\u00fcsusi&hellip;","_links":{"self":[{"href":"https:\/\/arantv.az\/index.php?rest_route=\/wp\/v2\/posts\/728286"}],"collection":[{"href":"https:\/\/arantv.az\/index.php?rest_route=\/wp\/v2\/posts"}],"about":[{"href":"https:\/\/arantv.az\/index.php?rest_route=\/wp\/v2\/types\/post"}],"author":[{"embeddable":true,"href":"https:\/\/arantv.az\/index.php?rest_route=\/wp\/v2\/users\/2"}],"replies":[{"embeddable":true,"href":"https:\/\/arantv.az\/index.php?rest_route=%2Fwp%2Fv2%2Fcomments&post=728286"}],"version-history":[{"count":0,"href":"https:\/\/arantv.az\/index.php?rest_route=\/wp\/v2\/posts\/728286\/revisions"}],"wp:featuredmedia":[{"embeddable":true,"href":"https:\/\/arantv.az\/index.php?rest_route=\/wp\/v2\/media\/728287"}],"wp:attachment":[{"href":"https:\/\/arantv.az\/index.php?rest_route=%2Fwp%2Fv2%2Fmedia&parent=728286"}],"wp:term":[{"taxonomy":"category","embeddable":true,"href":"https:\/\/arantv.az\/index.php?rest_route=%2Fwp%2Fv2%2Fcategories&post=728286"},{"taxonomy":"post_tag","embeddable":true,"href":"https:\/\/arantv.az\/index.php?rest_route=%2Fwp%2Fv2%2Ftags&post=728286"}],"curies":[{"name":"wp","href":"https:\/\/api.w.org\/{rel}","templated":true}]}}