{"id":728289,"date":"2024-06-07T10:01:46","date_gmt":"2024-06-07T06:01:46","guid":{"rendered":"https:\/\/arantv.az\/?p=728289"},"modified":"2024-06-07T10:01:46","modified_gmt":"2024-06-07T06:01:46","slug":"abs-olk%c9%99mizi-avropada-qlobal-enerji-t%c9%99hluk%c9%99sizliyinin-muhum-sutunu-hesab-edir","status":"publish","type":"post","link":"https:\/\/arantv.az\/?p=728289","title":{"rendered":"AB\u015e \u00f6lk\u0259mizi Avropada qlobal enerji t\u0259hl\u00fck\u0259sizliyinin m\u00fch\u00fcm s\u00fctunu hesab edir"},"content":{"rendered":"<p><em><strong>A\u011f evin sahibi Az\u0259rbaycanla Erm\u0259nistan aras\u0131nda m\u00fcnaqi\u015f\u0259y\u0259 son qoyacaq m\u00f6hk\u0259m v\u0259 l\u0259yaq\u0259tli s\u00fclh sazi\u015fini d\u0259st\u0259kl\u0259yir<\/strong><\/em><\/p>\n<p>Bu h\u0259ft\u0259 paytaxt\u0131m\u0131zda\u00a0 ke\u00e7iril\u0259n Bak\u0131 Enerji H\u0259ft\u0259si\u00a0 bir daha g\u00f6st\u0259rdi ki, \u00f6lk\u0259miz Avropan\u0131n enerji t\u0259hl\u00fck\u0259sizliyinin t\u0259min edilm\u0259sind\u0259 \u00f6n\u0259mli rol malikdir. H\u0259min beyn\u0259lxalq t\u0259dbird\u0259 37 \u00f6lk\u0259d\u0259n 300-d\u0259k \u015firk\u0259tin i\u015ftirak etm\u0259si d\u0259 bu ger\u00e7\u0259kliyin t\u0259yani t\u0259zah\u00fcr\u00fcd\u00fcr.<\/p>\n<p>M\u0259hz t\u0259m\u0259li \u00dcmummilli Liderimiz Heyd\u0259r \u018fliyev\u00a0t\u0259r\u0259find\u0259n\u00a0qoyulan u\u011furlu neft v\u0259 enerji siyas\u0259ti, bu siyas\u0259tin \u00e7a\u011fda\u015f d\u00f6vrd\u0259 Prezident \u0130lham \u018fliyev t\u0259r\u0259find\u0259n layiqinc\u0259 davam etdirilm\u0259si Az\u0259rbaycan\u0131n q\u00fcdr\u0259tl\u0259nm\u0259sin\u0259 v\u0259 davaml\u0131 inki\u015faf\u0131na yeni imkanlar yaratd\u0131.\u00a0 D\u00f6vl\u0259timizin enerji t\u0259hl\u00fck\u0259sizliyi sah\u0259sind\u0259 y\u00fcr\u00fctd\u00fcy\u00fc siyas\u0259t h\u0259m d\u0259 milli t\u0259hl\u00fck\u0259sizliyimizin \u00a0ayr\u0131lmaz hiss\u0259sin\u0259 \u00e7evrilib. \u00d6lk\u0259miz haz\u0131rda Avropan\u0131n alt\u0131 \u00f6lk\u0259sini qazla t\u0259min edir v\u0259 bu say n\u00f6vb\u0259ti ill\u0259rd\u0259 artacaq. 2024-c\u00fc ild\u0259 qaz ixrac\u0131n\u0131n h\u0259cminin daha art\u0131r\u0131laraq \u00a024 milyard kubmetrd\u0259n \u00e7ox olaca\u011f\u0131 proqnozla\u015f\u0131d\u0131r\u0131l\u0131r.<\/p>\n<p>Eyni zamanda, \u0259g\u0259r indiy\u0259d\u0259k Az\u0259rbaycan\u00a0Avropan\u0131\u00a0neft v\u0259 qazla\u00a0t\u0259min etm\u0259kl\u0259 enerji t\u0259hl\u00fck\u0259sizliyind\u0259 rol oynay\u0131rd\u0131sa, bundan sonrak\u0131 m\u0259rh\u0259l\u0259d\u0259 is\u0259\u00a0 alternativ v\u0259 b\u0259rpaolunan enerji vasit\u0259si il\u0259 bu rolunu davam etdir\u0259c\u0259k. \u00d6lk\u0259miz h\u0259m d\u0259 qaz\u0131nt\u0131 yanaca\u011f\u0131ndan alternativ v\u0259 b\u0259rpaolunan enerjiy\u0259 transformasiyan\u0131 qar\u015f\u0131ya prioritet m\u0259s\u0259l\u0259 kimi qoyub. Bununla da Az\u0259rbaycan alternativ v\u0259 b\u0259rpa olunan enerjiy\u0259 ke\u00e7idl\u0259 qlobal iqlim d\u0259yi\u015fikliyin\u0259 \u00f6z t\u00f6hf\u0259sini verm\u0259yi planla\u015fd\u0131r\u0131r. Art\u0131q bu sah\u0259d\u0259 ilkin u\u011furlu add\u0131mlar at\u0131l\u0131b. Bel\u0259 ki, \u00f6lk\u0259miz \u00a0bu sah\u0259y\u0259 d\u00fcnyada tan\u0131nm\u0131\u015f ciddi xarici investorlar c\u0259lb ed\u0259 bilib. M\u0259s\u0259l\u0259n, Birl\u0259\u015fmi\u015f \u018fr\u0259b \u018fmirliyinin (B\u018f\u018f) \u00abMasdar\u00bb \u015firk\u0259ti\u00a0il\u0259\u00a0imzalanan\u00a0sazi\u015f\u0259 \u0259sas\u0259n Az\u0259rbaycanda\u00a0 \u00fc\u00e7 g\u00fcn\u0259\u015f v\u0259 k\u00fcl\u0259k enerjisi elektrik stansiyalar\u0131 tikil\u0259c\u0259k. Bunu da t\u0259bii ki, qaz\u0131nt\u0131 yanaca\u011f\u0131ndan b\u0259rpaolunan enerji resurslar\u0131na transformasiyas\u0131n\u0131n aktiv fazas\u0131 hesab etm\u0259k olar. S\u00f6z\u00fcged\u0259n \u015firk\u0259tl\u0259 imzalanan\u00a0m\u00fcqavil\u0259y\u0259 \u0259sas\u0259n,\u00a0b\u0259rpaolunan\u00a0enerjinin h\u0259cmini\u00a0 2027-ci il\u0259d\u0259k 2 qiqavata \u00e7atd\u0131rmaq n\u0259z\u0259rd\u0259 tutulur. \u00a0Amma bu, ba\u015flan\u011f\u0131cd\u0131r. N\u00f6vb\u0259ti m\u0259rh\u0259l\u0259d\u0259 bunu daha da art\u0131rmaq imkanlar\u0131 m\u00f6vcuddur v\u0259 bu isiqam\u0259td\u0259 planlar haz\u0131rlan\u0131r.<\/p>\n<p>Bak\u0131 Enerji H\u0259ft\u0259si b\u00fct\u00fcn parametrl\u0259rin\u0259 g\u00f6r\u0259 beyn\u0259lxalq\u00a0\u0259h\u0259miyy\u0259t k\u0259sb ed\u0259n toplant\u0131d\u0131r. Bel\u0259 ki, m\u0259hz n\u00fcfuzlu d\u00f6vl\u0259tl\u0259rin r\u0259hb\u0259rl\u0259rinin d\u00f6vl\u0259t ba\u015f\u00e7\u0131m\u0131z\u0131n \u00fcnvan\u0131na t\u0259brik m\u0259ktublar\u0131 g\u00f6nd\u0259ribl\u0259r. \u00a0Amerika Birl\u0259\u015fmi\u015f \u015etatlar\u0131n\u0131n Prezidenti Cozef Bayden Prezident \u0130lham \u018fliyev\u0259 g\u00f6nd\u0259rdiyi m\u0259ktubunda Bak\u0131 Enerji H\u0259ft\u0259sini COP29-a ev sahibliyi ed\u0259c\u0259k Az\u0259rbaycana beyn\u0259lxalq s\u0259viyy\u0259d\u0259 g\u00f6st\u0259ril\u0259n etimad kimi y\u00fcks\u0259k d\u0259y\u0259rl\u0259ndirir: \u00abAz\u0259rbaycan x\u00fcsusil\u0259 Avropada qlobal enerji t\u0259hl\u00fck\u0259sizliyinin m\u00fch\u00fcm s\u00fctunu olaraq qal\u0131r. X\u0259z\u0259r qaz\u0131 getdikc\u0259 \u00e7oxsayl\u0131 \u00f6lk\u0259l\u0259r\u0259 ixrac edilir v\u0259 bu da Avropa \u00f6lk\u0259l\u0259rin\u0259 enerji m\u0259nb\u0259l\u0259rinin \u015fax\u0259l\u0259ndirilm\u0259sin\u0259, k\u00f6m\u00fcrd\u0259n imtinan\u0131n s\u00fcr\u0259tl\u0259ndirilm\u0259sin\u0259 yard\u0131m edir. Az\u0259rbaycan \u00f6z enerji tarixind\u0259 yeni s\u0259hif\u0259 a\u00e7ark\u0259n t\u0259miz enerji v\u0259 metan tullant\u0131lar\u0131n\u0131n azald\u0131lmas\u0131na artan diqq\u0259t v\u0259 sadiqlik m\u0259nd\u0259 m\u0259mnunluq do\u011furur. X\u0259z\u0259rin sahib oldu\u011fu \u0259h\u0259miyy\u0259tli k\u00fcl\u0259k enerjisi potensial\u0131 Az\u0259rbaycan\u0131n t\u0259miz enerji ixrac\u0131n\u0131n neft v\u0259 qaz ixrac\u0131n\u0131 \u00fcst\u0259l\u0259y\u0259c\u0259k g\u0259l\u0259c\u0259y\u0259 g\u0259tirib \u00e7\u0131xara bil\u0259r.\u00bb B\u00f6lg\u0259d\u0259 sabitliyi v\u0259 d\u00f6vl\u0259tl\u0259raras\u0131 \u0259laq\u0259l\u0259ri regional \u0259h\u0259hmiyy\u0259tli m\u0259s\u0259l\u0259 adland\u0131ran AB\u015e Prezidenti Az\u0259rbaycanla Erm\u0259nistan aras\u0131nda m\u00fcnaqi\u015f\u0259y\u0259 son qoyacaq m\u00f6hk\u0259m v\u0259 l\u0259yaq\u0259tli s\u00fclh sazi\u015fini d\u0259st\u0259kl\u0259diyini bildirib. AB\u015e Prezidenti bu add\u0131m\u0131 C\u0259nubi Qafqaz\u0131 transformasiya ed\u0259c\u0259k v\u0259 Az\u0259rbaycan\u0131n regiondak\u0131 rolunu fundamental \u015f\u0259kild\u0259 d\u0259yi\u015f\u0259c\u0259k \u0259h\u0259miyy\u0259tli t\u0259\u015f\u0259bb\u00fcs , s\u00fclh v\u0259 firavanl\u0131\u011f\u0131n t\u0259min edilm\u0259sinin \u0259sas prinsipl\u0259ri, g\u0259l\u0259c\u0259k n\u0259sill\u0259r\u0259 etibarl\u0131 \u0259man\u0259t, borc adland\u0131r\u0131r: \u00abM\u0259n m\u00f6hk\u0259m ikit\u0259r\u0259fli \u0259laq\u0259l\u0259rimiz\u0259 yeni t\u0259kan verm\u0259k imkan\u0131n\u0131 alq\u0131\u015flay\u0131ram v\u0259 COP29 t\u0259dbirinin u\u011furla ke\u00e7irilm\u0259si \u00fc\u00e7\u00fcn qar\u015f\u0131dak\u0131 aylarda birg\u0259 \u0259m\u0259kda\u015fl\u0131q etm\u0259k arzusundayam. Bak\u0131 Enerji H\u0259ft\u0259sinin u\u011furla ke\u00e7m\u0259sini dil\u0259yir\u0259m.\u00bb<\/p>\n<p>AB\u015e Prezidentinin q\u0131sa m\u00fcdd\u0259td\u0259 az\u0259rbaycanl\u0131 h\u0259mkar\u0131 \u0130lham \u018fliyev\u0259 iki t\u0259brik m\u0259ktubu g\u00f6nd\u0259rm\u0259si Az\u0259rbaycan-AB\u015e m\u00fcnasib\u0259tl\u0259rinin inki\u015faf etm\u0259sini g\u00f6st\u0259rir. Y\u0259ni, AB\u015e Az\u0259rbaycan\u0131n C\u0259nubi Qafqazda yaratd\u0131\u011f\u0131 geosiyasi reall\u0131qlar\u0131 d\u0259st\u0259kl\u0259yir, \u00f6lk\u0259mizin NATO il\u0259 qar\u015f\u0131l\u0131ql\u0131 f\u0259aliyy\u0259tini strateji perspektiv bax\u0131m\u0131ndan Va\u015finqtonun maraqlar\u0131na uy\u011fun hesab edir. Az\u0259rbaycan\u0131n regiondak\u0131 strateji maraqlar\u0131n\u0131 \u0259ks etdir\u0259n b\u0259rpaolunan enerji potensial\u0131n\u0131 art\u0131rmaq s\u0259yl\u0259ri AB\u015e- Az\u0259rbaycan m\u00fcnasib\u0259tl\u0259rinin yeni s\u0259hif\u0259si kimi d\u0259st\u0259kl\u0259nir.<\/p>\n<p>X\u00fcsusi vur\u011fulamaq laz\u0131md\u0131r ki, b\u00fct\u00f6vl\u00fckd\u0259 bu beyn\u0259lxalq t\u0259dbir Az\u0259rbaycan\u0131n n\u00f6vb\u0259ti onillikl\u0259rd\u0259 qar\u015f\u0131s\u0131nda duran h\u0259d\u0259fl\u0259r\u0259 nail olmas\u0131nda\u00a0m\u00fch\u00fci rol oynayacaq.\u00a0X\u00fcsusil\u0259 a\u00e7\u0131lan bu yeni s\u0259hif\u0259\u00a0Az\u0259rbaycan\u0131n d\u00fcnyadak\u0131 m\u00f6vqel\u0259rini\u00a0daha da m\u00f6hk\u0259ml\u0259ndir\u0259c\u0259k, onun qar\u015f\u0131s\u0131na qoydu\u011fu ciddi \u00a0h\u0259d\u0259fl\u0259r\u0259 \u00e7atmas\u0131na imkanlar yaradacaq.<\/p>\n<p><strong>El\u00e7in Zaman, \u00ab\u0130ki sahil\u00bb<\/strong><\/p>\n","protected":false},"excerpt":{"rendered":"<p>A\u011f evin sahibi Az\u0259rbaycanla Erm\u0259nistan aras\u0131nda m\u00fcnaqi\u015f\u0259y\u0259 son qoyacaq m\u00f6hk\u0259m v\u0259 l\u0259yaq\u0259tli s\u00fclh sazi\u015fini d\u0259st\u0259kl\u0259yir Bu h\u0259ft\u0259 paytaxt\u0131m\u0131zda\u00a0 ke\u00e7iril\u0259n Bak\u0131 Enerji H\u0259ft\u0259si\u00a0 bir daha g\u00f6st\u0259rdi ki, \u00f6lk\u0259miz Avropan\u0131n enerji t\u0259hl\u00fck\u0259sizliyinin t\u0259min edilm\u0259sind\u0259 \u00f6n\u0259mli rol malikdir. H\u0259min beyn\u0259lxalq t\u0259dbird\u0259 37 \u00f6lk\u0259d\u0259n 300-d\u0259k \u015firk\u0259tin i\u015ftirak etm\u0259si d\u0259 bu ger\u00e7\u0259kliyin t\u0259yani t\u0259zah\u00fcr\u00fcd\u00fcr. M\u0259hz t\u0259m\u0259li \u00dcmummilli Liderimiz Heyd\u0259r \u018fliyev\u00a0t\u0259r\u0259find\u0259n\u00a0qoyulan u\u011furlu neft v\u0259 enerji siyas\u0259ti, bu siyas\u0259tin \u00e7a\u011fda\u015f d\u00f6vrd\u0259 Prezident \u0130lham \u018fliyev t\u0259r\u0259find\u0259n layiqinc\u0259 davam etdirilm\u0259si Az\u0259rbaycan\u0131n q\u00fcdr\u0259tl\u0259nm\u0259sin\u0259 v\u0259 davaml\u0131 inki\u015faf\u0131na yeni imkanlar yaratd\u0131.\u00a0 D\u00f6vl\u0259timizin enerji t\u0259hl\u00fck\u0259sizliyi sah\u0259sind\u0259 y\u00fcr\u00fctd\u00fcy\u00fc siyas\u0259t h\u0259m d\u0259 milli t\u0259hl\u00fck\u0259sizliyimizin \u00a0ayr\u0131lmaz&hellip;<\/p>\n","protected":false},"author":2,"featured_media":728290,"comment_status":"closed","ping_status":"closed","sticky":false,"template":"","format":"standard","meta":{"om_disable_all_campaigns":false,"_monsterinsights_skip_tracking":false,"_monsterinsights_sitenote_active":false,"_monsterinsights_sitenote_note":"","_monsterinsights_sitenote_category":0},"categories":[19],"tags":[],"aioseo_notices":[],"gutentor_comment":0,"rttpg_featured_image_url":{"full":["https:\/\/arantv.az\/wp-content\/uploads\/2024\/06\/2b16a44b167232481223333441310971777.jpg",975,540,false],"landscape":["https:\/\/arantv.az\/wp-content\/uploads\/2024\/06\/2b16a44b167232481223333441310971777.jpg",975,540,false],"portraits":["https:\/\/arantv.az\/wp-content\/uploads\/2024\/06\/2b16a44b167232481223333441310971777.jpg",975,540,false],"thumbnail":["https:\/\/arantv.az\/wp-content\/uploads\/2024\/06\/2b16a44b167232481223333441310971777-500x280.jpg",500,280,true],"medium":["https:\/\/arantv.az\/wp-content\/uploads\/2024\/06\/2b16a44b167232481223333441310971777-660x365.jpg",660,365,true],"large":["https:\/\/arantv.az\/wp-content\/uploads\/2024\/06\/2b16a44b167232481223333441310971777-840x465.jpg",640,354,true],"1536x1536":["https:\/\/arantv.az\/wp-content\/uploads\/2024\/06\/2b16a44b167232481223333441310971777.jpg",975,540,false],"2048x2048":["https:\/\/arantv.az\/wp-content\/uploads\/2024\/06\/2b16a44b167232481223333441310971777.jpg",975,540,false],"post-thumbnail":["https:\/\/arantv.az\/wp-content\/uploads\/2024\/06\/2b16a44b167232481223333441310971777-240x172.jpg",240,172,true],"advps-thumb-one":["https:\/\/arantv.az\/wp-content\/uploads\/2024\/06\/2b16a44b167232481223333441310971777.jpg",975,540,false]},"rttpg_author":{"display_name":"V\u00fcsal Rafiqo\u011flu","author_link":"https:\/\/arantv.az\/?author=2"},"rttpg_comment":0,"rttpg_category":"<a href=\"https:\/\/arantv.az\/?cat=19\" rel=\"category\">G\u00fcnd\u0259m<\/a>","rttpg_excerpt":"A\u011f evin sahibi Az\u0259rbaycanla Erm\u0259nistan aras\u0131nda m\u00fcnaqi\u015f\u0259y\u0259 son qoyacaq m\u00f6hk\u0259m v\u0259 l\u0259yaq\u0259tli s\u00fclh sazi\u015fini d\u0259st\u0259kl\u0259yir Bu h\u0259ft\u0259 paytaxt\u0131m\u0131zda\u00a0 ke\u00e7iril\u0259n Bak\u0131 Enerji H\u0259ft\u0259si\u00a0 bir daha g\u00f6st\u0259rdi ki, \u00f6lk\u0259miz Avropan\u0131n enerji t\u0259hl\u00fck\u0259sizliyinin t\u0259min edilm\u0259sind\u0259 \u00f6n\u0259mli rol malikdir. H\u0259min beyn\u0259lxalq t\u0259dbird\u0259 37 \u00f6lk\u0259d\u0259n 300-d\u0259k \u015firk\u0259tin i\u015ftirak etm\u0259si d\u0259 bu ger\u00e7\u0259kliyin t\u0259yani t\u0259zah\u00fcr\u00fcd\u00fcr. M\u0259hz t\u0259m\u0259li \u00dcmummilli Liderimiz Heyd\u0259r \u018fliyev\u00a0t\u0259r\u0259find\u0259n\u00a0qoyulan&hellip;","_links":{"self":[{"href":"https:\/\/arantv.az\/index.php?rest_route=\/wp\/v2\/posts\/728289"}],"collection":[{"href":"https:\/\/arantv.az\/index.php?rest_route=\/wp\/v2\/posts"}],"about":[{"href":"https:\/\/arantv.az\/index.php?rest_route=\/wp\/v2\/types\/post"}],"author":[{"embeddable":true,"href":"https:\/\/arantv.az\/index.php?rest_route=\/wp\/v2\/users\/2"}],"replies":[{"embeddable":true,"href":"https:\/\/arantv.az\/index.php?rest_route=%2Fwp%2Fv2%2Fcomments&post=728289"}],"version-history":[{"count":0,"href":"https:\/\/arantv.az\/index.php?rest_route=\/wp\/v2\/posts\/728289\/revisions"}],"wp:featuredmedia":[{"embeddable":true,"href":"https:\/\/arantv.az\/index.php?rest_route=\/wp\/v2\/media\/728290"}],"wp:attachment":[{"href":"https:\/\/arantv.az\/index.php?rest_route=%2Fwp%2Fv2%2Fmedia&parent=728289"}],"wp:term":[{"taxonomy":"category","embeddable":true,"href":"https:\/\/arantv.az\/index.php?rest_route=%2Fwp%2Fv2%2Fcategories&post=728289"},{"taxonomy":"post_tag","embeddable":true,"href":"https:\/\/arantv.az\/index.php?rest_route=%2Fwp%2Fv2%2Ftags&post=728289"}],"curies":[{"name":"wp","href":"https:\/\/api.w.org\/{rel}","templated":true}]}}