{"id":728787,"date":"2024-06-10T09:03:09","date_gmt":"2024-06-10T05:03:09","guid":{"rendered":"https:\/\/arantv.az\/?p=728787"},"modified":"2024-06-10T09:03:09","modified_gmt":"2024-06-10T05:03:09","slug":"r-h%c9%99rfi-olmayan-aylarda-baliq-yem%c9%99k-olmaz-deyimi-h%c9%99qiq%c9%99tdirmivideo","status":"publish","type":"post","link":"https:\/\/arantv.az\/?p=728787","title":{"rendered":"&#8220;R&#8221; h\u0259rfi olmayan aylarda bal\u0131q yem\u0259k olmaz&#8221; deyimi h\u0259qiq\u0259tdirmi?V\u0130DEO"},"content":{"rendered":"<div class=\"text-content\" data-id=\"\" data-url=\"\">\n<p><em><strong>El aras\u0131nda bel\u0259 fikir var ki, ad\u0131nda &#8220;R&#8221; h\u0259rfi olmayan aylarda bal\u0131q yem\u0259k olmaz.<\/strong><\/em><\/p>\n<p>B\u0259s bu fikir n\u0259y\u0259 \u0259saslan\u0131r v\u0259 deyil\u0259nl\u0259r h\u0259qiq\u0259tdirmi?<\/p>\n<p>Al\u0131c\u0131lar aras\u0131nda bal\u0131\u011f\u0131n bu aylarda daha faydal\u0131 oldu\u011funu dey\u0259nl\u0259r d\u0259 var, dad\u0131na g\u00f6r\u0259 il boyu bal\u0131q yedikl\u0259rini dey\u0259nl\u0259r d\u0259. Uzun m\u00fcdd\u0259tdir bal\u0131q sat\u0131\u015f\u0131 il\u0259 m\u0259\u015f\u011ful olan \u0130lkin Novruzov bildirib ki, haz\u0131rda bazarda kifay\u0259t q\u0259d\u0259r al\u0131c\u0131 v\u0259 bal\u0131q m\u00f6vcuddur.<\/p>\n<p>Qida \u00fczr\u0259 m\u00fct\u0259x\u0259ssis A\u011fa Salamovun s\u00f6zl\u0259rin\u0259 g\u00f6r\u0259, bal\u0131q ay\u0131ndan v\u0259 g\u00fcn\u00fcnd\u0259n as\u0131l\u0131 olmayaraq h\u0259r zaman yeyil\u0259 bil\u0259r.<\/p>\n<p>M\u00fct\u0259x\u0259ssis onu da \u0259lav\u0259 edib ki, haz\u0131rda bal\u0131q ovuna qoyulan qada\u011fa s\u0259b\u0259bi il\u0259 yerli bal\u0131q olmad\u0131\u011f\u0131ndan xaricd\u0259n g\u0259tiril\u0259n bal\u0131qlar \u00fcst\u00fcnl\u00fck t\u0259\u015fkil edir. \u018fg\u0259r saxlanma v\u0259 da\u015f\u0131nma qaydalar\u0131na d\u00fczg\u00fcn \u0259m\u0259l olunubsa, h\u0259min bal\u0131qlar insan sa\u011flaml\u0131\u011f\u0131 \u00fc\u00e7\u00fcn he\u00e7 bir t\u0259hl\u00fck\u0259 da\u015f\u0131m\u0131r.<\/p>\n<p>\u018ftrafl\u0131 &#8220;X\u0259z\u0259r X\u0259b\u0259r&#8221;in s\u00fcjetind\u0259:<\/p>\n<p><iframe title=\"\u201cR\u201d h\u0259rfi olmayan aylarda bal\u0131q yem\u0259k olmaz\u201d deyimi h\u0259qiq\u0259tdirmi? - ARA\u015eDIRMA\" src=\"https:\/\/www.youtube.com\/embed\/JgmBG4e6LZM\" frameborder=\"0\" allowfullscreen=\"allowfullscreen\" data-mce-fragment=\"1\"><\/iframe><\/p>\n<\/div>\n<div><\/div>\n<div><\/div>\n<div class=\"inner-social-box\">\n<div class=\"subs-in-social subs-whatsapp\"><\/div>\n<\/div>\n","protected":false},"excerpt":{"rendered":"<p>El aras\u0131nda bel\u0259 fikir var ki, ad\u0131nda &#8220;R&#8221; h\u0259rfi olmayan aylarda bal\u0131q yem\u0259k olmaz. B\u0259s bu fikir n\u0259y\u0259 \u0259saslan\u0131r v\u0259 deyil\u0259nl\u0259r h\u0259qiq\u0259tdirmi? Al\u0131c\u0131lar aras\u0131nda bal\u0131\u011f\u0131n bu aylarda daha faydal\u0131 oldu\u011funu dey\u0259nl\u0259r d\u0259 var, dad\u0131na g\u00f6r\u0259 il boyu bal\u0131q yedikl\u0259rini dey\u0259nl\u0259r d\u0259. Uzun m\u00fcdd\u0259tdir bal\u0131q sat\u0131\u015f\u0131 il\u0259 m\u0259\u015f\u011ful olan \u0130lkin Novruzov bildirib ki, haz\u0131rda bazarda kifay\u0259t q\u0259d\u0259r al\u0131c\u0131 v\u0259 bal\u0131q m\u00f6vcuddur. Qida \u00fczr\u0259 m\u00fct\u0259x\u0259ssis A\u011fa Salamovun s\u00f6zl\u0259rin\u0259 g\u00f6r\u0259, bal\u0131q ay\u0131ndan v\u0259 g\u00fcn\u00fcnd\u0259n as\u0131l\u0131 olmayaraq h\u0259r zaman yeyil\u0259 bil\u0259r. M\u00fct\u0259x\u0259ssis onu da \u0259lav\u0259 edib ki, haz\u0131rda bal\u0131q ovuna qoyulan qada\u011fa s\u0259b\u0259bi il\u0259&hellip;<\/p>\n","protected":false},"author":2,"featured_media":728788,"comment_status":"closed","ping_status":"closed","sticky":false,"template":"","format":"standard","meta":{"om_disable_all_campaigns":false,"_monsterinsights_skip_tracking":false,"_monsterinsights_sitenote_active":false,"_monsterinsights_sitenote_note":"","_monsterinsights_sitenote_category":0},"categories":[1],"tags":[],"aioseo_notices":[],"gutentor_comment":0,"rttpg_featured_image_url":{"full":["https:\/\/arantv.az\/wp-content\/uploads\/2024\/06\/7755df137443d6c992e2204d998fe8ba.jpg",605,300,false],"landscape":["https:\/\/arantv.az\/wp-content\/uploads\/2024\/06\/7755df137443d6c992e2204d998fe8ba.jpg",605,300,false],"portraits":["https:\/\/arantv.az\/wp-content\/uploads\/2024\/06\/7755df137443d6c992e2204d998fe8ba.jpg",605,300,false],"thumbnail":["https:\/\/arantv.az\/wp-content\/uploads\/2024\/06\/7755df137443d6c992e2204d998fe8ba-500x280.jpg",500,280,true],"medium":["https:\/\/arantv.az\/wp-content\/uploads\/2024\/06\/7755df137443d6c992e2204d998fe8ba.jpg",605,300,false],"large":["https:\/\/arantv.az\/wp-content\/uploads\/2024\/06\/7755df137443d6c992e2204d998fe8ba.jpg",605,300,false],"1536x1536":["https:\/\/arantv.az\/wp-content\/uploads\/2024\/06\/7755df137443d6c992e2204d998fe8ba.jpg",605,300,false],"2048x2048":["https:\/\/arantv.az\/wp-content\/uploads\/2024\/06\/7755df137443d6c992e2204d998fe8ba.jpg",605,300,false],"post-thumbnail":["https:\/\/arantv.az\/wp-content\/uploads\/2024\/06\/7755df137443d6c992e2204d998fe8ba-240x172.jpg",240,172,true],"advps-thumb-one":["https:\/\/arantv.az\/wp-content\/uploads\/2024\/06\/7755df137443d6c992e2204d998fe8ba.jpg",605,300,false]},"rttpg_author":{"display_name":"V\u00fcsal Rafiqo\u011flu","author_link":"https:\/\/arantv.az\/?author=2"},"rttpg_comment":0,"rttpg_category":"<a href=\"https:\/\/arantv.az\/?cat=1\" rel=\"category\">C\u0259miyy\u0259t<\/a>","rttpg_excerpt":"El aras\u0131nda bel\u0259 fikir var ki, ad\u0131nda &#8220;R&#8221; h\u0259rfi olmayan aylarda bal\u0131q yem\u0259k olmaz. B\u0259s bu fikir n\u0259y\u0259 \u0259saslan\u0131r v\u0259 deyil\u0259nl\u0259r h\u0259qiq\u0259tdirmi? Al\u0131c\u0131lar aras\u0131nda bal\u0131\u011f\u0131n bu aylarda daha faydal\u0131 oldu\u011funu dey\u0259nl\u0259r d\u0259 var, dad\u0131na g\u00f6r\u0259 il boyu bal\u0131q yedikl\u0259rini dey\u0259nl\u0259r d\u0259. Uzun m\u00fcdd\u0259tdir bal\u0131q sat\u0131\u015f\u0131 il\u0259 m\u0259\u015f\u011ful olan \u0130lkin Novruzov bildirib ki, haz\u0131rda bazarda kifay\u0259t&hellip;","_links":{"self":[{"href":"https:\/\/arantv.az\/index.php?rest_route=\/wp\/v2\/posts\/728787"}],"collection":[{"href":"https:\/\/arantv.az\/index.php?rest_route=\/wp\/v2\/posts"}],"about":[{"href":"https:\/\/arantv.az\/index.php?rest_route=\/wp\/v2\/types\/post"}],"author":[{"embeddable":true,"href":"https:\/\/arantv.az\/index.php?rest_route=\/wp\/v2\/users\/2"}],"replies":[{"embeddable":true,"href":"https:\/\/arantv.az\/index.php?rest_route=%2Fwp%2Fv2%2Fcomments&post=728787"}],"version-history":[{"count":0,"href":"https:\/\/arantv.az\/index.php?rest_route=\/wp\/v2\/posts\/728787\/revisions"}],"wp:featuredmedia":[{"embeddable":true,"href":"https:\/\/arantv.az\/index.php?rest_route=\/wp\/v2\/media\/728788"}],"wp:attachment":[{"href":"https:\/\/arantv.az\/index.php?rest_route=%2Fwp%2Fv2%2Fmedia&parent=728787"}],"wp:term":[{"taxonomy":"category","embeddable":true,"href":"https:\/\/arantv.az\/index.php?rest_route=%2Fwp%2Fv2%2Fcategories&post=728787"},{"taxonomy":"post_tag","embeddable":true,"href":"https:\/\/arantv.az\/index.php?rest_route=%2Fwp%2Fv2%2Ftags&post=728787"}],"curies":[{"name":"wp","href":"https:\/\/api.w.org\/{rel}","templated":true}]}}