{"id":728790,"date":"2024-06-10T09:04:22","date_gmt":"2024-06-10T05:04:22","guid":{"rendered":"https:\/\/arantv.az\/?p=728790"},"modified":"2024-06-10T09:04:22","modified_gmt":"2024-06-10T05:04:22","slug":"adina-kredit-olan-s%c9%99xs-v%c9%99fat-ed%c9%99rs%c9%99-borcu-kim-od%c9%99m%c9%99lidir-yeni-qaydalar-video","status":"publish","type":"post","link":"https:\/\/arantv.az\/?p=728790","title":{"rendered":"Ad\u0131na kredit olan \u015f\u0259xs v\u0259fat ed\u0259rs\u0259, borcu kim \u00f6d\u0259m\u0259lidir? &#8211; YEN\u0130 QAYDALAR &#8211; V\u0130DEO"},"content":{"rendered":"<div class=\"text-content\" data-id=\"\" data-url=\"\">\n<p>M\u0259rk\u0259zi Bank istehlak kreditl\u0259ri il\u0259 ba\u011fl\u0131 qaydalara d\u0259yi\u015fiklik edib. Yeni qaydalara \u0259sas\u0259n, istehlak kreditl\u0259\u015fm\u0259sind\u0259 s\u0131\u011fortadan istifad\u0259 olunacaq.<\/p>\n<p>Bunu &#8220;X\u0259z\u0259r X\u0259b\u0259r&#8221;\u0259 mill\u0259t v\u0259kili V\u00fcqar Bayramov bildirib.<\/p>\n<p>Deputat qeyd edib ki, \u0259vv\u0259lki d\u00f6vrl\u0259rd\u0259 is\u0259 kredit g\u00f6t\u00fcr\u0259n v\u0259t\u0259nda\u015f \u0259g\u0259r v\u0259fat ed\u0259rdis\u0259, bu zaman kredit onun ail\u0259si t\u0259r\u0259find\u0259n qaytar\u0131l\u0131rd\u0131, b\u0259zi hallarda bu, ail\u0259 \u00fc\u00e7\u00fcn ciddi maliyy\u0259 y\u00fck\u00fc yarad\u0131rd\u0131.<\/p>\n<p>V.Bayramov bildirib ki, dig\u0259r m\u00fch\u00fcm m\u0259qam \u0259lilliyi olan \u015f\u0259xsl\u0259rin kreditl\u0259r\u0259 \u00e7\u0131x\u0131\u015f imkanlar\u0131n\u0131n geni\u015fl\u0259ndirilm\u0259si v\u0259 eyni zamanda \u0259lillik d\u0259r\u0259c\u0259sind\u0259 d\u0259yi\u015fiklik ba\u015f verirs\u0259, bunun s\u0131\u011forta t\u0259r\u0259find\u0259n kompensasiya edilm\u0259sidir.<\/p>\n<p>Mill\u0259t v\u0259kilinin s\u00f6zl\u0259rin\u0259 g\u00f6r\u0259, kredit faizl\u0259rinin azalmas\u0131 da b\u00fct\u00f6vl\u00fckd\u0259 kredit g\u00f6t\u00fcrm\u0259k ist\u0259y\u0259n v\u0259t\u0259nda\u015flar \u00fc\u00e7\u00fcn yeni imkand\u0131r.<\/p>\n<p>Proses daha ucuz, daha a\u015fa\u011f\u0131 faizl\u0259 kreditl\u0259rin \u0259ld\u0259 edilm\u0259sin\u0259 imkan yaradacaq.<\/p>\n<p>\u018ftrafl\u0131 s\u00fcjetd\u0259:<\/p>\n<p><iframe title=\"&quot;Ad\u0131na kredit olan \u015f\u0259xs d\u00fcnyas\u0131n\u0131 d\u0259yi\u015firs\u0259 borcu banka onun ail\u0259si qaytarmal\u0131 idi\u201d \u2013 QANUN D\u018fY\u0130\u015e\u0130R\" src=\"https:\/\/www.youtube.com\/embed\/55y_uMcXtlY\" frameborder=\"0\" allowfullscreen=\"allowfullscreen\" data-mce-fragment=\"1\"><\/iframe><\/p>\n<\/div>\n<div><\/div>\n<div><\/div>\n<div class=\"inner-social-box\">\n<div class=\"subs-in-social subs-whatsapp\"><\/div>\n<\/div>\n","protected":false},"excerpt":{"rendered":"<p>M\u0259rk\u0259zi Bank istehlak kreditl\u0259ri il\u0259 ba\u011fl\u0131 qaydalara d\u0259yi\u015fiklik edib. Yeni qaydalara \u0259sas\u0259n, istehlak kreditl\u0259\u015fm\u0259sind\u0259 s\u0131\u011fortadan istifad\u0259 olunacaq. Bunu &#8220;X\u0259z\u0259r X\u0259b\u0259r&#8221;\u0259 mill\u0259t v\u0259kili V\u00fcqar Bayramov bildirib. Deputat qeyd edib ki, \u0259vv\u0259lki d\u00f6vrl\u0259rd\u0259 is\u0259 kredit g\u00f6t\u00fcr\u0259n v\u0259t\u0259nda\u015f \u0259g\u0259r v\u0259fat ed\u0259rdis\u0259, bu zaman kredit onun ail\u0259si t\u0259r\u0259find\u0259n qaytar\u0131l\u0131rd\u0131, b\u0259zi hallarda bu, ail\u0259 \u00fc\u00e7\u00fcn ciddi maliyy\u0259 y\u00fck\u00fc yarad\u0131rd\u0131. V.Bayramov bildirib ki, dig\u0259r m\u00fch\u00fcm m\u0259qam \u0259lilliyi olan \u015f\u0259xsl\u0259rin kreditl\u0259r\u0259 \u00e7\u0131x\u0131\u015f imkanlar\u0131n\u0131n geni\u015fl\u0259ndirilm\u0259si v\u0259 eyni zamanda \u0259lillik d\u0259r\u0259c\u0259sind\u0259 d\u0259yi\u015fiklik ba\u015f verirs\u0259, bunun s\u0131\u011forta t\u0259r\u0259find\u0259n kompensasiya edilm\u0259sidir. Mill\u0259t v\u0259kilinin s\u00f6zl\u0259rin\u0259 g\u00f6r\u0259, kredit faizl\u0259rinin azalmas\u0131 da b\u00fct\u00f6vl\u00fckd\u0259 kredit&hellip;<\/p>\n","protected":false},"author":2,"featured_media":728791,"comment_status":"closed","ping_status":"closed","sticky":false,"template":"","format":"standard","meta":{"om_disable_all_campaigns":false,"_monsterinsights_skip_tracking":false,"_monsterinsights_sitenote_active":false,"_monsterinsights_sitenote_note":"","_monsterinsights_sitenote_category":0},"categories":[19],"tags":[],"aioseo_notices":[],"gutentor_comment":0,"rttpg_featured_image_url":{"full":["https:\/\/arantv.az\/wp-content\/uploads\/2024\/06\/adc3483762c31601cea34b6a3816d2da.jpg",870,500,false],"landscape":["https:\/\/arantv.az\/wp-content\/uploads\/2024\/06\/adc3483762c31601cea34b6a3816d2da.jpg",870,500,false],"portraits":["https:\/\/arantv.az\/wp-content\/uploads\/2024\/06\/adc3483762c31601cea34b6a3816d2da.jpg",870,500,false],"thumbnail":["https:\/\/arantv.az\/wp-content\/uploads\/2024\/06\/adc3483762c31601cea34b6a3816d2da-500x280.jpg",500,280,true],"medium":["https:\/\/arantv.az\/wp-content\/uploads\/2024\/06\/adc3483762c31601cea34b6a3816d2da-635x365.jpg",635,365,true],"large":["https:\/\/arantv.az\/wp-content\/uploads\/2024\/06\/adc3483762c31601cea34b6a3816d2da-840x483.jpg",640,368,true],"1536x1536":["https:\/\/arantv.az\/wp-content\/uploads\/2024\/06\/adc3483762c31601cea34b6a3816d2da.jpg",870,500,false],"2048x2048":["https:\/\/arantv.az\/wp-content\/uploads\/2024\/06\/adc3483762c31601cea34b6a3816d2da.jpg",870,500,false],"post-thumbnail":["https:\/\/arantv.az\/wp-content\/uploads\/2024\/06\/adc3483762c31601cea34b6a3816d2da-240x172.jpg",240,172,true],"advps-thumb-one":["https:\/\/arantv.az\/wp-content\/uploads\/2024\/06\/adc3483762c31601cea34b6a3816d2da.jpg",870,500,false]},"rttpg_author":{"display_name":"V\u00fcsal Rafiqo\u011flu","author_link":"https:\/\/arantv.az\/?author=2"},"rttpg_comment":0,"rttpg_category":"<a href=\"https:\/\/arantv.az\/?cat=19\" rel=\"category\">G\u00fcnd\u0259m<\/a>","rttpg_excerpt":"M\u0259rk\u0259zi Bank istehlak kreditl\u0259ri il\u0259 ba\u011fl\u0131 qaydalara d\u0259yi\u015fiklik edib. Yeni qaydalara \u0259sas\u0259n, istehlak kreditl\u0259\u015fm\u0259sind\u0259 s\u0131\u011fortadan istifad\u0259 olunacaq. Bunu &#8220;X\u0259z\u0259r X\u0259b\u0259r&#8221;\u0259 mill\u0259t v\u0259kili V\u00fcqar Bayramov bildirib. Deputat qeyd edib ki, \u0259vv\u0259lki d\u00f6vrl\u0259rd\u0259 is\u0259 kredit g\u00f6t\u00fcr\u0259n v\u0259t\u0259nda\u015f \u0259g\u0259r v\u0259fat ed\u0259rdis\u0259, bu zaman kredit onun ail\u0259si t\u0259r\u0259find\u0259n qaytar\u0131l\u0131rd\u0131, b\u0259zi hallarda bu, ail\u0259 \u00fc\u00e7\u00fcn ciddi maliyy\u0259 y\u00fck\u00fc yarad\u0131rd\u0131. V.Bayramov&hellip;","_links":{"self":[{"href":"https:\/\/arantv.az\/index.php?rest_route=\/wp\/v2\/posts\/728790"}],"collection":[{"href":"https:\/\/arantv.az\/index.php?rest_route=\/wp\/v2\/posts"}],"about":[{"href":"https:\/\/arantv.az\/index.php?rest_route=\/wp\/v2\/types\/post"}],"author":[{"embeddable":true,"href":"https:\/\/arantv.az\/index.php?rest_route=\/wp\/v2\/users\/2"}],"replies":[{"embeddable":true,"href":"https:\/\/arantv.az\/index.php?rest_route=%2Fwp%2Fv2%2Fcomments&post=728790"}],"version-history":[{"count":0,"href":"https:\/\/arantv.az\/index.php?rest_route=\/wp\/v2\/posts\/728790\/revisions"}],"wp:featuredmedia":[{"embeddable":true,"href":"https:\/\/arantv.az\/index.php?rest_route=\/wp\/v2\/media\/728791"}],"wp:attachment":[{"href":"https:\/\/arantv.az\/index.php?rest_route=%2Fwp%2Fv2%2Fmedia&parent=728790"}],"wp:term":[{"taxonomy":"category","embeddable":true,"href":"https:\/\/arantv.az\/index.php?rest_route=%2Fwp%2Fv2%2Fcategories&post=728790"},{"taxonomy":"post_tag","embeddable":true,"href":"https:\/\/arantv.az\/index.php?rest_route=%2Fwp%2Fv2%2Ftags&post=728790"}],"curies":[{"name":"wp","href":"https:\/\/api.w.org\/{rel}","templated":true}]}}