{"id":728793,"date":"2024-06-10T09:05:15","date_gmt":"2024-06-10T05:05:15","guid":{"rendered":"https:\/\/arantv.az\/?p=728793"},"modified":"2024-06-10T09:05:15","modified_gmt":"2024-06-10T05:05:15","slug":"az%c9%99rbaycan-prezidenti-ilham-%c9%99liyev-turkiy%c9%99y%c9%99-s%c9%99f%c9%99r-ed%c9%99c%c9%99k","status":"publish","type":"post","link":"https:\/\/arantv.az\/?p=728793","title":{"rendered":"Az\u0259rbaycan Prezidenti \u0130lham \u018fliyev T\u00fcrkiy\u0259y\u0259 s\u0259f\u0259r ed\u0259c\u0259k"},"content":{"rendered":"<div class=\"text-content\" data-id=\"\" data-url=\"\">\n<p>Az\u0259rbaycan Prezidenti \u0130lham \u018fliyev T\u00fcrkiy\u0259 Prezidenti R\u0259c\u0259b Tayyib \u018frdo\u011fan\u0131n d\u0259v\u0259ti il\u0259 iyunun 10-da T\u00fcrkiy\u0259y\u0259 s\u0259f\u0259r ed\u0259c\u0259k.<\/p>\n<p>Bu bar\u0259d\u0259 T\u00fcrkiy\u0259 Prezidenti Administrasiyas\u0131 m\u0259lumat verib.<\/p>\n<p>M\u0259lumata g\u00f6r\u0259, Az\u0259rbaycan d\u00f6vl\u0259t ba\u015f\u00e7\u0131s\u0131 qarda\u015f \u00f6lk\u0259y\u0259 i\u015fg\u00fczar s\u0259f\u0259r ed\u0259c\u0259k.<\/p>\n<p>Ankarada ke\u00e7iril\u0259c\u0259k dan\u0131\u015f\u0131qlarda T\u00fcrkiy\u0259 il\u0259 Az\u0259rbaycan aras\u0131nda ikit\u0259r\u0259fli m\u00fcnasib\u0259tl\u0259r b\u00fct\u00fcn aspektl\u0259ri il\u0259 n\u0259z\u0259rd\u0259n ke\u00e7iril\u0259c\u0259k, \u0259m\u0259kda\u015fl\u0131\u011f\u0131n daha da d\u0259rinl\u0259\u015fdirilm\u0259si \u00fc\u00e7\u00fcn at\u0131lacaq add\u0131mlar m\u00fczakir\u0259 olunacaq.<\/p>\n<p>G\u00f6r\u00fc\u015fl\u0259rd\u0259 ikit\u0259r\u0259fli \u0259laq\u0259l\u0259rl\u0259 yana\u015f\u0131, aktual regional v\u0259 qlobal probleml\u0259r \u0259traf\u0131nda fikir m\u00fcbadil\u0259si apar\u0131lacaq.<\/p>\n<p><img loading=\"lazy\" src=\"https:\/\/cdn.musavat.com\/news\/thumbnails\/2ccde60525889f11e5af85a8f8bbf02b.jpg\" alt=\"Screenshot_3.png (35 KB)\" width=\"540\" height=\"278\" \/><\/p>\n<\/div>\n<div><\/div>\n<div><\/div>\n<div class=\"inner-social-box\">\n<div class=\"subs-in-social subs-whatsapp\"><\/div>\n<\/div>\n","protected":false},"excerpt":{"rendered":"<p>Az\u0259rbaycan Prezidenti \u0130lham \u018fliyev T\u00fcrkiy\u0259 Prezidenti R\u0259c\u0259b Tayyib \u018frdo\u011fan\u0131n d\u0259v\u0259ti il\u0259 iyunun 10-da T\u00fcrkiy\u0259y\u0259 s\u0259f\u0259r ed\u0259c\u0259k. Bu bar\u0259d\u0259 T\u00fcrkiy\u0259 Prezidenti Administrasiyas\u0131 m\u0259lumat verib. M\u0259lumata g\u00f6r\u0259, Az\u0259rbaycan d\u00f6vl\u0259t ba\u015f\u00e7\u0131s\u0131 qarda\u015f \u00f6lk\u0259y\u0259 i\u015fg\u00fczar s\u0259f\u0259r ed\u0259c\u0259k. Ankarada ke\u00e7iril\u0259c\u0259k dan\u0131\u015f\u0131qlarda T\u00fcrkiy\u0259 il\u0259 Az\u0259rbaycan aras\u0131nda ikit\u0259r\u0259fli m\u00fcnasib\u0259tl\u0259r b\u00fct\u00fcn aspektl\u0259ri il\u0259 n\u0259z\u0259rd\u0259n ke\u00e7iril\u0259c\u0259k, \u0259m\u0259kda\u015fl\u0131\u011f\u0131n daha da d\u0259rinl\u0259\u015fdirilm\u0259si \u00fc\u00e7\u00fcn at\u0131lacaq add\u0131mlar m\u00fczakir\u0259 olunacaq. G\u00f6r\u00fc\u015fl\u0259rd\u0259 ikit\u0259r\u0259fli \u0259laq\u0259l\u0259rl\u0259 yana\u015f\u0131, aktual regional v\u0259 qlobal probleml\u0259r \u0259traf\u0131nda fikir m\u00fcbadil\u0259si apar\u0131lacaq.<\/p>\n","protected":false},"author":2,"featured_media":728794,"comment_status":"closed","ping_status":"closed","sticky":false,"template":"","format":"standard","meta":{"om_disable_all_campaigns":false,"_monsterinsights_skip_tracking":false,"_monsterinsights_sitenote_active":false,"_monsterinsights_sitenote_note":"","_monsterinsights_sitenote_category":0},"categories":[4],"tags":[],"aioseo_notices":[],"gutentor_comment":0,"rttpg_featured_image_url":{"full":["https:\/\/arantv.az\/wp-content\/uploads\/2024\/06\/dc6d5d267d1c1879c0f1d98b982bf56e.jpg",640,360,false],"landscape":["https:\/\/arantv.az\/wp-content\/uploads\/2024\/06\/dc6d5d267d1c1879c0f1d98b982bf56e.jpg",640,360,false],"portraits":["https:\/\/arantv.az\/wp-content\/uploads\/2024\/06\/dc6d5d267d1c1879c0f1d98b982bf56e.jpg",640,360,false],"thumbnail":["https:\/\/arantv.az\/wp-content\/uploads\/2024\/06\/dc6d5d267d1c1879c0f1d98b982bf56e-500x280.jpg",500,280,true],"medium":["https:\/\/arantv.az\/wp-content\/uploads\/2024\/06\/dc6d5d267d1c1879c0f1d98b982bf56e.jpg",640,360,false],"large":["https:\/\/arantv.az\/wp-content\/uploads\/2024\/06\/dc6d5d267d1c1879c0f1d98b982bf56e.jpg",640,360,false],"1536x1536":["https:\/\/arantv.az\/wp-content\/uploads\/2024\/06\/dc6d5d267d1c1879c0f1d98b982bf56e.jpg",640,360,false],"2048x2048":["https:\/\/arantv.az\/wp-content\/uploads\/2024\/06\/dc6d5d267d1c1879c0f1d98b982bf56e.jpg",640,360,false],"post-thumbnail":["https:\/\/arantv.az\/wp-content\/uploads\/2024\/06\/dc6d5d267d1c1879c0f1d98b982bf56e-240x172.jpg",240,172,true],"advps-thumb-one":["https:\/\/arantv.az\/wp-content\/uploads\/2024\/06\/dc6d5d267d1c1879c0f1d98b982bf56e.jpg",640,360,false]},"rttpg_author":{"display_name":"V\u00fcsal Rafiqo\u011flu","author_link":"https:\/\/arantv.az\/?author=2"},"rttpg_comment":0,"rttpg_category":"<a href=\"https:\/\/arantv.az\/?cat=4\" rel=\"category\">Siyas\u0259t<\/a>","rttpg_excerpt":"Az\u0259rbaycan Prezidenti \u0130lham \u018fliyev T\u00fcrkiy\u0259 Prezidenti R\u0259c\u0259b Tayyib \u018frdo\u011fan\u0131n d\u0259v\u0259ti il\u0259 iyunun 10-da T\u00fcrkiy\u0259y\u0259 s\u0259f\u0259r ed\u0259c\u0259k. Bu bar\u0259d\u0259 T\u00fcrkiy\u0259 Prezidenti Administrasiyas\u0131 m\u0259lumat verib. M\u0259lumata g\u00f6r\u0259, Az\u0259rbaycan d\u00f6vl\u0259t ba\u015f\u00e7\u0131s\u0131 qarda\u015f \u00f6lk\u0259y\u0259 i\u015fg\u00fczar s\u0259f\u0259r ed\u0259c\u0259k. Ankarada ke\u00e7iril\u0259c\u0259k dan\u0131\u015f\u0131qlarda T\u00fcrkiy\u0259 il\u0259 Az\u0259rbaycan aras\u0131nda ikit\u0259r\u0259fli m\u00fcnasib\u0259tl\u0259r b\u00fct\u00fcn aspektl\u0259ri il\u0259 n\u0259z\u0259rd\u0259n ke\u00e7iril\u0259c\u0259k, \u0259m\u0259kda\u015fl\u0131\u011f\u0131n daha da d\u0259rinl\u0259\u015fdirilm\u0259si \u00fc\u00e7\u00fcn at\u0131lacaq add\u0131mlar m\u00fczakir\u0259&hellip;","_links":{"self":[{"href":"https:\/\/arantv.az\/index.php?rest_route=\/wp\/v2\/posts\/728793"}],"collection":[{"href":"https:\/\/arantv.az\/index.php?rest_route=\/wp\/v2\/posts"}],"about":[{"href":"https:\/\/arantv.az\/index.php?rest_route=\/wp\/v2\/types\/post"}],"author":[{"embeddable":true,"href":"https:\/\/arantv.az\/index.php?rest_route=\/wp\/v2\/users\/2"}],"replies":[{"embeddable":true,"href":"https:\/\/arantv.az\/index.php?rest_route=%2Fwp%2Fv2%2Fcomments&post=728793"}],"version-history":[{"count":0,"href":"https:\/\/arantv.az\/index.php?rest_route=\/wp\/v2\/posts\/728793\/revisions"}],"wp:featuredmedia":[{"embeddable":true,"href":"https:\/\/arantv.az\/index.php?rest_route=\/wp\/v2\/media\/728794"}],"wp:attachment":[{"href":"https:\/\/arantv.az\/index.php?rest_route=%2Fwp%2Fv2%2Fmedia&parent=728793"}],"wp:term":[{"taxonomy":"category","embeddable":true,"href":"https:\/\/arantv.az\/index.php?rest_route=%2Fwp%2Fv2%2Fcategories&post=728793"},{"taxonomy":"post_tag","embeddable":true,"href":"https:\/\/arantv.az\/index.php?rest_route=%2Fwp%2Fv2%2Ftags&post=728793"}],"curies":[{"name":"wp","href":"https:\/\/api.w.org\/{rel}","templated":true}]}}