{"id":728815,"date":"2024-06-10T09:21:14","date_gmt":"2024-06-10T05:21:14","guid":{"rendered":"https:\/\/arantv.az\/?p=728815"},"modified":"2024-06-10T09:21:14","modified_gmt":"2024-06-10T05:21:14","slug":"hava-sarlari-festivali-basa-catdi","status":"publish","type":"post","link":"https:\/\/arantv.az\/?p=728815","title":{"rendered":"Hava \u015earlar\u0131 Festival\u0131 ba\u015fa \u00e7atd\u0131"},"content":{"rendered":"<div class=\"post-detail-content-inner resize-area\">\n<p>\u015eamax\u0131da ke\u00e7iril\u0259n Hava \u015earlar\u0131 Festival\u0131 (Balloon Festival) iyunun 9-da ba\u015fa \u00e7at\u0131b.<\/p>\n<p>AZ\u018fRTAC x\u0259b\u0259r verir ki, festival\u0131n ikinci g\u00fcn\u00fcnd\u0259 festival \u00e7\u0259r\u00e7iv\u0259sind\u0259 m\u00fcxt\u0259lif forma v\u0259 dizaynda hava \u015farlar\u0131n\u0131n Meys\u0259ri k\u0259ndi \u00fcz\u0259rind\u0259 n\u00fcmayi\u015fi ke\u00e7irilib.<\/p>\n<p>\u0130zl\u0259yicil\u0259r hava \u015farlar\u0131n\u0131n heyranedici g\u00f6r\u00fcn\u00fc\u015f\u00fcn\u00fcn \u015fahidi olublar.<\/p>\n<p>Festival zaman\u0131 Meys\u0259ri k\u0259ndind\u0259ki &#8220;\u015eirvan \u015e\u0259rablar\u0131&#8221; kompleksi \u0259razisind\u0259 konsert v\u0259 \u0259yl\u0259nc\u0259 proqram\u0131 da t\u0259\u015fkil olunub. Burada ax\u015fam saatlar\u0131na q\u0259d\u0259r ki\u00e7ikd\u0259n b\u00f6y\u00fcy\u0259d\u0259k h\u0259r k\u0259s m\u00fcxt\u0259lif \u0259yl\u0259nc\u0259l\u0259r\u0259 qat\u0131l\u0131b, konsert proqram\u0131n\u0131 izl\u0259yibl\u0259r. Sonda hava \u015farlar\u0131n\u0131n kompleks \u0259razisind\u0259 n\u00fcmayi\u015f u\u00e7u\u015fu olub.<\/p>\n<p>\u015eamax\u0131 Rayon \u0130cra Hakimiyy\u0259tinin d\u0259st\u0259yi il\u0259 &#8220;EZONE&#8221; \u015firk\u0259ti t\u0259r\u0259find\u0259n t\u0259\u015fkil olunan Hava \u015earlar\u0131 Festival\u0131n\u0131n \u0259sas m\u0259qs\u0259di \u00f6lk\u0259mizin, o c\u00fcml\u0259d\u0259n festival\u0131n t\u0259\u015fkil olundu\u011fu \u015eamax\u0131 rayonunun turizm potensial\u0131na t\u00f6hf\u0259 verm\u0259kdir.<\/p>\n<p>Hava \u015earlar\u0131 Festival\u0131 \u00f6lk\u0259mizd\u0259 ikinci d\u0259f\u0259dir ke\u00e7irilir.<\/p>\n<p>&nbsp;<\/p>\n<div class=\"gallery-area\">\n<div class=\"gallery-slide swiper swiper-initialized swiper-horizontal swiper-pointer-events swiper-backface-hidden\">\n<div id=\"swiper-wrapper-47d92f8311a0e32d\" class=\"swiper-wrapper\" aria-live=\"polite\">\n<div class=\"swiper-slide swiper-slide-active\" role=\"group\" aria-label=\"1 \/ 5\"><a href=\"https:\/\/images.oxu.az\/2024\/06\/09\/RLUgVoOWgm174YUs3BAXWL1V92SGE5tBhpB7ogv5:1200.jpg\" data-fancybox=\"gallery\"><img loading=\"lazy\" src=\"https:\/\/images.oxu.az\/2024\/06\/09\/RLUgVoOWgm174YUs3BAXWL1V92SGE5tBhpB7ogv5:640.jpg\" alt=\"\" width=\"640\" height=\"405\" \/><\/a><\/div>\n<div class=\"swiper-slide swiper-slide-next\" role=\"group\" aria-label=\"2 \/ 5\"><a href=\"https:\/\/images.oxu.az\/2024\/06\/09\/TdM1DpB1XxgbRSK836xApnN3oTQQYQq6Q8h6giuO:1200.jpg\" data-fancybox=\"gallery\"><img loading=\"lazy\" src=\"https:\/\/images.oxu.az\/2024\/06\/09\/TdM1DpB1XxgbRSK836xApnN3oTQQYQq6Q8h6giuO:640.jpg\" alt=\"\" width=\"640\" height=\"405\" \/><\/a><\/div>\n<div class=\"swiper-slide\" role=\"group\" aria-label=\"3 \/ 5\"><a href=\"https:\/\/images.oxu.az\/2024\/06\/09\/jvMgCqSTD9DgYh0OvY1gV45WhYXpSt49AYqnOzqh:1200.jpg\" data-fancybox=\"gallery\"><img loading=\"lazy\" src=\"https:\/\/images.oxu.az\/2024\/06\/09\/jvMgCqSTD9DgYh0OvY1gV45WhYXpSt49AYqnOzqh:640.jpg\" alt=\"\" width=\"640\" height=\"405\" \/><\/a><\/div>\n<div class=\"swiper-slide\" role=\"group\" aria-label=\"4 \/ 5\"><a href=\"https:\/\/images.oxu.az\/2024\/06\/09\/tldIgNqAVhlXGxKWIwPjcRznJdXWOmcarLVPqCcm:1200.jpg\" data-fancybox=\"gallery\"><img loading=\"lazy\" src=\"https:\/\/images.oxu.az\/2024\/06\/09\/tldIgNqAVhlXGxKWIwPjcRznJdXWOmcarLVPqCcm:640.jpg\" alt=\"\" width=\"640\" height=\"405\" \/><\/a><\/div>\n<div class=\"swiper-slide\" role=\"group\" aria-label=\"5 \/ 5\"><a href=\"https:\/\/images.oxu.az\/2024\/06\/09\/E40QLjInS8aPPM2DkB7XhUkR5YqHnvcca7Ch9Zv6:1200.jpg\" data-fancybox=\"gallery\"><img loading=\"lazy\" src=\"https:\/\/images.oxu.az\/2024\/06\/09\/E40QLjInS8aPPM2DkB7XhUkR5YqHnvcca7Ch9Zv6:640.jpg\" alt=\"\" width=\"640\" height=\"405\" \/><\/a><\/div>\n<\/div>\n<\/div>\n<div class=\"gallery-thumbs-slide\">\n<div class=\"swiper swiper-initialized swiper-horizontal swiper-pointer-events swiper-free-mode swiper-watch-progress swiper-backface-hidden swiper-thumbs\">\n<div id=\"swiper-wrapper-431610a179f2fb62a\" class=\"swiper-wrapper\" aria-live=\"polite\">\n<div class=\"swiper-slide swiper-slide-thumb-active swiper-slide-visible swiper-slide-active\" role=\"group\" aria-label=\"1 \/ 5\"><img loading=\"lazy\" src=\"https:\/\/images.oxu.az\/2024\/06\/09\/RLUgVoOWgm174YUs3BAXWL1V92SGE5tBhpB7ogv5:450.jpg\" alt=\"\" width=\"92\" height=\"72\" \/><\/div>\n<div class=\"swiper-slide swiper-slide-visible swiper-slide-next\" role=\"group\" aria-label=\"2 \/ 5\"><img loading=\"lazy\" src=\"https:\/\/images.oxu.az\/2024\/06\/09\/TdM1DpB1XxgbRSK836xApnN3oTQQYQq6Q8h6giuO:450.jpg\" alt=\"\" width=\"92\" height=\"72\" \/><\/div>\n<div class=\"swiper-slide swiper-slide-visible\" role=\"group\" aria-label=\"3 \/ 5\"><img loading=\"lazy\" src=\"https:\/\/images.oxu.az\/2024\/06\/09\/jvMgCqSTD9DgYh0OvY1gV45WhYXpSt49AYqnOzqh:450.jpg\" alt=\"\" width=\"92\" height=\"72\" \/><\/div>\n<div class=\"swiper-slide swiper-slide-visible\" role=\"group\" aria-label=\"4 \/ 5\"><img loading=\"lazy\" src=\"https:\/\/images.oxu.az\/2024\/06\/09\/tldIgNqAVhlXGxKWIwPjcRznJdXWOmcarLVPqCcm:450.jpg\" alt=\"\" width=\"92\" height=\"72\" \/><\/div>\n<div class=\"swiper-slide swiper-slide-visible\" role=\"group\" aria-label=\"5 \/ 5\"><img loading=\"lazy\" src=\"https:\/\/images.oxu.az\/2024\/06\/09\/E40QLjInS8aPPM2DkB7XhUkR5YqHnvcca7Ch9Zv6:450.jpg\" alt=\"\" width=\"92\" height=\"72\" \/><\/div>\n<\/div>\n<\/div>\n<\/div>\n<\/div>\n<p>&nbsp;<\/p>\n<\/div>\n<div class=\"tag-area tag-area-slide tag-area--slider\">\n<div class=\"swiper swiper-initialized swiper-horizontal swiper-pointer-events swiper-free-mode swiper-watch-progress swiper-backface-hidden\">\n<div id=\"swiper-wrapper-76e8edb4f33f41e10\" class=\"swiper-wrapper\" aria-live=\"polite\">\n<div class=\"swiper-slide swiper-slide-visible swiper-slide-active\" role=\"group\" aria-label=\"1 \/ 2\">\n<div class=\"tag-item\"><\/div>\n<\/div>\n<\/div>\n<\/div>\n<\/div>\n","protected":false},"excerpt":{"rendered":"<p>\u015eamax\u0131da ke\u00e7iril\u0259n Hava \u015earlar\u0131 Festival\u0131 (Balloon Festival) iyunun 9-da ba\u015fa \u00e7at\u0131b. AZ\u018fRTAC x\u0259b\u0259r verir ki, festival\u0131n ikinci g\u00fcn\u00fcnd\u0259 festival \u00e7\u0259r\u00e7iv\u0259sind\u0259 m\u00fcxt\u0259lif forma v\u0259 dizaynda hava \u015farlar\u0131n\u0131n Meys\u0259ri k\u0259ndi \u00fcz\u0259rind\u0259 n\u00fcmayi\u015fi ke\u00e7irilib. \u0130zl\u0259yicil\u0259r hava \u015farlar\u0131n\u0131n heyranedici g\u00f6r\u00fcn\u00fc\u015f\u00fcn\u00fcn \u015fahidi olublar. Festival zaman\u0131 Meys\u0259ri k\u0259ndind\u0259ki &#8220;\u015eirvan \u015e\u0259rablar\u0131&#8221; kompleksi \u0259razisind\u0259 konsert v\u0259 \u0259yl\u0259nc\u0259 proqram\u0131 da t\u0259\u015fkil olunub. Burada ax\u015fam saatlar\u0131na q\u0259d\u0259r ki\u00e7ikd\u0259n b\u00f6y\u00fcy\u0259d\u0259k h\u0259r k\u0259s m\u00fcxt\u0259lif \u0259yl\u0259nc\u0259l\u0259r\u0259 qat\u0131l\u0131b, konsert proqram\u0131n\u0131 izl\u0259yibl\u0259r. Sonda hava \u015farlar\u0131n\u0131n kompleks \u0259razisind\u0259 n\u00fcmayi\u015f u\u00e7u\u015fu olub. \u015eamax\u0131 Rayon \u0130cra Hakimiyy\u0259tinin d\u0259st\u0259yi il\u0259 &#8220;EZONE&#8221; \u015firk\u0259ti t\u0259r\u0259find\u0259n t\u0259\u015fkil olunan Hava \u015earlar\u0131 Festival\u0131n\u0131n \u0259sas&hellip;<\/p>\n","protected":false},"author":2,"featured_media":728816,"comment_status":"closed","ping_status":"closed","sticky":false,"template":"","format":"standard","meta":{"om_disable_all_campaigns":false,"_monsterinsights_skip_tracking":false,"_monsterinsights_sitenote_active":false,"_monsterinsights_sitenote_note":"","_monsterinsights_sitenote_category":0},"categories":[1],"tags":[],"aioseo_notices":[],"gutentor_comment":0,"rttpg_featured_image_url":{"full":["https:\/\/arantv.az\/wp-content\/uploads\/2024\/06\/sar-festivali-13.jpg",637,400,false],"landscape":["https:\/\/arantv.az\/wp-content\/uploads\/2024\/06\/sar-festivali-13.jpg",637,400,false],"portraits":["https:\/\/arantv.az\/wp-content\/uploads\/2024\/06\/sar-festivali-13.jpg",637,400,false],"thumbnail":["https:\/\/arantv.az\/wp-content\/uploads\/2024\/06\/sar-festivali-13-500x280.jpg",500,280,true],"medium":["https:\/\/arantv.az\/wp-content\/uploads\/2024\/06\/sar-festivali-13-581x365.jpg",581,365,true],"large":["https:\/\/arantv.az\/wp-content\/uploads\/2024\/06\/sar-festivali-13.jpg",637,400,false],"1536x1536":["https:\/\/arantv.az\/wp-content\/uploads\/2024\/06\/sar-festivali-13.jpg",637,400,false],"2048x2048":["https:\/\/arantv.az\/wp-content\/uploads\/2024\/06\/sar-festivali-13.jpg",637,400,false],"post-thumbnail":["https:\/\/arantv.az\/wp-content\/uploads\/2024\/06\/sar-festivali-13-240x172.jpg",240,172,true],"advps-thumb-one":["https:\/\/arantv.az\/wp-content\/uploads\/2024\/06\/sar-festivali-13.jpg",637,400,false]},"rttpg_author":{"display_name":"V\u00fcsal Rafiqo\u011flu","author_link":"https:\/\/arantv.az\/?author=2"},"rttpg_comment":0,"rttpg_category":"<a href=\"https:\/\/arantv.az\/?cat=1\" rel=\"category\">C\u0259miyy\u0259t<\/a>","rttpg_excerpt":"\u015eamax\u0131da ke\u00e7iril\u0259n Hava \u015earlar\u0131 Festival\u0131 (Balloon Festival) iyunun 9-da ba\u015fa \u00e7at\u0131b. AZ\u018fRTAC x\u0259b\u0259r verir ki, festival\u0131n ikinci g\u00fcn\u00fcnd\u0259 festival \u00e7\u0259r\u00e7iv\u0259sind\u0259 m\u00fcxt\u0259lif forma v\u0259 dizaynda hava \u015farlar\u0131n\u0131n Meys\u0259ri k\u0259ndi \u00fcz\u0259rind\u0259 n\u00fcmayi\u015fi ke\u00e7irilib. \u0130zl\u0259yicil\u0259r hava \u015farlar\u0131n\u0131n heyranedici g\u00f6r\u00fcn\u00fc\u015f\u00fcn\u00fcn \u015fahidi olublar. Festival zaman\u0131 Meys\u0259ri k\u0259ndind\u0259ki &#8220;\u015eirvan \u015e\u0259rablar\u0131&#8221; kompleksi \u0259razisind\u0259 konsert v\u0259 \u0259yl\u0259nc\u0259 proqram\u0131 da t\u0259\u015fkil olunub. Burada ax\u015fam&hellip;","_links":{"self":[{"href":"https:\/\/arantv.az\/index.php?rest_route=\/wp\/v2\/posts\/728815"}],"collection":[{"href":"https:\/\/arantv.az\/index.php?rest_route=\/wp\/v2\/posts"}],"about":[{"href":"https:\/\/arantv.az\/index.php?rest_route=\/wp\/v2\/types\/post"}],"author":[{"embeddable":true,"href":"https:\/\/arantv.az\/index.php?rest_route=\/wp\/v2\/users\/2"}],"replies":[{"embeddable":true,"href":"https:\/\/arantv.az\/index.php?rest_route=%2Fwp%2Fv2%2Fcomments&post=728815"}],"version-history":[{"count":0,"href":"https:\/\/arantv.az\/index.php?rest_route=\/wp\/v2\/posts\/728815\/revisions"}],"wp:featuredmedia":[{"embeddable":true,"href":"https:\/\/arantv.az\/index.php?rest_route=\/wp\/v2\/media\/728816"}],"wp:attachment":[{"href":"https:\/\/arantv.az\/index.php?rest_route=%2Fwp%2Fv2%2Fmedia&parent=728815"}],"wp:term":[{"taxonomy":"category","embeddable":true,"href":"https:\/\/arantv.az\/index.php?rest_route=%2Fwp%2Fv2%2Fcategories&post=728815"},{"taxonomy":"post_tag","embeddable":true,"href":"https:\/\/arantv.az\/index.php?rest_route=%2Fwp%2Fv2%2Ftags&post=728815"}],"curies":[{"name":"wp","href":"https:\/\/api.w.org\/{rel}","templated":true}]}}