{"id":728834,"date":"2024-06-10T10:49:55","date_gmt":"2024-06-10T06:49:55","guid":{"rendered":"https:\/\/arantv.az\/?p=728834"},"modified":"2024-06-10T10:49:55","modified_gmt":"2024-06-10T06:49:55","slug":"%c9%99m%c9%99k-v%c9%99-%c9%99halinin-sosial-mudafi%c9%99si-naziri-xizi-rayonunda-v%c9%99t%c9%99ndaslari-q%c9%99bul-ed%c9%99c%c9%99k","status":"publish","type":"post","link":"https:\/\/arantv.az\/?p=728834","title":{"rendered":"\u018fm\u0259k v\u0259 \u0259halinin sosial m\u00fcdafi\u0259si naziri X\u0131z\u0131 rayonunda v\u0259t\u0259nda\u015flar\u0131 q\u0259bul ed\u0259c\u0259k"},"content":{"rendered":"<p>\u018fm\u0259k v\u0259 \u0259halinin sosial m\u00fcdafi\u0259si naziri Sahil Babayev iyunun 21-d\u0259 X\u0131z\u0131 rayonunda X\u0131z\u0131 v\u0259 Siy\u0259z\u0259n rayonlar\u0131n\u0131n sakinl\u0259rini q\u0259bul ed\u0259c\u0259k.<\/p>\n<p>Q\u0259bul zaman\u0131 v\u0259t\u0259nda\u015flar\u0131n \u018fm\u0259k v\u0259 \u018fhalinin Sosial M\u00fcdafi\u0259si Nazirliyinin s\u0259lahiyy\u0259t dair\u0259sin\u0259 aid m\u00fcraci\u0259tl\u0259ri cavabland\u0131r\u0131lacaq, m\u00fcraci\u0259tl\u0259rd\u0259 \u0259ksini tapan m\u0259s\u0259l\u0259l\u0259rin h\u0259lli il\u0259 \u0259laq\u0259dar t\u0259dbirl\u0259r g\u00f6r\u00fcl\u0259c\u0259k.<\/p>\n<p>Nazirliyin \u0130ctimaiyy\u0259tl\u0259 \u0259laq\u0259l\u0259r \u015f\u00f6b\u0259sind\u0259n\u00a0<a class=\"azertac-link\" href=\"https:\/\/azertag.az\/\" target=\"_blank\" rel=\"noopener\">AZ\u018fRTAC<\/a>-a bildiribl\u0259r ki, v\u0259t\u0259nda\u015flar iyunun 10-dan 12-d\u0259k nazirliy\u0259 r\u0259smi \u015f\u0259kild\u0259 (info@sosial.gov.az\u00a0elektron \u00fcnvan\u0131 v\u0259 ya po\u00e7t vasit\u0259sil\u0259) m\u00fcraci\u0259t ed\u0259r\u0259k v\u0259 ya \u201c142\u201d \u00c7a\u011fr\u0131 m\u0259rk\u0259zi il\u0259 \u0259laq\u0259 saxlayaraq q\u0259bula yaz\u0131la bil\u0259rl\u0259r.<\/p>\n<p>V\u0259t\u0259nda\u015flar q\u0259bula yaz\u0131lm\u0131\u015f \u015f\u0259xsl\u0259rin \u0259vv\u0259lc\u0259d\u0259n t\u0259rtib edilmi\u015f siyah\u0131s\u0131 \u0259sas\u0131nda q\u0259bul edil\u0259c\u0259kl\u0259r.<\/p>\n","protected":false},"excerpt":{"rendered":"<p>\u018fm\u0259k v\u0259 \u0259halinin sosial m\u00fcdafi\u0259si naziri Sahil Babayev iyunun 21-d\u0259 X\u0131z\u0131 rayonunda X\u0131z\u0131 v\u0259 Siy\u0259z\u0259n rayonlar\u0131n\u0131n sakinl\u0259rini q\u0259bul ed\u0259c\u0259k. Q\u0259bul zaman\u0131 v\u0259t\u0259nda\u015flar\u0131n \u018fm\u0259k v\u0259 \u018fhalinin Sosial M\u00fcdafi\u0259si Nazirliyinin s\u0259lahiyy\u0259t dair\u0259sin\u0259 aid m\u00fcraci\u0259tl\u0259ri cavabland\u0131r\u0131lacaq, m\u00fcraci\u0259tl\u0259rd\u0259 \u0259ksini tapan m\u0259s\u0259l\u0259l\u0259rin h\u0259lli il\u0259 \u0259laq\u0259dar t\u0259dbirl\u0259r g\u00f6r\u00fcl\u0259c\u0259k. Nazirliyin \u0130ctimaiyy\u0259tl\u0259 \u0259laq\u0259l\u0259r \u015f\u00f6b\u0259sind\u0259n\u00a0AZ\u018fRTAC-a bildiribl\u0259r ki, v\u0259t\u0259nda\u015flar iyunun 10-dan 12-d\u0259k nazirliy\u0259 r\u0259smi \u015f\u0259kild\u0259 (info@sosial.gov.az\u00a0elektron \u00fcnvan\u0131 v\u0259 ya po\u00e7t vasit\u0259sil\u0259) m\u00fcraci\u0259t ed\u0259r\u0259k v\u0259 ya \u201c142\u201d \u00c7a\u011fr\u0131 m\u0259rk\u0259zi il\u0259 \u0259laq\u0259 saxlayaraq q\u0259bula yaz\u0131la bil\u0259rl\u0259r. V\u0259t\u0259nda\u015flar q\u0259bula yaz\u0131lm\u0131\u015f \u015f\u0259xsl\u0259rin \u0259vv\u0259lc\u0259d\u0259n t\u0259rtib edilmi\u015f siyah\u0131s\u0131 \u0259sas\u0131nda q\u0259bul edil\u0259c\u0259kl\u0259r.<\/p>\n","protected":false},"author":2,"featured_media":728835,"comment_status":"closed","ping_status":"closed","sticky":false,"template":"","format":"standard","meta":{"om_disable_all_campaigns":false,"_monsterinsights_skip_tracking":false,"_monsterinsights_sitenote_active":false,"_monsterinsights_sitenote_note":"","_monsterinsights_sitenote_category":0},"categories":[1],"tags":[],"aioseo_notices":[],"gutentor_comment":0,"rttpg_featured_image_url":{"full":["https:\/\/arantv.az\/wp-content\/uploads\/2024\/06\/17180018682950317855_1200x630.jpg",923,630,false],"landscape":["https:\/\/arantv.az\/wp-content\/uploads\/2024\/06\/17180018682950317855_1200x630.jpg",923,630,false],"portraits":["https:\/\/arantv.az\/wp-content\/uploads\/2024\/06\/17180018682950317855_1200x630.jpg",923,630,false],"thumbnail":["https:\/\/arantv.az\/wp-content\/uploads\/2024\/06\/17180018682950317855_1200x630-500x280.jpg",500,280,true],"medium":["https:\/\/arantv.az\/wp-content\/uploads\/2024\/06\/17180018682950317855_1200x630-535x365.jpg",535,365,true],"large":["https:\/\/arantv.az\/wp-content\/uploads\/2024\/06\/17180018682950317855_1200x630-840x573.jpg",640,437,true],"1536x1536":["https:\/\/arantv.az\/wp-content\/uploads\/2024\/06\/17180018682950317855_1200x630.jpg",923,630,false],"2048x2048":["https:\/\/arantv.az\/wp-content\/uploads\/2024\/06\/17180018682950317855_1200x630.jpg",923,630,false],"post-thumbnail":["https:\/\/arantv.az\/wp-content\/uploads\/2024\/06\/17180018682950317855_1200x630-240x172.jpg",240,172,true],"advps-thumb-one":["https:\/\/arantv.az\/wp-content\/uploads\/2024\/06\/17180018682950317855_1200x630-923x620.jpg",923,620,true]},"rttpg_author":{"display_name":"V\u00fcsal Rafiqo\u011flu","author_link":"https:\/\/arantv.az\/?author=2"},"rttpg_comment":0,"rttpg_category":"<a href=\"https:\/\/arantv.az\/?cat=1\" rel=\"category\">C\u0259miyy\u0259t<\/a>","rttpg_excerpt":"\u018fm\u0259k v\u0259 \u0259halinin sosial m\u00fcdafi\u0259si naziri Sahil Babayev iyunun 21-d\u0259 X\u0131z\u0131 rayonunda X\u0131z\u0131 v\u0259 Siy\u0259z\u0259n rayonlar\u0131n\u0131n sakinl\u0259rini q\u0259bul ed\u0259c\u0259k. Q\u0259bul zaman\u0131 v\u0259t\u0259nda\u015flar\u0131n \u018fm\u0259k v\u0259 \u018fhalinin Sosial M\u00fcdafi\u0259si Nazirliyinin s\u0259lahiyy\u0259t dair\u0259sin\u0259 aid m\u00fcraci\u0259tl\u0259ri cavabland\u0131r\u0131lacaq, m\u00fcraci\u0259tl\u0259rd\u0259 \u0259ksini tapan m\u0259s\u0259l\u0259l\u0259rin h\u0259lli il\u0259 \u0259laq\u0259dar t\u0259dbirl\u0259r g\u00f6r\u00fcl\u0259c\u0259k. Nazirliyin \u0130ctimaiyy\u0259tl\u0259 \u0259laq\u0259l\u0259r \u015f\u00f6b\u0259sind\u0259n\u00a0AZ\u018fRTAC-a bildiribl\u0259r ki, v\u0259t\u0259nda\u015flar iyunun 10-dan 12-d\u0259k nazirliy\u0259 r\u0259smi \u015f\u0259kild\u0259&hellip;","_links":{"self":[{"href":"https:\/\/arantv.az\/index.php?rest_route=\/wp\/v2\/posts\/728834"}],"collection":[{"href":"https:\/\/arantv.az\/index.php?rest_route=\/wp\/v2\/posts"}],"about":[{"href":"https:\/\/arantv.az\/index.php?rest_route=\/wp\/v2\/types\/post"}],"author":[{"embeddable":true,"href":"https:\/\/arantv.az\/index.php?rest_route=\/wp\/v2\/users\/2"}],"replies":[{"embeddable":true,"href":"https:\/\/arantv.az\/index.php?rest_route=%2Fwp%2Fv2%2Fcomments&post=728834"}],"version-history":[{"count":0,"href":"https:\/\/arantv.az\/index.php?rest_route=\/wp\/v2\/posts\/728834\/revisions"}],"wp:featuredmedia":[{"embeddable":true,"href":"https:\/\/arantv.az\/index.php?rest_route=\/wp\/v2\/media\/728835"}],"wp:attachment":[{"href":"https:\/\/arantv.az\/index.php?rest_route=%2Fwp%2Fv2%2Fmedia&parent=728834"}],"wp:term":[{"taxonomy":"category","embeddable":true,"href":"https:\/\/arantv.az\/index.php?rest_route=%2Fwp%2Fv2%2Fcategories&post=728834"},{"taxonomy":"post_tag","embeddable":true,"href":"https:\/\/arantv.az\/index.php?rest_route=%2Fwp%2Fv2%2Ftags&post=728834"}],"curies":[{"name":"wp","href":"https:\/\/api.w.org\/{rel}","templated":true}]}}