{"id":729037,"date":"2024-06-10T16:02:30","date_gmt":"2024-06-10T12:02:30","guid":{"rendered":"https:\/\/arantv.az\/?p=729037"},"modified":"2024-06-10T16:02:30","modified_gmt":"2024-06-10T12:02:30","slug":"yagis-yagacaq-dolu-dus%c9%99c%c9%99k-caylardan-sel-kec%c9%99c%c9%99k-x%c9%99b%c9%99rdarliq-2","status":"publish","type":"post","link":"https:\/\/arantv.az\/?p=729037","title":{"rendered":"Ya\u011f\u0131\u015f ya\u011facaq, dolu d\u00fc\u015f\u0259c\u0259k, \u00e7aylardan sel ke\u00e7\u0259c\u0259k &#8211; X\u018fB\u018fRDARLIQ"},"content":{"rendered":"<p>Bak\u0131da v\u0259 Ab\u015feron yar\u0131madas\u0131nda iyunun 11 v\u0259 12-si \u0259sas\u0259n gec\u0259 v\u0259 s\u0259h\u0259r saatlar\u0131nda arabir ya\u011f\u0131\u015f ya\u011faca\u011f\u0131 g\u00f6zl\u0259nilir.<\/p>\n<p>Milli Hidrometeorologiya Xidm\u0259tind\u0259n\u00a0<strong>Oxu.Az<\/strong>-a veril\u0259n x\u0259b\u0259r\u0259 g\u00f6r\u0259, yar\u0131madan\u0131n b\u0259zi yerl\u0259rind\u0259 q\u0131sam\u00fcdd\u0259tli intensivl\u0259\u015f\u0259c\u0259yi, \u015fim\u015f\u0259k \u00e7axaca\u011f\u0131 ehtimal\u0131 var.<\/p>\n<p>Az\u0259rbaycan\u0131n rayonlar\u0131nda m\u00fc\u015fahid\u0259 olunan qeyri-sabit, ya\u011f\u0131nt\u0131l\u0131 hava \u015f\u0259raitinin iyunun 12-si ax\u015famad\u0259k davam ed\u0259c\u0259yi, b\u0259zi yerl\u0259rd\u0259 fasil\u0259l\u0259rl\u0259 ya\u011f\u0131\u015f ya\u011faca\u011f\u0131, \u015fim\u015f\u0259k \u00e7axaca\u011f\u0131 g\u00f6zl\u0259nilir. \u018fsas\u0259n da\u011fl\u0131q v\u0259 da\u011f\u0259t\u0259yi rayonlarda (G\u0259nc\u0259-Qazax, Da\u015fk\u0259s\u0259n-G\u0259d\u0259b\u0259y, Qaraba\u011f v\u0259 \u015e\u0259rqi Z\u0259ng\u0259zur, Balak\u0259n-\u015e\u0259ki, Quba-Qusar, Da\u011fl\u0131q \u015eirvan, L\u0259nk\u0259ran-Astara) ya\u011f\u0131nt\u0131lar\u0131n leysan xarakterli intensiv v\u0259 g\u00fccl\u00fc olaca\u011f\u0131, dolu d\u00fc\u015f\u0259c\u0259yi ehtimal\u0131 var.<\/p>\n<p>\u00c7aylarda sululu\u011fun artaca\u011f\u0131, G\u0259nc\u0259-Qazax, Da\u015fk\u0259s\u0259n-G\u0259d\u0259b\u0259y, Qaraba\u011f v\u0259 \u015e\u0259rqi Z\u0259ng\u0259zur, Balak\u0259n-\u015e\u0259ki, Quba-Qusar, Da\u011fl\u0131q \u015eirvan v\u0259 L\u0259nk\u0259ran-Astara b\u00f6lg\u0259l\u0259rinin \u0259razisind\u0259n axan b\u0259zi \u00e7aylardan q\u0131sam\u00fcdd\u0259tli da\u015fq\u0131n v\u0259 sel ke\u00e7\u0259c\u0259yi g\u00f6zl\u0259nilir.<\/p>\n","protected":false},"excerpt":{"rendered":"<p>Bak\u0131da v\u0259 Ab\u015feron yar\u0131madas\u0131nda iyunun 11 v\u0259 12-si \u0259sas\u0259n gec\u0259 v\u0259 s\u0259h\u0259r saatlar\u0131nda arabir ya\u011f\u0131\u015f ya\u011faca\u011f\u0131 g\u00f6zl\u0259nilir. Milli Hidrometeorologiya Xidm\u0259tind\u0259n\u00a0Oxu.Az-a veril\u0259n x\u0259b\u0259r\u0259 g\u00f6r\u0259, yar\u0131madan\u0131n b\u0259zi yerl\u0259rind\u0259 q\u0131sam\u00fcdd\u0259tli intensivl\u0259\u015f\u0259c\u0259yi, \u015fim\u015f\u0259k \u00e7axaca\u011f\u0131 ehtimal\u0131 var. Az\u0259rbaycan\u0131n rayonlar\u0131nda m\u00fc\u015fahid\u0259 olunan qeyri-sabit, ya\u011f\u0131nt\u0131l\u0131 hava \u015f\u0259raitinin iyunun 12-si ax\u015famad\u0259k davam ed\u0259c\u0259yi, b\u0259zi yerl\u0259rd\u0259 fasil\u0259l\u0259rl\u0259 ya\u011f\u0131\u015f ya\u011faca\u011f\u0131, \u015fim\u015f\u0259k \u00e7axaca\u011f\u0131 g\u00f6zl\u0259nilir. \u018fsas\u0259n da\u011fl\u0131q v\u0259 da\u011f\u0259t\u0259yi rayonlarda (G\u0259nc\u0259-Qazax, Da\u015fk\u0259s\u0259n-G\u0259d\u0259b\u0259y, Qaraba\u011f v\u0259 \u015e\u0259rqi Z\u0259ng\u0259zur, Balak\u0259n-\u015e\u0259ki, Quba-Qusar, Da\u011fl\u0131q \u015eirvan, L\u0259nk\u0259ran-Astara) ya\u011f\u0131nt\u0131lar\u0131n leysan xarakterli intensiv v\u0259 g\u00fccl\u00fc olaca\u011f\u0131, dolu d\u00fc\u015f\u0259c\u0259yi ehtimal\u0131 var. \u00c7aylarda sululu\u011fun artaca\u011f\u0131, G\u0259nc\u0259-Qazax, Da\u015fk\u0259s\u0259n-G\u0259d\u0259b\u0259y, Qaraba\u011f v\u0259 \u015e\u0259rqi Z\u0259ng\u0259zur, Balak\u0259n-\u015e\u0259ki,&hellip;<\/p>\n","protected":false},"author":2,"featured_media":729038,"comment_status":"closed","ping_status":"closed","sticky":false,"template":"","format":"standard","meta":{"om_disable_all_campaigns":false,"_monsterinsights_skip_tracking":false,"_monsterinsights_sitenote_active":false,"_monsterinsights_sitenote_note":"","_monsterinsights_sitenote_category":0},"categories":[1],"tags":[],"aioseo_notices":[],"gutentor_comment":0,"rttpg_featured_image_url":{"full":["https:\/\/arantv.az\/wp-content\/uploads\/2024\/06\/hava.jpg",637,400,false],"landscape":["https:\/\/arantv.az\/wp-content\/uploads\/2024\/06\/hava.jpg",637,400,false],"portraits":["https:\/\/arantv.az\/wp-content\/uploads\/2024\/06\/hava.jpg",637,400,false],"thumbnail":["https:\/\/arantv.az\/wp-content\/uploads\/2024\/06\/hava-500x280.jpg",500,280,true],"medium":["https:\/\/arantv.az\/wp-content\/uploads\/2024\/06\/hava-581x365.jpg",581,365,true],"large":["https:\/\/arantv.az\/wp-content\/uploads\/2024\/06\/hava.jpg",637,400,false],"1536x1536":["https:\/\/arantv.az\/wp-content\/uploads\/2024\/06\/hava.jpg",637,400,false],"2048x2048":["https:\/\/arantv.az\/wp-content\/uploads\/2024\/06\/hava.jpg",637,400,false],"post-thumbnail":["https:\/\/arantv.az\/wp-content\/uploads\/2024\/06\/hava-240x172.jpg",240,172,true],"advps-thumb-one":["https:\/\/arantv.az\/wp-content\/uploads\/2024\/06\/hava.jpg",637,400,false]},"rttpg_author":{"display_name":"V\u00fcsal Rafiqo\u011flu","author_link":"https:\/\/arantv.az\/?author=2"},"rttpg_comment":0,"rttpg_category":"<a href=\"https:\/\/arantv.az\/?cat=1\" rel=\"category\">C\u0259miyy\u0259t<\/a>","rttpg_excerpt":"Bak\u0131da v\u0259 Ab\u015feron yar\u0131madas\u0131nda iyunun 11 v\u0259 12-si \u0259sas\u0259n gec\u0259 v\u0259 s\u0259h\u0259r saatlar\u0131nda arabir ya\u011f\u0131\u015f ya\u011faca\u011f\u0131 g\u00f6zl\u0259nilir. Milli Hidrometeorologiya Xidm\u0259tind\u0259n\u00a0Oxu.Az-a veril\u0259n x\u0259b\u0259r\u0259 g\u00f6r\u0259, yar\u0131madan\u0131n b\u0259zi yerl\u0259rind\u0259 q\u0131sam\u00fcdd\u0259tli intensivl\u0259\u015f\u0259c\u0259yi, \u015fim\u015f\u0259k \u00e7axaca\u011f\u0131 ehtimal\u0131 var. Az\u0259rbaycan\u0131n rayonlar\u0131nda m\u00fc\u015fahid\u0259 olunan qeyri-sabit, ya\u011f\u0131nt\u0131l\u0131 hava \u015f\u0259raitinin iyunun 12-si ax\u015famad\u0259k davam ed\u0259c\u0259yi, b\u0259zi yerl\u0259rd\u0259 fasil\u0259l\u0259rl\u0259 ya\u011f\u0131\u015f ya\u011faca\u011f\u0131, \u015fim\u015f\u0259k \u00e7axaca\u011f\u0131 g\u00f6zl\u0259nilir. \u018fsas\u0259n da\u011fl\u0131q&hellip;","_links":{"self":[{"href":"https:\/\/arantv.az\/index.php?rest_route=\/wp\/v2\/posts\/729037"}],"collection":[{"href":"https:\/\/arantv.az\/index.php?rest_route=\/wp\/v2\/posts"}],"about":[{"href":"https:\/\/arantv.az\/index.php?rest_route=\/wp\/v2\/types\/post"}],"author":[{"embeddable":true,"href":"https:\/\/arantv.az\/index.php?rest_route=\/wp\/v2\/users\/2"}],"replies":[{"embeddable":true,"href":"https:\/\/arantv.az\/index.php?rest_route=%2Fwp%2Fv2%2Fcomments&post=729037"}],"version-history":[{"count":0,"href":"https:\/\/arantv.az\/index.php?rest_route=\/wp\/v2\/posts\/729037\/revisions"}],"wp:featuredmedia":[{"embeddable":true,"href":"https:\/\/arantv.az\/index.php?rest_route=\/wp\/v2\/media\/729038"}],"wp:attachment":[{"href":"https:\/\/arantv.az\/index.php?rest_route=%2Fwp%2Fv2%2Fmedia&parent=729037"}],"wp:term":[{"taxonomy":"category","embeddable":true,"href":"https:\/\/arantv.az\/index.php?rest_route=%2Fwp%2Fv2%2Fcategories&post=729037"},{"taxonomy":"post_tag","embeddable":true,"href":"https:\/\/arantv.az\/index.php?rest_route=%2Fwp%2Fv2%2Ftags&post=729037"}],"curies":[{"name":"wp","href":"https:\/\/api.w.org\/{rel}","templated":true}]}}