{"id":729049,"date":"2024-06-10T20:58:00","date_gmt":"2024-06-10T16:58:00","guid":{"rendered":"https:\/\/arantv.az\/?p=729049"},"modified":"2024-06-10T20:58:00","modified_gmt":"2024-06-10T16:58:00","slug":"ankarada-ilham-%c9%99liyevin-r%c9%99c%c9%99b-tayyib-%c9%99rdogan-il%c9%99-t%c9%99kb%c9%99t%c9%99k-gorusu-olub","status":"publish","type":"post","link":"https:\/\/arantv.az\/?p=729049","title":{"rendered":"Ankarada \u0130lham \u018fliyevin R\u0259c\u0259b Tayyib \u018frdo\u011fan il\u0259 t\u0259kb\u0259t\u0259k g\u00f6r\u00fc\u015f\u00fc olub"},"content":{"rendered":"<div class=\"post-detail-content-inner resize-area\">\n<p>\u0130yunun 10-da Ankarada Az\u0259rbaycan Respublikas\u0131n\u0131n Prezidenti<strong>\u00a0\u0130lham \u018fliyevin<\/strong>\u00a0T\u00fcrkiy\u0259 Respublikas\u0131n\u0131n Prezidenti R\u0259c\u0259b Tayyib \u018frdo\u011fan il\u0259 t\u0259kb\u0259t\u0259k g\u00f6r\u00fc\u015f\u00fc olub.<\/p>\n<p><a href=\"https:\/\/azertag.az\/xeber\/ankarada_prezident_ilham_eliyevin_prezident_receb_tayyib_erdogan_ile_tekbetek_gorusu_olub__yenilenib_2_video-3048302\" target=\"_blank\" rel=\"nofollow noopener\">AZ\u018fRTAC<\/a>\u00a0x\u0259b\u0259r verir ki, d\u00f6vl\u0259t ba\u015f\u00e7\u0131lar\u0131 Az\u0259rbaycan il\u0259 T\u00fcrkiy\u0259 aras\u0131nda qarda\u015fl\u0131q, dostluq v\u0259 m\u00fctt\u0259fiqlik m\u00fcnasib\u0259tl\u0259rinin b\u00fct\u00fcn sah\u0259l\u0259rd\u0259 u\u011furla inki\u015faf etdiyini m\u0259mnunluqla vur\u011fulad\u0131lar.<\/p>\n<p>G\u00f6r\u00fc\u015fd\u0259 \u00f6lk\u0259l\u0259rimiz aras\u0131nda enerji, n\u0259qliyyat, iqtisadiyyat, ticar\u0259t \u0259laq\u0259l\u0259rinin geni\u015fl\u0259ndirilm\u0259si, m\u00fcdafi\u0259, h\u0259rbi s\u0259naye v\u0259 dig\u0259r sah\u0259l\u0259rd\u0259 \u0259m\u0259kda\u015fl\u0131q m\u0259s\u0259l\u0259l\u0259ri m\u00fczakir\u0259 olundu. Bak\u0131-Tbilisi-Qars d\u0259mir yolunun imkanlar\u0131n\u0131n geni\u015fl\u0259ndirilm\u0259si x\u00fcsusil\u0259 qeyd edildi, Orta D\u0259hlizin inki\u015faf\u0131 il\u0259 \u0259laq\u0259dar iki \u00f6lk\u0259nin birg\u0259 h\u0259yata ke\u00e7irdiyi f\u0259aliyy\u0259tin \u00f6n\u0259mi vur\u011fuland\u0131.<\/p>\n<p>H\u0259m\u00e7inin T\u00fcrk D\u00f6vl\u0259tl\u0259ri T\u0259\u015fkilat\u0131n\u0131n v\u0259 qarda\u015f \u00f6lk\u0259l\u0259rimiz aras\u0131nda \u0259m\u0259kda\u015fl\u0131\u011f\u0131n daha da inki\u015faf etdirilm\u0259si v\u0259 \u015eu\u015fada ke\u00e7iril\u0259c\u0259k qeyri-r\u0259smi Zirv\u0259 g\u00f6r\u00fc\u015f\u00fcn\u00fcn \u0259h\u0259miyy\u0259ti bir daha qeyd olundu.<\/p>\n<p>Prezident R\u0259c\u0259b Tayyib \u018frdo\u011fan \u015eu\u015fadak\u0131 qeyri-r\u0259smi Zirv\u0259 g\u00f6r\u00fc\u015f\u00fcnd\u0259 i\u015ftirak ed\u0259c\u0259yini bildirdi v\u0259 COP29-un Az\u0259rbaycanda ke\u00e7irilm\u0259si m\u00fcnasib\u0259til\u0259 t\u0259brikl\u0259rini \u00e7atd\u0131rd\u0131.<\/p>\n<p>D\u00f6vl\u0259timizin ba\u015f\u00e7\u0131s\u0131 T\u00fcrkiy\u0259 Prezidentini COP29-a bir daha d\u0259v\u0259t etdi.<\/p>\n<p>Prezident R\u0259c\u0259b Tayyib \u018frdo\u011fan d\u0259v\u0259ti m\u0259mnunluqla q\u0259bul etdi.<\/p>\n<p>G\u00f6r\u00fc\u015fd\u0259 regional v\u0259 beyn\u0259lxalq m\u0259s\u0259l\u0259l\u0259r \u0259traf\u0131nda fikir m\u00fcbadil\u0259si apar\u0131ld\u0131.<\/p>\n<p><strong><time data-renew=\"1718026620\">17:37<\/time><\/strong><\/p>\n<p>\u0130yunun 10-da Ankarada Az\u0259rbaycan Respublikas\u0131n\u0131n Prezidenti\u00a0<strong>\u0130lham \u018fliyevin<\/strong>\u00a0T\u00fcrkiy\u0259 Respublikas\u0131n\u0131n Prezidenti R\u0259c\u0259b Tayyib \u018frdo\u011fan il\u0259 t\u0259kb\u0259t\u0259k g\u00f6r\u00fc\u015f\u00fc olub.<\/p>\n<p>Bununla ba\u011fl\u0131\u00a0<a href=\"https:\/\/azertag.az\/xeber\/ankarada_prezident_ilham_eliyevin_prezident_receb_tayyib_erdogan_ile_tekbetek_gorusu_olub__yenilenib-3048302\" target=\"_blank\" rel=\"nofollow noopener\">AZ\u018fRTAC<\/a>\u00a0m\u0259lumat yay\u0131b.<\/p>\n<p><strong><time data-renew=\"1718021100\">16:05<\/time><\/strong><\/p>\n<p>Ankarada Az\u0259rbaycan Respublikas\u0131n\u0131n Prezidenti\u00a0<strong>\u0130lham \u018fliyevin<\/strong>\u00a0T\u00fcrkiy\u0259 Respublikas\u0131n\u0131n Prezidenti R\u0259c\u0259b Tayyib \u018frdo\u011fan il\u0259 t\u0259kb\u0259t\u0259k g\u00f6r\u00fc\u015f\u00fc ba\u015flay\u0131b.<\/p>\n<p>Bununla ba\u011fl\u0131\u00a0<a href=\"https:\/\/azertag.az\/xeber\/ankarada_prezident_ilham_eliyevin_prezident_receb_tayyib_erdogan_ile_tekbetek_gorusu_baslayib__yenilenecek-3048302\" target=\"_blank\" rel=\"nofollow noopener\">AZ\u018fRTAC<\/a>\u00a0m\u0259lumat yay\u0131b.<\/p>\n<p>&nbsp;<\/p>\n<div class=\"gallery-area\">\n<div class=\"gallery-slide swiper swiper-initialized swiper-horizontal swiper-pointer-events swiper-backface-hidden\">\n<div id=\"swiper-wrapper-ea4d3ae7b506472c\" class=\"swiper-wrapper\" aria-live=\"polite\">\n<div class=\"swiper-slide swiper-slide-active\" role=\"group\" aria-label=\"1 \/ 3\"><a href=\"https:\/\/images.oxu.az\/2024\/06\/10\/DLE6oix1BncBErP8hlP4igj8yjoCcqNY86tv5rtE:1200.jpg\" data-fancybox=\"gallery\"><img loading=\"lazy\" src=\"https:\/\/images.oxu.az\/2024\/06\/10\/DLE6oix1BncBErP8hlP4igj8yjoCcqNY86tv5rtE:640.jpg\" alt=\"\" width=\"640\" height=\"405\" \/><\/a><\/div>\n<div class=\"swiper-slide swiper-slide-next\" role=\"group\" aria-label=\"2 \/ 3\"><a href=\"https:\/\/images.oxu.az\/2024\/06\/10\/k0OTl25KmOBEosgDQEoL9mWrIL7zOuu1TAqzG34g:1200.jpg\" data-fancybox=\"gallery\"><img loading=\"lazy\" src=\"https:\/\/images.oxu.az\/2024\/06\/10\/k0OTl25KmOBEosgDQEoL9mWrIL7zOuu1TAqzG34g:640.jpg\" alt=\"\" width=\"640\" height=\"405\" \/><\/a><\/div>\n<div class=\"swiper-slide\" role=\"group\" aria-label=\"3 \/ 3\"><a href=\"https:\/\/images.oxu.az\/2024\/06\/10\/7ZHvHaFXXOwrvdyoHXUALZXrO51316qoHoDILOk0:1200.jpg\" data-fancybox=\"gallery\"><img loading=\"lazy\" src=\"https:\/\/images.oxu.az\/2024\/06\/10\/7ZHvHaFXXOwrvdyoHXUALZXrO51316qoHoDILOk0:640.jpg\" alt=\"\" width=\"640\" height=\"405\" \/><\/a><\/div>\n<\/div>\n<\/div>\n<div class=\"gallery-thumbs-slide\">\n<div class=\"swiper swiper-initialized swiper-horizontal swiper-pointer-events swiper-free-mode swiper-watch-progress swiper-backface-hidden swiper-thumbs\">\n<div id=\"swiper-wrapper-acc1b3f7fa910510a9\" class=\"swiper-wrapper\" aria-live=\"polite\">\n<div class=\"swiper-slide swiper-slide-visible swiper-slide-active swiper-slide-thumb-active\" role=\"group\" aria-label=\"1 \/ 3\"><img loading=\"lazy\" src=\"https:\/\/images.oxu.az\/2024\/06\/10\/DLE6oix1BncBErP8hlP4igj8yjoCcqNY86tv5rtE:450.jpg\" alt=\"\" width=\"92\" height=\"72\" \/><\/div>\n<div class=\"swiper-slide swiper-slide-visible swiper-slide-next\" role=\"group\" aria-label=\"2 \/ 3\"><img loading=\"lazy\" src=\"https:\/\/images.oxu.az\/2024\/06\/10\/k0OTl25KmOBEosgDQEoL9mWrIL7zOuu1TAqzG34g:450.jpg\" alt=\"\" width=\"92\" height=\"72\" \/><\/div>\n<div class=\"swiper-slide swiper-slide-visible\" role=\"group\" aria-label=\"3 \/ 3\"><img loading=\"lazy\" src=\"https:\/\/images.oxu.az\/2024\/06\/10\/7ZHvHaFXXOwrvdyoHXUALZXrO51316qoHoDILOk0:450.jpg\" alt=\"\" width=\"92\" height=\"72\" \/><\/div>\n<\/div>\n<\/div>\n<\/div>\n<\/div>\n<p>&nbsp;<\/p>\n<\/div>\n<div class=\"tag-area tag-area-slide tag-area--slider\">\n<div class=\"swiper swiper-initialized swiper-horizontal swiper-pointer-events swiper-free-mode swiper-watch-progress swiper-backface-hidden\">\n<div id=\"swiper-wrapper-fb61103c362b65268\" class=\"swiper-wrapper\" aria-live=\"polite\">\n<div class=\"swiper-slide swiper-slide-visible swiper-slide-active\" role=\"group\" aria-label=\"1 \/ 4\">\n<div class=\"tag-item\"><\/div>\n<\/div>\n<\/div>\n<\/div>\n<\/div>\n","protected":false},"excerpt":{"rendered":"<p>\u0130yunun 10-da Ankarada Az\u0259rbaycan Respublikas\u0131n\u0131n Prezidenti\u00a0\u0130lham \u018fliyevin\u00a0T\u00fcrkiy\u0259 Respublikas\u0131n\u0131n Prezidenti R\u0259c\u0259b Tayyib \u018frdo\u011fan il\u0259 t\u0259kb\u0259t\u0259k g\u00f6r\u00fc\u015f\u00fc olub. AZ\u018fRTAC\u00a0x\u0259b\u0259r verir ki, d\u00f6vl\u0259t ba\u015f\u00e7\u0131lar\u0131 Az\u0259rbaycan il\u0259 T\u00fcrkiy\u0259 aras\u0131nda qarda\u015fl\u0131q, dostluq v\u0259 m\u00fctt\u0259fiqlik m\u00fcnasib\u0259tl\u0259rinin b\u00fct\u00fcn sah\u0259l\u0259rd\u0259 u\u011furla inki\u015faf etdiyini m\u0259mnunluqla vur\u011fulad\u0131lar. G\u00f6r\u00fc\u015fd\u0259 \u00f6lk\u0259l\u0259rimiz aras\u0131nda enerji, n\u0259qliyyat, iqtisadiyyat, ticar\u0259t \u0259laq\u0259l\u0259rinin geni\u015fl\u0259ndirilm\u0259si, m\u00fcdafi\u0259, h\u0259rbi s\u0259naye v\u0259 dig\u0259r sah\u0259l\u0259rd\u0259 \u0259m\u0259kda\u015fl\u0131q m\u0259s\u0259l\u0259l\u0259ri m\u00fczakir\u0259 olundu. Bak\u0131-Tbilisi-Qars d\u0259mir yolunun imkanlar\u0131n\u0131n geni\u015fl\u0259ndirilm\u0259si x\u00fcsusil\u0259 qeyd edildi, Orta D\u0259hlizin inki\u015faf\u0131 il\u0259 \u0259laq\u0259dar iki \u00f6lk\u0259nin birg\u0259 h\u0259yata ke\u00e7irdiyi f\u0259aliyy\u0259tin \u00f6n\u0259mi vur\u011fuland\u0131. H\u0259m\u00e7inin T\u00fcrk D\u00f6vl\u0259tl\u0259ri T\u0259\u015fkilat\u0131n\u0131n v\u0259 qarda\u015f \u00f6lk\u0259l\u0259rimiz aras\u0131nda \u0259m\u0259kda\u015fl\u0131\u011f\u0131n daha da inki\u015faf etdirilm\u0259si&hellip;<\/p>\n","protected":false},"author":2,"featured_media":729050,"comment_status":"closed","ping_status":"closed","sticky":false,"template":"","format":"standard","meta":{"om_disable_all_campaigns":false,"_monsterinsights_skip_tracking":false,"_monsterinsights_sitenote_active":false,"_monsterinsights_sitenote_note":"","_monsterinsights_sitenote_category":0},"categories":[4],"tags":[],"aioseo_notices":[],"gutentor_comment":0,"rttpg_featured_image_url":{"full":["https:\/\/arantv.az\/wp-content\/uploads\/2024\/06\/12ced2db171802775632846863911098928.jpg",975,540,false],"landscape":["https:\/\/arantv.az\/wp-content\/uploads\/2024\/06\/12ced2db171802775632846863911098928.jpg",975,540,false],"portraits":["https:\/\/arantv.az\/wp-content\/uploads\/2024\/06\/12ced2db171802775632846863911098928.jpg",975,540,false],"thumbnail":["https:\/\/arantv.az\/wp-content\/uploads\/2024\/06\/12ced2db171802775632846863911098928-500x280.jpg",500,280,true],"medium":["https:\/\/arantv.az\/wp-content\/uploads\/2024\/06\/12ced2db171802775632846863911098928-660x365.jpg",660,365,true],"large":["https:\/\/arantv.az\/wp-content\/uploads\/2024\/06\/12ced2db171802775632846863911098928-840x465.jpg",640,354,true],"1536x1536":["https:\/\/arantv.az\/wp-content\/uploads\/2024\/06\/12ced2db171802775632846863911098928.jpg",975,540,false],"2048x2048":["https:\/\/arantv.az\/wp-content\/uploads\/2024\/06\/12ced2db171802775632846863911098928.jpg",975,540,false],"post-thumbnail":["https:\/\/arantv.az\/wp-content\/uploads\/2024\/06\/12ced2db171802775632846863911098928-240x172.jpg",240,172,true],"advps-thumb-one":["https:\/\/arantv.az\/wp-content\/uploads\/2024\/06\/12ced2db171802775632846863911098928.jpg",975,540,false]},"rttpg_author":{"display_name":"V\u00fcsal Rafiqo\u011flu","author_link":"https:\/\/arantv.az\/?author=2"},"rttpg_comment":0,"rttpg_category":"<a href=\"https:\/\/arantv.az\/?cat=4\" rel=\"category\">Siyas\u0259t<\/a>","rttpg_excerpt":"\u0130yunun 10-da Ankarada Az\u0259rbaycan Respublikas\u0131n\u0131n Prezidenti\u00a0\u0130lham \u018fliyevin\u00a0T\u00fcrkiy\u0259 Respublikas\u0131n\u0131n Prezidenti R\u0259c\u0259b Tayyib \u018frdo\u011fan il\u0259 t\u0259kb\u0259t\u0259k g\u00f6r\u00fc\u015f\u00fc olub. AZ\u018fRTAC\u00a0x\u0259b\u0259r verir ki, d\u00f6vl\u0259t ba\u015f\u00e7\u0131lar\u0131 Az\u0259rbaycan il\u0259 T\u00fcrkiy\u0259 aras\u0131nda qarda\u015fl\u0131q, dostluq v\u0259 m\u00fctt\u0259fiqlik m\u00fcnasib\u0259tl\u0259rinin b\u00fct\u00fcn sah\u0259l\u0259rd\u0259 u\u011furla inki\u015faf etdiyini m\u0259mnunluqla vur\u011fulad\u0131lar. G\u00f6r\u00fc\u015fd\u0259 \u00f6lk\u0259l\u0259rimiz aras\u0131nda enerji, n\u0259qliyyat, iqtisadiyyat, ticar\u0259t \u0259laq\u0259l\u0259rinin geni\u015fl\u0259ndirilm\u0259si, m\u00fcdafi\u0259, h\u0259rbi s\u0259naye v\u0259 dig\u0259r sah\u0259l\u0259rd\u0259 \u0259m\u0259kda\u015fl\u0131q m\u0259s\u0259l\u0259l\u0259ri m\u00fczakir\u0259&hellip;","_links":{"self":[{"href":"https:\/\/arantv.az\/index.php?rest_route=\/wp\/v2\/posts\/729049"}],"collection":[{"href":"https:\/\/arantv.az\/index.php?rest_route=\/wp\/v2\/posts"}],"about":[{"href":"https:\/\/arantv.az\/index.php?rest_route=\/wp\/v2\/types\/post"}],"author":[{"embeddable":true,"href":"https:\/\/arantv.az\/index.php?rest_route=\/wp\/v2\/users\/2"}],"replies":[{"embeddable":true,"href":"https:\/\/arantv.az\/index.php?rest_route=%2Fwp%2Fv2%2Fcomments&post=729049"}],"version-history":[{"count":0,"href":"https:\/\/arantv.az\/index.php?rest_route=\/wp\/v2\/posts\/729049\/revisions"}],"wp:featuredmedia":[{"embeddable":true,"href":"https:\/\/arantv.az\/index.php?rest_route=\/wp\/v2\/media\/729050"}],"wp:attachment":[{"href":"https:\/\/arantv.az\/index.php?rest_route=%2Fwp%2Fv2%2Fmedia&parent=729049"}],"wp:term":[{"taxonomy":"category","embeddable":true,"href":"https:\/\/arantv.az\/index.php?rest_route=%2Fwp%2Fv2%2Fcategories&post=729049"},{"taxonomy":"post_tag","embeddable":true,"href":"https:\/\/arantv.az\/index.php?rest_route=%2Fwp%2Fv2%2Ftags&post=729049"}],"curies":[{"name":"wp","href":"https:\/\/api.w.org\/{rel}","templated":true}]}}