{"id":729056,"date":"2024-06-10T21:02:08","date_gmt":"2024-06-10T17:02:08","guid":{"rendered":"https:\/\/arantv.az\/?p=729056"},"modified":"2024-06-10T21:02:08","modified_gmt":"2024-06-10T17:02:08","slug":"prezident-ilham-%c9%99liyev%c9%99-t%c9%99brikl%c9%99r-g%c9%99lm%c9%99kd%c9%99-davam-edir-5","status":"publish","type":"post","link":"https:\/\/arantv.az\/?p=729056","title":{"rendered":"Prezident \u0130lham \u018fliyev\u0259 t\u0259brikl\u0259r g\u0259lm\u0259kd\u0259 davam edir"},"content":{"rendered":"<p>Laos Xalq Demokratik Respublikas\u0131n\u0131n Prezidenti Thonqlun Sisulit Az\u0259rbaycan Respublikas\u0131n\u0131n Prezidenti\u00a0<strong>\u0130lham \u018fliyev\u0259<\/strong>\u00a0t\u0259brik m\u0259ktubu \u00fcnvanlay\u0131b.<\/p>\n<p><a href=\"https:\/\/president.az\/az\/articles\/view\/66241\" target=\"_blank\" rel=\"nofollow noopener\">President.az\u00a0<\/a>x\u0259b\u0259r verir ki, t\u0259brikd\u0259 deyilir:<\/p>\n<p>&#8220;Zati-alil\u0259ri.<\/p>\n<p>Az\u0259rbaycan Respublikas\u0131n\u0131n milli bayram\u0131 &#8211; M\u00fcst\u0259qillik G\u00fcn\u00fcn\u00fcn 106-c\u0131 ild\u00f6n\u00fcm\u00fc m\u00fcnasib\u0259til\u0259 Laos xalq\u0131 ad\u0131ndan v\u0259 \u015f\u0259xs\u0259n \u00f6z ad\u0131mdan Zati-aliniz\u0259 v\u0259 xalq\u0131n\u0131za \u0259n s\u0259mimi t\u0259brikl\u0259rimi, xo\u015f arzular\u0131m\u0131 \u00e7atd\u0131r\u0131ram.<\/p>\n<p>\u0130nan\u0131ram ki, Laos Xalq Demokratik Respublikas\u0131 il\u0259 Az\u0259rbaycan Respublikas\u0131 aras\u0131nda dostluq m\u00fcnasib\u0259tl\u0259ri v\u0259 \u0259m\u0259kda\u015fl\u0131q g\u0259l\u0259c\u0259k ill\u0259rd\u0259 xalqlar\u0131m\u0131z\u0131n rifah\u0131 namin\u0259 daha da m\u00f6hk\u0259ml\u0259n\u0259r\u0259k geni\u015fl\u0259n\u0259c\u0259kdir.<\/p>\n<p>Bu xo\u015f f\u00fcrs\u0259td\u0259n istifad\u0259 ed\u0259r\u0259k Zati-aliniz\u0259 m\u00f6hk\u0259m cansa\u011fl\u0131\u011f\u0131, xo\u015fb\u0259xtlik, ali missiyan\u0131zda u\u011furlar, Az\u0259rbaycan xalq\u0131na is\u0259 davaml\u0131 \u0259min-amanl\u0131q v\u0259 firavanl\u0131q arzulay\u0131ram.<\/p>\n<p>Zati-alil\u0259ri, \u0259n y\u00fcks\u0259k ehtiram\u0131m\u0131 q\u0259bul etm\u0259yinizi xahi\u015f edir\u0259m&#8221;.<\/p>\n<p><strong><time data-renew=\"1718027940\">17:59<\/time><\/strong><\/p>\n<p>Pakistan \u0130slam Respublikas\u0131n\u0131n Prezidenti Asif \u018fli Z\u0259rdari Az\u0259rbaycan Respublikas\u0131n\u0131n Prezidenti\u00a0<strong>\u0130lham \u018fliyev\u0259<\/strong>\u00a0t\u0259brik m\u0259ktubu g\u00f6nd\u0259rib.<\/p>\n<p><a href=\"https:\/\/president.az\/az\/articles\/view\/66239\" target=\"_blank\" rel=\"nofollow noopener\">President.az<\/a>\u00a0x\u0259b\u0259r verir ki, t\u0259brik m\u0259ktubunda deyilir:<\/p>\n<p>&#8220;Milli bayram\u0131n\u0131z &#8211; M\u00fcst\u0259qillik G\u00fcn\u00fc m\u00fcnasib\u0259til\u0259 Siz\u0259 v\u0259 qarda\u015f Az\u0259rbaycan xalq\u0131na s\u0259mimi t\u0259brikl\u0259rimi \u00e7atd\u0131rmaqdan b\u00f6y\u00fck m\u0259mnunluq duyuram.<\/p>\n<p>Son 30 ild\u0259 \u00f6lk\u0259l\u0259rimiz aras\u0131nda qarda\u015fl\u0131q m\u00fcnasib\u0259tl\u0259ri x\u00fcsusil\u0259 iqtisadiyyat v\u0259 ticar\u0259t, m\u0259d\u0259niyy\u0259t, t\u0259hsil, el\u0259c\u0259 d\u0259 m\u00fcdafi\u0259 sah\u0259l\u0259rind\u0259 d\u0259rinl\u0259\u015f\u0259n \u00e7oxsah\u0259li \u0259m\u0259kda\u015fl\u0131\u011f\u0131m\u0131z \u0259sas\u0131nda m\u00f6hk\u0259ml\u0259nmi\u015fdir.<\/p>\n<p>Bu m\u00fcsb\u0259t tendensiyan\u0131 davam etdirm\u0259k v\u0259 ikit\u0259r\u0259fli \u0259laq\u0259l\u0259ri yeni zirv\u0259l\u0259r\u0259 y\u00fcks\u0259ltm\u0259k niyy\u0259tind\u0259yik.<\/p>\n<p>Zati-alinizin C\u0259nubi Qafqazda s\u00fclh\u00fcn v\u0259 sabitliyin t\u0259min olunmas\u0131 istiqam\u0259tind\u0259 \u015f\u0259xsi s\u0259yl\u0259rini v\u0259 q\u0259tiyy\u0259tini y\u00fcks\u0259k qiym\u0259tl\u0259ndirir\u0259m. Pakistan s\u0131naqlar zaman\u0131 q\u00fcrurla Az\u0259rbaycan\u0131n yan\u0131nda olub v\u0259 \u00f6lk\u0259nin suverenliyin\u0259, \u0259razi b\u00fct\u00f6vl\u00fcy\u00fcn\u0259 g\u00fccl\u00fc d\u0259st\u0259k verm\u0259kd\u0259 davam ed\u0259c\u0259kdir.<\/p>\n<p>C\u0259nab Prezident, Siz\u0259 cansa\u011fl\u0131\u011f\u0131 v\u0259 xo\u015fb\u0259xtlik, qarda\u015f Az\u0259rbaycan xalq\u0131na is\u0259 davaml\u0131 inki\u015faf v\u0259 firavanl\u0131q dil\u0259yir\u0259m.<\/p>\n<p>Zati-alil\u0259ri, \u0259n y\u00fcks\u0259k ehtiram\u0131m\u0131 q\u0259bul etm\u0259yiniz xahi\u015f edir\u0259m&#8221;.<\/p>\n","protected":false},"excerpt":{"rendered":"<p>Laos Xalq Demokratik Respublikas\u0131n\u0131n Prezidenti Thonqlun Sisulit Az\u0259rbaycan Respublikas\u0131n\u0131n Prezidenti\u00a0\u0130lham \u018fliyev\u0259\u00a0t\u0259brik m\u0259ktubu \u00fcnvanlay\u0131b. President.az\u00a0x\u0259b\u0259r verir ki, t\u0259brikd\u0259 deyilir: &#8220;Zati-alil\u0259ri. Az\u0259rbaycan Respublikas\u0131n\u0131n milli bayram\u0131 &#8211; M\u00fcst\u0259qillik G\u00fcn\u00fcn\u00fcn 106-c\u0131 ild\u00f6n\u00fcm\u00fc m\u00fcnasib\u0259til\u0259 Laos xalq\u0131 ad\u0131ndan v\u0259 \u015f\u0259xs\u0259n \u00f6z ad\u0131mdan Zati-aliniz\u0259 v\u0259 xalq\u0131n\u0131za \u0259n s\u0259mimi t\u0259brikl\u0259rimi, xo\u015f arzular\u0131m\u0131 \u00e7atd\u0131r\u0131ram. \u0130nan\u0131ram ki, Laos Xalq Demokratik Respublikas\u0131 il\u0259 Az\u0259rbaycan Respublikas\u0131 aras\u0131nda dostluq m\u00fcnasib\u0259tl\u0259ri v\u0259 \u0259m\u0259kda\u015fl\u0131q g\u0259l\u0259c\u0259k ill\u0259rd\u0259 xalqlar\u0131m\u0131z\u0131n rifah\u0131 namin\u0259 daha da m\u00f6hk\u0259ml\u0259n\u0259r\u0259k geni\u015fl\u0259n\u0259c\u0259kdir. Bu xo\u015f f\u00fcrs\u0259td\u0259n istifad\u0259 ed\u0259r\u0259k Zati-aliniz\u0259 m\u00f6hk\u0259m cansa\u011fl\u0131\u011f\u0131, xo\u015fb\u0259xtlik, ali missiyan\u0131zda u\u011furlar, Az\u0259rbaycan xalq\u0131na is\u0259 davaml\u0131 \u0259min-amanl\u0131q v\u0259 firavanl\u0131q arzulay\u0131ram. Zati-alil\u0259ri, \u0259n&hellip;<\/p>\n","protected":false},"author":2,"featured_media":729057,"comment_status":"closed","ping_status":"closed","sticky":false,"template":"","format":"standard","meta":{"om_disable_all_campaigns":false,"_monsterinsights_skip_tracking":false,"_monsterinsights_sitenote_active":false,"_monsterinsights_sitenote_note":"","_monsterinsights_sitenote_category":0},"categories":[4],"tags":[],"aioseo_notices":[],"gutentor_comment":0,"rttpg_featured_image_url":{"full":["https:\/\/arantv.az\/wp-content\/uploads\/2024\/06\/9c3b1830171803184525826770610494315.jpg",975,540,false],"landscape":["https:\/\/arantv.az\/wp-content\/uploads\/2024\/06\/9c3b1830171803184525826770610494315.jpg",975,540,false],"portraits":["https:\/\/arantv.az\/wp-content\/uploads\/2024\/06\/9c3b1830171803184525826770610494315.jpg",975,540,false],"thumbnail":["https:\/\/arantv.az\/wp-content\/uploads\/2024\/06\/9c3b1830171803184525826770610494315-500x280.jpg",500,280,true],"medium":["https:\/\/arantv.az\/wp-content\/uploads\/2024\/06\/9c3b1830171803184525826770610494315-660x365.jpg",660,365,true],"large":["https:\/\/arantv.az\/wp-content\/uploads\/2024\/06\/9c3b1830171803184525826770610494315-840x465.jpg",640,354,true],"1536x1536":["https:\/\/arantv.az\/wp-content\/uploads\/2024\/06\/9c3b1830171803184525826770610494315.jpg",975,540,false],"2048x2048":["https:\/\/arantv.az\/wp-content\/uploads\/2024\/06\/9c3b1830171803184525826770610494315.jpg",975,540,false],"post-thumbnail":["https:\/\/arantv.az\/wp-content\/uploads\/2024\/06\/9c3b1830171803184525826770610494315-240x172.jpg",240,172,true],"advps-thumb-one":["https:\/\/arantv.az\/wp-content\/uploads\/2024\/06\/9c3b1830171803184525826770610494315.jpg",975,540,false]},"rttpg_author":{"display_name":"V\u00fcsal Rafiqo\u011flu","author_link":"https:\/\/arantv.az\/?author=2"},"rttpg_comment":0,"rttpg_category":"<a href=\"https:\/\/arantv.az\/?cat=4\" rel=\"category\">Siyas\u0259t<\/a>","rttpg_excerpt":"Laos Xalq Demokratik Respublikas\u0131n\u0131n Prezidenti Thonqlun Sisulit Az\u0259rbaycan Respublikas\u0131n\u0131n Prezidenti\u00a0\u0130lham \u018fliyev\u0259\u00a0t\u0259brik m\u0259ktubu \u00fcnvanlay\u0131b. President.az\u00a0x\u0259b\u0259r verir ki, t\u0259brikd\u0259 deyilir: &#8220;Zati-alil\u0259ri. Az\u0259rbaycan Respublikas\u0131n\u0131n milli bayram\u0131 &#8211; M\u00fcst\u0259qillik G\u00fcn\u00fcn\u00fcn 106-c\u0131 ild\u00f6n\u00fcm\u00fc m\u00fcnasib\u0259til\u0259 Laos xalq\u0131 ad\u0131ndan v\u0259 \u015f\u0259xs\u0259n \u00f6z ad\u0131mdan Zati-aliniz\u0259 v\u0259 xalq\u0131n\u0131za \u0259n s\u0259mimi t\u0259brikl\u0259rimi, xo\u015f arzular\u0131m\u0131 \u00e7atd\u0131r\u0131ram. \u0130nan\u0131ram ki, Laos Xalq Demokratik Respublikas\u0131 il\u0259 Az\u0259rbaycan Respublikas\u0131 aras\u0131nda&hellip;","_links":{"self":[{"href":"https:\/\/arantv.az\/index.php?rest_route=\/wp\/v2\/posts\/729056"}],"collection":[{"href":"https:\/\/arantv.az\/index.php?rest_route=\/wp\/v2\/posts"}],"about":[{"href":"https:\/\/arantv.az\/index.php?rest_route=\/wp\/v2\/types\/post"}],"author":[{"embeddable":true,"href":"https:\/\/arantv.az\/index.php?rest_route=\/wp\/v2\/users\/2"}],"replies":[{"embeddable":true,"href":"https:\/\/arantv.az\/index.php?rest_route=%2Fwp%2Fv2%2Fcomments&post=729056"}],"version-history":[{"count":0,"href":"https:\/\/arantv.az\/index.php?rest_route=\/wp\/v2\/posts\/729056\/revisions"}],"wp:featuredmedia":[{"embeddable":true,"href":"https:\/\/arantv.az\/index.php?rest_route=\/wp\/v2\/media\/729057"}],"wp:attachment":[{"href":"https:\/\/arantv.az\/index.php?rest_route=%2Fwp%2Fv2%2Fmedia&parent=729056"}],"wp:term":[{"taxonomy":"category","embeddable":true,"href":"https:\/\/arantv.az\/index.php?rest_route=%2Fwp%2Fv2%2Fcategories&post=729056"},{"taxonomy":"post_tag","embeddable":true,"href":"https:\/\/arantv.az\/index.php?rest_route=%2Fwp%2Fv2%2Ftags&post=729056"}],"curies":[{"name":"wp","href":"https:\/\/api.w.org\/{rel}","templated":true}]}}