{"id":729059,"date":"2024-06-10T21:03:21","date_gmt":"2024-06-10T17:03:21","guid":{"rendered":"https:\/\/arantv.az\/?p=729059"},"modified":"2024-06-10T21:03:21","modified_gmt":"2024-06-10T17:03:21","slug":"boyuk-qayidisdan-milli-qurtulusa","status":"publish","type":"post","link":"https:\/\/arantv.az\/?p=729059","title":{"rendered":"B\u00f6y\u00fck qay\u0131d\u0131\u015fdan Milli Qurtulu\u015fa"},"content":{"rendered":"<p>D\u00fcz 31 il bundan \u00f6nc\u0259, tarixin bu g\u00fcn\u00fc xalq\u0131m\u0131z\u0131n \u00dcmummilli Lideri Heyd\u0259r \u018fliyev hakimiyy\u0259t\u0259 Qay\u0131d\u0131\u015f\u0131 il\u0259 m\u00fcst\u0259qilliyimizi qoruyub saxlad\u0131 v\u0259 inki\u015faf etdirilm\u0259sin\u0259 nail oldu. Art\u0131q biz bu tarixi Qurtulu\u015f G\u00fcn\u00fcn\u00fc \u0259razi b\u00fct\u00f6vl\u00fcy\u00fcn\u00fc b\u0259rpa etmi\u015f, qalib d\u00f6vl\u0259t kimi qeyd edirik. 15 iyun &#8211; Qurtulu\u015f G\u00fcn\u00fc Az\u0259rbaycan Milli M\u0259clisinin q\u0259rar\u0131 il\u0259 1997-ci ilin 27 iyununda r\u0259smil\u0259\u015fdirildi. Milli M\u0259clisin h\u0259min tarixi q\u0259rar\u0131nda deyilir: \u00abAz\u0259rbaycan xalq\u0131n\u0131n azadl\u0131\u011f\u0131n\u0131n, m\u00fcst\u0259qil d\u00f6vl\u0259t\u00e7iliyinin m\u00fcq\u0259dd\u0259rat\u0131n\u0131n h\u0259ll edildiyi \u0259n a\u011f\u0131r g\u00fcnl\u0259rd\u0259 Heyd\u0259r \u018fliyevin \u00f6z xalq\u0131n\u0131n irad\u0259sin\u0259 tabe olaraq \u00f6lk\u0259 r\u0259hb\u0259rliyin\u0259 qay\u0131tmas\u0131, \u0259slind\u0259, onun m\u00fcst\u0259qil Az\u0259rbaycan Respublikas\u0131n\u0131, Az\u0259rbaycan xalq\u0131n\u0131, milli azadl\u0131q h\u0259r\u0259kat\u0131nda qazan\u0131lm\u0131\u015f tarixi nailiyy\u0259tl\u0259ri m\u0259hv olmaqdan xilas etm\u0259k kimi \u00e7ox \u00e7\u0259tin v\u0259 \u015f\u0259r\u0259fli bir missiyan\u0131 k\u00f6n\u00fcll\u00fc olaraq \u00f6z \u00fcz\u0259rin\u0259 g\u00f6t\u00fcrm\u0259si idi. Bu, s\u00f6z\u00fcn \u0259sl m\u0259nas\u0131nda, \u201c\u00f6mr\u00fcm\u00fcn qalan hiss\u0259sini d\u0259 xalq\u0131ma qurban verir\u0259m\u201d deyib meydana at\u0131lan b\u00f6y\u00fck \u00fcr\u0259kli V\u0259t\u0259n o\u011flunun \u00f6z xalq\u0131, \u00f6z V\u0259t\u0259ni qar\u015f\u0131s\u0131nda misilsiz f\u0259dakarl\u0131\u011f\u0131 idi\u00bb.<\/p>\n<p>B\u0259li, Milli M\u0259clisin h\u0259min tarixi q\u0259rar\u0131nda deyildiyi kimi, Heyd\u0259r \u018fliyev Az\u0259rbaycan\u0131, Az\u0259rbaycan xalq\u0131n\u0131 m\u0259hv olmaqdan qurtarmaq \u00fc\u00e7\u00fcn \u201c\u00f6mr\u00fcm\u00fcn qalan hiss\u0259sini d\u0259 xalq\u0131ma qurban verir\u0259m\u201d dedi. Bu \u00e7\u0259tin, a\u011f\u0131r bir m\u0259rh\u0259l\u0259 Az\u0259rbaycan\u0131n bir d\u00f6vl\u0259t kimi, az\u0259rbaycanl\u0131lar\u0131n is\u0259 bir xalq kimi g\u0259l\u0259c\u0259k m\u00f6vcudlu\u011fu m\u0259s\u0259l\u0259sinin h\u0259lli m\u0259rh\u0259l\u0259si idi. 1991-ci ild\u0259n ba\u015flayaraq 1993-c\u00fc ilin iyun ay\u0131na q\u0259d\u0259r \u00f6lk\u0259d\u0259 hakimiyy\u0259tsizlik, ba\u015f\u0131pozuqluq, h\u0259rc-m\u0259rclik m\u00f6vcud idi. Az\u0259rbaycan\u0131n m\u00fcxt\u0259lif b\u00f6lg\u0259l\u0259rind\u0259 xarici d\u00f6vl\u0259tl\u0259rin mara\u011f\u0131 il\u0259 t\u0259kan veril\u0259n separat\u00e7\u0131l\u0131q \u0259hvali-ruhiyy\u0259si g\u00fccl\u0259nir, hakimiyy\u0259t iddias\u0131nda olan qrupla\u015fmalar aras\u0131nda silahl\u0131 toqqu\u015fmalar ba\u015f verir, Az\u0259rbaycan xalq\u0131 torpaqlar\u0131m\u0131z u\u011frunda Erm\u0259nistan silahl\u0131 birl\u0259\u015fm\u0259l\u0259ri il\u0259 \u00f6z\u00fcn\u00fcm\u00fcdafi\u0259 s\u0259viyy\u0259sind\u0259 d\u00f6y\u00fc\u015f\u00fcrd\u00fc. H\u0259r add\u0131mda \u00f6lk\u0259d\u0259 qanun pozuntusu v\u0259 cinay\u0259t t\u00f6r\u0259dilm\u0259si adi hal al\u0131r, iqtisadiyyat da\u011f\u0131l\u0131r v\u0259 talan edilir, elm, t\u0259hsil v\u0259 m\u0259d\u0259niyy\u0259t tamamil\u0259 diqq\u0259td\u0259n k\u0259narda qal\u0131rd\u0131. Bir s\u00f6zl\u0259, Az\u0259rbaycan da\u011f\u0131lma\u011fa, b\u00f6l\u00fcnm\u0259y\u0259 v\u0259 par\u00e7alanma\u011fa aparan bir yolda olduqca s\u00fcr\u0259tl\u0259 ir\u0259lil\u0259yirdi. 1993-c\u00fc ilin iyun ay\u0131nda ba\u015flanan G\u0259nc\u0259 hadis\u0259l\u0259ri \u00f6lk\u0259mizin v\u0259t\u0259nda\u015f qar\u015f\u0131durmas\u0131 \u0259r\u0259f\u0259sind\u0259 olmas\u0131n\u0131n ayd\u0131n i\u015far\u0259si idi. M\u0259hz bel\u0259 bir tarixi m\u0259qamda Az\u0259rbaycan xalq\u0131 se\u00e7imini etdi. Xalq\u0131m\u0131z \u00f6z\u00fcn\u00fcn b\u00f6y\u00fck o\u011flu, d\u00fcnya \u015f\u00f6hr\u0259tli siyasi xadim Heyd\u0259r \u018fliyevi k\u00f6m\u0259y\u0259 \u00e7a\u011f\u0131rd\u0131 v\u0259 hakimiyy\u0259t s\u00fckan\u0131n\u0131 Ona etibar etdi. Yaranm\u0131\u015f xaos v\u0259 \u00f6zba\u015f\u0131nal\u0131qdan ba\u015f\u0131n\u0131 itirmi\u015f o vaxtk\u0131 iqtidar n\u00fcmay\u0259nd\u0259l\u0259ri d\u0259 xalq\u0131n t\u0259kidli t\u0259l\u0259bl\u0259ri qar\u015f\u0131s\u0131nda tab g\u0259tirm\u0259y\u0259r\u0259k Ulu \u00d6nd\u0259rimiz Heyd\u0259r \u018fliyevin hakimiyy\u0259t\u0259 qay\u0131d\u0131\u015f\u0131n\u0131 ondan d\u0259f\u0259l\u0259rl\u0259 xahi\u015f etdil\u0259r. H\u0259yat\u0131n\u0131n b\u00fct\u00fcn i\u015fg\u00fczar d\u00f6vr\u00fcn\u00fc Az\u0259rbaycan yolunda s\u0259rf etmi\u015f b\u00f6y\u00fck siyasi xadim Heyd\u0259r \u018fliyev xalq\u0131n s\u0259sin\u0259 s\u0259s verdi, 1993-c\u00fc il iyun ay\u0131n\u0131n 9-da Bak\u0131ya g\u0259ldi.<\/p>\n<p>Q\u0259dirbil\u0259n xalq\u0131m\u0131z el\u0259 h\u0259min g\u00fcnd\u0259n \u00f6z liderinin \u0259traf\u0131nda s\u0131x birl\u0259\u015fm\u0259k q\u0259rar\u0131n\u0131 verdi v\u0259 m\u00fcdrik \u015f\u0259xsiyy\u0259t 6 g\u00fcn sonra, daha do\u011frusu, 15 iyun tarixind\u0259 Az\u0259rbaycan Respublkas\u0131 Ali Sovetinin S\u0259dri se\u00e7ildi. Tarixi QAYIDI\u015e art\u0131q M\u0130LL\u0130 QURTULU\u015eLA ayd\u0131n sabah v\u0259 parlaq g\u0259l\u0259c\u0259k namin\u0259 daha da m\u00f6ht\u0259\u015f\u0259mlik qazand\u0131. B\u00f6y\u00fck Heyd\u0259r \u018fliyev h\u0259min ilin 24 iyun tarixind\u0259n is\u0259 Az\u0259rbaycan Respublikas\u0131 Prezidentinin s\u0259lahiyy\u0259tl\u0259rini icra etm\u0259y\u0259 ba\u015flam\u0131\u015fd\u0131r. Art\u0131q b\u00fct\u00fcn d\u00fcnya Az\u0259rbaycan d\u00f6vl\u0259tinin r\u0259hb\u0259rliyind\u0259 Heyd\u0259r \u018fliyev i\u015f\u0131\u011f\u0131n\u0131, idar\u0259\u00e7iliyini v\u0259 Onun xalqla birliyind\u0259n do\u011fan g\u00fcc\u00fcn\u00fc g\u00f6r\u00fcr v\u0259 hesabla\u015fma\u011fa m\u0259cbur olurdular. Xalq\u0131m\u0131z b\u00f6y\u00fck Heyd\u0259r \u018fliyevin m\u00fcst\u0259qil v\u0259 demokratik Az\u0259rbaycan d\u00f6vl\u0259tinin ba\u015f\u00e7\u0131s\u0131 olaraq f\u0259aliyy\u0259tini d\u0259st\u0259kl\u0259yir v\u0259 bir an \u00f6nc\u0259 prezident se\u00e7kil\u0259rinin ke\u00e7irilm\u0259sini ist\u0259yirdil\u0259r. Buna g\u00f6r\u0259 d\u0259 1993-c\u00fc il oktyabr ay\u0131n\u0131n 3-d\u0259 ke\u00e7iril\u0259n se\u00e7kil\u0259rd\u0259 ulu \u00f6nd\u0259rimiz xalq\u0131m\u0131z t\u0259r\u0259find\u0259n Az\u0259rbaycan Respublikas\u0131n\u0131n Pezidenti se\u00e7ildi v\u0259 bu g\u00fcnd\u0259n etibar\u0259n i\u015f\u0131ql\u0131 g\u00fcnl\u0259rin, ayd\u0131n sabah\u0131n v\u0259 parlaq g\u0259l\u0259c\u0259yin siyasi, h\u00fcquqi, iqtisadi v\u0259 sosial \u0259saslar\u0131 qoyulmu\u015f oldu. B\u00f6y\u00fck Heyd\u0259r \u018fliyevin m\u00fcdrik r\u0259hb\u0259rliyi il\u0259 prezident se\u00e7kil\u0259rind\u0259n c\u0259mi yeddi ay sonra, y\u0259ni 1994-c\u00fc ilin 12 may tarixind\u0259n etibar\u0259n torpaqlar\u0131m\u0131zda ba\u015fa al\u0131b ged\u0259n m\u00fcharib\u0259 at\u0259\u015fk\u0259sl\u0259 \u0259v\u0259z olundu. Bu is\u0259 sonrak\u0131 d\u00f6vrl\u0259r \u00fczr\u0259 etibarl\u0131 islahatlar\u0131n v\u0259 sosial-iqtisadi inki\u015faf\u0131n t\u0259min olunmas\u0131 \u00fc\u00e7\u00fcn \u0259lveri\u015fli m\u00fchitin ba\u015flan\u011f\u0131c\u0131na \u00e7evrildi. Sonrak\u0131 prosesl\u0259rin gedi\u015fi g\u00f6st\u0259rir ki, b\u00f6y\u00fck Heyd\u0259r \u018fliyevin uzaqg\u00f6r\u0259n r\u0259hb\u0259rliyi n\u0259tic\u0259sind\u0259 milli iqtisadiyyat \u00fczr\u0259 quruculuq prosesl\u0259ri bir-biri il\u0259 z\u0259ncirvari \u0259laq\u0259d\u0259 v\u0259 as\u0131l\u0131l\u0131qda olmaqla inki\u015faf etdi v\u0259 bir-birini tamamlamaqla realla\u015fd\u0131. At\u0259\u015fk\u0259sin \u0259ld\u0259 olunmas\u0131ndan ke\u00e7\u0259n 4 ay \u0259rzind\u0259 b\u00fct\u00fcn d\u00fcnya \u00f6lk\u0259l\u0259ri art\u0131q Az\u0259rbaycanda s\u00fclh\u00fcn, \u0259minamanl\u0131\u011f\u0131n v\u0259 bunun \u0259sas\u0131nda da etibarl\u0131 t\u0259r\u0259fda\u015fl\u0131q m\u00fchitinin m\u00f6vcudlu\u011funa itm\u0259z v\u0259 bitm\u0259z inam\u0131 v\u0259 \u0259n ba\u015fl\u0131cas\u0131, b\u00fct\u00fcn bunlar\u0131n dayaq n\u00f6qt\u0259si olaraq b\u00f6y\u00fck Heyd\u0259r \u018fliyevin m\u00fcdrik siyas\u0259tinin parlaql\u0131\u011f\u0131n\u0131 g\u00f6rd\u00fcl\u0259r. M\u00fcasir m\u00fcst\u0259qilliyin c\u0259mi \u00fc\u00e7\u00fcnc\u00fc ilind\u0259 &#8211; 20 sentyabr 1994-c\u00fc il tarixind\u0259 Az\u0259rbaycan Respublikas\u0131 tarixi \u201c\u018fsrin M\u00fcqavil\u0259si\u201dni imzalamaqla AB\u015e, Rusiya, T\u00fcrkiy\u0259, Yaponiya, S\u0259udiyy\u0259 \u018fr\u0259bistan\u0131, B\u00f6y\u00fck Britaniya v\u0259 Norve\u00e7 kimi \u00f6lk\u0259l\u0259rl\u0259 beyn\u0259lxalq t\u0259r\u0259fda\u015f oldu. Bu tarixi hadis\u0259 \u00f6z\u00fcn\u00fcn qlobal mahiyy\u0259ti il\u0259 haql\u0131 olaraq tarix\u0259 Heyd\u0259r \u018fliyevin neft strategiyas\u0131 olaraq yaz\u0131ld\u0131.<\/p>\n<p><img src=\"https:\/\/ikisahil.az\/upload\/\/2024\/06\/10\/\/-488b0841171802107865824896410686039.jpg\" alt=\"\" \/><\/p>\n<p><strong>Vidadi N\u0259z\u0259rov,<\/strong><\/p>\n<p><em>Masall\u0131 D\u00f6vl\u0259t Regional Kollec \u0259razi partiya t\u0259\u015fkilat\u0131n\u0131n s\u0259dri<\/em><\/p>\n","protected":false},"excerpt":{"rendered":"<p>D\u00fcz 31 il bundan \u00f6nc\u0259, tarixin bu g\u00fcn\u00fc xalq\u0131m\u0131z\u0131n \u00dcmummilli Lideri Heyd\u0259r \u018fliyev hakimiyy\u0259t\u0259 Qay\u0131d\u0131\u015f\u0131 il\u0259 m\u00fcst\u0259qilliyimizi qoruyub saxlad\u0131 v\u0259 inki\u015faf etdirilm\u0259sin\u0259 nail oldu. Art\u0131q biz bu tarixi Qurtulu\u015f G\u00fcn\u00fcn\u00fc \u0259razi b\u00fct\u00f6vl\u00fcy\u00fcn\u00fc b\u0259rpa etmi\u015f, qalib d\u00f6vl\u0259t kimi qeyd edirik. 15 iyun &#8211; Qurtulu\u015f G\u00fcn\u00fc Az\u0259rbaycan Milli M\u0259clisinin q\u0259rar\u0131 il\u0259 1997-ci ilin 27 iyununda r\u0259smil\u0259\u015fdirildi. Milli M\u0259clisin h\u0259min tarixi q\u0259rar\u0131nda deyilir: \u00abAz\u0259rbaycan xalq\u0131n\u0131n azadl\u0131\u011f\u0131n\u0131n, m\u00fcst\u0259qil d\u00f6vl\u0259t\u00e7iliyinin m\u00fcq\u0259dd\u0259rat\u0131n\u0131n h\u0259ll edildiyi \u0259n a\u011f\u0131r g\u00fcnl\u0259rd\u0259 Heyd\u0259r \u018fliyevin \u00f6z xalq\u0131n\u0131n irad\u0259sin\u0259 tabe olaraq \u00f6lk\u0259 r\u0259hb\u0259rliyin\u0259 qay\u0131tmas\u0131, \u0259slind\u0259, onun m\u00fcst\u0259qil Az\u0259rbaycan Respublikas\u0131n\u0131, Az\u0259rbaycan xalq\u0131n\u0131, milli azadl\u0131q&hellip;<\/p>\n","protected":false},"author":2,"featured_media":729060,"comment_status":"closed","ping_status":"closed","sticky":false,"template":"","format":"standard","meta":{"om_disable_all_campaigns":false,"_monsterinsights_skip_tracking":false,"_monsterinsights_sitenote_active":false,"_monsterinsights_sitenote_note":"","_monsterinsights_sitenote_category":0},"categories":[19],"tags":[],"aioseo_notices":[],"gutentor_comment":0,"rttpg_featured_image_url":{"full":["https:\/\/arantv.az\/wp-content\/uploads\/2024\/06\/db095bd1159216579715658941310661457.jpg",975,540,false],"landscape":["https:\/\/arantv.az\/wp-content\/uploads\/2024\/06\/db095bd1159216579715658941310661457.jpg",975,540,false],"portraits":["https:\/\/arantv.az\/wp-content\/uploads\/2024\/06\/db095bd1159216579715658941310661457.jpg",975,540,false],"thumbnail":["https:\/\/arantv.az\/wp-content\/uploads\/2024\/06\/db095bd1159216579715658941310661457-500x280.jpg",500,280,true],"medium":["https:\/\/arantv.az\/wp-content\/uploads\/2024\/06\/db095bd1159216579715658941310661457-660x365.jpg",660,365,true],"large":["https:\/\/arantv.az\/wp-content\/uploads\/2024\/06\/db095bd1159216579715658941310661457-840x465.jpg",640,354,true],"1536x1536":["https:\/\/arantv.az\/wp-content\/uploads\/2024\/06\/db095bd1159216579715658941310661457.jpg",975,540,false],"2048x2048":["https:\/\/arantv.az\/wp-content\/uploads\/2024\/06\/db095bd1159216579715658941310661457.jpg",975,540,false],"post-thumbnail":["https:\/\/arantv.az\/wp-content\/uploads\/2024\/06\/db095bd1159216579715658941310661457-240x172.jpg",240,172,true],"advps-thumb-one":["https:\/\/arantv.az\/wp-content\/uploads\/2024\/06\/db095bd1159216579715658941310661457.jpg",975,540,false]},"rttpg_author":{"display_name":"V\u00fcsal Rafiqo\u011flu","author_link":"https:\/\/arantv.az\/?author=2"},"rttpg_comment":0,"rttpg_category":"<a href=\"https:\/\/arantv.az\/?cat=19\" rel=\"category\">G\u00fcnd\u0259m<\/a>","rttpg_excerpt":"D\u00fcz 31 il bundan \u00f6nc\u0259, tarixin bu g\u00fcn\u00fc xalq\u0131m\u0131z\u0131n \u00dcmummilli Lideri Heyd\u0259r \u018fliyev hakimiyy\u0259t\u0259 Qay\u0131d\u0131\u015f\u0131 il\u0259 m\u00fcst\u0259qilliyimizi qoruyub saxlad\u0131 v\u0259 inki\u015faf etdirilm\u0259sin\u0259 nail oldu. Art\u0131q biz bu tarixi Qurtulu\u015f G\u00fcn\u00fcn\u00fc \u0259razi b\u00fct\u00f6vl\u00fcy\u00fcn\u00fc b\u0259rpa etmi\u015f, qalib d\u00f6vl\u0259t kimi qeyd edirik. 15 iyun &#8211; Qurtulu\u015f G\u00fcn\u00fc Az\u0259rbaycan Milli M\u0259clisinin q\u0259rar\u0131 il\u0259 1997-ci ilin 27 iyununda r\u0259smil\u0259\u015fdirildi. Milli&hellip;","_links":{"self":[{"href":"https:\/\/arantv.az\/index.php?rest_route=\/wp\/v2\/posts\/729059"}],"collection":[{"href":"https:\/\/arantv.az\/index.php?rest_route=\/wp\/v2\/posts"}],"about":[{"href":"https:\/\/arantv.az\/index.php?rest_route=\/wp\/v2\/types\/post"}],"author":[{"embeddable":true,"href":"https:\/\/arantv.az\/index.php?rest_route=\/wp\/v2\/users\/2"}],"replies":[{"embeddable":true,"href":"https:\/\/arantv.az\/index.php?rest_route=%2Fwp%2Fv2%2Fcomments&post=729059"}],"version-history":[{"count":0,"href":"https:\/\/arantv.az\/index.php?rest_route=\/wp\/v2\/posts\/729059\/revisions"}],"wp:featuredmedia":[{"embeddable":true,"href":"https:\/\/arantv.az\/index.php?rest_route=\/wp\/v2\/media\/729060"}],"wp:attachment":[{"href":"https:\/\/arantv.az\/index.php?rest_route=%2Fwp%2Fv2%2Fmedia&parent=729059"}],"wp:term":[{"taxonomy":"category","embeddable":true,"href":"https:\/\/arantv.az\/index.php?rest_route=%2Fwp%2Fv2%2Fcategories&post=729059"},{"taxonomy":"post_tag","embeddable":true,"href":"https:\/\/arantv.az\/index.php?rest_route=%2Fwp%2Fv2%2Ftags&post=729059"}],"curies":[{"name":"wp","href":"https:\/\/api.w.org\/{rel}","templated":true}]}}