{"id":729062,"date":"2024-06-10T21:06:57","date_gmt":"2024-06-10T17:06:57","guid":{"rendered":"https:\/\/arantv.az\/?p=729062"},"modified":"2024-06-10T21:06:57","modified_gmt":"2024-06-10T17:06:57","slug":"unec-rektoru-cop-29-da-az%c9%99rbaycanin-s%c9%99drliyi-il%c9%99-qlobal-komissiyanin-yaradilmasini-t%c9%99klif-edib","status":"publish","type":"post","link":"https:\/\/arantv.az\/?p=729062","title":{"rendered":"UNEC rektoru COP 29-da Az\u0259rbaycan\u0131n s\u0259drliyi il\u0259 Qlobal Komissiyan\u0131n yarad\u0131lmas\u0131n\u0131 t\u0259klif edib"},"content":{"rendered":"<p><span lang=\"AZ-LATIN\">UNEC-in rektoru professor \u018fdal\u0259t Muradov r\u0259smi facebok s\u0259hif\u0259sind\u0259 COP 29-da tullant\u0131lar\u0131n &#8220;do\u011fru h\u0259cmi&#8221;nin m\u00fc\u0259yy\u0259n edilm\u0259si bax\u0131m\u0131ndan Az\u0259rbaycan\u0131n s\u0259drliyi il\u0259 Qlobal Komissiyan\u0131n yarad\u0131lmas\u0131 bar\u0259d\u0259 t\u0259kilfl\u0259 \u00e7\u0131x\u0131\u015f edib.<\/span><\/p>\n<p><span lang=\"AZ-LATIN\">O, bildirib: \u201c\u018ftraf m\u00fchit\u0259 at\u0131lan tullant\u0131lar\u0131n miqdar\u0131 olduqca \u00e7oxdur. Bu fakt v\u0259 b\u00fct\u00f6vl\u00fckd\u0259 \u0259traf m\u00fchit\u0259 d\u0259y\u0259n\u00a0 z\u0259r\u0259rin\u00a0 t\u0259hl\u00fck\u0259li oldu\u011fu, dem\u0259k olar ki, ham\u0131 t\u0259r\u0259find\u0259n q\u0259bul edilir. Amma bu, h\u0259min problemin h\u0259lli bax\u0131m\u0131ndan kifay\u0259t deyil\u201d.<\/span><\/p>\n<p><span lang=\"AZ-LATIN\">Burada \u0259sas problem d\u00fcnyada \u0259traf m\u00fchit\u0259 at\u0131lan tullant\u0131lar\u0131n &#8220;do\u011fru h\u0259cmi&#8221;nin m\u00fc\u0259yy\u0259n edilm\u0259m\u0259sidir. Ba\u015fqa s\u00f6zl\u0259, s\u00f6hb\u0259t planetin g\u0259l\u0259c\u0259yin\u0259 t\u0259hl\u00fck\u0259 yaradan tullant\u0131lar\u0131n maksimal h\u0259cmind\u0259n\u00a0 gedir. Y\u0259ni \u0259traf m\u00fchit\u0259 at\u0131lan tullant\u0131lar\u0131n hans\u0131 h\u0259cmind\u0259n sonra &#8220;geriy\u0259 saymaq&#8221; ba\u015flay\u0131r. \u0130qtisadiyyatda h\u0259r zaman do\u011fru olan\u00a0 yegan\u0259 d\u00fczg\u00fcn cavab\u0131n olmad\u0131\u011f\u0131 b\u0259llidir v\u0259 ham\u0131 t\u0259r\u0259find\u0259n q\u0259bul edilir. Amma buna baxmayaraq,\u00a0 \u201c\u0259traf m\u00fchit\u0259 at\u0131lan tullant\u0131lar\u0131n &#8220;do\u011fru h\u0259cm&#8221;i n\u0259 q\u0259d\u0259r olmal\u0131d\u0131r?\u201d sual\u0131na yegan\u0259 d\u00fczg\u00fcn cavab\u0131n tap\u0131lmas\u0131 v\u0259 ham\u0131 t\u0259r\u0259find\u0259n q\u0259bul edilm\u0259si vacibdir. Noyabr ay\u0131nda ke\u00e7iril\u0259c\u0259k COP 29-da tullant\u0131lar\u0131n &#8220;do\u011fru h\u0259cmi&#8221;nin m\u00fc\u0259yy\u0259n edilm\u0259si bax\u0131m\u0131ndan Bak\u0131 h\u0259m d\u0259 qlobal m\u0259rk\u0259z\u0259 \u00e7evrilm\u0259k \u015fans\u0131na malikdir. Bu m\u0259qs\u0259dl\u0259 COP-29-da Qlobal Komissiyan\u0131n yarad\u0131lmas\u0131n\u0131 t\u0259klif edirik. H\u0259min Qlobal Komissiyaya\u00a0 Az\u0259rbaycan Respublikas\u0131n\u0131n Prezidenti m\u00f6ht\u0259r\u0259m \u0130lham \u018fliyevin S\u0259drlik etm\u0259si is\u0259 qlobal \u0259traf m\u00fchit probleminin h\u0259ll edil\u0259c\u0259yin\u0259 \u0259n b\u00f6y\u00fck z\u0259man\u0259tdir\u201d.<\/span><\/p>\n","protected":false},"excerpt":{"rendered":"<p>UNEC-in rektoru professor \u018fdal\u0259t Muradov r\u0259smi facebok s\u0259hif\u0259sind\u0259 COP 29-da tullant\u0131lar\u0131n &#8220;do\u011fru h\u0259cmi&#8221;nin m\u00fc\u0259yy\u0259n edilm\u0259si bax\u0131m\u0131ndan Az\u0259rbaycan\u0131n s\u0259drliyi il\u0259 Qlobal Komissiyan\u0131n yarad\u0131lmas\u0131 bar\u0259d\u0259 t\u0259kilfl\u0259 \u00e7\u0131x\u0131\u015f edib. O, bildirib: \u201c\u018ftraf m\u00fchit\u0259 at\u0131lan tullant\u0131lar\u0131n miqdar\u0131 olduqca \u00e7oxdur. Bu fakt v\u0259 b\u00fct\u00f6vl\u00fckd\u0259 \u0259traf m\u00fchit\u0259 d\u0259y\u0259n\u00a0 z\u0259r\u0259rin\u00a0 t\u0259hl\u00fck\u0259li oldu\u011fu, dem\u0259k olar ki, ham\u0131 t\u0259r\u0259find\u0259n q\u0259bul edilir. Amma bu, h\u0259min problemin h\u0259lli bax\u0131m\u0131ndan kifay\u0259t deyil\u201d. Burada \u0259sas problem d\u00fcnyada \u0259traf m\u00fchit\u0259 at\u0131lan tullant\u0131lar\u0131n &#8220;do\u011fru h\u0259cmi&#8221;nin m\u00fc\u0259yy\u0259n edilm\u0259m\u0259sidir. Ba\u015fqa s\u00f6zl\u0259, s\u00f6hb\u0259t planetin g\u0259l\u0259c\u0259yin\u0259 t\u0259hl\u00fck\u0259 yaradan tullant\u0131lar\u0131n maksimal h\u0259cmind\u0259n\u00a0 gedir. Y\u0259ni \u0259traf m\u00fchit\u0259 at\u0131lan tullant\u0131lar\u0131n hans\u0131 h\u0259cmind\u0259n&hellip;<\/p>\n","protected":false},"author":2,"featured_media":729063,"comment_status":"closed","ping_status":"closed","sticky":false,"template":"","format":"standard","meta":{"om_disable_all_campaigns":false,"_monsterinsights_skip_tracking":false,"_monsterinsights_sitenote_active":false,"_monsterinsights_sitenote_note":"","_monsterinsights_sitenote_category":0},"categories":[23],"tags":[],"aioseo_notices":[],"gutentor_comment":0,"rttpg_featured_image_url":{"full":["https:\/\/arantv.az\/wp-content\/uploads\/2024\/06\/5659d4d2012cb0cd07e47a2a39753c0f.jpg",870,500,false],"landscape":["https:\/\/arantv.az\/wp-content\/uploads\/2024\/06\/5659d4d2012cb0cd07e47a2a39753c0f.jpg",870,500,false],"portraits":["https:\/\/arantv.az\/wp-content\/uploads\/2024\/06\/5659d4d2012cb0cd07e47a2a39753c0f.jpg",870,500,false],"thumbnail":["https:\/\/arantv.az\/wp-content\/uploads\/2024\/06\/5659d4d2012cb0cd07e47a2a39753c0f-500x280.jpg",500,280,true],"medium":["https:\/\/arantv.az\/wp-content\/uploads\/2024\/06\/5659d4d2012cb0cd07e47a2a39753c0f-635x365.jpg",635,365,true],"large":["https:\/\/arantv.az\/wp-content\/uploads\/2024\/06\/5659d4d2012cb0cd07e47a2a39753c0f-840x483.jpg",640,368,true],"1536x1536":["https:\/\/arantv.az\/wp-content\/uploads\/2024\/06\/5659d4d2012cb0cd07e47a2a39753c0f.jpg",870,500,false],"2048x2048":["https:\/\/arantv.az\/wp-content\/uploads\/2024\/06\/5659d4d2012cb0cd07e47a2a39753c0f.jpg",870,500,false],"post-thumbnail":["https:\/\/arantv.az\/wp-content\/uploads\/2024\/06\/5659d4d2012cb0cd07e47a2a39753c0f-240x172.jpg",240,172,true],"advps-thumb-one":["https:\/\/arantv.az\/wp-content\/uploads\/2024\/06\/5659d4d2012cb0cd07e47a2a39753c0f.jpg",870,500,false]},"rttpg_author":{"display_name":"V\u00fcsal Rafiqo\u011flu","author_link":"https:\/\/arantv.az\/?author=2"},"rttpg_comment":0,"rttpg_category":"<a href=\"https:\/\/arantv.az\/?cat=23\" rel=\"category\">T\u0259hsil<\/a>","rttpg_excerpt":"UNEC-in rektoru professor \u018fdal\u0259t Muradov r\u0259smi facebok s\u0259hif\u0259sind\u0259 COP 29-da tullant\u0131lar\u0131n &#8220;do\u011fru h\u0259cmi&#8221;nin m\u00fc\u0259yy\u0259n edilm\u0259si bax\u0131m\u0131ndan Az\u0259rbaycan\u0131n s\u0259drliyi il\u0259 Qlobal Komissiyan\u0131n yarad\u0131lmas\u0131 bar\u0259d\u0259 t\u0259kilfl\u0259 \u00e7\u0131x\u0131\u015f edib. O, bildirib: \u201c\u018ftraf m\u00fchit\u0259 at\u0131lan tullant\u0131lar\u0131n miqdar\u0131 olduqca \u00e7oxdur. Bu fakt v\u0259 b\u00fct\u00f6vl\u00fckd\u0259 \u0259traf m\u00fchit\u0259 d\u0259y\u0259n\u00a0 z\u0259r\u0259rin\u00a0 t\u0259hl\u00fck\u0259li oldu\u011fu, dem\u0259k olar ki, ham\u0131 t\u0259r\u0259find\u0259n q\u0259bul edilir. Amma bu, h\u0259min&hellip;","_links":{"self":[{"href":"https:\/\/arantv.az\/index.php?rest_route=\/wp\/v2\/posts\/729062"}],"collection":[{"href":"https:\/\/arantv.az\/index.php?rest_route=\/wp\/v2\/posts"}],"about":[{"href":"https:\/\/arantv.az\/index.php?rest_route=\/wp\/v2\/types\/post"}],"author":[{"embeddable":true,"href":"https:\/\/arantv.az\/index.php?rest_route=\/wp\/v2\/users\/2"}],"replies":[{"embeddable":true,"href":"https:\/\/arantv.az\/index.php?rest_route=%2Fwp%2Fv2%2Fcomments&post=729062"}],"version-history":[{"count":0,"href":"https:\/\/arantv.az\/index.php?rest_route=\/wp\/v2\/posts\/729062\/revisions"}],"wp:featuredmedia":[{"embeddable":true,"href":"https:\/\/arantv.az\/index.php?rest_route=\/wp\/v2\/media\/729063"}],"wp:attachment":[{"href":"https:\/\/arantv.az\/index.php?rest_route=%2Fwp%2Fv2%2Fmedia&parent=729062"}],"wp:term":[{"taxonomy":"category","embeddable":true,"href":"https:\/\/arantv.az\/index.php?rest_route=%2Fwp%2Fv2%2Fcategories&post=729062"},{"taxonomy":"post_tag","embeddable":true,"href":"https:\/\/arantv.az\/index.php?rest_route=%2Fwp%2Fv2%2Ftags&post=729062"}],"curies":[{"name":"wp","href":"https:\/\/api.w.org\/{rel}","templated":true}]}}