{"id":729083,"date":"2024-06-10T21:13:00","date_gmt":"2024-06-10T17:13:00","guid":{"rendered":"https:\/\/arantv.az\/?p=729083"},"modified":"2024-06-10T21:13:00","modified_gmt":"2024-06-10T17:13:00","slug":"sag-olsunlar-ki-bu-d%c9%99f%c9%99-m%c9%99ni-soym%c9%99dil%c9%99r-yazici-anarla-s%c9%99s-kuylu-musahib%c9%99fotovideo","status":"publish","type":"post","link":"https:\/\/arantv.az\/?p=729083","title":{"rendered":"\u201cSa\u011f olsunlar ki, bu d\u0259f\u0259 m\u0259ni s\u00f6ym\u0259dil\u0259r\u201d &#8211; yaz\u0131\u00e7\u0131 Anarla S\u018fS-K\u00dcYL\u00dc M\u00dcSAH\u0130B\u018fFOTOV\u0130DEO"},"content":{"rendered":"<div class=\"text-content\" data-id=\"\" data-url=\"\">\n<p><strong>Bu g\u00fcnl\u0259rd\u0259 Xalq yaz\u0131\u00e7\u0131s\u0131, Az\u0259rbaycan Yaz\u0131\u00e7\u0131lar Birliyinin s\u0259dri Anar\u0131n F\u0259xri Xiyabandan v\u0259 \u0130kinci F\u0259xri xiyabandan \u00e7\u0259kilmi\u015f videosu sosial \u015f\u0259b\u0259k\u0259d\u0259 v\u0259 mediada geni\u015f \u015f\u0259kild\u0259 payla\u015f\u0131ld\u0131, geni\u015f m\u00fczakir\u0259l\u0259r\u0259 s\u0259b\u0259b oldu.<\/strong><\/p>\n<p>X\u00fcsusil\u0259 d\u0259 \u0259vv\u0259lki m\u00fcsahib\u0259l\u0259rind\u0259 dostlar\u0131n\u0131n \u00e7ox hiss\u0259sinin F\u0259xri Xiyabanda uyudu\u011funu dey\u0259n 86 ya\u015fl\u0131 yaz\u0131\u00e7\u0131n\u0131n bu g\u00f6r\u00fcnt\u00fcl\u0259ri reaksiya do\u011furmaya bilm\u0259zdi. Kadrlardan g\u00f6r\u00fcn\u00fcrd\u00fc ki, Anar m\u00fc\u0259llim aramla add\u0131mlayaraq Xiyabandak\u0131 dostlar\u0131n\u0131n, h\u0259m\u00e7inin atas\u0131 Xalq yaz\u0131\u00e7\u0131s\u0131 R\u0259sul Rzan\u0131n, anas\u0131 Xalq yaz\u0131\u00e7\u0131s\u0131 Nigar R\u0259fib\u0259ylinin m\u0259zarlar\u0131n\u0131 ziyar\u0259t edir, m\u0259zarlar \u00fcz\u0259rin\u0259 g\u00fcl d\u0259st\u0259l\u0259ri qoyur. Tama\u015fa\u00e7\u0131larda k\u00f6vr\u0259k hissl\u0259r do\u011furan bu kadrlarla ba\u011fl\u0131 Anar m\u00fc\u0259llimd\u0259n Musavat TV \u00fc\u00e7\u00fcn videom\u00fcsahib\u0259 alm\u0131\u015f\u0131q.<\/p>\n<p>F\u00fcrs\u0259t d\u00fc\u015fm\u00fc\u015fk\u0259n h\u00f6rm\u0259tli Xalq yaz\u0131\u00e7\u0131s\u0131ndan bir s\u0131ra dig\u0259r m\u0259s\u0259l\u0259l\u0259r\u0259 m\u00fcnasib\u0259t \u00f6yr\u0259ndik, Yaz\u0131\u00e7\u0131lar Birliyinin yubileyi \u0259r\u0259f\u0259sind\u0259 yazd\u0131\u011f\u0131 \u0259srl\u0259rd\u0259n, n\u0259\u015fr etdirm\u0259y\u0259 haz\u0131rla\u015fd\u0131\u011f\u0131 kitablardan b\u0259hs etdik, h\u0259m\u00e7inin \u0259yl\u0259\u015fdiyi kabinetin Yaz\u0131\u00e7\u0131lar muzeyin\u0259 \u00e7evrilm\u0259si il\u0259 ba\u011fl\u0131 dan\u0131\u015fd\u0131q. Muzeyin g\u0259l\u0259c\u0259yi il\u0259 ba\u011fl\u0131 narahatl\u0131\u011f\u0131n\u0131 da b\u00f6l\u00fc\u015fd\u00fc.<\/p>\n<p><strong>ARANTV.AZ <\/strong>\u00a0\u00f6z\u0259l m\u00fcsahib\u0259ni t\u0259qdim edir:<\/p>\n<p><iframe src=\"https:\/\/www.youtube.com\/embed\/0bOTY1Vl_YM\" allowfullscreen=\"allowfullscreen\" data-mce-fragment=\"1\"><\/iframe><\/p>\n<p><strong>El\u015fad Pa\u015fasoy,<\/strong><br \/>\n<strong>Musavat.com<\/strong><\/p>\n<\/div>\n<div>\n<div class=\"form-group\"><img class=\"img-responsive\" src=\"https:\/\/cdn.musavat.com\/news\/images\/tahire\/392b8a7a-1a7f-4d94-a02f-25f02011c3df.jpg\" \/><\/div>\n<div class=\"form-group\"><img class=\"img-responsive\" src=\"https:\/\/cdn.musavat.com\/news\/images\/tahire\/8e7a5131-41a7-4b06-8dd6-f3c590126658.jpg\" \/><\/div>\n<div class=\"form-group\"><img class=\"img-responsive\" src=\"https:\/\/cdn.musavat.com\/news\/images\/tahire\/865740e9-37aa-4a8e-86e3-908390fd7bb6.jpg\" \/><\/div>\n<div class=\"form-group\"><img class=\"img-responsive\" src=\"https:\/\/cdn.musavat.com\/news\/images\/tahire\/ec261bd9-cfc7-463f-8b3c-ef60107b99bb.jpg\" \/><\/div>\n<div class=\"form-group\"><img class=\"img-responsive\" src=\"https:\/\/cdn.musavat.com\/news\/images\/tahire\/ec13626c-98a9-4c45-a3f9-3348d382d7e8.jpg\" \/><\/div>\n<\/div>\n","protected":false},"excerpt":{"rendered":"<p>Bu g\u00fcnl\u0259rd\u0259 Xalq yaz\u0131\u00e7\u0131s\u0131, Az\u0259rbaycan Yaz\u0131\u00e7\u0131lar Birliyinin s\u0259dri Anar\u0131n F\u0259xri Xiyabandan v\u0259 \u0130kinci F\u0259xri xiyabandan \u00e7\u0259kilmi\u015f videosu sosial \u015f\u0259b\u0259k\u0259d\u0259 v\u0259 mediada geni\u015f \u015f\u0259kild\u0259 payla\u015f\u0131ld\u0131, geni\u015f m\u00fczakir\u0259l\u0259r\u0259 s\u0259b\u0259b oldu. X\u00fcsusil\u0259 d\u0259 \u0259vv\u0259lki m\u00fcsahib\u0259l\u0259rind\u0259 dostlar\u0131n\u0131n \u00e7ox hiss\u0259sinin F\u0259xri Xiyabanda uyudu\u011funu dey\u0259n 86 ya\u015fl\u0131 yaz\u0131\u00e7\u0131n\u0131n bu g\u00f6r\u00fcnt\u00fcl\u0259ri reaksiya do\u011furmaya bilm\u0259zdi. Kadrlardan g\u00f6r\u00fcn\u00fcrd\u00fc ki, Anar m\u00fc\u0259llim aramla add\u0131mlayaraq Xiyabandak\u0131 dostlar\u0131n\u0131n, h\u0259m\u00e7inin atas\u0131 Xalq yaz\u0131\u00e7\u0131s\u0131 R\u0259sul Rzan\u0131n, anas\u0131 Xalq yaz\u0131\u00e7\u0131s\u0131 Nigar R\u0259fib\u0259ylinin m\u0259zarlar\u0131n\u0131 ziyar\u0259t edir, m\u0259zarlar \u00fcz\u0259rin\u0259 g\u00fcl d\u0259st\u0259l\u0259ri qoyur. Tama\u015fa\u00e7\u0131larda k\u00f6vr\u0259k hissl\u0259r do\u011furan bu kadrlarla ba\u011fl\u0131 Anar m\u00fc\u0259llimd\u0259n Musavat TV \u00fc\u00e7\u00fcn videom\u00fcsahib\u0259 alm\u0131\u015f\u0131q. F\u00fcrs\u0259t&hellip;<\/p>\n","protected":false},"author":2,"featured_media":729084,"comment_status":"closed","ping_status":"closed","sticky":false,"template":"","format":"standard","meta":{"om_disable_all_campaigns":false,"_monsterinsights_skip_tracking":false,"_monsterinsights_sitenote_active":false,"_monsterinsights_sitenote_note":"","_monsterinsights_sitenote_category":0},"categories":[1],"tags":[],"aioseo_notices":[],"gutentor_comment":0,"rttpg_featured_image_url":{"full":["https:\/\/arantv.az\/wp-content\/uploads\/2024\/06\/ebb31f2d91298fd6076055ab6193aa82.jpg",870,500,false],"landscape":["https:\/\/arantv.az\/wp-content\/uploads\/2024\/06\/ebb31f2d91298fd6076055ab6193aa82.jpg",870,500,false],"portraits":["https:\/\/arantv.az\/wp-content\/uploads\/2024\/06\/ebb31f2d91298fd6076055ab6193aa82.jpg",870,500,false],"thumbnail":["https:\/\/arantv.az\/wp-content\/uploads\/2024\/06\/ebb31f2d91298fd6076055ab6193aa82-500x280.jpg",500,280,true],"medium":["https:\/\/arantv.az\/wp-content\/uploads\/2024\/06\/ebb31f2d91298fd6076055ab6193aa82-635x365.jpg",635,365,true],"large":["https:\/\/arantv.az\/wp-content\/uploads\/2024\/06\/ebb31f2d91298fd6076055ab6193aa82-840x483.jpg",640,368,true],"1536x1536":["https:\/\/arantv.az\/wp-content\/uploads\/2024\/06\/ebb31f2d91298fd6076055ab6193aa82.jpg",870,500,false],"2048x2048":["https:\/\/arantv.az\/wp-content\/uploads\/2024\/06\/ebb31f2d91298fd6076055ab6193aa82.jpg",870,500,false],"post-thumbnail":["https:\/\/arantv.az\/wp-content\/uploads\/2024\/06\/ebb31f2d91298fd6076055ab6193aa82-240x172.jpg",240,172,true],"advps-thumb-one":["https:\/\/arantv.az\/wp-content\/uploads\/2024\/06\/ebb31f2d91298fd6076055ab6193aa82.jpg",870,500,false]},"rttpg_author":{"display_name":"V\u00fcsal Rafiqo\u011flu","author_link":"https:\/\/arantv.az\/?author=2"},"rttpg_comment":0,"rttpg_category":"<a href=\"https:\/\/arantv.az\/?cat=1\" rel=\"category\">C\u0259miyy\u0259t<\/a>","rttpg_excerpt":"Bu g\u00fcnl\u0259rd\u0259 Xalq yaz\u0131\u00e7\u0131s\u0131, Az\u0259rbaycan Yaz\u0131\u00e7\u0131lar Birliyinin s\u0259dri Anar\u0131n F\u0259xri Xiyabandan v\u0259 \u0130kinci F\u0259xri xiyabandan \u00e7\u0259kilmi\u015f videosu sosial \u015f\u0259b\u0259k\u0259d\u0259 v\u0259 mediada geni\u015f \u015f\u0259kild\u0259 payla\u015f\u0131ld\u0131, geni\u015f m\u00fczakir\u0259l\u0259r\u0259 s\u0259b\u0259b oldu. X\u00fcsusil\u0259 d\u0259 \u0259vv\u0259lki m\u00fcsahib\u0259l\u0259rind\u0259 dostlar\u0131n\u0131n \u00e7ox hiss\u0259sinin F\u0259xri Xiyabanda uyudu\u011funu dey\u0259n 86 ya\u015fl\u0131 yaz\u0131\u00e7\u0131n\u0131n bu g\u00f6r\u00fcnt\u00fcl\u0259ri reaksiya do\u011furmaya bilm\u0259zdi. Kadrlardan g\u00f6r\u00fcn\u00fcrd\u00fc ki, Anar m\u00fc\u0259llim aramla add\u0131mlayaraq Xiyabandak\u0131&hellip;","_links":{"self":[{"href":"https:\/\/arantv.az\/index.php?rest_route=\/wp\/v2\/posts\/729083"}],"collection":[{"href":"https:\/\/arantv.az\/index.php?rest_route=\/wp\/v2\/posts"}],"about":[{"href":"https:\/\/arantv.az\/index.php?rest_route=\/wp\/v2\/types\/post"}],"author":[{"embeddable":true,"href":"https:\/\/arantv.az\/index.php?rest_route=\/wp\/v2\/users\/2"}],"replies":[{"embeddable":true,"href":"https:\/\/arantv.az\/index.php?rest_route=%2Fwp%2Fv2%2Fcomments&post=729083"}],"version-history":[{"count":0,"href":"https:\/\/arantv.az\/index.php?rest_route=\/wp\/v2\/posts\/729083\/revisions"}],"wp:featuredmedia":[{"embeddable":true,"href":"https:\/\/arantv.az\/index.php?rest_route=\/wp\/v2\/media\/729084"}],"wp:attachment":[{"href":"https:\/\/arantv.az\/index.php?rest_route=%2Fwp%2Fv2%2Fmedia&parent=729083"}],"wp:term":[{"taxonomy":"category","embeddable":true,"href":"https:\/\/arantv.az\/index.php?rest_route=%2Fwp%2Fv2%2Fcategories&post=729083"},{"taxonomy":"post_tag","embeddable":true,"href":"https:\/\/arantv.az\/index.php?rest_route=%2Fwp%2Fv2%2Ftags&post=729083"}],"curies":[{"name":"wp","href":"https:\/\/api.w.org\/{rel}","templated":true}]}}