{"id":729090,"date":"2024-06-10T21:14:30","date_gmt":"2024-06-10T17:14:30","guid":{"rendered":"https:\/\/arantv.az\/?p=729090"},"modified":"2024-06-10T21:14:30","modified_gmt":"2024-06-10T17:14:30","slug":"%c9%99m%c9%99k-v%c9%99-%c9%99halinin-sosial-mudafi%c9%99si-nazirliyind%c9%99-iordaniyanin-olk%c9%99mizd%c9%99ki-s%c9%99firi-il%c9%99-gorus-olubfoto","status":"publish","type":"post","link":"https:\/\/arantv.az\/?p=729090","title":{"rendered":"\u018fm\u0259k v\u0259 \u018fhalinin Sosial M\u00fcdafi\u0259si Nazirliyind\u0259 \u0130ordaniyan\u0131n \u00f6lk\u0259mizd\u0259ki s\u0259firi il\u0259 g\u00f6r\u00fc\u015f olubFOTO"},"content":{"rendered":"<p>\u00d6t\u0259n il \u0130slam \u018fm\u0259kda\u015fl\u0131q T\u0259\u015fkilat\u0131na (\u0130\u018fT) \u00fczv d\u00f6vl\u0259tl\u0259rin \u0259m\u0259k nazirl\u0259rinin \u00f6lk\u0259mizd\u0259 ke\u00e7iril\u0259n 5-ci konfrans\u0131 \u00e7\u0259r\u00e7iv\u0259sind\u0259 T\u0259\u015fkilat\u0131n Bak\u0131da a\u00e7\u0131l\u0131\u015f\u0131 olan \u018fm\u0259k M\u0259rk\u0259zi \u0130slam \u00f6lk\u0259l\u0259ri aras\u0131nda \u0259m\u0259k, m\u0259\u015f\u011fulluq, sosial m\u00fcdafi\u0259, insan kapital\u0131n\u0131n inki\u015faf\u0131 sah\u0259l\u0259rind\u0259 \u0259laq\u0259l\u0259ri geni\u015fl\u0259ndirm\u0259y\u0259 xidm\u0259t edir.<\/p>\n<p>Bu bar\u0259d\u0259 \u0130ordaniya Ha\u015fimil\u0259r Krall\u0131\u011f\u0131n\u0131n \u00f6lk\u0259mizd\u0259 yeni t\u0259yin olunmu\u015f f\u00f6vq\u0259lad\u0259 v\u0259 s\u0259lahiyy\u0259tli s\u0259firi \u00d6m\u0259r B\u0259r\u0259k\u0259t \u0259l-Naharla \u018fm\u0259k v\u0259 \u018fhalinin Sosial M\u00fcdafi\u0259si Nazirliyind\u0259 ke\u00e7iril\u0259n g\u00f6r\u00fc\u015fd\u0259 vur\u011fulan\u0131b.<\/p>\n<p>\u018fm\u0259k v\u0259 \u0259halinin sosial m\u00fcdafi\u0259si naziri Sahil Babayev Az\u0259rbaycanla \u0130ordaniya aras\u0131nda m\u00fcnasib\u0259tl\u0259rin y\u00fcks\u0259k s\u0259viyy\u0259d\u0259 oldu\u011funu bildirib. Az\u0259rbaycanda son ill\u0259r apar\u0131lan sosial islahatlar v\u0259 \u0259ld\u0259 olunan nailiyy\u0259tl\u0259r bar\u0259d\u0259 s\u0259fir\u0259 m\u0259lumat verilib.<\/p>\n<p>\u0130ki \u00f6lk\u0259nin \u0259m\u0259k v\u0259 sosial m\u00fcdafi\u0259 sah\u0259sind\u0259 \u0259m\u0259kda\u015fl\u0131\u011f\u0131n\u0131n geni\u015fl\u0259ndirilm\u0259sinin \u00f6n\u0259mi qeyd edilib. Bununla ba\u011fl\u0131 ikit\u0259r\u0259fli \u0259m\u0259kda\u015fl\u0131q \u00fc\u00e7\u00fcn s\u0259n\u0259d layih\u0259sinin d\u0259 haz\u0131rland\u0131\u011f\u0131 bildirilib.<\/p>\n<p>\u00d6m\u0259r B\u0259r\u0259k\u0259t \u0259l-Nahar \u00f6lk\u0259l\u0259rimiz aras\u0131nda \u0259laq\u0259l\u0259rin daim inki\u015fafda olmas\u0131n\u0131n m\u0259mnunluq do\u011furdu\u011funu, sosial sah\u0259d\u0259 d\u0259 ikit\u0259r\u0259fli \u0259m\u0259kda\u015fl\u0131\u011f\u0131n inki\u015faf\u0131na t\u00f6hf\u0259 verm\u0259k \u0259zmind\u0259 oldu\u011funu diqq\u0259t\u0259 \u00e7atd\u0131r\u0131b.<\/p>\n<p>G\u00f6r\u00fc\u015fd\u0259 iki \u00f6lk\u0259 aras\u0131nda sosial sah\u0259d\u0259 g\u0259l\u0259c\u0259k \u0259m\u0259kda\u015fl\u0131\u011fa, habel\u0259 \u0130\u018fT-in Bak\u0131da yarad\u0131lm\u0131\u015f \u018fm\u0259k M\u0259rk\u0259zinin \u00fczv \u00f6lk\u0259l\u0259r \u00fc\u00e7\u00fcn \u00f6n\u0259min\u0259 dair fikir m\u00fcbadil\u0259si apar\u0131l\u0131b.<\/p>\n<p><img src=\"https:\/\/sosial.gov.az\/resized\/resize1920\/center\/pages\/12009\/1718028124-234242.JPG\" width=\"700\" \/><\/p>\n","protected":false},"excerpt":{"rendered":"<p>\u00d6t\u0259n il \u0130slam \u018fm\u0259kda\u015fl\u0131q T\u0259\u015fkilat\u0131na (\u0130\u018fT) \u00fczv d\u00f6vl\u0259tl\u0259rin \u0259m\u0259k nazirl\u0259rinin \u00f6lk\u0259mizd\u0259 ke\u00e7iril\u0259n 5-ci konfrans\u0131 \u00e7\u0259r\u00e7iv\u0259sind\u0259 T\u0259\u015fkilat\u0131n Bak\u0131da a\u00e7\u0131l\u0131\u015f\u0131 olan \u018fm\u0259k M\u0259rk\u0259zi \u0130slam \u00f6lk\u0259l\u0259ri aras\u0131nda \u0259m\u0259k, m\u0259\u015f\u011fulluq, sosial m\u00fcdafi\u0259, insan kapital\u0131n\u0131n inki\u015faf\u0131 sah\u0259l\u0259rind\u0259 \u0259laq\u0259l\u0259ri geni\u015fl\u0259ndirm\u0259y\u0259 xidm\u0259t edir. Bu bar\u0259d\u0259 \u0130ordaniya Ha\u015fimil\u0259r Krall\u0131\u011f\u0131n\u0131n \u00f6lk\u0259mizd\u0259 yeni t\u0259yin olunmu\u015f f\u00f6vq\u0259lad\u0259 v\u0259 s\u0259lahiyy\u0259tli s\u0259firi \u00d6m\u0259r B\u0259r\u0259k\u0259t \u0259l-Naharla \u018fm\u0259k v\u0259 \u018fhalinin Sosial M\u00fcdafi\u0259si Nazirliyind\u0259 ke\u00e7iril\u0259n g\u00f6r\u00fc\u015fd\u0259 vur\u011fulan\u0131b. \u018fm\u0259k v\u0259 \u0259halinin sosial m\u00fcdafi\u0259si naziri Sahil Babayev Az\u0259rbaycanla \u0130ordaniya aras\u0131nda m\u00fcnasib\u0259tl\u0259rin y\u00fcks\u0259k s\u0259viyy\u0259d\u0259 oldu\u011funu bildirib. Az\u0259rbaycanda son ill\u0259r apar\u0131lan sosial islahatlar v\u0259 \u0259ld\u0259 olunan nailiyy\u0259tl\u0259r bar\u0259d\u0259 s\u0259fir\u0259 m\u0259lumat&hellip;<\/p>\n","protected":false},"author":2,"featured_media":729091,"comment_status":"closed","ping_status":"closed","sticky":false,"template":"","format":"standard","meta":{"om_disable_all_campaigns":false,"_monsterinsights_skip_tracking":false,"_monsterinsights_sitenote_active":false,"_monsterinsights_sitenote_note":"","_monsterinsights_sitenote_category":0},"categories":[26],"tags":[],"aioseo_notices":[],"gutentor_comment":0,"rttpg_featured_image_url":{"full":["https:\/\/arantv.az\/wp-content\/uploads\/2024\/06\/41538b9678afb86f9269ecbedc469d98.jpg",870,500,false],"landscape":["https:\/\/arantv.az\/wp-content\/uploads\/2024\/06\/41538b9678afb86f9269ecbedc469d98.jpg",870,500,false],"portraits":["https:\/\/arantv.az\/wp-content\/uploads\/2024\/06\/41538b9678afb86f9269ecbedc469d98.jpg",870,500,false],"thumbnail":["https:\/\/arantv.az\/wp-content\/uploads\/2024\/06\/41538b9678afb86f9269ecbedc469d98-500x280.jpg",500,280,true],"medium":["https:\/\/arantv.az\/wp-content\/uploads\/2024\/06\/41538b9678afb86f9269ecbedc469d98-635x365.jpg",635,365,true],"large":["https:\/\/arantv.az\/wp-content\/uploads\/2024\/06\/41538b9678afb86f9269ecbedc469d98-840x483.jpg",640,368,true],"1536x1536":["https:\/\/arantv.az\/wp-content\/uploads\/2024\/06\/41538b9678afb86f9269ecbedc469d98.jpg",870,500,false],"2048x2048":["https:\/\/arantv.az\/wp-content\/uploads\/2024\/06\/41538b9678afb86f9269ecbedc469d98.jpg",870,500,false],"post-thumbnail":["https:\/\/arantv.az\/wp-content\/uploads\/2024\/06\/41538b9678afb86f9269ecbedc469d98-240x172.jpg",240,172,true],"advps-thumb-one":["https:\/\/arantv.az\/wp-content\/uploads\/2024\/06\/41538b9678afb86f9269ecbedc469d98.jpg",870,500,false]},"rttpg_author":{"display_name":"V\u00fcsal Rafiqo\u011flu","author_link":"https:\/\/arantv.az\/?author=2"},"rttpg_comment":0,"rttpg_category":"<a href=\"https:\/\/arantv.az\/?cat=26\" rel=\"category\">Sosial<\/a>","rttpg_excerpt":"\u00d6t\u0259n il \u0130slam \u018fm\u0259kda\u015fl\u0131q T\u0259\u015fkilat\u0131na (\u0130\u018fT) \u00fczv d\u00f6vl\u0259tl\u0259rin \u0259m\u0259k nazirl\u0259rinin \u00f6lk\u0259mizd\u0259 ke\u00e7iril\u0259n 5-ci konfrans\u0131 \u00e7\u0259r\u00e7iv\u0259sind\u0259 T\u0259\u015fkilat\u0131n Bak\u0131da a\u00e7\u0131l\u0131\u015f\u0131 olan \u018fm\u0259k M\u0259rk\u0259zi \u0130slam \u00f6lk\u0259l\u0259ri aras\u0131nda \u0259m\u0259k, m\u0259\u015f\u011fulluq, sosial m\u00fcdafi\u0259, insan kapital\u0131n\u0131n inki\u015faf\u0131 sah\u0259l\u0259rind\u0259 \u0259laq\u0259l\u0259ri geni\u015fl\u0259ndirm\u0259y\u0259 xidm\u0259t edir. Bu bar\u0259d\u0259 \u0130ordaniya Ha\u015fimil\u0259r Krall\u0131\u011f\u0131n\u0131n \u00f6lk\u0259mizd\u0259 yeni t\u0259yin olunmu\u015f f\u00f6vq\u0259lad\u0259 v\u0259 s\u0259lahiyy\u0259tli s\u0259firi \u00d6m\u0259r B\u0259r\u0259k\u0259t \u0259l-Naharla \u018fm\u0259k v\u0259 \u018fhalinin&hellip;","_links":{"self":[{"href":"https:\/\/arantv.az\/index.php?rest_route=\/wp\/v2\/posts\/729090"}],"collection":[{"href":"https:\/\/arantv.az\/index.php?rest_route=\/wp\/v2\/posts"}],"about":[{"href":"https:\/\/arantv.az\/index.php?rest_route=\/wp\/v2\/types\/post"}],"author":[{"embeddable":true,"href":"https:\/\/arantv.az\/index.php?rest_route=\/wp\/v2\/users\/2"}],"replies":[{"embeddable":true,"href":"https:\/\/arantv.az\/index.php?rest_route=%2Fwp%2Fv2%2Fcomments&post=729090"}],"version-history":[{"count":0,"href":"https:\/\/arantv.az\/index.php?rest_route=\/wp\/v2\/posts\/729090\/revisions"}],"wp:featuredmedia":[{"embeddable":true,"href":"https:\/\/arantv.az\/index.php?rest_route=\/wp\/v2\/media\/729091"}],"wp:attachment":[{"href":"https:\/\/arantv.az\/index.php?rest_route=%2Fwp%2Fv2%2Fmedia&parent=729090"}],"wp:term":[{"taxonomy":"category","embeddable":true,"href":"https:\/\/arantv.az\/index.php?rest_route=%2Fwp%2Fv2%2Fcategories&post=729090"},{"taxonomy":"post_tag","embeddable":true,"href":"https:\/\/arantv.az\/index.php?rest_route=%2Fwp%2Fv2%2Ftags&post=729090"}],"curies":[{"name":"wp","href":"https:\/\/api.w.org\/{rel}","templated":true}]}}