{"id":729139,"date":"2024-06-11T09:16:51","date_gmt":"2024-06-11T05:16:51","guid":{"rendered":"https:\/\/arantv.az\/?p=729139"},"modified":"2024-06-11T09:16:51","modified_gmt":"2024-06-11T05:16:51","slug":"qurban-h%c9%99ft%c9%99si-basladi-n%c9%99-olar-n%c9%99-olmaz-tovsiy%c9%99l%c9%99r","status":"publish","type":"post","link":"https:\/\/arantv.az\/?p=729139","title":{"rendered":"Qurban h\u0259ft\u0259si ba\u015flad\u0131: n\u0259 olar, n\u0259 olmaz? &#8211; t\u00f6vsiy\u0259l\u0259r"},"content":{"rendered":"<h3><strong>R\u0259sul Mirh\u0259\u015fimli: \u201c\u201cQurbanl\u0131q \u0259t sat\u0131l\u0131r\u201d ad\u0131 alt\u0131nda bu bayram\u0131n t\u0259nt\u0259n\u0259sini alver predmetin\u0259 \u00e7evirm\u0259k olmaz\u201d<\/strong><\/h3>\n<p>\u0130yunun 16-s\u0131 v\u0259 17-d\u0259 Az\u0259rbaycanda Qurban bayram\u0131 qeyd olunacaq.\u00a0 H\u0259r il oldu\u011fu kimi, m\u0259scidl\u0259rd\u0259 Qurban bayram\u0131n\u0131n namaz\u0131 q\u0131l\u0131nacaq. Qafqaz M\u00fcs\u0259lmanlar\u0131 \u0130dar\u0259sind\u0259n veril\u0259n m\u0259lumata g\u00f6r\u0259, b\u0259zi m\u0259scidl\u0259rd\u0259 bayram namaz\u0131 saat 08:00, b\u0259zil\u0259rind\u0259 is\u0259 09:00-da q\u0131l\u0131nacaq. M\u0259scid imamlar\u0131n\u0131n \u00f6z camaat\u0131na uy\u011fun vaxt t\u0259yin ed\u0259 bilm\u0259si m\u00fcmk\u00fcnd\u00fcr. Odur ki, namaz rayon yerl\u0259rind\u0259 daha tez, \u015f\u0259h\u0259r yerl\u0259rind\u0259 bir az gec q\u0131l\u0131na bil\u0259r.<\/p>\n<p>\u0130lahiyyat\u00e7\u0131 R\u0259sul Mirh\u0259\u015fimli \u201cYeni M\u00fcsavat\u201da \u015f\u0259rhind\u0259 bildirdi ki, Qurban bayram\u0131 \u0130slam dinind\u0259 iki vacib bayramdan biridir: \u201cBu bayram hicri-q\u0259m\u0259ri t\u0259qvimi \u00fczr\u0259 Zilhicc\u0259 ay\u0131n\u0131n 10-da m\u00fcs\u0259lman al\u0259mind\u0259 b\u00f6y\u00fck co\u015fqu il\u0259 qeyd edilir. Qurban k\u0259sm\u0259k simvol olaraq mahiyy\u0259tini Qurani-K\u0259rimd\u0259n al\u0131r, Hz.\u0130brahimin (\u0259) yuxusunda g\u00f6rd\u00fckl\u0259rini ger\u00e7\u0259kl\u0259\u015fdirm\u0259k ist\u0259diyi, Allah\u0131n pey\u011f\u0259mb\u0259rin\u0259 \u0259ta etdiyi qurbanl\u0131q \u0259n\u0259n\u0259sinin hikm\u0259tind\u0259n al\u0131r.<\/p>\n<p>Qurban s\u00f6z\u00fcn\u00fcn m\u0259nas\u0131 \u201cyax\u0131nla\u015fmaq\u201d k\u00f6k\u00fcnd\u0259n g\u0259lir, y\u0259ni bu ibad\u0259tin \u0259sas anlam\u0131 Allaha yax\u0131nla\u015fmaqd\u0131r. H\u0259r i\u015find\u0259 Allah\u0131 v\u0259kil ed\u0259n, h\u0259yat\u0131na b\u0259x\u015f edil\u0259n nem\u0259tl\u0259r\u0259 g\u00f6r\u0259 \u015f\u00fck\u00fcr ed\u0259n h\u0259r k\u0259s bu bayram\u0131n ger\u00e7\u0259k anlam\u0131n\u0131 d\u0259rk edir. B\u00fct\u00fcn ibad\u0259tl\u0259r Allahla b\u0259nd\u0259 aras\u0131nda ger\u00e7\u0259kl\u0259\u015fir. Qurbanl\u0131q bir d\u0259 o ibad\u0259td\u0259ndir ki, m\u00fcs\u0259lmanlar imkan\u0131 olmayan insanlar\u0131 bu bayram g\u00fcn\u00fcnd\u0259 qurbanl\u0131q pay\u0131 il\u0259 sevindirm\u0259yi niyy\u0259t edir. Dinimizin t\u0259\u015fviq etdiyi yard\u0131mla\u015fmaq mesaj\u0131 bir d\u0259 Qurban bayram\u0131 zaman\u0131 daha geni\u015f \u015f\u0259kild\u0259 \u00f6z\u00fcn\u00fc g\u00f6st\u0259rir.<\/p>\n<p>H\u0259r i\u015find\u0259 Allaha t\u0259v\u0259kk\u00fcl ed\u0259n b\u0259nd\u0259 bu bayramda bir daha Allaha y\u00f6n\u0259lir, yard\u0131m etm\u0259kl\u0259 R\u0259bbinin raz\u0131l\u0131\u011f\u0131n\u0131 qazanmaq ist\u0259yir. \u0130nsan\u0131n R\u0259bbi d\u0259 buyurur: \u201cM\u0259n\u0259 y\u00f6n\u0259lin ki, i\u015fl\u0259rinizi h\u0259ll edim\u201d.<\/p>\n<p><img loading=\"lazy\" src=\"https:\/\/cdn.musavat.com\/news\/thumbnails\/55cc5f223fb20bc7a37a134bd6bc0bee.jpg\" alt=\"Resul.jpeg (154 KB)\" width=\"800\" height=\"640\" \/><\/p>\n<p><strong>R\u0259sul Mirh\u0259\u015fimli<\/strong><\/p>\n<p>R.Mirh\u0259\u015fimli vur\u011fulad\u0131 ki, Qurban bayram\u0131 \u0259n \u0259sas\u0131 H\u0259cc ziyar\u0259tind\u0259 \u00f6z\u00fcn\u00fcn b\u00f6y\u00fck t\u0259nt\u0259n\u0259si il\u0259 z\u00fchur edir: \u201cD\u00fcnyan\u0131n h\u0259r yerind\u0259n imkan\u0131 olan m\u00fcs\u0259lmanlar bu vacib ibad\u0259ti yerin\u0259 yetirm\u0259k \u00fc\u00e7\u00fcn M\u0259kk\u0259y\u0259 yollan\u0131r. H\u0259ccd\u0259 olmayan, maddi imkan\u0131 normal olan m\u00fcs\u0259lmanlar da qurbanl\u0131q heyvan k\u0259s\u0259 bil\u0259r. Lakin bu ibad\u0259t h\u0259cd\u0259 olmayan m\u00fcs\u0259lmana vacib deyil. Qurbanl\u0131q heyvanlar\u0131n k\u0259silm\u0259sind\u0259 \u0259sas \u015f\u0259rt onu Allah\u0131n ad\u0131na k\u0259sm\u0259kdir. Hans\u0131sa probleminin h\u0259llini niyy\u0259t edib, bu s\u0259b\u0259bd\u0259n qurban k\u0259sm\u0259y\u0259 bu bayram g\u00fcnl\u0259rind\u0259 icaz\u0259 verilmir.<\/p>\n<p><strong>Qurbanl\u0131q heyvanlar\u0131n se\u00e7ilm\u0259si il\u0259 ba\u011fl\u0131 islam fiqhi konkret g\u00f6st\u0259ri\u015fl\u0259r ortaya qoyur. \u00dcmid edir\u0259m ki, qurban k\u0259s\u0259n m\u00fcs\u0259lmanlar da bununla ba\u011fl\u0131 yet\u0259rinc\u0259 m\u0259lumata malikdir. B\u00f6y\u00fck ba\u015f heyvanlar\u0131 \u015f\u0259rikli qurban k\u0259sm\u0259k icaz\u0259si d\u0259 var.<\/strong><\/p>\n<p>Dini g\u00f6st\u0259ri\u015fl\u0259r\u0259 g\u00f6r\u0259 \u0259qli c\u0259h\u0259td\u0259n sa\u011flam, azad, maddi c\u0259h\u0259td\u0259n qurban k\u0259sm\u0259y\u0259 imkan\u0131 olan m\u00fcs\u0259lmanlar Yaradan\u0131n raz\u0131l\u0131\u011f\u0131n\u0131 qazanmaq \u00fc\u00e7\u00fcn qurban k\u0259sm\u0259kl\u0259 Uca Allaha yax\u0131nla\u015f\u0131r, h\u0259m d\u0259 maddi durumu yet\u0259rli olmad\u0131\u011f\u0131 \u00fc\u00e7\u00fcn qurban k\u0259s\u0259 bilm\u0259y\u0259nl\u0259r\u0259 yard\u0131m edir. Bu ibad\u0259t ruhunda Allaha yax\u0131nl\u0131q, xalqa f\u0259dakarl\u0131q anlay\u0131\u015f\u0131 var. Qurban k\u0259sm\u0259k m\u00fcs\u0259lman\u0131n laz\u0131m g\u0259ldikd\u0259 b\u00fct\u00fcn varl\u0131\u011f\u0131n\u0131 Allah yolunda qurban verm\u0259y\u0259 haz\u0131r oldu\u011funa i\u015far\u0259dir.<\/p>\n<p>Bir d\u0259 onu qeyd edim ki, Qurban bayram\u0131 g\u00fcnl\u0259rind\u0259 b\u0259zi \u0259t d\u00fckanlar\u0131nda sat\u0131lan \u0259tin \u00fcz\u0259rind\u0259 \u201cQurbanl\u0131q \u0259t sat\u0131l\u0131r\u201d l\u00f6vh\u0259sin\u0259 rast g\u0259lm\u0259k olur. Bu, dinimizin qurban k\u0259sm\u0259k bar\u0259d\u0259 qaydalar\u0131na tamamil\u0259 ziddir. \u00c7\u00fcnki qurban k\u0259sil\u0259n \u0259t he\u00e7 bir halda sat\u0131la bilm\u0259z. Qurban k\u0259sib, k\u0259sil\u0259n heyvan\u0131n \u0259tind\u0259n pay verm\u0259k maddi c\u0259h\u0259td\u0259n imkan\u0131 a\u015fa\u011f\u0131 olan insanlar\u0131 sevindirm\u0259k \u00fc\u00e7\u00fcn n\u0259z\u0259rd\u0259 tutulur. \u201cQurbanl\u0131q \u0259t sat\u0131l\u0131r\u201d ad\u0131 alt\u0131nda bu bayram\u0131n t\u0259nt\u0259n\u0259sini alver predmetin\u0259 \u00e7evirm\u0259k olmaz.<\/p>\n<p><strong>Allah bu bayram g\u00fcnl\u0259rind\u0259 k\u0259sil\u0259n b\u00fct\u00fcn qurbanlar\u0131 q\u0259bul etsin. Allah b\u00fct\u00fcn m\u00fcs\u0259lmanlara qurban k\u0259s\u0259 bilm\u0259k imkan\u0131 n\u0259sib etsin!&#8221;<\/strong><\/p>\n<p><strong><img src=\"https:\/\/files.modern.az\/articles\/2022\/08\/30\/1661842053_404613.jpg\" alt=\"Deputat Ceyhun M\u0259mm\u0259dovun atas\u0131 v\u0259fat etdi\" \/><\/strong><\/p>\n<p><strong>\u00a0Ceyhun M\u0259mm\u0259dov<\/strong><\/p>\n<p>M\u00f6vzu il\u0259 \u0259laq\u0259dar mill\u0259t v\u0259kili Ceyhun M\u0259mm\u0259dovun da fikirl\u0259rini \u00f6yr\u0259ndik. Mill\u0259t v\u0259kili \u201cYeni M\u00fcsavat\u201da a\u00e7\u0131qlamas\u0131nda bayramla ba\u011fl\u0131 t\u00f6vsiy\u0259l\u0259rini b\u00f6l\u00fc\u015fd\u00fc: \u201cH\u0259r il oldu\u011fu kimi, bu il d\u0259 qurban k\u0259sdirm\u0259yi planla\u015fd\u0131r\u0131ram. \u0130mkan\u0131 olan h\u0259r bir m\u00fcs\u0259lman bu f\u00fcrs\u0259td\u0259n istifad\u0259 ed\u0259r\u0259k qurban k\u0259sm\u0259lidir v\u0259 imkans\u0131z \u015f\u0259xsl\u0259r\u0259 paylamal\u0131d\u0131r. B\u00fct\u00fcn imkanl\u0131 \u015f\u0259xsl\u0259r\u0259 ilk n\u00f6vb\u0259d\u0259 qohum-\u0259qr\u0259baya, ikinci n\u00f6vb\u0259d\u0259 is\u0259 imkans\u0131zlara qurban pay\u0131 verm\u0259yi t\u00f6vsiy\u0259 edir\u0259m. Bunun \u00e7ox b\u00f6y\u00fck savab\u0131 var. El\u0259 insanlar var ki, qurbanl\u0131q \u0259t\u0259 ehtiyac\u0131 var. He\u00e7 d\u0259 h\u0259r k\u0259sin qurban k\u0259sm\u0259y\u0259 imkan\u0131 yoxdur. O c\u00fcml\u0259d\u0259n h\u0259r k\u0259sin \u0259t yem\u0259k imkan\u0131 yoxdur. Bu m\u0259nada bu b\u00f6y\u00fck bir savabd\u0131r. Bu dinimizin biz\u0259 verdiyi b\u00f6y\u00fck bir l\u00fctfd\u00fcr. T\u0259\u0259ss\u00fcf ki, b\u0259zi hallarda qurban\u0131 k\u0259s\u0259n \u015f\u0259xs onu yaln\u0131z \u00f6z\u00fc yeyir. Dinimiz\u0259 g\u00f6r\u0259 qurban\u0131n \u00fc\u00e7 yer\u0259 b\u00f6l\u00fcnm\u0259si t\u00f6vsiy\u0259 olunur: bir hiss\u0259si \u00f6z\u00fcn\u0259, bir hiss\u0259si qohumlara, bir hiss\u0259si is\u0259 qon\u015fulara paylanmal\u0131d\u0131r. Eyni zamanda gigiyenik qaydalara riay\u0259t etm\u0259yi t\u00f6vsiy\u0259 edir\u0259m. Dinimiz\u0259 g\u00f6r\u0259 m\u00fctl\u0259q n\u0259z\u0259r\u0259 al\u0131nas\u0131 m\u0259s\u0259l\u0259l\u0259rd\u0259n biri d\u0259 heyvan\u0131n dig\u0259r heyvanlar\u0131n yan\u0131nda k\u0259silm\u0259m\u0259sidir. Bu g\u00fcnahd\u0131r. H\u0259m\u00e7inin heyvanlar\u0131 k\u0259s\u0259rk\u0259n onlara \u0259ziyy\u0259t verm\u0259k olmaz. Bu da dinimizin \u0259n \u00f6n\u0259mli t\u0259l\u0259bl\u0259rind\u0259n biridir. Dinimizin, bayramlar\u0131n biz\u0259 yaratd\u0131\u011f\u0131 imkanlardan v\u0259 f\u00fcrs\u0259tl\u0259rd\u0259n\u00a0 d\u00fczg\u00fcn \u015f\u0259kild\u0259 yararlanma\u011fa \u00e7al\u0131\u015fmal\u0131y\u0131q. Allah h\u0259r k\u0259s\u0259 qurban k\u0259sm\u0259yi qism\u0259t el\u0259sin! Allah h\u0259r k\u0259sin qurban\u0131n\u0131 q\u0259bul etsin!\u201d<\/p>\n<p><img loading=\"lazy\" src=\"https:\/\/files.modern.az\/articles\/2024\/01\/25\/1706176577_tural-abbasli-11.jpg\" alt=\"Tural Abbasl\u0131 se\u00e7kil\u0259rd\u0259 kim\u0259 s\u0259s ver\u0259c\u0259k? - \u00d6z\u00fc A\u00c7IQLADI\" width=\"1043\" height=\"695\" \/><\/p>\n<p><strong>Tural Abbasl\u0131\u00a0<\/strong><\/p>\n<p><strong>A\u011e Partiya s\u0259dri Tural Abbasl\u0131 is\u0259 \u201cYeni M\u00fcsavat\u201da m\u00f6vzu il\u0259 ba\u011fl\u0131 bunlar\u0131 dedi: \u201cAllah\u0131n izni il\u0259 qurban k\u0259sm\u0259k niyy\u0259tim var. \u00c7\u00fcnki \u0130slam\u0131n iki m\u00fcq\u0259dd\u0259s bayram\u0131 var &#8211; Ramazan v\u0259 Qurban. Qurban bayram\u0131nda imkan\u0131 olan \u015f\u0259xsl\u0259rin qurban k\u0259sm\u0259si f\u0259rzdir. Bu, h\u0259r bir m\u00fcs\u0259lman\u0131n borcudur. Son 4-5 ild\u0259 g\u00fcc\u00fcm \u00e7atan q\u0259d\u0259r qurban k\u0259sir\u0259m. Bu,\u00a0 h\u0259m Allah\u0131n \u0259mrini icra etm\u0259k, h\u0259m d\u0259 imkans\u0131z ail\u0259l\u0259r\u0259 d\u0259st\u0259k dem\u0259kdir. Allah h\u0259r k\u0259sin ibad\u0259tini, orucunu, qurban\u0131n\u0131 q\u0259bul etsin!\u201d\u00a0<\/strong><\/p>\n<p>Az\u0259rbaycan Qida T\u0259hl\u00fck\u0259sizliyi Agentliyind\u0259n (AQTA) m\u0259tbuata veril\u0259n m\u0259lumata g\u00f6r\u0259, Qurban bayram\u0131 g\u00fcnl\u0259rind\u0259 daha \u00e7ox heyvan\u0131n k\u0259simi v\u0259 sat\u0131\u015f\u0131n\u0131n h\u0259yata ke\u00e7irildiyini n\u0259z\u0259r\u0259 alaraq, aidiyy\u0259ti d\u00f6vl\u0259t orqanlar\u0131 il\u0259 birg\u0259 \u0259halinin t\u0259hl\u00fck\u0259siz \u0259t v\u0259 \u0259t m\u0259hsullar\u0131 il\u0259 t\u0259min edilm\u0259si istiqam\u0259tind\u0259 h\u0259yata ke\u00e7iril\u0259n t\u0259dbirl\u0259rin miqyas\u0131 daha da geni\u015fl\u0259ndiril\u0259c\u0259k.<\/p>\n<p>Qeyd olunub ki, 16-17 iyunda qeyd olunacaq Qurban bayram\u0131 g\u00fcnl\u0259rind\u0259 \u0259vv\u0259lki ill\u0259rd\u0259 oldu\u011fu kimi qurbanl\u0131q heyvan k\u0259simi v\u0259 sat\u0131\u015f\u0131 xidm\u0259tl\u0259ri m\u00fcvafiq qurumlarla birlikd\u0259 \u0259vv\u0259lc\u0259d\u0259n m\u00fc\u0259yy\u0259nl\u0259\u015fdirilmi\u015f \u00fcnvanlarda t\u0259\u015fkil edil\u0259c\u0259k.<\/p>\n<p>Haz\u0131rda \u00f6lk\u0259 \u00fczr\u0259 heyvan k\u0259simi v\u0259 sat\u0131\u015f\u0131 m\u0259nt\u0259q\u0259l\u0259rind\u0259 agentlik t\u0259r\u0259find\u0259n monitorinql\u0259r ke\u00e7irilir. Apar\u0131lan monitorinql\u0259rin n\u0259tic\u0259l\u0259rin\u0259 uy\u011fun olaraq, qurbanl\u0131q heyvanlar\u0131n k\u0259simi v\u0259 sat\u0131\u015f\u0131 yerl\u0259rinin \u00fcnvanlar\u0131 yax\u0131n g\u00fcnl\u0259rd\u0259 Agentliyin sayt\u0131nda (afsa.gov.az) yerl\u0259\u015fdiril\u0259c\u0259k v\u0259 siyah\u0131 geni\u015f ictimaiyy\u0259t\u0259 a\u00e7\u0131qlanacaq. Bu \u00fcnvanlarda baytarl\u0131q n\u0259zar\u0259tind\u0259n ke\u00e7mi\u015f qurbanl\u0131q heyvanlar sifari\u015f\u00e7il\u0259r\u0259 t\u0259qdim olunacaq, heyvanlar\u0131n k\u0259simi is\u0259 baytarl\u0131q-sanitariya t\u0259l\u0259bl\u0259rin\u0259 cavab ver\u0259n m\u0259nt\u0259q\u0259l\u0259rd\u0259 apar\u0131lacaq. Bununla yana\u015f\u0131, v\u0259t\u0259nda\u015flar\u0131n t\u0259l\u0259bat\u0131 n\u0259z\u0259r\u0259 al\u0131nmaqla bir s\u0131ra regionlarda AQTA il\u0259 raz\u0131la\u015fd\u0131r\u0131lmaqla, yerli icra orqanlar\u0131 t\u0259r\u0259find\u0259n s\u0259yyar heyvan k\u0259simi \u00e7ad\u0131rlar\u0131 qura\u015fd\u0131r\u0131laraq qurbanl\u0131q heyvanlar\u0131n baytarl\u0131q n\u0259zar\u0259ti alt\u0131nda k\u0259simi v\u0259 sat\u0131\u015f\u0131 n\u0259z\u0259rd\u0259 tutulur. K\u0259sim yaln\u0131z \u0259vv\u0259lc\u0259d\u0259n t\u0259yin olunmu\u015f heyvan k\u0259simi m\u0259nt\u0259q\u0259l\u0259rind\u0259, qurbanl\u0131q heyvanlar\u0131n c\u0259md\u0259kl\u0259rinin sat\u0131\u015f\u0131 is\u0259 m\u00fcvafiq sat\u0131\u015f \u015f\u0259b\u0259k\u0259l\u0259rind\u0259 h\u0259yata ke\u00e7iril\u0259c\u0259k.<\/p>\n<p>Agentlik v\u0259t\u0259nda\u015flar\u0131 v\u0259 bu sah\u0259d\u0259 f\u0259aliyy\u0259t g\u00f6st\u0259r\u0259n \u015f\u0259xsl\u0259ri heyvan k\u0259simini m\u00fcq\u0259dd\u0259s dini ayinl\u0259rl\u0259 yana\u015f\u0131, m\u00fcvafiq qanunvericiliyin t\u0259l\u0259bl\u0259rin\u0259 uy\u011fun h\u0259yata ke\u00e7irm\u0259y\u0259 \u00e7a\u011f\u0131r\u0131r. Baytarl\u0131q-sanitariya v\u0259 sanitariya-gigiyena normalar\u0131na cavab verm\u0259y\u0259n yerl\u0259rd\u0259, o c\u00fcml\u0259d\u0259n k\u00fc\u00e7\u0259, yol k\u0259nar\u0131, m\u0259h\u0259ll\u0259 v\u0259 dig\u0259r ictimai yerl\u0259rd\u0259 heyvan k\u0259simi v\u0259 sat\u0131\u015f\u0131, eyni zamanda baytarl\u0131q \u015f\u0259had\u0259tnam\u0259si olmadan iri v\u0259 x\u0131rdabuynuzlu heyvanlar\u0131n da\u015f\u0131nmas\u0131 yolverilm\u0259zdir.<\/p>\n<p>Bayram g\u00fcnl\u0259rind\u0259 sat\u0131\u015f \u00fc\u00e7\u00fcn n\u0259z\u0259rd\u0259 tutulan heyvanlar\u0131n sa\u011flaml\u0131\u011f\u0131 \u015f\u00fcbh\u0259 do\u011furduqda, eyni zamanda qanunvericiliyin t\u0259l\u0259bl\u0259rin\u0259 m\u0259h\u0259l qoyulmadan k\u00fc\u00e7\u0259 v\u0259 yol k\u0259narlar\u0131nda antisanitar \u015f\u0259raitd\u0259 heyvan k\u0259simi v\u0259 sat\u0131\u015f\u0131 hallar\u0131 il\u0259 rastla\u015fd\u0131qda, v\u0259t\u0259nda\u015flardan h\u00fcquq-m\u00fchafiz\u0259 v\u0259 yerli icra orqanlar\u0131na, o c\u00fcml\u0259d\u0259n agentliyin &#8220;1003&#8221; \u00c7a\u011fr\u0131 M\u0259rk\u0259zin\u0259 m\u0259lumat verm\u0259l\u0259ri xahi\u015f olunur.<\/p>\n<p><strong>Nigar H\u018fS\u018fNL\u0130,<br \/>\n\u201cYeni M\u00fcsavat\u201d<\/strong><\/p>\n","protected":false},"excerpt":{"rendered":"<p>R\u0259sul Mirh\u0259\u015fimli: \u201c\u201cQurbanl\u0131q \u0259t sat\u0131l\u0131r\u201d ad\u0131 alt\u0131nda bu bayram\u0131n t\u0259nt\u0259n\u0259sini alver predmetin\u0259 \u00e7evirm\u0259k olmaz\u201d \u0130yunun 16-s\u0131 v\u0259 17-d\u0259 Az\u0259rbaycanda Qurban bayram\u0131 qeyd olunacaq.\u00a0 H\u0259r il oldu\u011fu kimi, m\u0259scidl\u0259rd\u0259 Qurban bayram\u0131n\u0131n namaz\u0131 q\u0131l\u0131nacaq. Qafqaz M\u00fcs\u0259lmanlar\u0131 \u0130dar\u0259sind\u0259n veril\u0259n m\u0259lumata g\u00f6r\u0259, b\u0259zi m\u0259scidl\u0259rd\u0259 bayram namaz\u0131 saat 08:00, b\u0259zil\u0259rind\u0259 is\u0259 09:00-da q\u0131l\u0131nacaq. M\u0259scid imamlar\u0131n\u0131n \u00f6z camaat\u0131na uy\u011fun vaxt t\u0259yin ed\u0259 bilm\u0259si m\u00fcmk\u00fcnd\u00fcr. Odur ki, namaz rayon yerl\u0259rind\u0259 daha tez, \u015f\u0259h\u0259r yerl\u0259rind\u0259 bir az gec q\u0131l\u0131na bil\u0259r. \u0130lahiyyat\u00e7\u0131 R\u0259sul Mirh\u0259\u015fimli \u201cYeni M\u00fcsavat\u201da \u015f\u0259rhind\u0259 bildirdi ki, Qurban bayram\u0131 \u0130slam dinind\u0259 iki vacib bayramdan biridir: \u201cBu bayram&hellip;<\/p>\n","protected":false},"author":2,"featured_media":729140,"comment_status":"closed","ping_status":"closed","sticky":false,"template":"","format":"standard","meta":{"om_disable_all_campaigns":false,"_monsterinsights_skip_tracking":false,"_monsterinsights_sitenote_active":false,"_monsterinsights_sitenote_note":"","_monsterinsights_sitenote_category":0},"categories":[1],"tags":[],"aioseo_notices":[],"gutentor_comment":0,"rttpg_featured_image_url":{"full":["https:\/\/arantv.az\/wp-content\/uploads\/2024\/06\/8b0a7e2488e41d89970aa45015385039.jpg",780,500,false],"landscape":["https:\/\/arantv.az\/wp-content\/uploads\/2024\/06\/8b0a7e2488e41d89970aa45015385039.jpg",780,500,false],"portraits":["https:\/\/arantv.az\/wp-content\/uploads\/2024\/06\/8b0a7e2488e41d89970aa45015385039.jpg",780,500,false],"thumbnail":["https:\/\/arantv.az\/wp-content\/uploads\/2024\/06\/8b0a7e2488e41d89970aa45015385039-500x280.jpg",500,280,true],"medium":["https:\/\/arantv.az\/wp-content\/uploads\/2024\/06\/8b0a7e2488e41d89970aa45015385039-569x365.jpg",569,365,true],"large":["https:\/\/arantv.az\/wp-content\/uploads\/2024\/06\/8b0a7e2488e41d89970aa45015385039.jpg",640,410,false],"1536x1536":["https:\/\/arantv.az\/wp-content\/uploads\/2024\/06\/8b0a7e2488e41d89970aa45015385039.jpg",780,500,false],"2048x2048":["https:\/\/arantv.az\/wp-content\/uploads\/2024\/06\/8b0a7e2488e41d89970aa45015385039.jpg",780,500,false],"post-thumbnail":["https:\/\/arantv.az\/wp-content\/uploads\/2024\/06\/8b0a7e2488e41d89970aa45015385039-240x172.jpg",240,172,true],"advps-thumb-one":["https:\/\/arantv.az\/wp-content\/uploads\/2024\/06\/8b0a7e2488e41d89970aa45015385039.jpg",780,500,false]},"rttpg_author":{"display_name":"V\u00fcsal Rafiqo\u011flu","author_link":"https:\/\/arantv.az\/?author=2"},"rttpg_comment":0,"rttpg_category":"<a href=\"https:\/\/arantv.az\/?cat=1\" rel=\"category\">C\u0259miyy\u0259t<\/a>","rttpg_excerpt":"R\u0259sul Mirh\u0259\u015fimli: \u201c\u201cQurbanl\u0131q \u0259t sat\u0131l\u0131r\u201d ad\u0131 alt\u0131nda bu bayram\u0131n t\u0259nt\u0259n\u0259sini alver predmetin\u0259 \u00e7evirm\u0259k olmaz\u201d \u0130yunun 16-s\u0131 v\u0259 17-d\u0259 Az\u0259rbaycanda Qurban bayram\u0131 qeyd olunacaq.\u00a0 H\u0259r il oldu\u011fu kimi, m\u0259scidl\u0259rd\u0259 Qurban bayram\u0131n\u0131n namaz\u0131 q\u0131l\u0131nacaq. Qafqaz M\u00fcs\u0259lmanlar\u0131 \u0130dar\u0259sind\u0259n veril\u0259n m\u0259lumata g\u00f6r\u0259, b\u0259zi m\u0259scidl\u0259rd\u0259 bayram namaz\u0131 saat 08:00, b\u0259zil\u0259rind\u0259 is\u0259 09:00-da q\u0131l\u0131nacaq. M\u0259scid imamlar\u0131n\u0131n \u00f6z camaat\u0131na uy\u011fun vaxt t\u0259yin&hellip;","_links":{"self":[{"href":"https:\/\/arantv.az\/index.php?rest_route=\/wp\/v2\/posts\/729139"}],"collection":[{"href":"https:\/\/arantv.az\/index.php?rest_route=\/wp\/v2\/posts"}],"about":[{"href":"https:\/\/arantv.az\/index.php?rest_route=\/wp\/v2\/types\/post"}],"author":[{"embeddable":true,"href":"https:\/\/arantv.az\/index.php?rest_route=\/wp\/v2\/users\/2"}],"replies":[{"embeddable":true,"href":"https:\/\/arantv.az\/index.php?rest_route=%2Fwp%2Fv2%2Fcomments&post=729139"}],"version-history":[{"count":0,"href":"https:\/\/arantv.az\/index.php?rest_route=\/wp\/v2\/posts\/729139\/revisions"}],"wp:featuredmedia":[{"embeddable":true,"href":"https:\/\/arantv.az\/index.php?rest_route=\/wp\/v2\/media\/729140"}],"wp:attachment":[{"href":"https:\/\/arantv.az\/index.php?rest_route=%2Fwp%2Fv2%2Fmedia&parent=729139"}],"wp:term":[{"taxonomy":"category","embeddable":true,"href":"https:\/\/arantv.az\/index.php?rest_route=%2Fwp%2Fv2%2Fcategories&post=729139"},{"taxonomy":"post_tag","embeddable":true,"href":"https:\/\/arantv.az\/index.php?rest_route=%2Fwp%2Fv2%2Ftags&post=729139"}],"curies":[{"name":"wp","href":"https:\/\/api.w.org\/{rel}","templated":true}]}}