{"id":729162,"date":"2024-06-11T09:23:46","date_gmt":"2024-06-11T05:23:46","guid":{"rendered":"https:\/\/arantv.az\/?p=729162"},"modified":"2024-06-11T09:23:46","modified_gmt":"2024-06-11T05:23:46","slug":"b%c9%99s-q%c9%99rb-o-zaman-niy%c9%99-bel%c9%99-addim-atmirdi","status":"publish","type":"post","link":"https:\/\/arantv.az\/?p=729162","title":{"rendered":"B\u0259s Q\u0259rb o zaman niy\u0259 bel\u0259 add\u0131m atm\u0131rd\u0131?"},"content":{"rendered":"<p>\u00dc\u00e7 il bundan \u0259vv\u0259l NATO-nun \u015f\u0259rq\u0259 do\u011fru geni\u015fl\u0259nm\u0259 c\u0259hdin\u0259 cavab olaraq Rusiya Ukraynaya h\u00fccum etdi. Haz\u0131rda iki \u00f6lk\u0259 aras\u0131nda m\u00fcharib\u0259 davam etm\u0259kd\u0259dir. Uzun m\u00fcdd\u0259tdir n\u0259 Rusiya, n\u0259 d\u0259 Ukrayna d\u00f6y\u00fc\u015f meydan\u0131nda ciddi u\u011fur \u0259ld\u0259 ed\u0259 bilmir. Amma h\u0259r iki t\u0259r\u0259f kifay\u0259t q\u0259d\u0259r itkil\u0259r verm\u0259kd\u0259dir. \u015e\u0259rqi Avropadak\u0131 d\u00f6y\u00fc\u015fl\u0259r art\u0131q Rusiya il\u0259 bir s\u0131ra \u00f6lk\u0259l\u0259r aras\u0131nda r\u0259qab\u0259t\u0259 \u00e7evrilib. Veril\u0259n a\u00e7\u0131qlamalardan v\u0259 prosesin gedi\u015find\u0259n bel\u0259 q\u0259na\u0259t\u0259 g\u0259lm\u0259k olar ki, d\u00f6y\u00fc\u015fl\u0259rin yax\u0131n g\u0259l\u0259c\u0259kd\u0259 ba\u015fa \u00e7ataca\u011f\u0131 inand\u0131r\u0131c\u0131 g\u00f6r\u00fcnm\u00fcr. Amma bu prosesd\u0259 NATO-Rusiya toqqu\u015fmas\u0131 riskini art\u0131raca\u011f\u0131 ehtimal\u0131 az deyil.<\/p>\n<p>Art\u0131q Q\u0259rb bu m\u00fcharib\u0259ni dayand\u0131rmaq, daha do\u011frusu, Ukraynada s\u00fclh\u00fcn nec\u0259 \u0259ld\u0259 olunaca\u011f\u0131n\u0131 m\u00fczakir\u0259 etm\u0259k m\u0259qs\u0259dil\u0259 \u0259m\u0259li f\u0259aliyy\u0259t\u0259 ba\u015flamaq niyy\u0259tind\u0259dir. Bu m\u0259qs\u0259dl\u0259 iyunun 15-16-da \u0130sve\u00e7r\u0259d\u0259 Qlobal s\u00fclh sammiti ke\u00e7iril\u0259c\u0259k. B\u0259ri ba\u015fdan qeyd ed\u0259k ki, m\u0259lumata g\u00f6r\u0259, \u0130sve\u00e7r\u0259nin B\u00fcrgenstok \u015f\u0259h\u0259rind\u0259 ke\u00e7iril\u0259c\u0259k sammit\u0259 d\u00fcnyan\u0131n b\u00fct\u00fcn qit\u0259l\u0259rini \u0259hat\u0259 ed\u0259n 100-d\u0259n \u00e7ox \u00f6lk\u0259 d\u0259v\u0259t olunub. Konfransda ne\u00e7\u0259 \u00f6lk\u0259 liderinin i\u015ftirak ed\u0259c\u0259yi h\u0259l\u0259lik m\u0259lum deyil. Bu da s\u0259b\u0259bsiz deyil. Bel\u0259 ki, bir \u00e7ox d\u00f6vl\u0259tl\u0259r bu m\u0259s\u0259l\u0259d\u0259 balansl\u0131 m\u00f6vqe tutur v\u0259 m\u00fcr\u0259kk\u0259b m\u0259s\u0259l\u0259l\u0259ri Rusiya t\u0259r\u0259finin i\u015ftirak\u0131 olmadan h\u0259ll etm\u0259k ist\u0259mirl\u0259r.<\/p>\n<p>Yeri g\u0259lmi\u015fk\u0259n qeyd ed\u0259k ki, Ukrayna Prezidenti \u00e7\u0131x\u0131\u015flar\u0131n\u0131n birind\u0259 vur\u011fulam\u0131\u015fd\u0131 ki, d\u00fcnya Ukrayna \u00fc\u00e7\u00fcn \u0259dal\u0259tli s\u00fclh\u00fcn b\u0259rpas\u0131nda n\u0259 q\u0259d\u0259r f\u0259all\u0131q g\u00f6st\u0259r\u0259c\u0259ks\u0259, d\u00fcnyan\u0131n ba\u015fqa \u00f6lk\u0259l\u0259rinin bel\u0259 t\u0259cav\u00fczl\u0259rin qurbanlar\u0131 olmayaca\u011f\u0131 ehtimal\u0131 bir o q\u0259d\u0259r \u00e7ox olacaq: \u201cD\u00fcnya nizam\u0131n\u0131 kobud g\u00fcc deyil, BMT Nizamnam\u0259si m\u00fc\u0259yy\u0259n etm\u0259lidir, biz yaln\u0131z birlikd\u0259 Rusiyan\u0131 beyn\u0259lxalq h\u00fcququ tan\u0131ma\u011fa m\u0259cbur ed\u0259 bil\u0259rik&#8221;. O, h\u0259m\u00e7inin bildirmi\u015fdi ki, sammitd\u0259 s\u00fclh\u00fcn ilk \u0259saslar\u0131n\u0131n raz\u0131la\u015fd\u0131r\u0131lmas\u0131na ba\u015flan\u0131lacaq v\u0259 d\u00fcnya nizam\u0131n\u0131n nec\u0259 olmas\u0131 bar\u0259d\u0259 d\u00fcnyan\u0131n \u00fcmumi bax\u0131\u015f\u0131 t\u0259klif edil\u0259c\u0259k. Amma \u0259ks\u0259r siyas\u0259t\u00e7il\u0259r, o c\u00fcml\u0259d\u0259n britaniyal\u0131 ekspert Aleksandr Merkuris Qlobal s\u00fclh sammitinin u\u011fursuz n\u0259tic\u0259l\u0259n\u0259c\u0259yini bildirir. Onun q\u0259na\u0259tin\u0259 g\u00f6r\u0259, \u00e7\u00fcnki bunun arxas\u0131nda yen\u0259 d\u0259 d\u00fcnyan\u0131n apar\u0131c\u0131 d\u00f6vl\u0259tl\u0259rinin maraqlar\u0131 dayan\u0131r.<\/p>\n<p>Bu t\u0259dbird\u0259 AB\u015e-\u0131n vitse-prezidenti Kamala Harrisl\u0259 b\u0259rab\u0259r, Birl\u0259\u015fmi\u015f \u015etatlar Prezidentinin milli t\u0259hl\u00fck\u0259sizlik \u00fczr\u0259\u00a0 k\u00f6m\u0259k\u00e7isi Cek Sallivan da i\u015ftirak ed\u0259c\u0259k. M\u0259lumata g\u00f6r\u0259, vitse-prezident Harris Bayden administrasiyas\u0131n\u0131n Ukraynan\u0131n suverenliyi v\u0259 \u0259razi b\u00fct\u00f6vl\u00fcy\u00fc, eyni zamanda, BMT Nizamnam\u0259sinin prinsipl\u0259rin\u0259 \u0259saslanan \u0259dal\u0259tli v\u0259 davaml\u0131 s\u00fclh\u00fcn t\u0259min edilm\u0259si \u00fc\u00e7\u00fcn Ukraynan\u0131n s\u0259yl\u0259rini d\u0259st\u0259kl\u0259m\u0259k \u00f6hd\u0259liyini vur\u011fulayacaq.<\/p>\n<p>Bu qeydl\u0259rd\u0259n sonra bel\u0259 bir sual ortaya \u00e7\u0131x\u0131r: B\u0259s bizim torpaqlar\u0131m\u0131z i\u015f\u011fal alt\u0131nda olanda Q\u0259rb niy\u0259 bel\u0259 sammit t\u0259\u015fkil etmirdi? Halbuki, m\u00fcnaqi\u015f\u0259nin h\u0259lli il\u0259 ba\u011fl\u0131 Minsk konfrans\u0131 t\u0259\u015fkil olunmal\u0131yd\u0131, amma Q\u0259rb bu add\u0131m\u0131 atmad\u0131. Erm\u0259nistan-Az\u0259rbaycan m\u00fcnaqi\u015f\u0259sinin nizamlanmas\u0131nda vasit\u0259\u00e7ilik missiyas\u0131n\u0131 \u00fcz\u0259rin\u0259 g\u00f6t\u00fcrm\u00fc\u015f AT\u018fT-in Minsk qrupu t\u0259\u015fkil edildi ki, o da 28 il \u0259rzind\u0259 \u00f6z funksiyas\u0131n\u0131 yerin\u0259 yetir\u0259 bilm\u0259di. Y\u0259ni, BMT T\u0259hl\u00fck\u0259sizlik \u015euras\u0131n\u0131n daimi \u00fczvl\u0259ri olaraq \u00f6zl\u0259rinin q\u0259bul etdikl\u0259ri q\u0259tnam\u0259l\u0259rin icras\u0131na maraq g\u00f6st\u0259rm\u0259dil\u0259r. \u0130ll\u0259r \u0259rzind\u0259 ikili standartlardan \u00e7\u0131x\u0131\u015f ed\u0259n v\u0259 s\u00f6z\u00fcn h\u0259qiqi m\u0259nas\u0131nda \u201cdiplomatik turizm\u201dl\u0259 m\u0259\u015f\u011ful olan Minsk qrupunun bir h\u0259d\u0259fi var idi: m\u00fcnaqi\u015f\u0259nin nizamlanmas\u0131nda qeyri\u2013konstruktivlik g\u00f6st\u0259rm\u0259k, t\u0259msil etdikl\u0259ri d\u00f6vl\u0259tl\u0259rin maraqlar\u0131n\u0131 yerin\u0259 yetirm\u0259k, status\u2013kvonu uzatmaq. \u00dcst\u0259lik, \u0259rz edirdil\u0259r ki, guya bu m\u00fcnaqi\u015f\u0259nin h\u0259rbi h\u0259lli\u00a0 yoxdur.<\/p>\n<p>Odur ki, Az\u0259rbaycan BMT T\u0259hl\u00fck\u0259sizlik \u015euras\u0131n\u0131n q\u0259tnam\u0259l\u0259rin\u0259 \u0259saslanaraq \u00f6z g\u00fcc\u00fc hesab\u0131na ild\u0259n-il\u0259 uzanan bu problemi h\u0259rbi-siyasi yolla t\u0259kba\u015f\u0131na h\u0259ll etm\u0259k m\u0259cburiyy\u0259tind\u0259 qald\u0131 v\u0259 erm\u0259ni v\u0259h\u015fil\u0259rini z\u0259bt etdikl\u0259ri \u0259razil\u0259rimizd\u0259n t\u0259mizl\u0259di, i\u015f\u011fal\u00e7\u0131 Erm\u0259nistan\u0131n kapitulyasiyas\u0131n\u0131 \u00f6z\u00fcnd\u0259 \u0259ks etdir\u0259n\u00a0 B\u0259yanat\u0131 imzalama\u011fa m\u0259cbur etdi. \u00a023 saatl\u0131q lokal antiterror \u0259m\u0259liyyat\u0131 il\u0259 \u00f6lk\u0259mizin tam suverenliyini b\u0259rpa etm\u0259kl\u0259 yana\u015f\u0131, C\u0259nubi Qafqazda yeni reall\u0131qlar yaratd\u0131. El\u0259 bu s\u0259b\u0259bd\u0259n d\u00f6vl\u0259timizin ba\u015f\u00e7\u0131s\u0131 h\u0259l\u0259 d\u0259 formal olaraq qalan, h\u00fcquqi c\u0259h\u0259td\u0259n l\u0259\u011fv edilm\u0259y\u0259n Minsk qrupunu l\u00fczumsuz bir qurum kimi d\u0259y\u0259rl\u0259ndirib.<\/p>\n<p>Prezident \u0130lham \u018fliyev \u00a0iyunun 6-da T\u00dcRKPA-n\u0131n\u00a0n\u00fcmay\u0259nd\u0259 hey\u0259ti il\u0259 g\u00f6r\u00fc\u015f\u00fc zaman\u0131 bir daha bildirib ki, Minsk qrupuna he\u00e7 bir ehtiyac yoxdur, o, indi f\u0259aliyy\u0259t g\u00f6st\u0259rmir: \u201cBiz onun f\u0259aliyy\u0259t g\u00f6st\u0259rm\u0259sin\u0259 de-fakto imkan verm\u0259y\u0259c\u0259yik\u201d.<\/p>\n<p>B\u00fct\u00fcn bunlardan bel\u0259 q\u0259na\u0259t\u0259 g\u0259lm\u0259k olar ki, Q\u0259rb ikili standartlardan \u00e7\u0131x\u0131\u015f etm\u0259kd\u0259 davam edir. Q\u0259rbin Az\u0259rbaycana qar\u015f\u0131 t\u0259tbiq etdiyi ikili standartlar t\u0259sad\u00fcfi xarakter da\u015f\u0131m\u0131r. M\u0259s\u0259l\u0259nin mahiyy\u0259ti ondan ibar\u0259tdir ki, Q\u0259rb C\u0259nubi Qafqazda m\u00fcnaqi\u015f\u0259li v\u0259ziyy\u0259tin davam etm\u0259sind\u0259 maraql\u0131d\u0131r.<\/p>\n<p><strong>Qvami M\u0259h\u0259bb\u0259to\u011flu, \u201c\u0130ki sahil\u201d<\/strong><\/p>\n","protected":false},"excerpt":{"rendered":"<p>\u00dc\u00e7 il bundan \u0259vv\u0259l NATO-nun \u015f\u0259rq\u0259 do\u011fru geni\u015fl\u0259nm\u0259 c\u0259hdin\u0259 cavab olaraq Rusiya Ukraynaya h\u00fccum etdi. Haz\u0131rda iki \u00f6lk\u0259 aras\u0131nda m\u00fcharib\u0259 davam etm\u0259kd\u0259dir. Uzun m\u00fcdd\u0259tdir n\u0259 Rusiya, n\u0259 d\u0259 Ukrayna d\u00f6y\u00fc\u015f meydan\u0131nda ciddi u\u011fur \u0259ld\u0259 ed\u0259 bilmir. Amma h\u0259r iki t\u0259r\u0259f kifay\u0259t q\u0259d\u0259r itkil\u0259r verm\u0259kd\u0259dir. \u015e\u0259rqi Avropadak\u0131 d\u00f6y\u00fc\u015fl\u0259r art\u0131q Rusiya il\u0259 bir s\u0131ra \u00f6lk\u0259l\u0259r aras\u0131nda r\u0259qab\u0259t\u0259 \u00e7evrilib. Veril\u0259n a\u00e7\u0131qlamalardan v\u0259 prosesin gedi\u015find\u0259n bel\u0259 q\u0259na\u0259t\u0259 g\u0259lm\u0259k olar ki, d\u00f6y\u00fc\u015fl\u0259rin yax\u0131n g\u0259l\u0259c\u0259kd\u0259 ba\u015fa \u00e7ataca\u011f\u0131 inand\u0131r\u0131c\u0131 g\u00f6r\u00fcnm\u00fcr. Amma bu prosesd\u0259 NATO-Rusiya toqqu\u015fmas\u0131 riskini art\u0131raca\u011f\u0131 ehtimal\u0131 az deyil. Art\u0131q Q\u0259rb bu m\u00fcharib\u0259ni dayand\u0131rmaq, daha do\u011frusu,&hellip;<\/p>\n","protected":false},"author":2,"featured_media":729163,"comment_status":"closed","ping_status":"closed","sticky":false,"template":"","format":"standard","meta":{"om_disable_all_campaigns":false,"_monsterinsights_skip_tracking":false,"_monsterinsights_sitenote_active":false,"_monsterinsights_sitenote_note":"","_monsterinsights_sitenote_category":0},"categories":[19],"tags":[],"aioseo_notices":[],"gutentor_comment":0,"rttpg_featured_image_url":{"full":["https:\/\/arantv.az\/wp-content\/uploads\/2024\/06\/d90e5b66167683650684345355010196747.jpg",975,540,false],"landscape":["https:\/\/arantv.az\/wp-content\/uploads\/2024\/06\/d90e5b66167683650684345355010196747.jpg",975,540,false],"portraits":["https:\/\/arantv.az\/wp-content\/uploads\/2024\/06\/d90e5b66167683650684345355010196747.jpg",975,540,false],"thumbnail":["https:\/\/arantv.az\/wp-content\/uploads\/2024\/06\/d90e5b66167683650684345355010196747-500x280.jpg",500,280,true],"medium":["https:\/\/arantv.az\/wp-content\/uploads\/2024\/06\/d90e5b66167683650684345355010196747-660x365.jpg",660,365,true],"large":["https:\/\/arantv.az\/wp-content\/uploads\/2024\/06\/d90e5b66167683650684345355010196747-840x465.jpg",640,354,true],"1536x1536":["https:\/\/arantv.az\/wp-content\/uploads\/2024\/06\/d90e5b66167683650684345355010196747.jpg",975,540,false],"2048x2048":["https:\/\/arantv.az\/wp-content\/uploads\/2024\/06\/d90e5b66167683650684345355010196747.jpg",975,540,false],"post-thumbnail":["https:\/\/arantv.az\/wp-content\/uploads\/2024\/06\/d90e5b66167683650684345355010196747-240x172.jpg",240,172,true],"advps-thumb-one":["https:\/\/arantv.az\/wp-content\/uploads\/2024\/06\/d90e5b66167683650684345355010196747.jpg",975,540,false]},"rttpg_author":{"display_name":"V\u00fcsal Rafiqo\u011flu","author_link":"https:\/\/arantv.az\/?author=2"},"rttpg_comment":0,"rttpg_category":"<a href=\"https:\/\/arantv.az\/?cat=19\" rel=\"category\">G\u00fcnd\u0259m<\/a>","rttpg_excerpt":"\u00dc\u00e7 il bundan \u0259vv\u0259l NATO-nun \u015f\u0259rq\u0259 do\u011fru geni\u015fl\u0259nm\u0259 c\u0259hdin\u0259 cavab olaraq Rusiya Ukraynaya h\u00fccum etdi. Haz\u0131rda iki \u00f6lk\u0259 aras\u0131nda m\u00fcharib\u0259 davam etm\u0259kd\u0259dir. Uzun m\u00fcdd\u0259tdir n\u0259 Rusiya, n\u0259 d\u0259 Ukrayna d\u00f6y\u00fc\u015f meydan\u0131nda ciddi u\u011fur \u0259ld\u0259 ed\u0259 bilmir. Amma h\u0259r iki t\u0259r\u0259f kifay\u0259t q\u0259d\u0259r itkil\u0259r verm\u0259kd\u0259dir. \u015e\u0259rqi Avropadak\u0131 d\u00f6y\u00fc\u015fl\u0259r art\u0131q Rusiya il\u0259 bir s\u0131ra \u00f6lk\u0259l\u0259r aras\u0131nda r\u0259qab\u0259t\u0259&hellip;","_links":{"self":[{"href":"https:\/\/arantv.az\/index.php?rest_route=\/wp\/v2\/posts\/729162"}],"collection":[{"href":"https:\/\/arantv.az\/index.php?rest_route=\/wp\/v2\/posts"}],"about":[{"href":"https:\/\/arantv.az\/index.php?rest_route=\/wp\/v2\/types\/post"}],"author":[{"embeddable":true,"href":"https:\/\/arantv.az\/index.php?rest_route=\/wp\/v2\/users\/2"}],"replies":[{"embeddable":true,"href":"https:\/\/arantv.az\/index.php?rest_route=%2Fwp%2Fv2%2Fcomments&post=729162"}],"version-history":[{"count":0,"href":"https:\/\/arantv.az\/index.php?rest_route=\/wp\/v2\/posts\/729162\/revisions"}],"wp:featuredmedia":[{"embeddable":true,"href":"https:\/\/arantv.az\/index.php?rest_route=\/wp\/v2\/media\/729163"}],"wp:attachment":[{"href":"https:\/\/arantv.az\/index.php?rest_route=%2Fwp%2Fv2%2Fmedia&parent=729162"}],"wp:term":[{"taxonomy":"category","embeddable":true,"href":"https:\/\/arantv.az\/index.php?rest_route=%2Fwp%2Fv2%2Fcategories&post=729162"},{"taxonomy":"post_tag","embeddable":true,"href":"https:\/\/arantv.az\/index.php?rest_route=%2Fwp%2Fv2%2Ftags&post=729162"}],"curies":[{"name":"wp","href":"https:\/\/api.w.org\/{rel}","templated":true}]}}