{"id":729165,"date":"2024-06-11T09:24:22","date_gmt":"2024-06-11T05:24:22","guid":{"rendered":"https:\/\/arantv.az\/?p=729165"},"modified":"2024-06-11T09:24:22","modified_gmt":"2024-06-11T05:24:22","slug":"biz-dey%c9%99ni-deyirl%c9%99r","status":"publish","type":"post","link":"https:\/\/arantv.az\/?p=729165","title":{"rendered":"Biz dey\u0259ni deyirl\u0259r&#8230;"},"content":{"rendered":"<p><em><strong>Bu add\u0131m Az\u0259rbaycan\u0131n \u0259razi b\u00fct\u00f6vl\u00fcy\u00fcn\u0259 h\u00f6rm\u0259t\u0259 \u0259saslan\u0131r<\/strong><\/em><\/p>\n<p>Az\u0259rbaycan\u0131n regionda yaratd\u0131\u011f\u0131 yeni reall\u0131qlar b\u00f6lg\u0259nin s\u00fclh, t\u0259hl\u00fck\u0259sizlik v\u0259 \u0259m\u0259kda\u015fl\u0131q m\u00fchitin\u0259 \u00e7evrilm\u0259sini t\u0259\u015fviq edir. Bu bax\u0131mdan\u00a0 Prezident \u0130lham \u018fliyev t\u0259r\u0259find\u0259n ir\u0259li s\u00fcr\u00fcl\u0259n t\u0259\u015f\u0259bb\u00fcsl\u0259r tarixi &#8211; siyasi \u0259h\u0259miyy\u0259t da\u015f\u0131y\u0131r. \u00d6lk\u0259mizin a\u00e7\u0131q b\u0259yan edilmi\u015f v\u0259 beyn\u0259lxalq ictimaiyy\u0259t t\u0259r\u0259find\u0259n q\u0259bul olunmu\u015f s\u00fclh g\u00fcnd\u0259liyi v\u0259 t\u0259\u015f\u0259bb\u00fcsl\u0259ri C\u0259nubi Qafqazda regional inki\u015faf \u00fc\u00e7\u00fcn yeni imkanlar\u0131n yarad\u0131lmas\u0131na y\u00f6n\u0259ldilib.<\/p>\n<p>Az\u0259rbaycan b\u00fct\u00f6vl\u00fckd\u0259 s\u00fclh \u00e7a\u011f\u0131r\u0131\u015flar\u0131n\u0131 birm\u0259nal\u0131 \u015f\u0259kild\u0259 d\u0259st\u0259kl\u0259yir. Qalib \u00f6lk\u0259miz postm\u00fcharib\u0259 d\u00f6vr\u00fcnd\u0259\u00a0 d\u0259yi\u015fm\u0259z s\u00fclh g\u00fcnd\u0259liyin\u0259 malikdir. T\u0259xmin\u0259n 10 min kvadratkilometrd\u0259n \u00e7ox \u0259razil\u0259rimizin Erm\u0259nistan t\u0259r\u0259find\u0259n da\u011f\u0131d\u0131lmas\u0131na, insanlar\u0131m\u0131z\u0131n \u00e7\u0259kdiyi z\u00fclml\u0259r\u0259 baxmayaraq, biz Erm\u0259nistana yen\u0259 d\u0259 s\u00fclh m\u00fcqavil\u0259sini imzalama\u011f\u0131 t\u0259klif edirik. Postm\u00fcharib\u0259 d\u00f6vr\u00fcnd\u0259 respublikam\u0131z qar\u015f\u0131 t\u0259r\u0259f\u0259 be\u015f b\u0259ndd\u0259n ibar\u0259t s\u00fclh paketi t\u0259qdim edib. Bu s\u0259n\u0259d iki \u00f6lk\u0259 aras\u0131nda s\u00fclh sazi\u015finin imzalanmas\u0131 v\u0259 s\u0259rh\u0259dl\u0259rin m\u00fc\u0259yy\u0259nl\u0259\u015fdirilm\u0259si \u00fc\u00e7\u00fcn baza prinsipl\u0259ri kimi \u0259sas g\u00f6t\u00fcr\u00fcl\u0259 bil\u0259r.<\/p>\n<p>Lakin t\u0259\u0259ss\u00fcf ki, d\u00f6rd il\u0259 yax\u0131nd\u0131r Erm\u0259nistan m\u00fcxt\u0259lif manipulyasiyalara \u0259l atmaqla s\u00fclh prosesini ert\u0259l\u0259m\u0259y\u0259\u00a0 \u00e7al\u0131\u015f\u0131r. \u00d6lk\u0259mizin is\u0259 \u00f6z \u015f\u0259rtl\u0259ri var. H\u0259min \u015f\u0259rtl\u0259ri Prezident \u0130lham \u018fliyev bir ne\u00e7\u0259 g\u00fcn \u0259vv\u0259l T\u00dcRKPA-n\u0131n n\u00fcmay\u0259nd\u0259 hey\u0259ti il\u0259 g\u00f6r\u00fc\u015f\u00fcnd\u0259 a\u00e7\u0131qlad\u0131. Birincisi, Erm\u0259nistan\u0131n konstitusiyas\u0131 d\u0259yi\u015fm\u0259li, oradan Az\u0259rbaycana v\u0259 T\u00fcrkiy\u0259y\u0259 \u0259razi iddias\u0131 il\u0259 ba\u011fl\u0131 m\u00fcdd\u0259alar \u00e7\u0131xar\u0131lmal\u0131d\u0131r. \u0130kincisi, Bak\u0131 v\u0259 \u0130r\u0259van m\u00fc\u015ft\u0259r\u0259k qaydada m\u00fcraci\u0259t haz\u0131rlayaraq, AT\u018fT-in Minsk qrupunun r\u0259sm\u0259n l\u0259\u011fvin\u0259 nail olmal\u0131d\u0131rlar. D\u00f6vl\u0259timizin ba\u015f\u00e7\u0131s\u0131 bu \u015f\u0259rtl\u0259ri ir\u0259li s\u00fcrm\u0259kl\u0259, Az\u0259rbaycan\u2013Erm\u0259nistan s\u00fclh prosesin\u0259 fundamentall\u0131q g\u0259tirir. Y\u0259ni, erm\u0259ni separatizmi bax\u0131m\u0131ndan he\u00e7 bir \u015f\u00fcbh\u0259 yeri, tutacaq n\u00f6qt\u0259 saxlam\u0131r. Y\u0259ni, Erm\u0259nistan\u0131n g\u0259l\u0259c\u0259kd\u0259 ehtimal edil\u0259n manipulyasiyas\u0131 \u00fc\u00e7\u00fcn \u0259sas qalmamal\u0131d\u0131r.<\/p>\n<p>Erm\u0259nistanda is\u0259 son g\u00fcnl\u0259r s\u0259sl\u0259ndiril\u0259n b\u0259yanatlar iki \u00f6lk\u0259 aras\u0131nda s\u00fclh prosesin\u0259 k\u00f6lg\u0259 sal\u0131r. Bununla da Erm\u0259nistan\u0131n qeyri-konstruktiv m\u00f6vqeyinin regionda s\u00fclh\u00fcn formala\u015fmas\u0131na \u0259n b\u00f6y\u00fck mane\u0259 oldu\u011fu n\u00f6vb\u0259ti d\u0259f\u0259 isbat edir. \u0130\u015f\u011fal\u00e7\u0131 \u00f6lk\u0259 Az\u0259rbaycana qar\u015f\u0131 \u0259razi iddialar\u0131n\u0131 konstitusiya s\u0259viyy\u0259sind\u0259 aradan qald\u0131rmaqdan imtina edir v\u0259 bununla n\u0259inki beyn\u0259lxalq h\u00fcququ pozur, h\u0259m d\u0259 regionda davaml\u0131 s\u00fclh\u00fc t\u0259hdid edir. Beyn\u0259lxalq ictimaiyy\u0259t is\u0259 Erm\u0259nistan\u0131 konstruktiv m\u00f6vqe tutma\u011fa t\u0259\u015fviq etm\u0259kd\u0259 f\u0259al rol oynamal\u0131d\u0131r. Qlobal g\u00fccl\u0259r v\u0259 beyn\u0259lxalq t\u0259\u015fkilatlar Erm\u0259nistana beyn\u0259lxalq normalara riay\u0259t etm\u0259k v\u0259 s\u00fclh prosesin\u0259 qo\u015fulmaq \u00fc\u00e7\u00fcn t\u0259zyiq g\u00f6st\u0259rm\u0259lidir.<\/p>\n<p>Beyn\u0259lxalq m\u00fcnasib\u0259tl\u0259rin \u0259sas\u0131nda suverenlik prinsipi dayan\u0131r. Suverenliyin tan\u0131nmas\u0131 h\u0259r bir xalq\u0131n m\u00fc\u0259yy\u0259n edilmi\u015f s\u0259rh\u0259dl\u0259rin\u0259 v\u0259 siyasi m\u00fcst\u0259qilliyin\u0259 h\u00f6rm\u0259t etm\u0259k dem\u0259kdir. Bu yana\u015fma regionda uzun m\u00fcdd\u0259tdir ki, m\u00f6vcud olan tarixi d\u00fc\u015fm\u0259n\u00e7ilikl\u0259ri aradan qald\u0131rmaq \u00fc\u00e7\u00fcn m\u00fch\u00fcm \u0259h\u0259miyy\u0259t da\u015f\u0131y\u0131r. Erm\u0259nistan \u00fc\u00e7\u00fcn qon\u015fular\u0131n\u0131n suverenliyini v\u0259 \u0259razi b\u00fct\u00f6vl\u00fcy\u00fcn\u00fc tan\u0131maq t\u0259kc\u0259 h\u00fcquqi \u00f6hd\u0259lik deyil, h\u0259m d\u0259 strateji z\u0259rur\u0259tdir. \u00c7\u00fcnki s\u00fclh Az\u0259rbaycandan \u00e7ox Erm\u0259nistana laz\u0131md\u0131r. S\u00fclh m\u00fcqavil\u0259sinin imzalanmas\u0131 \u0259n \u00e7ox Erm\u0259nistan xalq\u0131na v\u0259 c\u0259miyy\u0259tin\u0259 fayda ver\u0259 bil\u0259r. D\u00f6vl\u0259timiz C\u0259nubi Qafqazda s\u00fclh\u00fcn olmas\u0131n\u0131 ilk g\u00fcnd\u0259n d\u0259st\u0259kl\u0259y\u0259n \u0259sas t\u0259r\u0259fdir. \u00dcmid edirik ki, Erm\u0259nistan t\u0259r\u0259fi d\u0259 b\u0259yan etdikl\u0259ri m\u00f6vqel\u0259rind\u0259 v\u0259 fikirl\u0259rind\u0259 s\u0259mimi olacaq, sona q\u0259d\u0259r bu prosesi d\u0259st\u0259kl\u0259y\u0259c\u0259k. N\u0259hay\u0259t, biz 2024-c\u00fc ili regionumuz \u00fc\u00e7\u00fcn s\u00fclh ilin\u0259 \u00e7evir\u0259 bil\u0259c\u0259yik.<\/p>\n<p>C\u0259nubi Qafqazda s\u00fclh\u00fcn v\u0259 t\u0259hl\u00fck\u0259sizliyin t\u0259min edilm\u0259si istiqam\u0259tind\u0259 ged\u0259n prosesl\u0259r b\u00fct\u00f6vl\u00fckd\u0259, qlobal miqyasda diqq\u0259t m\u0259rk\u0259zind\u0259dir. Bunu ist\u0259r region \u00fc\u00e7\u00fcn perspektivd\u0259 g\u00f6zl\u0259nil\u0259n \u0259m\u0259kda\u015fl\u0131q platformalar\u0131na m\u00fcnasib\u0259t, ist\u0259r b\u00f6lg\u0259nin siyasi-h\u0259rbi reall\u0131qlar\u0131na qar\u015f\u0131 yana\u015fmalar, ist\u0259rs\u0259 d\u0259 dan\u0131\u015f\u0131qlar prosesin\u0259 olan maraq, eyni zamanda, ortaya qoyulan m\u00f6vqel\u0259r d\u0259 t\u0259sdiql\u0259yir. Bir s\u0131ra d\u00f6vl\u0259tl\u0259rin siyasi m\u00f6vqeyi m\u00fcmk\u00fcn q\u0259d\u0259r tez s\u00fclh sazi\u015fi ba\u011flanmas\u0131n\u0131 d\u0259st\u0259kl\u0259yir.<\/p>\n<p>El\u0259 AB\u015e v\u0259 Fransa C\u0259nubi Qafqazda \u0259dal\u0259tli v\u0259 davaml\u0131 s\u00fclh\u00fcn b\u0259rq\u0259rar olmas\u0131na t\u0259r\u0259fdard\u0131rlar.<\/p>\n<p>Bu bar\u0259d\u0259 AB\u015e Prezidenti Co Bayden v\u0259 Fransa Prezidenti Emmanuel Makron Parisd\u0259 dan\u0131\u015f\u0131qlar\u0131n yekunlar\u0131na dair birg\u0259 b\u0259yanatlar\u0131nda bildiribl\u0259r. Qeyd edilib ki, region xalqlar\u0131n\u0131n rifah\u0131 namin\u0259 AB\u015e v\u0259 Fransa C\u0259nubi Qafqazda beyn\u0259lxalq h\u00fcquqa, el\u0259c\u0259 d\u0259 suverenlik, s\u0259rh\u0259dl\u0259rin toxunulmazl\u0131\u011f\u0131 v\u0259 \u0259razi b\u00fct\u00f6vl\u00fcy\u00fc prinsipl\u0259rin\u0259 \u0259saslanan \u0259dal\u0259tli v\u0259 davaml\u0131 s\u00fclh\u00fcn b\u0259rq\u0259rar olmas\u0131n\u0131 d\u0259st\u0259kl\u0259yir.<\/p>\n<p>Son ill\u0259rd\u0259 Az\u0259rbaycan\u0131n \u00f6z \u0259razil\u0259rini b\u0259rpa etm\u0259si v\u0259 \u0259razi b\u00fct\u00f6vl\u00fcy\u00fcn\u00fc t\u0259min etm\u0259si regionda yeni siyasi reall\u0131q yarad\u0131b. Bu, yeni status kvo, regionda davaml\u0131 s\u00fclh\u00fcn v\u0259 sabitliyin t\u0259min olunmas\u0131 \u00fc\u00e7\u00fcn vacibdir. Az\u0259rbaycan beyn\u0259lxalq h\u00fcququn prinsipl\u0259rin\u0259 sadiq qalaraq v\u0259 konstruktiv dialoqa haz\u0131r oldu\u011funu g\u00f6st\u0259r\u0259r\u0259k, C\u0259nubi Qafqazda s\u00fclh v\u0259 inki\u015faf\u0131n t\u0259r\u0259fdar\u0131d\u0131r.<\/p>\n<p>Bu bax\u0131mdan AB\u015e v\u0259 Fransan\u0131n birg\u0259 b\u0259yanat\u0131 Az\u0259rbaycan\u0131n regionda yaratd\u0131\u011f\u0131 yeni siyasi reall\u0131qd\u0131r, yeni status-kvodur. Bu b\u0259yanat Az\u0259rbaycan\u0131n \u0259razi b\u00fct\u00f6vl\u00fcy\u00fcn\u0259 h\u00f6rm\u0259t\u0259 \u0259saslan\u0131r.<\/p>\n<p>AB\u015e v\u0259 Fransa kimi \u00f6lk\u0259l\u0259rin Az\u0259rbaycan\u0131n bu m\u00f6vqeyini d\u0259st\u0259kl\u0259m\u0259si, regionda s\u00fclh v\u0259 sabitliyin b\u0259rq\u0259rar olmas\u0131na b\u00f6y\u00fck t\u00f6hf\u0259 verir. Bu d\u0259st\u0259k t\u0259r\u0259fl\u0259rin dialoq v\u0259 anla\u015fma yolu il\u0259 h\u0259ll yolu tapmalar\u0131n\u0131 t\u0259\u015fviq ed\u0259r\u0259k, C\u0259nubi Qafqazda uzunm\u00fcdd\u0259tli s\u00fclh\u00fcn b\u0259rq\u0259rar olmas\u0131na k\u00f6m\u0259k ed\u0259 bil\u0259r.<\/p>\n<p><strong>Nigar Orucova, \u201c\u0130ki sahil\u201d<\/strong><\/p>\n","protected":false},"excerpt":{"rendered":"<p>Bu add\u0131m Az\u0259rbaycan\u0131n \u0259razi b\u00fct\u00f6vl\u00fcy\u00fcn\u0259 h\u00f6rm\u0259t\u0259 \u0259saslan\u0131r Az\u0259rbaycan\u0131n regionda yaratd\u0131\u011f\u0131 yeni reall\u0131qlar b\u00f6lg\u0259nin s\u00fclh, t\u0259hl\u00fck\u0259sizlik v\u0259 \u0259m\u0259kda\u015fl\u0131q m\u00fchitin\u0259 \u00e7evrilm\u0259sini t\u0259\u015fviq edir. Bu bax\u0131mdan\u00a0 Prezident \u0130lham \u018fliyev t\u0259r\u0259find\u0259n ir\u0259li s\u00fcr\u00fcl\u0259n t\u0259\u015f\u0259bb\u00fcsl\u0259r tarixi &#8211; siyasi \u0259h\u0259miyy\u0259t da\u015f\u0131y\u0131r. \u00d6lk\u0259mizin a\u00e7\u0131q b\u0259yan edilmi\u015f v\u0259 beyn\u0259lxalq ictimaiyy\u0259t t\u0259r\u0259find\u0259n q\u0259bul olunmu\u015f s\u00fclh g\u00fcnd\u0259liyi v\u0259 t\u0259\u015f\u0259bb\u00fcsl\u0259ri C\u0259nubi Qafqazda regional inki\u015faf \u00fc\u00e7\u00fcn yeni imkanlar\u0131n yarad\u0131lmas\u0131na y\u00f6n\u0259ldilib. Az\u0259rbaycan b\u00fct\u00f6vl\u00fckd\u0259 s\u00fclh \u00e7a\u011f\u0131r\u0131\u015flar\u0131n\u0131 birm\u0259nal\u0131 \u015f\u0259kild\u0259 d\u0259st\u0259kl\u0259yir. Qalib \u00f6lk\u0259miz postm\u00fcharib\u0259 d\u00f6vr\u00fcnd\u0259\u00a0 d\u0259yi\u015fm\u0259z s\u00fclh g\u00fcnd\u0259liyin\u0259 malikdir. T\u0259xmin\u0259n 10 min kvadratkilometrd\u0259n \u00e7ox \u0259razil\u0259rimizin Erm\u0259nistan t\u0259r\u0259find\u0259n da\u011f\u0131d\u0131lmas\u0131na, insanlar\u0131m\u0131z\u0131n \u00e7\u0259kdiyi z\u00fclml\u0259r\u0259 baxmayaraq, biz Erm\u0259nistana yen\u0259 d\u0259&hellip;<\/p>\n","protected":false},"author":2,"featured_media":729166,"comment_status":"closed","ping_status":"closed","sticky":false,"template":"","format":"standard","meta":{"om_disable_all_campaigns":false,"_monsterinsights_skip_tracking":false,"_monsterinsights_sitenote_active":false,"_monsterinsights_sitenote_note":"","_monsterinsights_sitenote_category":0},"categories":[19],"tags":[],"aioseo_notices":[],"gutentor_comment":0,"rttpg_featured_image_url":{"full":["https:\/\/arantv.az\/wp-content\/uploads\/2024\/06\/60cb558c171802980892516199210846490.jpg",975,540,false],"landscape":["https:\/\/arantv.az\/wp-content\/uploads\/2024\/06\/60cb558c171802980892516199210846490.jpg",975,540,false],"portraits":["https:\/\/arantv.az\/wp-content\/uploads\/2024\/06\/60cb558c171802980892516199210846490.jpg",975,540,false],"thumbnail":["https:\/\/arantv.az\/wp-content\/uploads\/2024\/06\/60cb558c171802980892516199210846490-500x280.jpg",500,280,true],"medium":["https:\/\/arantv.az\/wp-content\/uploads\/2024\/06\/60cb558c171802980892516199210846490-660x365.jpg",660,365,true],"large":["https:\/\/arantv.az\/wp-content\/uploads\/2024\/06\/60cb558c171802980892516199210846490-840x465.jpg",640,354,true],"1536x1536":["https:\/\/arantv.az\/wp-content\/uploads\/2024\/06\/60cb558c171802980892516199210846490.jpg",975,540,false],"2048x2048":["https:\/\/arantv.az\/wp-content\/uploads\/2024\/06\/60cb558c171802980892516199210846490.jpg",975,540,false],"post-thumbnail":["https:\/\/arantv.az\/wp-content\/uploads\/2024\/06\/60cb558c171802980892516199210846490-240x172.jpg",240,172,true],"advps-thumb-one":["https:\/\/arantv.az\/wp-content\/uploads\/2024\/06\/60cb558c171802980892516199210846490.jpg",975,540,false]},"rttpg_author":{"display_name":"V\u00fcsal Rafiqo\u011flu","author_link":"https:\/\/arantv.az\/?author=2"},"rttpg_comment":0,"rttpg_category":"<a href=\"https:\/\/arantv.az\/?cat=19\" rel=\"category\">G\u00fcnd\u0259m<\/a>","rttpg_excerpt":"Bu add\u0131m Az\u0259rbaycan\u0131n \u0259razi b\u00fct\u00f6vl\u00fcy\u00fcn\u0259 h\u00f6rm\u0259t\u0259 \u0259saslan\u0131r Az\u0259rbaycan\u0131n regionda yaratd\u0131\u011f\u0131 yeni reall\u0131qlar b\u00f6lg\u0259nin s\u00fclh, t\u0259hl\u00fck\u0259sizlik v\u0259 \u0259m\u0259kda\u015fl\u0131q m\u00fchitin\u0259 \u00e7evrilm\u0259sini t\u0259\u015fviq edir. Bu bax\u0131mdan\u00a0 Prezident \u0130lham \u018fliyev t\u0259r\u0259find\u0259n ir\u0259li s\u00fcr\u00fcl\u0259n t\u0259\u015f\u0259bb\u00fcsl\u0259r tarixi &#8211; siyasi \u0259h\u0259miyy\u0259t da\u015f\u0131y\u0131r. \u00d6lk\u0259mizin a\u00e7\u0131q b\u0259yan edilmi\u015f v\u0259 beyn\u0259lxalq ictimaiyy\u0259t t\u0259r\u0259find\u0259n q\u0259bul olunmu\u015f s\u00fclh g\u00fcnd\u0259liyi v\u0259 t\u0259\u015f\u0259bb\u00fcsl\u0259ri C\u0259nubi Qafqazda regional inki\u015faf \u00fc\u00e7\u00fcn yeni&hellip;","_links":{"self":[{"href":"https:\/\/arantv.az\/index.php?rest_route=\/wp\/v2\/posts\/729165"}],"collection":[{"href":"https:\/\/arantv.az\/index.php?rest_route=\/wp\/v2\/posts"}],"about":[{"href":"https:\/\/arantv.az\/index.php?rest_route=\/wp\/v2\/types\/post"}],"author":[{"embeddable":true,"href":"https:\/\/arantv.az\/index.php?rest_route=\/wp\/v2\/users\/2"}],"replies":[{"embeddable":true,"href":"https:\/\/arantv.az\/index.php?rest_route=%2Fwp%2Fv2%2Fcomments&post=729165"}],"version-history":[{"count":0,"href":"https:\/\/arantv.az\/index.php?rest_route=\/wp\/v2\/posts\/729165\/revisions"}],"wp:featuredmedia":[{"embeddable":true,"href":"https:\/\/arantv.az\/index.php?rest_route=\/wp\/v2\/media\/729166"}],"wp:attachment":[{"href":"https:\/\/arantv.az\/index.php?rest_route=%2Fwp%2Fv2%2Fmedia&parent=729165"}],"wp:term":[{"taxonomy":"category","embeddable":true,"href":"https:\/\/arantv.az\/index.php?rest_route=%2Fwp%2Fv2%2Fcategories&post=729165"},{"taxonomy":"post_tag","embeddable":true,"href":"https:\/\/arantv.az\/index.php?rest_route=%2Fwp%2Fv2%2Ftags&post=729165"}],"curies":[{"name":"wp","href":"https:\/\/api.w.org\/{rel}","templated":true}]}}