{"id":729236,"date":"2024-06-11T13:31:47","date_gmt":"2024-06-11T09:31:47","guid":{"rendered":"https:\/\/arantv.az\/?p=729236"},"modified":"2024-06-11T13:31:47","modified_gmt":"2024-06-11T09:31:47","slug":"bayram-namazinin-vaxti-aciqlandi-3","status":"publish","type":"post","link":"https:\/\/arantv.az\/?p=729236","title":{"rendered":"Bayram namaz\u0131n\u0131n vaxt\u0131 A\u00c7IQLANDI"},"content":{"rendered":"<p>Qafqaz M\u00fcs\u0259lmanlar\u0131 \u0130dar\u0259si Qaz\u0131lar \u015euras\u0131 Qurban bayram\u0131 il\u0259 ba\u011fl\u0131 f\u0259tva verib.<\/p>\n<p><strong>ARANTV.AZ<\/strong>\u00a0 h\u0259min f\u0259tvan\u0131 t\u0259qdim edir:<\/p>\n<p>&#8220;Qar\u015f\u0131dan \u0130slam al\u0259mi v\u0259 xalq\u0131m\u0131z\u0131n m\u00fcq\u0259dd\u0259s g\u00fcnl\u0259rind\u0259n biri, R\u0259bbimizin insanl\u0131\u011fa l\u00fctf v\u0259 inay\u0259tinin r\u0259mzi olan m\u00fcbar\u0259k Qurban bayram\u0131 g\u0259lir. B\u00fct\u00fcn s\u0259mavi dinl\u0259rin \u0259ziz tutdu\u011fu, H\u0259zr\u0259t \u0130brahim \u0259leyhissalam\u0131n \u0259hdi v\u0259 H\u0259zr\u0259t \u0130smay\u0131l \u0259leyhissalam\u0131n ad\u0131 il\u0259 ba\u011fl\u0131 bu m\u00fcq\u0259dd\u0259s g\u00fcn \u0259srl\u0259r boyudur ki, d\u00fcnyam\u0131za \u00fcmumb\u0259\u015f\u0259ri birlik v\u0259 insanp\u0259rv\u0259rlik mesaj\u0131n\u0131 \u00e7atd\u0131r\u0131r.<\/p>\n<p>\u015e\u00fck\u00fcrl\u0259r olsun ki, h\u0259mr\u0259ylik, yard\u0131mla\u015fma v\u0259 m\u0259n\u0259vi t\u0259mizl\u0259nm\u0259 r\u0259mzi olan m\u00fcq\u0259dd\u0259s Qurban bayram\u0131n\u0131 xalq\u0131m\u0131z Z\u0259f\u0259r ab-havas\u0131nda &#8211; separat\u00e7\u0131 rejimin s\u00fcqutu, m\u00fcq\u0259dd\u0259s bayra\u011f\u0131m\u0131z\u0131n Xank\u0259ndid\u0259, \u018fsg\u0259randa, Xocal\u0131da dal\u011falanmas\u0131, Qaraba\u011f m\u0259scidl\u0259rinin b\u0259rpas\u0131, Z\u0259ngilan m\u0259scidinin yenid\u0259n n\u0259fis in\u015fas\u0131, minar\u0259l\u0259rimizd\u0259n ucalan azan s\u0259dalar\u0131n\u0131n q\u00fcruru il\u0259 qar\u015f\u0131lay\u0131r. M\u00fcst\u0259qillik tariximizd\u0259 ilk d\u0259f\u0259 \u0259razi b\u00fct\u00f6vl\u00fcy\u00fcn\u00fc v\u0259 suverenliyini tam t\u0259min etmi\u015f \u00f6lk\u0259mizd\u0259 B\u00f6y\u00fck Qay\u0131d\u0131\u015f\u0131n ruh y\u00fcks\u0259kliyi ya\u015fan\u0131r, ata-baba torpaqlar\u0131na qay\u0131danlar dualarla \u0130smay\u0131l qurban\u0131 ibad\u0259tini yerin\u0259 yetirirl\u0259r. Bu \u015f\u0259r\u0259f v\u0259 q\u00fcruru biz\u0259 ya\u015fadan, Az\u0259rbaycan tarixind\u0259 Qaraba\u011f fatehi v\u0259 B\u00f6y\u00fck Qay\u0131d\u0131\u015f\u0131n m\u00fc\u0259llifi ad\u0131 qazanan, \u00f6lk\u0259mizin b\u00fct\u00fcn \u0259razisind\u0259 suverenliyimizin tam b\u0259rpas\u0131 kimi tarixi v\u0259zif\u0259ni yerin\u0259 yetir\u0259n d\u00f6vl\u0259t ba\u015f\u00e7\u0131m\u0131z\u00a0<strong>\u0130lham \u018fliyev\u0259<\/strong>, el\u0259c\u0259 d\u0259 bu \u00e7\u0259tin yolda yax\u0131n sirda\u015f\u0131 v\u0259 yolda\u015f\u0131 olan Birinci vitse-prezident\u00a0<strong>Mehriban \u018fliyevaya<\/strong>\u00a0v\u0259 b\u00fct\u00fcn ail\u0259 \u00fczvl\u0259rin\u0259 dindarlar\u0131m\u0131z ad\u0131ndan d\u0259rin minn\u0259tdarl\u0131\u011f\u0131m\u0131z\u0131 bildirir, bu m\u00fcbar\u0259k g\u00fcnl\u0259rd\u0259 onlara \u0259n b\u00f6y\u00fck \u0130lahi nem\u0259t olan cansa\u011fl\u0131\u011f\u0131, f\u0259dakar z\u0259hm\u0259tl\u0259rin\u0259 u\u011furlar dil\u0259yirik.<\/p>\n<p>Az\u0259rbaycan m\u00fcs\u0259lmanlar\u0131 ad\u0131ndan duam\u0131z budur ki, Allah V\u0259t\u0259n u\u011frunda, B\u00f6y\u00fck Z\u0259f\u0259r yolunda, xalq\u0131n azadl\u0131\u011f\u0131 v\u0259 s\u0259ad\u0259ti namin\u0259 canlar\u0131ndan ke\u00e7mi\u015f, uca \u015f\u0259hidlik m\u0259qam\u0131na y\u00fcks\u0259lmi\u015f \u00f6vladlar\u0131m\u0131za r\u0259hm\u0259t el\u0259sin, q\u0259hr\u0259man qazil\u0259rimiz\u0259 \u015f\u0259fa b\u0259x\u015f etsin, \u015fanl\u0131 ordumuzun b\u00fct\u00fcn \u0259sg\u0259r v\u0259 zabitl\u0259ri \u00fc\u00e7\u00fcn dil\u0259diyimiz xeyir-dualar m\u00fcst\u0259cab olsun! Uca Allah Az\u0259rbaycan d\u00f6vl\u0259tini v\u0259 xalq\u0131n\u0131, onun m\u00fcdrik r\u0259hb\u0259rini h\u0259r zaman m\u00fcz\u0259ff\u0259r etsin!<\/p>\n<p>M\u00fcs\u0259lman al\u0259mi \u00fc\u00e7\u00fcn \u0259ziz olan m\u00fcbar\u0259k Eyd-\u0259l-\u018fzha \u0259r\u0259f\u0259sind\u0259 Qafqaz M\u00fcs\u0259lmanlar\u0131 \u0130dar\u0259sinin Qaz\u0131lar \u015euras\u0131 \u0259n\u0259n\u0259vi olaraq Qurban bayram\u0131na dair t\u00f6vsiy\u0259l\u0259rini \u00e7atd\u0131rma\u011f\u0131 vacib bilir:<\/p>\n<p>Bildiririk ki, Qurban bayram\u0131na dair h\u00f6kml\u0259r\u0259 v\u0259 \u015f\u0259ri qaydalara \u0259sas\u0259n, qurban k\u0259sm\u0259k M\u0259kk\u0259d\u0259 h\u0259cc ziyar\u0259tini icra ed\u0259n z\u0259vvarlara vacib buyurulmu\u015fdur. Dig\u0259r yerl\u0259rd\u0259 is\u0259 imkan\u0131 olan adamlar\u0131n qurban k\u0259sm\u0259l\u0259ri s\u00fcnn\u0259t \u0259m\u0259l, Qurban \u0259tini f\u0259qir v\u0259 kas\u0131b ail\u0259l\u0259r\u0259 paylamaq &#8211; b\u00f6y\u00fck savab say\u0131l\u0131r. Unutmaq laz\u0131m deyil ki, Uca Allah m\u00fcq\u0259dd\u0259s Qurani-K\u0259rimd\u0259 qurbanl\u0131\u011f\u0131n d\u0259y\u0259rini deyil, xeyirxah v\u0259 t\u0259miz niyy\u0259tin \u0259h\u0259miyy\u0259tini vur\u011fulay\u0131r: &#8220;Onlar\u0131n (qurbanlar\u0131n) n\u0259 \u0259ti, n\u0259 d\u0259 qan\u0131, \u0259lb\u0259tt\u0259, Allaha \u00e7atmaz. Ona \u00e7atan yaln\u0131z sizin t\u0259qvan\u0131zd\u0131r&#8230;&#8221; (H\u0259cc; 37) Bu ay\u0259d\u0259ki ilahi hikm\u0259t\u0259 inanan h\u0259r bir k\u0259s Qurban ibad\u0259tinin mahiyy\u0259tini t\u0259hrif etm\u0259kd\u0259n, bid\u0259t\u00e7i yana\u015fmalardan \u00e7\u0259kinm\u0259lidir.<\/p>\n<p>Ad\u0259t\u0259n qurbanl\u0131q \u00fc\u00e7\u00fcn qoyuna \u00fcst\u00fcnl\u00fck verilir. Lakin ke\u00e7i, in\u0259k v\u0259 d\u0259v\u0259ni d\u0259 qurbanl\u0131q \u00fc\u00e7\u00fcn se\u00e7m\u0259k olar. H\u0259min \u0259tin b\u00f6lg\u00fcs\u00fcnd\u0259 h\u0259r k\u0259s azadd\u0131r, h\u0259r\u00e7\u0259nd imkans\u0131zlara yard\u0131m etm\u0259k dinimizin ruhuna daha yax\u0131nd\u0131r, \u00e7\u00fcnki bel\u0259 davranma\u011f\u0131 \u018fziz Pey\u011f\u0259mb\u0259rimiz (s) bizl\u0259r\u0259 t\u00f6vsiy\u0259 edib. Qurbank\u0259sm\u0259 ayini t\u0259mizlik v\u0259 y\u00fcks\u0259k sanitariya \u015f\u0259raitind\u0259, m\u00fcnasib yerl\u0259rd\u0259 icra edilm\u0259lidir. \u015e\u0259ri\u0259t qaydalar\u0131na g\u00f6r\u0259, qurban k\u0259sil\u0259n heyvan sa\u011flam v\u0259 k\u0259sim\u0259 yararl\u0131 olmal\u0131d\u0131r. X\u0259st\u0259, ar\u0131q v\u0259 q\u00fcsurlu heyvanlar qurbanl\u0131\u011fa m\u00fcnasib say\u0131lm\u0131r. Ad\u0259t\u0259n m\u00fc\u0259yy\u0259n ya\u015f h\u0259ddin\u0259 \u00e7atm\u0131\u015f heyvanlar k\u0259silir. Ke\u00e7i v\u0259 qoyunun ya\u015f\u0131 bir il\u0259 yax\u0131n, \u00f6k\u00fcz v\u0259 in\u0259k bir v\u0259 ya iki ild\u0259n art\u0131q, d\u0259v\u0259nin is\u0259 be\u015f ili tamam olmal\u0131d\u0131r. \u015e\u0259ri\u0259t\u0259 g\u00f6r\u0259, heyvan\u0131n \u00fcz\u00fc qibl\u0259y\u0259 uzad\u0131laraq, Qurban niyy\u0259ti il\u0259 Allah\u0131n ad\u0131 \u00e7\u0259kil\u0259r\u0259k k\u0259silm\u0259si vacibdir. Qurbanl\u0131q \u0259sas\u0259n \u00fc\u00e7 hiss\u0259y\u0259 b\u00f6l\u00fcn\u00fcr: bir hiss\u0259ni qurban sahibi \u00f6z\u00fcn\u0259, dig\u0259r hiss\u0259 f\u0259qir v\u0259 kas\u0131b ail\u0259l\u0259r\u0259, \u00fc\u00e7\u00fcnc\u00fc hiss\u0259sinin is\u0259 h\u0259diyy\u0259 kimi qohum-\u0259qr\u0259baya paylanmas\u0131 t\u00f6vsiy\u0259 olunur.<\/p>\n<p>Az\u0259rbaycan Respublikas\u0131 Elm v\u0259 T\u0259hsil Nazirliyi N\u0259sr\u0259ddin Tusi ad\u0131na \u015eamax\u0131 Astrofizika R\u0259s\u0259dxanas\u0131n\u0131n 32\/105 sayl\u0131 27 may 2024-c\u00fc il tarixli m\u0259ktubuna \u0259sas\u0259n, Az\u0259rb\u0430yc\u0430n \u00fcf\u00fcq\u00fcnd\u0259 Hilal\u0131n g\u00f6r\u00fcnm\u0259sin\u0259 uy\u011fun olaraq Qurb\u0430n b\u0430yr\u0430m\u0131 Z\u00fcl-hicc\u0259 ay\u0131n\u0131n 10-na \u2013 Miladi t\u0259qviml\u0259 16 iyun tarixin\u0259 t\u0259sad\u00fcf ed\u0259c\u0259kdir. \u015e\u0259ri\u0259t\u0259 uy\u011fun olaraq Qurban k\u0259simi 16 iyun tarixind\u0259n ba\u015flayaraq 3 g\u00fcn davam ed\u0259 bil\u0259r. \u0130yun ay\u0131n\u0131n 16-da m\u0259scidl\u0259rimizd\u0259 bayram namazlar\u0131 q\u0131l\u0131nacaq, in\u015fallah. \u0410z\u0259rb\u0430yc\u0430nd\u0430 Qurb\u0430n bt\u0430yr\u0430m\u0131 g\u00fcnl\u0259ri d\u00f6vl\u0259t t\u0259r\u0259find\u0259n qeyri-i\u015f g\u00fcn\u00fc elan edilib. D\u00f6vl\u0259timizin dindarlara olan \u00f6z\u0259l diqq\u0259tin\u0259 g\u00f6r\u0259 t\u0259\u015f\u0259kk\u00fcr\u00fcm\u00fcz\u00fc bildirir, din-d\u00f6vl\u0259t m\u00fcnasib\u0259tl\u0259rinin y\u00fcks\u0259k s\u0259viyy\u0259d\u0259 inki\u015faf\u0131 yolunda xeyirxah, s\u0259m\u0259r\u0259li f\u0259aliyy\u0259tl\u0259r\u0259 u\u011furlar arzulay\u0131r\u0131q.<\/p>\n<p>H\u0259disl\u0259rd\u0259 qeyd olundu\u011fu kimi, Qurban bayram\u0131n\u0131n gec\u0259si v\u0259 g\u00fcn\u00fc dualar\u0131n q\u0259bul olundu\u011fu zamand\u0131r. Bu \u0259ziz bayram m\u00fcnasib\u0259til\u0259 Qafqaz M\u00fcs\u0259lmanlar\u0131 \u0130dar\u0259si v\u0259 onun r\u0259hb\u0259rliyi Az\u0259rbaycan xalq\u0131n\u0131 v\u0259 b\u00fct\u00fcn d\u00fcnya m\u00fcs\u0259lmanlar\u0131n\u0131 t\u0259brik edir, Qurban bayram\u0131n\u0131n da\u015f\u0131d\u0131\u011f\u0131 m\u0259n\u0259vi d\u0259y\u0259rl\u0259r\u0259 h\u0259mi\u015f\u0259 sadiq qalma\u011f\u0131 Uca Yaradandan raz-niyaz il\u0259 dil\u0259yir. Allah-Taala dua v\u0259 ibad\u0259tl\u0259rinizi q\u0259bul etsin, Qurban bayram\u0131n\u0131z m\u00fcbar\u0259k olsun!&#8221;<\/p>\n","protected":false},"excerpt":{"rendered":"<p>Qafqaz M\u00fcs\u0259lmanlar\u0131 \u0130dar\u0259si Qaz\u0131lar \u015euras\u0131 Qurban bayram\u0131 il\u0259 ba\u011fl\u0131 f\u0259tva verib. ARANTV.AZ\u00a0 h\u0259min f\u0259tvan\u0131 t\u0259qdim edir: &#8220;Qar\u015f\u0131dan \u0130slam al\u0259mi v\u0259 xalq\u0131m\u0131z\u0131n m\u00fcq\u0259dd\u0259s g\u00fcnl\u0259rind\u0259n biri, R\u0259bbimizin insanl\u0131\u011fa l\u00fctf v\u0259 inay\u0259tinin r\u0259mzi olan m\u00fcbar\u0259k Qurban bayram\u0131 g\u0259lir. B\u00fct\u00fcn s\u0259mavi dinl\u0259rin \u0259ziz tutdu\u011fu, H\u0259zr\u0259t \u0130brahim \u0259leyhissalam\u0131n \u0259hdi v\u0259 H\u0259zr\u0259t \u0130smay\u0131l \u0259leyhissalam\u0131n ad\u0131 il\u0259 ba\u011fl\u0131 bu m\u00fcq\u0259dd\u0259s g\u00fcn \u0259srl\u0259r boyudur ki, d\u00fcnyam\u0131za \u00fcmumb\u0259\u015f\u0259ri birlik v\u0259 insanp\u0259rv\u0259rlik mesaj\u0131n\u0131 \u00e7atd\u0131r\u0131r. \u015e\u00fck\u00fcrl\u0259r olsun ki, h\u0259mr\u0259ylik, yard\u0131mla\u015fma v\u0259 m\u0259n\u0259vi t\u0259mizl\u0259nm\u0259 r\u0259mzi olan m\u00fcq\u0259dd\u0259s Qurban bayram\u0131n\u0131 xalq\u0131m\u0131z Z\u0259f\u0259r ab-havas\u0131nda &#8211; separat\u00e7\u0131 rejimin s\u00fcqutu, m\u00fcq\u0259dd\u0259s bayra\u011f\u0131m\u0131z\u0131n Xank\u0259ndid\u0259, \u018fsg\u0259randa, Xocal\u0131da dal\u011falanmas\u0131,&hellip;<\/p>\n","protected":false},"author":2,"featured_media":729237,"comment_status":"closed","ping_status":"closed","sticky":false,"template":"","format":"standard","meta":{"om_disable_all_campaigns":false,"_monsterinsights_skip_tracking":false,"_monsterinsights_sitenote_active":false,"_monsterinsights_sitenote_note":"","_monsterinsights_sitenote_category":0},"categories":[1],"tags":[],"aioseo_notices":[],"gutentor_comment":0,"rttpg_featured_image_url":{"full":["https:\/\/arantv.az\/wp-content\/uploads\/2024\/06\/trend_gurban_bayram_manaz_090722_44.jpg",1200,800,false],"landscape":["https:\/\/arantv.az\/wp-content\/uploads\/2024\/06\/trend_gurban_bayram_manaz_090722_44.jpg",1200,800,false],"portraits":["https:\/\/arantv.az\/wp-content\/uploads\/2024\/06\/trend_gurban_bayram_manaz_090722_44.jpg",1200,800,false],"thumbnail":["https:\/\/arantv.az\/wp-content\/uploads\/2024\/06\/trend_gurban_bayram_manaz_090722_44-500x280.jpg",500,280,true],"medium":["https:\/\/arantv.az\/wp-content\/uploads\/2024\/06\/trend_gurban_bayram_manaz_090722_44-548x365.jpg",548,365,true],"large":["https:\/\/arantv.az\/wp-content\/uploads\/2024\/06\/trend_gurban_bayram_manaz_090722_44-840x560.jpg",640,427,true],"1536x1536":["https:\/\/arantv.az\/wp-content\/uploads\/2024\/06\/trend_gurban_bayram_manaz_090722_44.jpg",1200,800,false],"2048x2048":["https:\/\/arantv.az\/wp-content\/uploads\/2024\/06\/trend_gurban_bayram_manaz_090722_44.jpg",1200,800,false],"post-thumbnail":["https:\/\/arantv.az\/wp-content\/uploads\/2024\/06\/trend_gurban_bayram_manaz_090722_44-240x172.jpg",240,172,true],"advps-thumb-one":["https:\/\/arantv.az\/wp-content\/uploads\/2024\/06\/trend_gurban_bayram_manaz_090722_44-1200x620.jpg",1200,620,true]},"rttpg_author":{"display_name":"V\u00fcsal Rafiqo\u011flu","author_link":"https:\/\/arantv.az\/?author=2"},"rttpg_comment":0,"rttpg_category":"<a href=\"https:\/\/arantv.az\/?cat=1\" rel=\"category\">C\u0259miyy\u0259t<\/a>","rttpg_excerpt":"Qafqaz M\u00fcs\u0259lmanlar\u0131 \u0130dar\u0259si Qaz\u0131lar \u015euras\u0131 Qurban bayram\u0131 il\u0259 ba\u011fl\u0131 f\u0259tva verib. ARANTV.AZ\u00a0 h\u0259min f\u0259tvan\u0131 t\u0259qdim edir: &#8220;Qar\u015f\u0131dan \u0130slam al\u0259mi v\u0259 xalq\u0131m\u0131z\u0131n m\u00fcq\u0259dd\u0259s g\u00fcnl\u0259rind\u0259n biri, R\u0259bbimizin insanl\u0131\u011fa l\u00fctf v\u0259 inay\u0259tinin r\u0259mzi olan m\u00fcbar\u0259k Qurban bayram\u0131 g\u0259lir. B\u00fct\u00fcn s\u0259mavi dinl\u0259rin \u0259ziz tutdu\u011fu, H\u0259zr\u0259t \u0130brahim \u0259leyhissalam\u0131n \u0259hdi v\u0259 H\u0259zr\u0259t \u0130smay\u0131l \u0259leyhissalam\u0131n ad\u0131 il\u0259 ba\u011fl\u0131 bu m\u00fcq\u0259dd\u0259s g\u00fcn \u0259srl\u0259r&hellip;","_links":{"self":[{"href":"https:\/\/arantv.az\/index.php?rest_route=\/wp\/v2\/posts\/729236"}],"collection":[{"href":"https:\/\/arantv.az\/index.php?rest_route=\/wp\/v2\/posts"}],"about":[{"href":"https:\/\/arantv.az\/index.php?rest_route=\/wp\/v2\/types\/post"}],"author":[{"embeddable":true,"href":"https:\/\/arantv.az\/index.php?rest_route=\/wp\/v2\/users\/2"}],"replies":[{"embeddable":true,"href":"https:\/\/arantv.az\/index.php?rest_route=%2Fwp%2Fv2%2Fcomments&post=729236"}],"version-history":[{"count":0,"href":"https:\/\/arantv.az\/index.php?rest_route=\/wp\/v2\/posts\/729236\/revisions"}],"wp:featuredmedia":[{"embeddable":true,"href":"https:\/\/arantv.az\/index.php?rest_route=\/wp\/v2\/media\/729237"}],"wp:attachment":[{"href":"https:\/\/arantv.az\/index.php?rest_route=%2Fwp%2Fv2%2Fmedia&parent=729236"}],"wp:term":[{"taxonomy":"category","embeddable":true,"href":"https:\/\/arantv.az\/index.php?rest_route=%2Fwp%2Fv2%2Fcategories&post=729236"},{"taxonomy":"post_tag","embeddable":true,"href":"https:\/\/arantv.az\/index.php?rest_route=%2Fwp%2Fv2%2Ftags&post=729236"}],"curies":[{"name":"wp","href":"https:\/\/api.w.org\/{rel}","templated":true}]}}