{"id":729397,"date":"2024-06-11T15:52:35","date_gmt":"2024-06-11T11:52:35","guid":{"rendered":"https:\/\/arantv.az\/?p=729397"},"modified":"2024-06-11T15:52:35","modified_gmt":"2024-06-11T11:52:35","slug":"c%c9%99sar%c9%99t-o-h%c9%99r-liderd%c9%99-olmur","status":"publish","type":"post","link":"https:\/\/arantv.az\/?p=729397","title":{"rendered":"C\u018fSAR\u018fT \u2013 O, h\u0259r liderd\u0259 olmur"},"content":{"rendered":"<p><strong>Az\u0259rbaycan Quzey K\u0131pr\u0131s T\u00fcrk C\u00fcmhuriyy\u0259tini (QKTC) tan\u0131maq yolunda ir\u0259lil\u0259yir \u2013 Prezident \u0130lham \u018fliyev ada t\u00fcrk d\u00f6vl\u0259tinin Prezidenti Ersin Tatar\u0131 T\u00fcrk D\u00f6vl\u0259t Ba\u015f\u00e7\u0131lar\u0131n\u0131n qeyri-formal Zirv\u0259 G\u00f6r\u00fc\u015f\u00fc \u00fc\u00e7\u00fcn \u015eu\u015faya d\u0259v\u0259t edib. Bug\u00fcnl\u0259rd\u0259 is\u0259 QKTC C\u00fcmhuriyy\u0259t M\u0259clisinin ba\u015fqan\u0131 Zorlu T\u00f6r\u0259ni dig\u0259r t\u00fcrk parlament ba\u015fqanlar\u0131 il\u0259 birg\u0259 q\u0259bul etdi, \u00fcr\u0259k s\u00f6zl\u0259rini b\u00f6l\u00fc\u015fd\u00fc&#8230; QKTC-nin d\u0259 T\u00fcrk D\u00f6vl\u0259tl\u0259ri T\u0259\u015fkilat\u0131n\u0131n tamh\u00fcquqlu \u00fczv\u00fcn\u0259 \u00e7evril\u0259c\u0259yin\u0259 \u0259minliyini bildir\u0259n Az\u0259rbaycan Prezidenti dedi: \u201cAz\u0259rbaycan bu g\u00fcn buna iki\u0259lli s\u0259s verir v\u0259 bu, birliyimizin n\u0259 q\u0259d\u0259r s\u0259mimi olmas\u0131n\u0131 bir daha g\u00f6st\u0259r\u0259c\u0259k\u201d!<\/strong><\/p>\n<p>Az\u0259rbaycan\u0131n T\u00fcrk d\u00fcnyas\u0131n\u0131n b\u00fct\u00f6vl\u00fcy\u00fc \u00fc\u00e7\u00fcn nec\u0259 \u00e7al\u0131\u015fd\u0131\u011f\u0131n\u0131, hans\u0131 \u00f6rn\u0259kl\u0259r yaratd\u0131\u011f\u0131n\u0131 g\u00f6rm\u0259m\u0259k sad\u0259c\u0259 m\u00fcmk\u00fcn deyil. \u00d6z\u0259llikl\u0259, \u0130lham \u018fliyevin bu il fevral\u0131n 14-d\u0259 Milli M\u0259clisd\u0259 Andi\u00e7m\u0259 t\u00f6r\u0259nind\u0259ki unudulmaz nitqi, \u201cBizim ail\u0259miz T\u00fcrk d\u00fcnyas\u0131d\u0131r\u201d dem\u0259si Az\u0259rbaycan\u0131n, h\u0259m\u00e7inin T\u00fcrk D\u00f6vl\u0259tl\u0259ri T\u0259\u015fkilat\u0131n\u0131n (TDT) g\u0259l\u0259c\u0259k yol x\u0259rit\u0259sini g\u00f6st\u0259rmi\u015f oldu.<\/p>\n<p>Az\u0259rbaycan Prezidenti qarda\u015f \u00f6lk\u0259 ba\u015f\u00e7\u0131lar\u0131 il\u0259 ikit\u0259r\u0259fli, \u00fc\u00e7t\u0259r\u0259fli g\u00f6r\u00fc\u015fl\u0259rd\u0259, TDT-nin \u00f6t\u0259n ill\u0259rd\u0259ki Zirv\u0259 g\u00f6r\u00fc\u015fl\u0259rind\u0259, dig\u0259r beyn\u0259lxalq platformalarda t\u00fcrk birliyi il\u0259 ba\u011fl\u0131 unudulmas\u0131 m\u00fcmk\u00fcns\u00fcz ismar\u0131clar verib. \u0130lham \u018fliyev bu ilki Prezident se\u00e7kil\u0259rind\u0259n sonrak\u0131 ilk d\u00f6vl\u0259t s\u0259f\u0259ri il\u0259 T\u00fcrkiy\u0259d\u0259 olark\u0259n d\u0259 ortaq evimiz\u0259, ail\u0259miz\u0259, oca\u011f\u0131m\u0131za vur\u011fu etdi. Prezidentin T\u00dcRKPA \u00fczv\u00fc olan qarda\u015f \u00f6lk\u0259l\u0259rin parlament ba\u015f\u00e7\u0131lar\u0131 il\u0259 g\u00f6r\u00fc\u015fd\u0259 (\u00f6z\u00fc d\u0259 m\u0259hz QKTC C\u00fcmhuriyy\u0259t M\u0259clisi ba\u015fqan\u0131n\u0131n \u00e7\u0131x\u0131\u015f\u0131na cavab olaraq) dediyi s\u00f6zl\u0259r\u0259 diqq\u0259t ed\u0259k: \u201cT\u00fcrk D\u00f6vl\u0259tl\u0259ri T\u0259\u015fkilat\u0131n\u0131n tarix\u00e7\u0259sin\u0259 baxsaq g\u00f6r\u0259rik ki, bu, b\u00f6y\u00fck yol ke\u00e7mi\u015f bir t\u0259\u015fkilatd\u0131r. &#8230;M\u0259n 20 ildir ki, \u00f6lk\u0259 Prezidenti kimi bu prosesd\u0259 f\u0259al i\u015ftirak edir\u0259m. Bu 20 il \u0259rzind\u0259 m\u0259n bizim t\u0259\u015fkilat\u0131m\u0131z\u0131n m\u00fcxt\u0259lif m\u0259rh\u0259l\u0259l\u0259rini n\u0259inki g\u00f6rm\u00fc\u015f\u0259m, bunu ya\u015fam\u0131\u015fam. M\u00fcxt\u0259lif d\u00f6vrl\u0259r var idi. Vaxt var idi ki, Zirv\u0259 g\u00f6r\u00fc\u015fl\u0259ri bir ne\u00e7\u0259 il ke\u00e7irilmirdi. Vaxt var idi m\u00fcxt\u0259lif s\u0259b\u0259bl\u0259r\u0259 g\u00f6r\u0259 \u00f6lk\u0259l\u0259rin b\u0259zil\u0259ri bu quruma o q\u0259d\u0259r d\u0259 b\u00f6y\u00fck maraq g\u00f6st\u0259rmirdi. Ancaq m\u0259n bildirm\u0259liy\u0259m, bunu indi h\u0259r k\u0259s bilir, Az\u0259rbaycan olaraq b\u00fct\u00fcn bu 20 il v\u0259 ondan \u0259vv\u0259l r\u0259hm\u0259tlik atam\u0131n d\u00f6vr\u00fcnd\u0259 Az\u0259rbaycan bu qurumun m\u00f6hk\u0259ml\u0259ndirilm\u0259si, birl\u0259\u015fm\u0259si v\u0259 t\u0259\u015fkilata \u00e7evrilm\u0259si i\u015find\u0259 \u00e7ox f\u0259al idi. T\u0259sad\u00fcfi deyil ki, bug\u00fcnk\u00fc T\u00fcrk D\u00f6vl\u0259tl\u0259ri T\u0259\u015fkilat\u0131n\u0131n t\u0259\u015fkilata \u00e7evrilm\u0259si prosesi d\u0259 Nax\u00e7\u0131vanda ba\u015flad\u0131.<\/p>\n<p>&#8230;Bu t\u0259\u015fkilat\u0131n g\u0259l\u0259c\u0259k f\u0259aliyy\u0259ti \u00fc\u00e7\u00fcn birinci t\u0259\u015f\u0259bb\u00fcs\u00fc yen\u0259 d\u0259 Az\u0259rbaycan g\u00f6st\u0259rdi. Biz bu yax\u0131nlarda b\u0259yan etmi\u015fdik ki, T\u00fcrk D\u00f6vl\u0259tl\u0259ri T\u0259\u015fkilat\u0131n\u0131n f\u0259aliyy\u0259tini g\u00fccl\u0259ndirm\u0259k \u00fc\u00e7\u00fcn m\u00f6vcud b\u00fcdc\u0259 yet\u0259rli deyil v\u0259 Az\u0259rbaycan birt\u0259r\u0259fli qaydada 2 milyon Amerika dollar\u0131 \u0259lav\u0259 t\u00f6hf\u0259, y\u0259ni ian\u0259 verib. &#8230;Biz bu t\u0259\u015fkilat\u0131 g\u00fccl\u0259ndirm\u0259liyik\u201d.<\/p>\n<p>T\u00fcrk d\u00fcnyas\u0131 \u00f6z yerind\u0259, bir xarakterli d\u00f6vl\u0259t olaraq, d\u00fcnyan\u0131n haras\u0131nda olursa olsun b\u00fct\u00fcn pozitivl\u0259r\u0259, neqativl\u0259r\u0259 d\u00fcr\u00fcst d\u0259y\u0259rl\u0259ndirm\u0259miz, yana\u015fmam\u0131z vard\u0131r.<\/p>\n<p>Az\u0259rbaycan Q\u0259zza zola\u011f\u0131nda, F\u0259l\u0259stind\u0259 ya\u015fananlar bar\u0259d\u0259 d\u0259 prinsipial m\u00f6vqey\u0259 sahibdir. Prezident \u0130lham \u018fliyev bu prinsipial m\u00f6vqeni iyunun 8-d\u0259 Qahir\u0259d\u0259n bir daha b\u00fct\u00fcn d\u00fcnyaya duyurdu: \u201cAz\u0259rbaycan\u0131n m\u00f6vqeyi birm\u0259nal\u0131d\u0131r &#8211; m\u00fcst\u0259qil F\u0259l\u0259stin D\u00f6vl\u0259ti qurulmal\u0131d\u0131r, \u015e\u0259rqi Q\u00fcds onun paytaxt\u0131 olmal\u0131d\u0131r.<\/p>\n<p>Q\u0259zzada ya\u015fanan faci\u0259 tezlikl\u0259 dayand\u0131r\u0131lmal\u0131d\u0131r, m\u00fcharib\u0259 dayand\u0131r\u0131lmal\u0131d\u0131r v\u0259 b\u00fct\u00fcn m\u0259s\u0259l\u0259l\u0259r dan\u0131\u015f\u0131qlar yolu il\u0259 h\u0259ll olunmal\u0131d\u0131r. M\u0259n Prezident \u018fs-Sisiy\u0259 bildirdim ki, biz Misirin bu istiqam\u0259tl\u0259rd\u0259ki s\u0259yl\u0259rini d\u0259st\u0259kl\u0259yirik v\u0259 Misir t\u0259r\u0259find\u0259n ir\u0259li s\u00fcr\u00fclm\u00fc\u015f t\u0259\u015f\u0259bb\u00fcsl\u0259r diqq\u0259t\u0259 al\u0131nmal\u0131d\u0131r\u201d. H\u0259l\u0259 \u00f6t\u0259n il iyulun 5-d\u0259 F\u0259l\u0259stin D\u00f6vl\u0259tinin Xarici i\u015fl\u0259r naziri Riad \u018fl-Maliki Az\u0259rbaycan Prezidentinin q\u0259bulunda olark\u0259n, o, F\u0259l\u0259stind\u0259 diplomatik n\u00fcmay\u0259nd\u0259lik a\u00e7d\u0131\u011f\u0131na g\u00f6r\u0259 Az\u0259r\u00adbaycana t\u0259\u015f\u0259kk\u00fcr\u00fcn\u00fc bildirmi\u015fdi.<\/p>\n<p>F\u0259l\u0259stinin Xarici i\u015fl\u0259r naziri Az\u0259rbaycan\u0131n F\u0259l\u0259stin\u0259 g\u00f6st\u0259rdiyi daimi humanitar yard\u0131m\u0131n v\u0259 d\u0259st\u0259yin F\u0259l\u0259stin xalq\u0131 t\u0259r\u0259find\u0259n y\u00fcks\u0259k qiym\u0259tl\u0259ndirildiyini vur\u011fulam\u0131\u015fd\u0131.<\/p>\n<p>Y\u0259ni, Az\u0259rbaycan d\u00f6vl\u0259tinin siyas\u0259tinin davaml\u0131l\u0131\u011f\u0131 v\u0259 (nec\u0259 dey\u0259rl\u0259r) sabitq\u0259d\u0259mliyi, \u00f6z\u00fcn\u0259xas duru\u015fu, xarakteri var v\u0259 beyn\u0259lxalq al\u0259m bunu h\u0259r kritik m\u0259qamda ayd\u0131n \u015f\u0259kild\u0259 g\u00f6r\u00fcr.<\/p>\n<p>Yaxud Fransan\u0131n h\u0259l\u0259 d\u0259 davam ed\u0259n neokolonializm siyas\u0259tin\u0259 m\u00fcnasib\u0259t olsun \u2013 qar\u015f\u0131 durma\u011fa c\u0259sar\u0259timiz, s\u00f6z dem\u0259y\u0259 \u00fcz\u00fcm\u00fcz var v\u0259 s\u00f6z\u00fcm\u00fcz s\u00f6zd\u00fcr!<\/p>\n<p>Son iki il i\u00e7ind\u0259 Ukrayna beyn\u0259lxalq ictimaiyy\u0259tin g\u00fcnd\u0259liyind\u0259 \u0259n \u00f6n yerd\u0259dir. Az\u0259rbaycan Ukraynan\u0131n \u0259razi b\u00fct\u00f6vl\u00fcy\u00fcn\u00fc tan\u0131y\u0131r v\u0259 bu \u00f6lk\u0259y\u0259 humanitar yard\u0131mlar\u0131n\u0131 davam etdirir.<\/p>\n<p>Az\u0259rbaycan GUAM orta\u011f\u0131m\u0131z olan dig\u0259r dost \u00f6lk\u0259d\u0259 &#8211; G\u00fcrc\u00fcstanda ke\u00e7irilmi\u015f saxta \u201cparlament se\u00e7kil\u0259r\u201dini tan\u0131mad\u0131: \u201cAz\u0259rbaycan Respublikas\u0131n\u0131n Xarici \u0130\u015fl\u0259r Nazirliyi G\u00fcrc\u00fcstan\u0131n suverenliyini v\u0259 \u0259razi b\u00fct\u00f6vl\u00fcy\u00fcn\u00fc d\u0259st\u0259kl\u0259diyini bir daha t\u0259sdiql\u0259yir v\u0259 9 iyun 2024-c\u00fc il tarixind\u0259 G\u00fcrc\u00fcstan\u0131n Tsxinvali b\u00f6lg\u0259sind\u0259 ke\u00e7irilmi\u015f qondarma \u201cparlament se\u00e7kil\u0259ri\u201dni, h\u0259m\u00e7inin onlar\u0131n n\u0259tic\u0259l\u0259rini tan\u0131m\u0131r\u201d.<\/p>\n<p>B\u0259li, Az\u0259rbaycan Erm\u0259nistan\u0131n (v\u0259 havadarlar\u0131n\u0131n) 30 illik i\u015f\u011fal\u0131na son qoyub, suverenliyini b\u0259rpa edib. \u2013 Biz \u201csa\u011f \u0259limiz ba\u015f\u0131n\u0131za\u201d dey\u0259 G\u00fcrc\u00fcstan, Ukrayna v\u0259 Moldavan\u0131n da \u00f6z \u0259razi b\u00fct\u00f6vl\u00fcy\u00fcn\u00fc b\u0259rpa etm\u0259sin\u0259 t\u0259r\u0259fdar\u0131q.<\/p>\n<p>Az\u0259rbaycan el\u0259 bir g\u00fccl\u00fc ger\u00e7\u0259klik yarad\u0131b ki, Qazax\u0131n uzun ill\u0259r Erm\u0259nistan\u0131n i\u015f\u011fal\u0131nda olan 4 k\u0259ndi silaha \u0259l atmadan azad olundu. O k\u0259ndl\u0259rd\u0259 qanunsuz m\u0259skunla\u015fd\u0131r\u0131lm\u0131\u015f erm\u0259nil\u0259ri oradan \u00e7\u0131xarma\u011fa Pa\u015finyan \u015f\u0259xs\u0259n \u00f6z\u00fc getmi\u015fdi. Art\u0131q ne\u00e7\u0259 h\u0259ft\u0259dir, Ba\u011fanis-Ayr\u0131m, Q\u0131z\u0131lhac\u0131l\u0131, A\u015fa\u011f\u0131 \u018fskipara v\u0259 Xeyrimli k\u0259ndl\u0259rind\u0259 d\u0259 \u00f6z bayra\u011f\u0131m\u0131z dal\u011falan\u0131r!<\/p>\n<p>\u018flb\u0259tt\u0259, Z\u0259ng\u0259zur d\u0259hlizi d\u0259 a\u00e7\u0131lacaq!<\/p>\n<p>Xalq \u015fairi B\u0259xtiyar Vahabzad\u0259nin \u201cV\u0259t\u0259nda\u015f! N\u0259 g\u00f6z\u0259l s\u0259sl\u0259nir bu s\u00f6z\u201d misras\u0131 yad\u0131ma d\u00fc\u015f\u00fcr; m\u0259n indi, bu yaz\u0131n\u0131n m\u00f6vzusu g\u0259r\u0259yi, o c\u00fcml\u0259ni c\u0259sar\u0259t\u0259 aid etm\u0259k ist\u0259rdim: \u201cC\u0259sar\u0259t! N\u0259 g\u00f6z\u0259l s\u0259sl\u0259nir bu s\u00f6z\u201d!<\/p>\n<p>Antik d\u00f6n\u0259md\u0259 c\u0259sar\u0259t d\u00f6rd \u0259sas m\u0259ziyy\u0259td\u0259n (m\u00f6t\u0259dillik, m\u00fcdriklik v\u0259 \u0259dal\u0259t) biri hesab olunurdu. Filosoflar onu sakit c\u0259surluq, \u00e7\u0259tinlikd\u0259 v\u0259 t\u0259hl\u00fck\u0259d\u0259 d\u0259 uslu davranmaq kimi q\u0259bul edir. \u2013 C\u0259sar\u0259tli olmaq f\u0259ls\u0259f\u0259d\u0259 ruh\u0259n m\u00f6hk\u0259mlik v\u0259 m\u0259tinlik, a\u011f\u0131ll\u0131l\u0131q, \u201c\u00fcmumiyy\u0259tl\u0259 ki\u015fid\u0259n g\u00f6zl\u0259nil\u0259n keyfiyy\u0259tl\u0259r toplusu\u201d olaraq yorumlan\u0131r.<\/p>\n<p>C\u0259sar\u0259tin c\u0259sar\u0259t\u0259 b\u0259nz\u0259r dig\u0259r kateqoril\u0259rd\u0259n \u0259n \u00f6n\u0259mli f\u0259rqi onun qorxmazl\u0131\u011f\u0131n m\u0259hz \u015f\u00fcurlu formas\u0131n\u0131 \u2013 yax\u015f\u0131l\u0131qlar ad\u0131na t\u0259hl\u00fck\u0259nin \u00fcst\u00fcn\u0259 getm\u0259yi, bu sah\u0259d\u0259 anlaml\u0131 davran\u0131\u015f\u0131 ifad\u0259 etm\u0259sidir. Aristotel \u201cc\u0259sar\u0259t d\u00f6y\u00fc\u015fd\u0259 \u00f6z\u00fcn\u00fc aparma\u011f\u0131n yegan\u0259 layiqli yoludur\u201d deyib. C\u0259sar\u0259tlilik \u0259r\u0259nlikdir; c\u0259sar\u0259t f\u0259zil\u0259tdir. \u015e\u00fcbh\u0259 yoxdur ki, bu f\u0259zil\u0259t indi \u2013 elanolunmam\u0131\u015f III D\u00fcnya m\u00fcharib\u0259sinin getdiyi bir vaxtda \u00f6z\u0259llikl\u0259 \u00f6n\u0259m da\u015f\u0131y\u0131r!<\/p>\n<p>D\u00d6VL\u018fT\u0130M\u0130Z ZAVAL G\u00d6RM\u018fS\u0130N!<\/p>\n<div class=\"news-author text-left\"><a href=\"https:\/\/www.musavat.com\/author\/ekber-qosali_162\"><img class=\"img-responsive img-author\" src=\"https:\/\/cdn.musavat.com\/authors\/thumbnails\/336d8cc81c306b1767ed671548b9f182.jpeg\" \/>\u018fkb\u0259r Qo\u015fal\u0131<\/a><\/div>\n","protected":false},"excerpt":{"rendered":"<p>Az\u0259rbaycan Quzey K\u0131pr\u0131s T\u00fcrk C\u00fcmhuriyy\u0259tini (QKTC) tan\u0131maq yolunda ir\u0259lil\u0259yir \u2013 Prezident \u0130lham \u018fliyev ada t\u00fcrk d\u00f6vl\u0259tinin Prezidenti Ersin Tatar\u0131 T\u00fcrk D\u00f6vl\u0259t Ba\u015f\u00e7\u0131lar\u0131n\u0131n qeyri-formal Zirv\u0259 G\u00f6r\u00fc\u015f\u00fc \u00fc\u00e7\u00fcn \u015eu\u015faya d\u0259v\u0259t edib. Bug\u00fcnl\u0259rd\u0259 is\u0259 QKTC C\u00fcmhuriyy\u0259t M\u0259clisinin ba\u015fqan\u0131 Zorlu T\u00f6r\u0259ni dig\u0259r t\u00fcrk parlament ba\u015fqanlar\u0131 il\u0259 birg\u0259 q\u0259bul etdi, \u00fcr\u0259k s\u00f6zl\u0259rini b\u00f6l\u00fc\u015fd\u00fc&#8230; QKTC-nin d\u0259 T\u00fcrk D\u00f6vl\u0259tl\u0259ri T\u0259\u015fkilat\u0131n\u0131n tamh\u00fcquqlu \u00fczv\u00fcn\u0259 \u00e7evril\u0259c\u0259yin\u0259 \u0259minliyini bildir\u0259n Az\u0259rbaycan Prezidenti dedi: \u201cAz\u0259rbaycan bu g\u00fcn buna iki\u0259lli s\u0259s verir v\u0259 bu, birliyimizin n\u0259 q\u0259d\u0259r s\u0259mimi olmas\u0131n\u0131 bir daha g\u00f6st\u0259r\u0259c\u0259k\u201d! Az\u0259rbaycan\u0131n T\u00fcrk d\u00fcnyas\u0131n\u0131n b\u00fct\u00f6vl\u00fcy\u00fc \u00fc\u00e7\u00fcn nec\u0259 \u00e7al\u0131\u015fd\u0131\u011f\u0131n\u0131, hans\u0131 \u00f6rn\u0259kl\u0259r yaratd\u0131\u011f\u0131n\u0131 g\u00f6rm\u0259m\u0259k sad\u0259c\u0259&hellip;<\/p>\n","protected":false},"author":2,"featured_media":729398,"comment_status":"closed","ping_status":"closed","sticky":false,"template":"","format":"standard","meta":{"om_disable_all_campaigns":false,"_monsterinsights_skip_tracking":false,"_monsterinsights_sitenote_active":false,"_monsterinsights_sitenote_note":"","_monsterinsights_sitenote_category":0},"categories":[19],"tags":[],"aioseo_notices":[],"gutentor_comment":0,"rttpg_featured_image_url":{"full":["https:\/\/arantv.az\/wp-content\/uploads\/2024\/06\/cafe6fa9d2424ebbd9244d9072c9e2a3.jpg",870,500,false],"landscape":["https:\/\/arantv.az\/wp-content\/uploads\/2024\/06\/cafe6fa9d2424ebbd9244d9072c9e2a3.jpg",870,500,false],"portraits":["https:\/\/arantv.az\/wp-content\/uploads\/2024\/06\/cafe6fa9d2424ebbd9244d9072c9e2a3.jpg",870,500,false],"thumbnail":["https:\/\/arantv.az\/wp-content\/uploads\/2024\/06\/cafe6fa9d2424ebbd9244d9072c9e2a3-500x280.jpg",500,280,true],"medium":["https:\/\/arantv.az\/wp-content\/uploads\/2024\/06\/cafe6fa9d2424ebbd9244d9072c9e2a3-635x365.jpg",635,365,true],"large":["https:\/\/arantv.az\/wp-content\/uploads\/2024\/06\/cafe6fa9d2424ebbd9244d9072c9e2a3-840x483.jpg",640,368,true],"1536x1536":["https:\/\/arantv.az\/wp-content\/uploads\/2024\/06\/cafe6fa9d2424ebbd9244d9072c9e2a3.jpg",870,500,false],"2048x2048":["https:\/\/arantv.az\/wp-content\/uploads\/2024\/06\/cafe6fa9d2424ebbd9244d9072c9e2a3.jpg",870,500,false],"post-thumbnail":["https:\/\/arantv.az\/wp-content\/uploads\/2024\/06\/cafe6fa9d2424ebbd9244d9072c9e2a3-240x172.jpg",240,172,true],"advps-thumb-one":["https:\/\/arantv.az\/wp-content\/uploads\/2024\/06\/cafe6fa9d2424ebbd9244d9072c9e2a3.jpg",870,500,false]},"rttpg_author":{"display_name":"V\u00fcsal Rafiqo\u011flu","author_link":"https:\/\/arantv.az\/?author=2"},"rttpg_comment":0,"rttpg_category":"<a href=\"https:\/\/arantv.az\/?cat=19\" rel=\"category\">G\u00fcnd\u0259m<\/a>","rttpg_excerpt":"Az\u0259rbaycan Quzey K\u0131pr\u0131s T\u00fcrk C\u00fcmhuriyy\u0259tini (QKTC) tan\u0131maq yolunda ir\u0259lil\u0259yir \u2013 Prezident \u0130lham \u018fliyev ada t\u00fcrk d\u00f6vl\u0259tinin Prezidenti Ersin Tatar\u0131 T\u00fcrk D\u00f6vl\u0259t Ba\u015f\u00e7\u0131lar\u0131n\u0131n qeyri-formal Zirv\u0259 G\u00f6r\u00fc\u015f\u00fc \u00fc\u00e7\u00fcn \u015eu\u015faya d\u0259v\u0259t edib. Bug\u00fcnl\u0259rd\u0259 is\u0259 QKTC C\u00fcmhuriyy\u0259t M\u0259clisinin ba\u015fqan\u0131 Zorlu T\u00f6r\u0259ni dig\u0259r t\u00fcrk parlament ba\u015fqanlar\u0131 il\u0259 birg\u0259 q\u0259bul etdi, \u00fcr\u0259k s\u00f6zl\u0259rini b\u00f6l\u00fc\u015fd\u00fc&#8230; QKTC-nin d\u0259 T\u00fcrk D\u00f6vl\u0259tl\u0259ri T\u0259\u015fkilat\u0131n\u0131n tamh\u00fcquqlu \u00fczv\u00fcn\u0259&hellip;","_links":{"self":[{"href":"https:\/\/arantv.az\/index.php?rest_route=\/wp\/v2\/posts\/729397"}],"collection":[{"href":"https:\/\/arantv.az\/index.php?rest_route=\/wp\/v2\/posts"}],"about":[{"href":"https:\/\/arantv.az\/index.php?rest_route=\/wp\/v2\/types\/post"}],"author":[{"embeddable":true,"href":"https:\/\/arantv.az\/index.php?rest_route=\/wp\/v2\/users\/2"}],"replies":[{"embeddable":true,"href":"https:\/\/arantv.az\/index.php?rest_route=%2Fwp%2Fv2%2Fcomments&post=729397"}],"version-history":[{"count":0,"href":"https:\/\/arantv.az\/index.php?rest_route=\/wp\/v2\/posts\/729397\/revisions"}],"wp:featuredmedia":[{"embeddable":true,"href":"https:\/\/arantv.az\/index.php?rest_route=\/wp\/v2\/media\/729398"}],"wp:attachment":[{"href":"https:\/\/arantv.az\/index.php?rest_route=%2Fwp%2Fv2%2Fmedia&parent=729397"}],"wp:term":[{"taxonomy":"category","embeddable":true,"href":"https:\/\/arantv.az\/index.php?rest_route=%2Fwp%2Fv2%2Fcategories&post=729397"},{"taxonomy":"post_tag","embeddable":true,"href":"https:\/\/arantv.az\/index.php?rest_route=%2Fwp%2Fv2%2Ftags&post=729397"}],"curies":[{"name":"wp","href":"https:\/\/api.w.org\/{rel}","templated":true}]}}