{"id":729400,"date":"2024-06-11T15:53:24","date_gmt":"2024-06-11T11:53:24","guid":{"rendered":"https:\/\/arantv.az\/?p=729400"},"modified":"2024-06-11T15:53:24","modified_gmt":"2024-06-11T11:53:24","slug":"prezidentin-yuks%c9%99k-v%c9%99zif%c9%99-verdiyi-s%c9%99xs-kimdir-dosye-5","status":"publish","type":"post","link":"https:\/\/arantv.az\/?p=729400","title":{"rendered":"Prezidentin y\u00fcks\u0259k v\u0259zif\u0259 verdiyi \u015f\u0259xs kimdir? &#8211; DOSYE"},"content":{"rendered":"<p>El\u00e7in \u018fli o\u011flu M\u0259mm\u0259dov Daxili \u0130\u015fl\u0259r Nazirliyi Daxili Qo\u015funlar\u0131n\u0131n H\u0259rbi \u0130nstitutunun rektoru t\u0259yin edilib.<\/p>\n<p><strong>ARANTV.AZ\u00a0 <\/strong>yeni t\u0259yin olunan rektorun dosyesini t\u0259qdim edir:<\/p>\n<p>\u018fsl\u0259n C\u0259bray\u0131l rayonundan olan El\u00e7in M\u0259mm\u0259dov Az\u0259rbaycan Prezidentinin s\u0259r\u0259ncam\u0131na \u0259sas\u0259n 11 mart 2023-c\u00fc ild\u0259 &#8220;V\u0259t\u0259n u\u011frunda&#8221; medal\u0131 il\u0259 t\u0259ltif edilib.<\/p>\n<p>Daxili Qo\u015funlar\u0131n Q\u0259b\u0259l\u0259 rayonu \u0259razisind\u0259 yerl\u0259\u015f\u0259n &#8220;N&#8221; sayl\u0131 h\u0259rbi hiss\u0259sinin komandiri olub.<\/p>\n<p>30 avqust 2023-c\u00fc ild\u0259 Daxili \u0130\u015fl\u0259r Nazirliyinin Daxili Qo\u015funlar\u0131n\u0131n Ali H\u0259rbi M\u0259\u043at\u0259binin r\u0259isi v\u0259zif\u0259sin\u0259 t\u0259yin edilib.<\/p>\n<p>Az\u0259rbaycan Prezidenti\u00a0<strong>\u0130lham \u018fliyevin<\/strong>\u00a011 mart 2024-c\u00fc il tarixli s\u0259r\u0259ncam\u0131 il\u0259 is\u0259 El\u00e7in M\u0259mm\u0259dova &#8220;general-mayor&#8221; ali h\u0259rbi r\u00fctb\u0259si verilib.<\/p>\n","protected":false},"excerpt":{"rendered":"<p>El\u00e7in \u018fli o\u011flu M\u0259mm\u0259dov Daxili \u0130\u015fl\u0259r Nazirliyi Daxili Qo\u015funlar\u0131n\u0131n H\u0259rbi \u0130nstitutunun rektoru t\u0259yin edilib. ARANTV.AZ\u00a0 yeni t\u0259yin olunan rektorun dosyesini t\u0259qdim edir: \u018fsl\u0259n C\u0259bray\u0131l rayonundan olan El\u00e7in M\u0259mm\u0259dov Az\u0259rbaycan Prezidentinin s\u0259r\u0259ncam\u0131na \u0259sas\u0259n 11 mart 2023-c\u00fc ild\u0259 &#8220;V\u0259t\u0259n u\u011frunda&#8221; medal\u0131 il\u0259 t\u0259ltif edilib. Daxili Qo\u015funlar\u0131n Q\u0259b\u0259l\u0259 rayonu \u0259razisind\u0259 yerl\u0259\u015f\u0259n &#8220;N&#8221; sayl\u0131 h\u0259rbi hiss\u0259sinin komandiri olub. 30 avqust 2023-c\u00fc ild\u0259 Daxili \u0130\u015fl\u0259r Nazirliyinin Daxili Qo\u015funlar\u0131n\u0131n Ali H\u0259rbi M\u0259\u043at\u0259binin r\u0259isi v\u0259zif\u0259sin\u0259 t\u0259yin edilib. Az\u0259rbaycan Prezidenti\u00a0\u0130lham \u018fliyevin\u00a011 mart 2024-c\u00fc il tarixli s\u0259r\u0259ncam\u0131 il\u0259 is\u0259 El\u00e7in M\u0259mm\u0259dova &#8220;general-mayor&#8221; ali h\u0259rbi r\u00fctb\u0259si verilib.<\/p>\n","protected":false},"author":2,"featured_media":729401,"comment_status":"closed","ping_status":"closed","sticky":false,"template":"","format":"standard","meta":{"om_disable_all_campaigns":false,"_monsterinsights_skip_tracking":false,"_monsterinsights_sitenote_active":false,"_monsterinsights_sitenote_note":"","_monsterinsights_sitenote_category":0},"categories":[19],"tags":[],"aioseo_notices":[],"gutentor_comment":0,"rttpg_featured_image_url":{"full":["https:\/\/arantv.az\/wp-content\/uploads\/2024\/06\/9de7295c7ddad2fbd2a689b95356e60a.jpg",640,387,false],"landscape":["https:\/\/arantv.az\/wp-content\/uploads\/2024\/06\/9de7295c7ddad2fbd2a689b95356e60a.jpg",640,387,false],"portraits":["https:\/\/arantv.az\/wp-content\/uploads\/2024\/06\/9de7295c7ddad2fbd2a689b95356e60a.jpg",640,387,false],"thumbnail":["https:\/\/arantv.az\/wp-content\/uploads\/2024\/06\/9de7295c7ddad2fbd2a689b95356e60a-500x280.jpg",500,280,true],"medium":["https:\/\/arantv.az\/wp-content\/uploads\/2024\/06\/9de7295c7ddad2fbd2a689b95356e60a-604x365.jpg",604,365,true],"large":["https:\/\/arantv.az\/wp-content\/uploads\/2024\/06\/9de7295c7ddad2fbd2a689b95356e60a.jpg",640,387,false],"1536x1536":["https:\/\/arantv.az\/wp-content\/uploads\/2024\/06\/9de7295c7ddad2fbd2a689b95356e60a.jpg",640,387,false],"2048x2048":["https:\/\/arantv.az\/wp-content\/uploads\/2024\/06\/9de7295c7ddad2fbd2a689b95356e60a.jpg",640,387,false],"post-thumbnail":["https:\/\/arantv.az\/wp-content\/uploads\/2024\/06\/9de7295c7ddad2fbd2a689b95356e60a-240x172.jpg",240,172,true],"advps-thumb-one":["https:\/\/arantv.az\/wp-content\/uploads\/2024\/06\/9de7295c7ddad2fbd2a689b95356e60a.jpg",640,387,false]},"rttpg_author":{"display_name":"V\u00fcsal Rafiqo\u011flu","author_link":"https:\/\/arantv.az\/?author=2"},"rttpg_comment":0,"rttpg_category":"<a href=\"https:\/\/arantv.az\/?cat=19\" rel=\"category\">G\u00fcnd\u0259m<\/a>","rttpg_excerpt":"El\u00e7in \u018fli o\u011flu M\u0259mm\u0259dov Daxili \u0130\u015fl\u0259r Nazirliyi Daxili Qo\u015funlar\u0131n\u0131n H\u0259rbi \u0130nstitutunun rektoru t\u0259yin edilib. ARANTV.AZ\u00a0 yeni t\u0259yin olunan rektorun dosyesini t\u0259qdim edir: \u018fsl\u0259n C\u0259bray\u0131l rayonundan olan El\u00e7in M\u0259mm\u0259dov Az\u0259rbaycan Prezidentinin s\u0259r\u0259ncam\u0131na \u0259sas\u0259n 11 mart 2023-c\u00fc ild\u0259 &#8220;V\u0259t\u0259n u\u011frunda&#8221; medal\u0131 il\u0259 t\u0259ltif edilib. Daxili Qo\u015funlar\u0131n Q\u0259b\u0259l\u0259 rayonu \u0259razisind\u0259 yerl\u0259\u015f\u0259n &#8220;N&#8221; sayl\u0131 h\u0259rbi hiss\u0259sinin komandiri olub. 30&hellip;","_links":{"self":[{"href":"https:\/\/arantv.az\/index.php?rest_route=\/wp\/v2\/posts\/729400"}],"collection":[{"href":"https:\/\/arantv.az\/index.php?rest_route=\/wp\/v2\/posts"}],"about":[{"href":"https:\/\/arantv.az\/index.php?rest_route=\/wp\/v2\/types\/post"}],"author":[{"embeddable":true,"href":"https:\/\/arantv.az\/index.php?rest_route=\/wp\/v2\/users\/2"}],"replies":[{"embeddable":true,"href":"https:\/\/arantv.az\/index.php?rest_route=%2Fwp%2Fv2%2Fcomments&post=729400"}],"version-history":[{"count":0,"href":"https:\/\/arantv.az\/index.php?rest_route=\/wp\/v2\/posts\/729400\/revisions"}],"wp:featuredmedia":[{"embeddable":true,"href":"https:\/\/arantv.az\/index.php?rest_route=\/wp\/v2\/media\/729401"}],"wp:attachment":[{"href":"https:\/\/arantv.az\/index.php?rest_route=%2Fwp%2Fv2%2Fmedia&parent=729400"}],"wp:term":[{"taxonomy":"category","embeddable":true,"href":"https:\/\/arantv.az\/index.php?rest_route=%2Fwp%2Fv2%2Fcategories&post=729400"},{"taxonomy":"post_tag","embeddable":true,"href":"https:\/\/arantv.az\/index.php?rest_route=%2Fwp%2Fv2%2Ftags&post=729400"}],"curies":[{"name":"wp","href":"https:\/\/api.w.org\/{rel}","templated":true}]}}