{"id":729406,"date":"2024-06-11T15:56:36","date_gmt":"2024-06-11T11:56:36","guid":{"rendered":"https:\/\/arantv.az\/?p=729406"},"modified":"2024-06-11T15:56:36","modified_gmt":"2024-06-11T11:56:36","slug":"prezident-ilham-%c9%99liyev-vladimir-putin%c9%99-t%c9%99brik-unvanlayib","status":"publish","type":"post","link":"https:\/\/arantv.az\/?p=729406","title":{"rendered":"Prezident \u0130lham \u018fliyev Vladimir Putin\u0259 t\u0259brik \u00fcnvanlay\u0131b"},"content":{"rendered":"<p>Prezident \u0130lham \u018fliyev Rusiya Prezidenti Vladimir Putin\u0259 t\u0259brik \u00fcnvanlay\u0131b.<\/p>\n<p><strong>ARANTV.AZ\u00a0 x\u0259b\u0259r verir ki,<\/strong>\u00a0t\u0259brikd\u0259 deyilir:<\/p>\n<p>&#8220;<strong>H\u00f6rm\u0259tli Vladimir Vladimirovi\u00e7<\/strong>.<\/p>\n<p>Sizi v\u0259 Sizin \u015f\u0259xsinizd\u0259 Rusiyan\u0131n b\u00fct\u00fcn dost xalq\u0131n\u0131 d\u00f6vl\u0259t bayram\u0131 \u2013 Rusiya G\u00fcn\u00fc m\u00fcnasib\u0259til\u0259 Az\u0259rbaycan xalq\u0131 ad\u0131ndan v\u0259 \u015f\u0259xs\u0259n \u00f6z ad\u0131mdan s\u0259mimi-q\u0259lbd\u0259n t\u0259brik edir\u0259m.<\/p>\n<p>Xalqlar\u0131m\u0131z aras\u0131nda uzun \u0259srl\u0259r \u0259rzind\u0259 formala\u015fm\u0131\u015f m\u00f6hk\u0259m dostluq v\u0259 mehriban qon\u015fuluq \u0259n\u0259n\u0259l\u0259ri Az\u0259rbaycan il\u0259 Rusiyan\u0131n m\u00fcnasib\u0259tl\u0259rinin u\u011furlu v\u0259 ard\u0131c\u0131l inki\u015faf\u0131n\u0131n etibarl\u0131 \u0259sas\u0131d\u0131r. Biz strateji m\u00fctt\u0259fiqlik xarakteri da\u015f\u0131yan Az\u0259rbaycan-Rusiya qar\u015f\u0131l\u0131ql\u0131 f\u0259aliyy\u0259tinin \u0259ld\u0259 olunmu\u015f s\u0259viyy\u0259sini y\u00fcks\u0259k qiym\u0259tl\u0259ndiririk.<\/p>\n<p>Bu g\u00fcn bizim ikit\u0259r\u0259fli g\u00fcnd\u0259liyimizd\u0259 \u0259m\u0259kda\u015fl\u0131\u011f\u0131n dem\u0259k olar ki, b\u00fct\u00fcn sah\u0259l\u0259rini \u0259hat\u0259 ed\u0259n v\u0259 \u015f\u00fcbh\u0259siz, h\u0259yata ke\u00e7irilm\u0259sinin t\u0259kc\u0259 \u00f6lk\u0259l\u0259rimiz\u0259 v\u0259 xalqlar\u0131m\u0131za deyil, h\u0259m d\u0259 b\u00fct\u00f6vl\u00fckd\u0259 regionun rifah\u0131na xidm\u0259t ed\u0259n m\u0259s\u0259l\u0259l\u0259rin geni\u015f spektri yer al\u0131r.<\/p>\n<p>\u018fmin\u0259m ki, Az\u0259rbaycan-Rusiya m\u00fcnasib\u0259tl\u0259ri v\u0259 dost \u00f6lk\u0259l\u0259rimizin maraqlar\u0131na cavab ver\u0259n \u00e7oxplanl\u0131 qar\u015f\u0131l\u0131ql\u0131 f\u0259aliyy\u0259t g\u0259l\u0259c\u0259kd\u0259 d\u0259 y\u00fcks\u0259l\u0259n x\u0259tl\u0259 s\u0259m\u0259r\u0259li \u015f\u0259kild\u0259 inki\u015faf ed\u0259c\u0259k, yeni m\u0259zmun v\u0259 birg\u0259 layih\u0259l\u0259rl\u0259 z\u0259nginl\u0259\u015f\u0259c\u0259k.<\/p>\n<p>H\u00f6rm\u0259tli Vladimir Vladimirovi\u00e7, bu \u0259lam\u0259tdar g\u00fcnd\u0259 Siz\u0259 m\u00f6hk\u0259m cansa\u011fl\u0131\u011f\u0131 v\u0259 u\u011furlar, Rusiyan\u0131n b\u00fct\u00fcn v\u0259t\u0259nda\u015flar\u0131na is\u0259 \u0259min-amanl\u0131q v\u0259 t\u0259r\u0259qqi arzulay\u0131ram&#8221;.<\/p>\n","protected":false},"excerpt":{"rendered":"<p>Prezident \u0130lham \u018fliyev Rusiya Prezidenti Vladimir Putin\u0259 t\u0259brik \u00fcnvanlay\u0131b. ARANTV.AZ\u00a0 x\u0259b\u0259r verir ki,\u00a0t\u0259brikd\u0259 deyilir: &#8220;H\u00f6rm\u0259tli Vladimir Vladimirovi\u00e7. Sizi v\u0259 Sizin \u015f\u0259xsinizd\u0259 Rusiyan\u0131n b\u00fct\u00fcn dost xalq\u0131n\u0131 d\u00f6vl\u0259t bayram\u0131 \u2013 Rusiya G\u00fcn\u00fc m\u00fcnasib\u0259til\u0259 Az\u0259rbaycan xalq\u0131 ad\u0131ndan v\u0259 \u015f\u0259xs\u0259n \u00f6z ad\u0131mdan s\u0259mimi-q\u0259lbd\u0259n t\u0259brik edir\u0259m. Xalqlar\u0131m\u0131z aras\u0131nda uzun \u0259srl\u0259r \u0259rzind\u0259 formala\u015fm\u0131\u015f m\u00f6hk\u0259m dostluq v\u0259 mehriban qon\u015fuluq \u0259n\u0259n\u0259l\u0259ri Az\u0259rbaycan il\u0259 Rusiyan\u0131n m\u00fcnasib\u0259tl\u0259rinin u\u011furlu v\u0259 ard\u0131c\u0131l inki\u015faf\u0131n\u0131n etibarl\u0131 \u0259sas\u0131d\u0131r. Biz strateji m\u00fctt\u0259fiqlik xarakteri da\u015f\u0131yan Az\u0259rbaycan-Rusiya qar\u015f\u0131l\u0131ql\u0131 f\u0259aliyy\u0259tinin \u0259ld\u0259 olunmu\u015f s\u0259viyy\u0259sini y\u00fcks\u0259k qiym\u0259tl\u0259ndiririk. Bu g\u00fcn bizim ikit\u0259r\u0259fli g\u00fcnd\u0259liyimizd\u0259 \u0259m\u0259kda\u015fl\u0131\u011f\u0131n dem\u0259k olar ki, b\u00fct\u00fcn sah\u0259l\u0259rini \u0259hat\u0259 ed\u0259n v\u0259&hellip;<\/p>\n","protected":false},"author":2,"featured_media":729407,"comment_status":"closed","ping_status":"closed","sticky":false,"template":"","format":"standard","meta":{"om_disable_all_campaigns":false,"_monsterinsights_skip_tracking":false,"_monsterinsights_sitenote_active":false,"_monsterinsights_sitenote_note":"","_monsterinsights_sitenote_category":0},"categories":[4],"tags":[],"aioseo_notices":[],"gutentor_comment":0,"rttpg_featured_image_url":{"full":["https:\/\/arantv.az\/wp-content\/uploads\/2024\/06\/84f2798f171810547719616460010582378.jpg",975,540,false],"landscape":["https:\/\/arantv.az\/wp-content\/uploads\/2024\/06\/84f2798f171810547719616460010582378.jpg",975,540,false],"portraits":["https:\/\/arantv.az\/wp-content\/uploads\/2024\/06\/84f2798f171810547719616460010582378.jpg",975,540,false],"thumbnail":["https:\/\/arantv.az\/wp-content\/uploads\/2024\/06\/84f2798f171810547719616460010582378-500x280.jpg",500,280,true],"medium":["https:\/\/arantv.az\/wp-content\/uploads\/2024\/06\/84f2798f171810547719616460010582378-660x365.jpg",660,365,true],"large":["https:\/\/arantv.az\/wp-content\/uploads\/2024\/06\/84f2798f171810547719616460010582378-840x465.jpg",640,354,true],"1536x1536":["https:\/\/arantv.az\/wp-content\/uploads\/2024\/06\/84f2798f171810547719616460010582378.jpg",975,540,false],"2048x2048":["https:\/\/arantv.az\/wp-content\/uploads\/2024\/06\/84f2798f171810547719616460010582378.jpg",975,540,false],"post-thumbnail":["https:\/\/arantv.az\/wp-content\/uploads\/2024\/06\/84f2798f171810547719616460010582378-240x172.jpg",240,172,true],"advps-thumb-one":["https:\/\/arantv.az\/wp-content\/uploads\/2024\/06\/84f2798f171810547719616460010582378.jpg",975,540,false]},"rttpg_author":{"display_name":"V\u00fcsal Rafiqo\u011flu","author_link":"https:\/\/arantv.az\/?author=2"},"rttpg_comment":0,"rttpg_category":"<a href=\"https:\/\/arantv.az\/?cat=4\" rel=\"category\">Siyas\u0259t<\/a>","rttpg_excerpt":"Prezident \u0130lham \u018fliyev Rusiya Prezidenti Vladimir Putin\u0259 t\u0259brik \u00fcnvanlay\u0131b. ARANTV.AZ\u00a0 x\u0259b\u0259r verir ki,\u00a0t\u0259brikd\u0259 deyilir: &#8220;H\u00f6rm\u0259tli Vladimir Vladimirovi\u00e7. Sizi v\u0259 Sizin \u015f\u0259xsinizd\u0259 Rusiyan\u0131n b\u00fct\u00fcn dost xalq\u0131n\u0131 d\u00f6vl\u0259t bayram\u0131 \u2013 Rusiya G\u00fcn\u00fc m\u00fcnasib\u0259til\u0259 Az\u0259rbaycan xalq\u0131 ad\u0131ndan v\u0259 \u015f\u0259xs\u0259n \u00f6z ad\u0131mdan s\u0259mimi-q\u0259lbd\u0259n t\u0259brik edir\u0259m. Xalqlar\u0131m\u0131z aras\u0131nda uzun \u0259srl\u0259r \u0259rzind\u0259 formala\u015fm\u0131\u015f m\u00f6hk\u0259m dostluq v\u0259 mehriban qon\u015fuluq \u0259n\u0259n\u0259l\u0259ri Az\u0259rbaycan il\u0259&hellip;","_links":{"self":[{"href":"https:\/\/arantv.az\/index.php?rest_route=\/wp\/v2\/posts\/729406"}],"collection":[{"href":"https:\/\/arantv.az\/index.php?rest_route=\/wp\/v2\/posts"}],"about":[{"href":"https:\/\/arantv.az\/index.php?rest_route=\/wp\/v2\/types\/post"}],"author":[{"embeddable":true,"href":"https:\/\/arantv.az\/index.php?rest_route=\/wp\/v2\/users\/2"}],"replies":[{"embeddable":true,"href":"https:\/\/arantv.az\/index.php?rest_route=%2Fwp%2Fv2%2Fcomments&post=729406"}],"version-history":[{"count":0,"href":"https:\/\/arantv.az\/index.php?rest_route=\/wp\/v2\/posts\/729406\/revisions"}],"wp:featuredmedia":[{"embeddable":true,"href":"https:\/\/arantv.az\/index.php?rest_route=\/wp\/v2\/media\/729407"}],"wp:attachment":[{"href":"https:\/\/arantv.az\/index.php?rest_route=%2Fwp%2Fv2%2Fmedia&parent=729406"}],"wp:term":[{"taxonomy":"category","embeddable":true,"href":"https:\/\/arantv.az\/index.php?rest_route=%2Fwp%2Fv2%2Fcategories&post=729406"},{"taxonomy":"post_tag","embeddable":true,"href":"https:\/\/arantv.az\/index.php?rest_route=%2Fwp%2Fv2%2Ftags&post=729406"}],"curies":[{"name":"wp","href":"https:\/\/api.w.org\/{rel}","templated":true}]}}