{"id":729702,"date":"2024-06-12T14:40:20","date_gmt":"2024-06-12T10:40:20","guid":{"rendered":"https:\/\/arantv.az\/?p=729702"},"modified":"2024-06-12T14:40:20","modified_gmt":"2024-06-12T10:40:20","slug":"az%c9%99rbaycandan-avropaya-yeni-qaz-n%c9%99qli-rusiyadan-asililigi-aradan-qaldirmaq-mumkun-olacaqmi","status":"publish","type":"post","link":"https:\/\/arantv.az\/?p=729702","title":{"rendered":"Az\u0259rbaycandan Avropaya YEN\u0130 QAZ N\u018fQL\u0130: Rusiyadan as\u0131l\u0131l\u0131\u011f\u0131 aradan qald\u0131rmaq m\u00fcmk\u00fcn olacaqm\u0131?"},"content":{"rendered":"<p>Avropa \u0130ttifaq\u0131 v\u0259 Avropa h\u00f6kum\u0259tl\u0259rinin r\u0259smil\u0259ri Rusiya qaz\u0131n\u0131n Ukrayna vasit\u0259sil\u0259 icma \u00f6lk\u0259l\u0259rin\u0259 tranzitin\u0259 dair sazi\u015fin m\u00fcdd\u0259tinin 2025-ci il\u0259 q\u0259d\u0259r uzad\u0131lmas\u0131 \u00fc\u00e7\u00fcn Kiyev t\u0259r\u0259fi il\u0259 dan\u0131\u015f\u0131qlar apar\u0131r. \u201cBloomberq\u201d agentliyinin m\u0259lumat\u0131na g\u00f6r\u0259, haz\u0131rda m\u00fczakir\u0259 olunan variantlardan biri d\u0259 Avropan\u0131n Az\u0259rbaycandan qaz almas\u0131 v\u0259 onun Ukrayna \u0259razisind\u0259n ke\u00e7\u0259n Rusiya qaz k\u0259m\u0259rl\u0259ri il\u0259 n\u0259qlidir. Ukraynan\u0131n \u201cNaftoqaz\u201d \u015firk\u0259tinin ba\u015f icra\u00e7\u0131 direktoru Aleksey \u00c7ern\u0131\u015fov agentliy\u0259 bildirib ki, Kiyev Bak\u0131dan qaz almaq t\u0259\u015f\u0259bb\u00fcs\u00fcn\u00fc m\u00fcsb\u0259t qiym\u0259tl\u0259ndirir v\u0259 \u00f6lk\u0259d\u0259 yerl\u0259\u015f\u0259n infrastrukturdan istifad\u0259ni davam etdirm\u0259k niyy\u0259tind\u0259dir.<\/p>\n<p><strong>Neft Ara\u015fd\u0131rmalar\u0131 M\u0259rk\u0259zinin r\u0259hb\u0259ri, iqtisad\u00e7\u0131-ekspert \u0130lham \u015eaban m\u00f6vzu il\u0259 ba\u011fl\u0131 Medianews.az-a bildirib ki,<\/strong>\u00a0Az\u0259rbaycan qaz\u0131n\u0131n Rusiya \u0259razisi il\u0259 Ukraynaya, oradan da Avropaya da\u015f\u0131nmas\u0131 yenilik deyil.<\/p>\n<p><img loading=\"lazy\" class=\"alignnone  wp-image-675157\" src=\"https:\/\/medianews.az\/wp-content\/uploads\/2024\/06\/ahr0chm6ly9jmdiuchvycgxlzhnodwiuy29tl3vwbg9hzhmvc2l0zxmvny8ymdi0lzaxl0ltywdllw9mlwdhcy1waxblbgluzxmtd2l0ac1fvs1hbmqtunvzc2lhbi1mbgfncy1tahv0dgvyc3rvy2suy29txy5qcgc-300x225.jpg\" sizes=\"(max-width: 756px) 100vw, 756px\" srcset=\"https:\/\/medianews.az\/wp-content\/uploads\/2024\/06\/ahr0chm6ly9jmdiuchvycgxlzhnodwiuy29tl3vwbg9hzhmvc2l0zxmvny8ymdi0lzaxl0ltywdllw9mlwdhcy1waxblbgluzxmtd2l0ac1fvs1hbmqtunvzc2lhbi1mbgfncy1tahv0dgvyc3rvy2suy29txy5qcgc-300x225.jpg 300w, https:\/\/medianews.az\/wp-content\/uploads\/2024\/06\/ahr0chm6ly9jmdiuchvycgxlzhnodwiuy29tl3vwbg9hzhmvc2l0zxmvny8ymdi0lzaxl0ltywdllw9mlwdhcy1waxblbgluzxmtd2l0ac1fvs1hbmqtunvzc2lhbi1mbgfncy1tahv0dgvyc3rvy2suy29txy5qcgc-99x74.jpg 99w, https:\/\/medianews.az\/wp-content\/uploads\/2024\/06\/ahr0chm6ly9jmdiuchvycgxlzhnodwiuy29tl3vwbg9hzhmvc2l0zxmvny8ymdi0lzaxl0ltywdllw9mlwdhcy1waxblbgluzxmtd2l0ac1fvs1hbmqtunvzc2lhbi1mbgfncy1tahv0dgvyc3rvy2suy29txy5qcgc-768x576.jpg 768w, https:\/\/medianews.az\/wp-content\/uploads\/2024\/06\/ahr0chm6ly9jmdiuchvycgxlzhnodwiuy29tl3vwbg9hzhmvc2l0zxmvny8ymdi0lzaxl0ltywdllw9mlwdhcy1waxblbgluzxmtd2l0ac1fvs1hbmqtunvzc2lhbi1mbgfncy1tahv0dgvyc3rvy2suy29txy5qcgc-750x562.jpg 750w, https:\/\/medianews.az\/wp-content\/uploads\/2024\/06\/ahr0chm6ly9jmdiuchvycgxlzhnodwiuy29tl3vwbg9hzhmvc2l0zxmvny8ymdi0lzaxl0ltywdllw9mlwdhcy1waxblbgluzxmtd2l0ac1fvs1hbmqtunvzc2lhbi1mbgfncy1tahv0dgvyc3rvy2suy29txy5qcgc-scaled.jpg 534w\" alt=\"\" width=\"756\" height=\"567\" data-pin-no-hover=\"true\" \/><\/p>\n<p>Onun s\u00f6zl\u0259rin\u0259 g\u00f6r\u0259, may ay\u0131nda Bak\u0131ya g\u0259l\u0259n Sovakiyan\u0131n Ba\u015f naziri Robert Fitso da ikit\u0259r\u0259fli g\u00f6r\u00fc\u015f zaman\u0131 bel\u0259 bir t\u0259klifl\u0259 \u00e7\u0131x\u0131\u015f edib: \u201cFitso qeyd etmi\u015fdi ki, Az\u0259rbaycan Avropaya qaz h\u0259cml\u0259rini onsuz da art\u0131racaq v\u0259 bu bar\u0259d\u0259 planlar var. O, bu mar\u015furutlar\u0131 diversifikasiya etm\u0259k, Ukrayna \u00fcz\u0259rind\u0259n qaz t\u0259chizat\u0131n\u0131 t\u0259min etm\u0259k t\u0259klifini ir\u0259li s\u00fcrm\u00fc\u015fd\u00fc. Ba\u015f nazir xat\u0131rlatm\u0131\u015fd\u0131 ki, 31 dekabr 2024-c\u00fc ild\u0259 Rusiya qaz\u0131n\u0131n Ukrayna \u00fcz\u0259rind\u0259n tranzitin\u0259 dair be\u015f illik m\u00fcqavil\u0259 ba\u015fa \u00e7at\u0131r v\u0259 o yenil\u0259nm\u0259y\u0259c\u0259k. \u00c7\u00fcnki, Br\u00fcssel v\u0259 Kiyevin fikiri bel\u0259dir. V\u0259ziyy\u0259td\u0259n \u00e7\u0131x\u0131\u015f yolu kimi Rusiya v\u0259 Ukraynan\u0131n qaz infrastrukturundan isitfad\u0259 etm\u0259kl\u0259, m\u00fc\u0259yy\u0259n h\u0259cml\u0259ri g\u00f6nd\u0259rm\u0259k olar. Bu, bel\u0259 bir t\u0259klif idi. \u201cBloomberq\u201d agentliyi bu fikiri inki\u015faf etdir\u0259r\u0259k yaz\u0131r ki, Avropada bu ideya var v\u0259 bu ideya \u0259traf\u0131nda m\u00fc\u0259yy\u0259n i\u015fl\u0259r gedir. \u0130kinci bir t\u0259r\u0259fd\u0259n qeyd edir ki, bu, ba\u015flan\u011f\u0131c bir s\u0259viyy\u0259d\u0259dir. Bundan da bel\u0259 q\u0259na\u0259t\u0259 g\u0259lm\u0259k olar ki, t\u0259r\u0259fl\u0259r hans\u0131sa \u015f\u0259rhl\u0259r verm\u0259k ist\u0259mir. \u0130kinci bir t\u0259r\u0259fd\u0259n, ortada ictimail\u0259\u015fdiril\u0259si hans\u0131sa bir m\u0259s\u0259l\u0259 d\u0259 yoxdur ki, onu h\u0259r hans\u0131 bir qruma istinad\u0259n kims\u0259 desin, m\u0259lumat yays\u0131n. Y\u0259ni, m\u0259s\u0259l\u0259 h\u0259l\u0259 m\u0259chuldur, lakin ideya \u015f\u0259klind\u0259 var. Slovakiyan\u0131n Ba\u015f naziri bunu ilk d\u0259f\u0259 dil\u0259 g\u0259tirib. Baxaq g\u00f6r\u0259k, bu n\u0259 d\u0259r\u0259c\u0259d\u0259 m\u00fcmk\u00fcn olacaq\u201d.<\/p>\n<p><img loading=\"lazy\" class=\"alignnone  wp-image-647343\" src=\"https:\/\/medianews.az\/wp-content\/uploads\/2024\/04\/ilham-shaban-tv-1-1-300x213.jpg\" sizes=\"(max-width: 748px) 100vw, 748px\" srcset=\"https:\/\/medianews.az\/wp-content\/uploads\/2024\/04\/ilham-shaban-tv-1-1-300x213.jpg 300w, https:\/\/medianews.az\/wp-content\/uploads\/2024\/04\/ilham-shaban-tv-1-1-99x70.jpg 99w, https:\/\/medianews.az\/wp-content\/uploads\/2024\/04\/ilham-shaban-tv-1-1-768x545.jpg 768w, https:\/\/medianews.az\/wp-content\/uploads\/2024\/04\/ilham-shaban-tv-1-1-120x86.jpg 120w, https:\/\/medianews.az\/wp-content\/uploads\/2024\/04\/ilham-shaban-tv-1-1-750x533.jpg 750w, https:\/\/medianews.az\/wp-content\/uploads\/2024\/04\/ilham-shaban-tv-1-1-scaled.jpg 563w\" alt=\"\" width=\"748\" height=\"531\" data-pin-no-hover=\"true\" \/><\/p>\n<p>\u0130qtisad\u00e7\u0131-ekspert deyib ki, ilk n\u00f6vb\u0259d\u0259 Az\u0259rbaycan Ukrayna \u00fcz\u0259rind\u0259n Avropaya n\u0259 q\u0259d\u0259r qaz n\u0259ql ed\u0259c\u0259yini bilm\u0259lidir: \u201cBaxaq g\u00f6r\u0259k, il \u0259rzind\u0259 Avropaya Ukrayna \u00fcz\u0259rind\u0259n n\u0259 q\u0259d\u0259r qaz n\u0259ql edilir. Bu, g\u00fcnd\u0259lik 41, 42 milyon kubmetr, illik is\u0259 t\u0259qrib\u0259n 15 milyard kubmetr t\u0259\u015fkil edir. Bu, b\u00f6y\u00fck h\u0259cmdir. Az\u0259rbaycan\u0131n Avropada satd\u0131\u011f\u0131 qaz h\u0259cmi \u00f6t\u0259n il 11,8 milyard kubmetr olub. Bu il d\u0259, el\u0259 o \u0259trafda, 12 milyard kubmetr\u0259 yax\u0131n olacaq. Y\u0259ni, biz ist\u0259s\u0259k d\u0259, t\u0259klif olunan mar\u015frutla Avropaya Rusiya qaz\u0131 h\u0259cmind\u0259 mavi yanacaq \u00e7atd\u0131ra bilm\u0259rik. Buna s\u0259b\u0259b qaz\u0131m\u0131z\u0131n olmamas\u0131 deyil. Az\u0259rbaycan qaz\u0131 TANAP, TAP layih\u0259l\u0259ri vasit\u0259sil\u0259 ixrac olunur. \u018fg\u0259r biz bu q\u0259d\u0259r qaz\u0131 verm\u0259k ist\u0259s\u0259k, o zaman bu layih\u0259l\u0259r \u00fczr\u0259 qaz t\u0259chizat\u0131 a\u015fa\u011f\u0131 s\u0259viyy\u0259d\u0259 qalar. \u0130kinci bir t\u0259r\u0259fd\u0259n Az\u0259rbaycanla Rusiya aras\u0131nda qaz\u0131 \u00f6t\u00fcr\u0259 bil\u0259c\u0259k infrastrukturun maksimal burax\u0131l\u0131\u015f g\u00fcc\u00fc t\u0259xmin\u0259n be\u015f milyard kubmetrdir. Y\u0259ni biz maksimum be\u015f milyard kubmetr h\u0259cmind\u0259 qaz ver\u0259 bil\u0259rik\u201d.<\/p>\n<p><img loading=\"lazy\" class=\" wp-image-675158\" src=\"https:\/\/medianews.az\/wp-content\/uploads\/2024\/06\/2019-04-30t122ddd208z_1891946124_rc14293901d0_rtrmadp_3_albania-pipeline-tap-%E3%81%AE%E3%82%B3%E3%83%92%E3%82%9A%E3%83%BC-300x169.jpg\" sizes=\"(max-width: 747px) 100vw, 747px\" srcset=\"https:\/\/medianews.az\/wp-content\/uploads\/2024\/06\/2019-04-30t122ddd208z_1891946124_rc14293901d0_rtrmadp_3_albania-pipeline-tap-\u306e\u30b3\u30d2\u309a\u30fc-300x169.jpg 300w, https:\/\/medianews.az\/wp-content\/uploads\/2024\/06\/2019-04-30t122ddd208z_1891946124_rc14293901d0_rtrmadp_3_albania-pipeline-tap-\u306e\u30b3\u30d2\u309a\u30fc-1024x576.jpg 1024w, https:\/\/medianews.az\/wp-content\/uploads\/2024\/06\/2019-04-30t122ddd208z_1891946124_rc14293901d0_rtrmadp_3_albania-pipeline-tap-\u306e\u30b3\u30d2\u309a\u30fc-99x56.jpg 99w, https:\/\/medianews.az\/wp-content\/uploads\/2024\/06\/2019-04-30t122ddd208z_1891946124_rc14293901d0_rtrmadp_3_albania-pipeline-tap-\u306e\u30b3\u30d2\u309a\u30fc-768x432.jpg 768w, https:\/\/medianews.az\/wp-content\/uploads\/2024\/06\/2019-04-30t122ddd208z_1891946124_rc14293901d0_rtrmadp_3_albania-pipeline-tap-\u306e\u30b3\u30d2\u309a\u30fc-1536x864.jpg 1536w, https:\/\/medianews.az\/wp-content\/uploads\/2024\/06\/2019-04-30t122ddd208z_1891946124_rc14293901d0_rtrmadp_3_albania-pipeline-tap-\u306e\u30b3\u30d2\u309a\u30fc-2048x1152.jpg 2048w, https:\/\/medianews.az\/wp-content\/uploads\/2024\/06\/2019-04-30t122ddd208z_1891946124_rc14293901d0_rtrmadp_3_albania-pipeline-tap-\u306e\u30b3\u30d2\u309a\u30fc-750x422.jpg 750w, https:\/\/medianews.az\/wp-content\/uploads\/2024\/06\/2019-04-30t122ddd208z_1891946124_rc14293901d0_rtrmadp_3_albania-pipeline-tap-\u306e\u30b3\u30d2\u309a\u30fc-1140x641.jpg 1140w, https:\/\/medianews.az\/wp-content\/uploads\/2024\/06\/2019-04-30t122ddd208z_1891946124_rc14293901d0_rtrmadp_3_albania-pipeline-tap-\u306e\u30b3\u30d2\u309a\u30fc-scaled.jpg 700w\" alt=\"\" width=\"747\" height=\"421\" data-pin-no-hover=\"true\" \/><\/p>\n<p>\u0130.\u015eaban deyib ki, haz\u0131rda Ukrayna \u00fcz\u0259rind\u0259n Rusiya qaz\u0131n\u0131 iki d\u00f6vl\u0259t al\u0131r: \u201cBu \u00f6lk\u0259l\u0259rin biri Slovakiya, dig\u0259ri Avstriyad\u0131r. Hans\u0131lar ki, Rusiya qaz\u0131ndan asl\u0131 v\u0259ziyy\u0259td\u0259dirl\u0259r. \u018fg\u0259r b\u00fct\u00fcn t\u0259r\u0259fl\u0259r, y\u0259ni Rusiya, Ukrayna, o c\u00fcml\u0259d\u0259n biz bu raz\u0131l\u0131\u011f\u0131 \u0259ld\u0259 ed\u0259 bils\u0259k, n\u0259qletm\u0259 x\u0259rcl\u0259ri n\u0259z\u0259r\u0259 al\u0131nsa, ki\u00e7ik bir h\u0259cmd\u0259, t\u0259xmin\u0259n 2 milyard kubmetr qaz \u00f6t\u00fcr\u0259 bil\u0259rik. \u00c7\u00fcnki biz Slovakiya v\u0259 Avstriyaya he\u00e7 vaxt qaz satmam\u0131\u015f\u0131q. Onalar \u00fc\u00e7\u00fcn bizim ixrac balans\u0131m\u0131zda 2025-ci il \u00fc\u00e7\u00fcn qaz h\u0259cmi n\u0259z\u0259rd\u0259 tutulmay\u0131b. Amma 2025-ci ild\u0259 \u201cAz\u0259ri-\u00c7\u0131raq-G\u00fcn\u0259\u015fli\u201dnin d\u0259rin qatlar\u0131ndan t\u0259bii qaz \u00e7\u0131xacaq. Onun h\u0259cmi d\u0259 maksimum 1,5 milyard kubmetr olacaq. 500 milyon da \u00f6z imkanlar\u0131m\u0131z daxilind\u0259 bunu h\u0259ll edib g\u00f6nd\u0259r\u0259 bil\u0259rik. Bizim \u00f6z\u00fcm\u00fczd\u0259 Avropan\u0131n Rusiyadan il \u0259rzind\u0259 ald\u0131\u011f\u0131 15 milyard kubmetrlik mavi yanacaq yoxdur. Dig\u0259r t\u0259r\u0259fd\u0259n, Avropan\u0131n Ukrayna \u00fcz\u0259rind\u0259n Rusiyadan ald\u0131\u011f\u0131 qaz\u0131n h\u0259cmind\u0259n 10 d\u0259f\u0259 a\u015fa\u011f\u0131 h\u0259cmd\u0259 qaz\u0131 almaq \u00fc\u00e7\u00fcn \u00f6z\u00fcn\u00fc oda-k\u00f6z\u0259 vurub-vurmayaca\u011f\u0131 sual do\u011furur. Bundansa el\u0259 h\u0259min h\u0259cmd\u0259 Almaniya \u00fcz\u0259rind\u0259n maye-qaz al\u0131b, Avstriya v\u0259 Slovakiyan\u0131n n\u0259qletm\u0259 sistemin\u0259 ver\u0259 bil\u0259r. Bu o dem\u0259k deyil ki, Rusiya qaz\u0131 olmasa bu iki \u00f6lk\u0259 qaranl\u0131\u011fa du\u00e7ar olacaqlar. Kifay\u0259t q\u0259d\u0259r interkonnektorlar var ki, bunun vasit\u0259sil\u0259 qaz n\u0259qletm\u0259 sistemin\u0259 birl\u0259\u015fibl\u0259r. Hesab edir\u0259m ki, bu m\u0259s\u0259l\u0259\u00a0 iqtisadi olmaqdan daha \u00e7ox siyasidir\u201d.<\/p>\n","protected":false},"excerpt":{"rendered":"<p>Avropa \u0130ttifaq\u0131 v\u0259 Avropa h\u00f6kum\u0259tl\u0259rinin r\u0259smil\u0259ri Rusiya qaz\u0131n\u0131n Ukrayna vasit\u0259sil\u0259 icma \u00f6lk\u0259l\u0259rin\u0259 tranzitin\u0259 dair sazi\u015fin m\u00fcdd\u0259tinin 2025-ci il\u0259 q\u0259d\u0259r uzad\u0131lmas\u0131 \u00fc\u00e7\u00fcn Kiyev t\u0259r\u0259fi il\u0259 dan\u0131\u015f\u0131qlar apar\u0131r. \u201cBloomberq\u201d agentliyinin m\u0259lumat\u0131na g\u00f6r\u0259, haz\u0131rda m\u00fczakir\u0259 olunan variantlardan biri d\u0259 Avropan\u0131n Az\u0259rbaycandan qaz almas\u0131 v\u0259 onun Ukrayna \u0259razisind\u0259n ke\u00e7\u0259n Rusiya qaz k\u0259m\u0259rl\u0259ri il\u0259 n\u0259qlidir. Ukraynan\u0131n \u201cNaftoqaz\u201d \u015firk\u0259tinin ba\u015f icra\u00e7\u0131 direktoru Aleksey \u00c7ern\u0131\u015fov agentliy\u0259 bildirib ki, Kiyev Bak\u0131dan qaz almaq t\u0259\u015f\u0259bb\u00fcs\u00fcn\u00fc m\u00fcsb\u0259t qiym\u0259tl\u0259ndirir v\u0259 \u00f6lk\u0259d\u0259 yerl\u0259\u015f\u0259n infrastrukturdan istifad\u0259ni davam etdirm\u0259k niyy\u0259tind\u0259dir. Neft Ara\u015fd\u0131rmalar\u0131 M\u0259rk\u0259zinin r\u0259hb\u0259ri, iqtisad\u00e7\u0131-ekspert \u0130lham \u015eaban m\u00f6vzu il\u0259 ba\u011fl\u0131 Medianews.az-a bildirib ki,\u00a0Az\u0259rbaycan qaz\u0131n\u0131n&hellip;<\/p>\n","protected":false},"author":2,"featured_media":729703,"comment_status":"closed","ping_status":"closed","sticky":false,"template":"","format":"standard","meta":{"om_disable_all_campaigns":false,"_monsterinsights_skip_tracking":false,"_monsterinsights_sitenote_active":false,"_monsterinsights_sitenote_note":"","_monsterinsights_sitenote_category":0},"categories":[19],"tags":[],"aioseo_notices":[],"gutentor_comment":0,"rttpg_featured_image_url":{"full":["https:\/\/arantv.az\/wp-content\/uploads\/2024\/06\/fb507437462c310411eb7681e365efde.jpg",750,450,false],"landscape":["https:\/\/arantv.az\/wp-content\/uploads\/2024\/06\/fb507437462c310411eb7681e365efde.jpg",750,450,false],"portraits":["https:\/\/arantv.az\/wp-content\/uploads\/2024\/06\/fb507437462c310411eb7681e365efde.jpg",750,450,false],"thumbnail":["https:\/\/arantv.az\/wp-content\/uploads\/2024\/06\/fb507437462c310411eb7681e365efde-500x280.jpg",500,280,true],"medium":["https:\/\/arantv.az\/wp-content\/uploads\/2024\/06\/fb507437462c310411eb7681e365efde-608x365.jpg",608,365,true],"large":["https:\/\/arantv.az\/wp-content\/uploads\/2024\/06\/fb507437462c310411eb7681e365efde.jpg",640,384,false],"1536x1536":["https:\/\/arantv.az\/wp-content\/uploads\/2024\/06\/fb507437462c310411eb7681e365efde.jpg",750,450,false],"2048x2048":["https:\/\/arantv.az\/wp-content\/uploads\/2024\/06\/fb507437462c310411eb7681e365efde.jpg",750,450,false],"post-thumbnail":["https:\/\/arantv.az\/wp-content\/uploads\/2024\/06\/fb507437462c310411eb7681e365efde-240x172.jpg",240,172,true],"advps-thumb-one":["https:\/\/arantv.az\/wp-content\/uploads\/2024\/06\/fb507437462c310411eb7681e365efde.jpg",750,450,false]},"rttpg_author":{"display_name":"V\u00fcsal Rafiqo\u011flu","author_link":"https:\/\/arantv.az\/?author=2"},"rttpg_comment":0,"rttpg_category":"<a href=\"https:\/\/arantv.az\/?cat=19\" rel=\"category\">G\u00fcnd\u0259m<\/a>","rttpg_excerpt":"Avropa \u0130ttifaq\u0131 v\u0259 Avropa h\u00f6kum\u0259tl\u0259rinin r\u0259smil\u0259ri Rusiya qaz\u0131n\u0131n Ukrayna vasit\u0259sil\u0259 icma \u00f6lk\u0259l\u0259rin\u0259 tranzitin\u0259 dair sazi\u015fin m\u00fcdd\u0259tinin 2025-ci il\u0259 q\u0259d\u0259r uzad\u0131lmas\u0131 \u00fc\u00e7\u00fcn Kiyev t\u0259r\u0259fi il\u0259 dan\u0131\u015f\u0131qlar apar\u0131r. \u201cBloomberq\u201d agentliyinin m\u0259lumat\u0131na g\u00f6r\u0259, haz\u0131rda m\u00fczakir\u0259 olunan variantlardan biri d\u0259 Avropan\u0131n Az\u0259rbaycandan qaz almas\u0131 v\u0259 onun Ukrayna \u0259razisind\u0259n ke\u00e7\u0259n Rusiya qaz k\u0259m\u0259rl\u0259ri il\u0259 n\u0259qlidir. Ukraynan\u0131n \u201cNaftoqaz\u201d \u015firk\u0259tinin ba\u015f icra\u00e7\u0131&hellip;","_links":{"self":[{"href":"https:\/\/arantv.az\/index.php?rest_route=\/wp\/v2\/posts\/729702"}],"collection":[{"href":"https:\/\/arantv.az\/index.php?rest_route=\/wp\/v2\/posts"}],"about":[{"href":"https:\/\/arantv.az\/index.php?rest_route=\/wp\/v2\/types\/post"}],"author":[{"embeddable":true,"href":"https:\/\/arantv.az\/index.php?rest_route=\/wp\/v2\/users\/2"}],"replies":[{"embeddable":true,"href":"https:\/\/arantv.az\/index.php?rest_route=%2Fwp%2Fv2%2Fcomments&post=729702"}],"version-history":[{"count":0,"href":"https:\/\/arantv.az\/index.php?rest_route=\/wp\/v2\/posts\/729702\/revisions"}],"wp:featuredmedia":[{"embeddable":true,"href":"https:\/\/arantv.az\/index.php?rest_route=\/wp\/v2\/media\/729703"}],"wp:attachment":[{"href":"https:\/\/arantv.az\/index.php?rest_route=%2Fwp%2Fv2%2Fmedia&parent=729702"}],"wp:term":[{"taxonomy":"category","embeddable":true,"href":"https:\/\/arantv.az\/index.php?rest_route=%2Fwp%2Fv2%2Fcategories&post=729702"},{"taxonomy":"post_tag","embeddable":true,"href":"https:\/\/arantv.az\/index.php?rest_route=%2Fwp%2Fv2%2Ftags&post=729702"}],"curies":[{"name":"wp","href":"https:\/\/api.w.org\/{rel}","templated":true}]}}