{"id":729722,"date":"2024-06-12T15:29:17","date_gmt":"2024-06-12T11:29:17","guid":{"rendered":"https:\/\/arantv.az\/?p=729722"},"modified":"2024-06-12T15:29:17","modified_gmt":"2024-06-12T11:29:17","slug":"must%c9%99qilliyin-memari","status":"publish","type":"post","link":"https:\/\/arantv.az\/?p=729722","title":{"rendered":"M\u00fcst\u0259qilliyin memar\u0131"},"content":{"rendered":"<p><em><strong>M\u00fcst\u0259qil Az\u0259rbaycan d\u00f6vl\u0259tinin banisi, Yeni Az\u0259rbaycan Partiyas\u0131n\u0131n qurucusu, z\u0259ngin d\u00f6vl\u0259t\u00e7ilik irsin\u0259 h\u0259r t\u0259r\u0259fli yana\u015fan m\u00fcdrik d\u00f6vl\u0259t xadimi Heyd\u0259r \u018fliyev d\u00f6vl\u0259tin m\u00fcst\u0259qilliyini qurub yaratd\u0131. O, 30 ild\u0259 z\u0259ngin v\u0259 \u015f\u0259r\u0259fli inki\u015faf yolu ke\u00e7\u0259r\u0259k Az\u0259rbaycan\u0259n t\u0259r\u0259qqisind\u0259 m\u00fcst\u0259sna rol oynad\u0131, Onun \u0259v\u0259zsiz xidm\u0259tl\u0259ri m\u00fcst\u0259qil Az\u0259rbaycan\u0131n inki\u015faf yolunu d\u0259qiq m\u00fc\u0259yy\u0259nl\u0259\u015fdirdi. 90-c\u0131 ill\u0259rin \u0259vv\u0259l\u0259rind\u0259 \u00e7ox \u00e7\u0259tin s\u0131naqlar qar\u015f\u0131s\u0131nda qalan Az\u0259rbaycan xalq\u0131 d\u00fczg\u00fcn se\u00e7im etm\u0259kl\u0259 \u00f6lk\u0259nin xilas\u0131, rifah v\u0259 t\u0259r\u0259qqisi \u00fc\u00e7\u00fcn dahi lideri \u00f6z\u00fcn\u0259 r\u0259hb\u0259r se\u00e7di.<\/strong><\/em><\/p>\n<p>Xalq\u0131n v\u0259 d\u00f6vl\u0259tin xilaskar\u0131 olan Ulu \u00d6nd\u0259r Heyd\u0259r \u018fliyev Az\u0259rbaycan dilinin Konstitusiyada d\u00f6vl\u0259t dili kimi t\u0259sdiq ed\u0259r\u0259k \u00f6lk\u0259mizin m\u0259nafel\u0259rini q\u0259tiyy\u0259tl\u0259 qorudu. O, Nax\u00e7\u0131van Muxtar Respublikas\u0131 Ali Sovetinin S\u0259dri kimi blokada v\u0259ziyy\u0259tind\u0259 olan muxtar respublikan\u0131n a\u011f\u0131r sosial-iqtisadi v\u0259ziyy\u0259td\u0259n v\u0259 t\u0259n\u0259zz\u00fcld\u0259n xilas ed\u0259r\u0259k dir\u00e7\u0259li\u015fini t\u0259min etmi\u015f, T\u00fcrkiy\u0259 ba\u015fda olmaqla bir s\u0131ra xarici d\u00f6vl\u0259tl\u0259rl\u0259 beyn\u0259lxalq \u0259laq\u0259l\u0259rini geni\u015fl\u0259ndirmi\u015f, ilk d\u0259f\u0259 Nax\u00e7\u0131vanda \u00fc\u00e7r\u0259ngli bayra\u011f\u0131m\u0131z qald\u0131r\u0131lmas\u0131na nail olmu\u015fdur. B\u00fct\u00f6vl\u00fckd\u0259 \u00f6lk\u0259miz\u0259 m\u00fch\u00fcm nailiyy\u0259tl\u0259r qazand\u0131ran Heyd\u0259r \u018fliyev xalq\u0131n\u0131n t\u0259kidi il\u0259 tarixi-siyasi m\u0259suliyy\u0259ti \u00f6z \u00fcz\u0259rin\u0259 g\u00f6t\u00fcr\u0259r\u0259k respublikam\u0131z\u0131n siyasi t\u0259lat\u00fcml\u0259rd\u0259n, iqtisadi b\u00f6hrandan xilas etmi\u015fdir. \u018fv\u0259zsiz lider xalq\u0131n\u0131 inki\u015faf yoluna \u00e7\u0131xararaq g\u00fccl\u00fc , q\u00fcdr\u0259tli v\u0259 n\u00fcfuslu bir d\u00f6vl\u0259tin yaranmas\u0131na m\u00fcv\u0259ff\u0259q olmu\u015fdur.<\/p>\n<p>M\u0259lumdur ki, \u00f6lk\u0259d\u0259 siyasi h\u0259rc-m\u0259rcliyin h\u00f6km s\u00fcrd\u00fcy\u00fc , torpaqlar\u0131m\u0131z\u0131n ard-arda i\u015f\u011fal olundu\u011fu ac\u0131nacaql\u0131 bir \u015f\u0259raitd\u0259 Az\u0259rbaycan xalq\u0131 \u00e7\u0131x\u0131\u015f yolunu z\u0259ngin idar\u0259etm\u0259 t\u0259cr\u00fcb\u0259sin\u0259 malik dahi \u015f\u0259xsiyy\u0259t Heyd\u0259r \u018fliyevin \u0259traf\u0131nda s\u0131x birl\u0259\u015fm\u0259d\u0259 g\u00f6rm\u00fc\u015fd\u00fcr. T\u0259bii ki, xalq\u0131n \u0259ziz liderin\u0259 inam\u0131 t\u0259sad\u00fcfi deyildir, m\u00fc\u0259yy\u0259n reall\u0131qlara \u0259saslan\u0131rd\u0131, Ulu \u00d6nd\u0259rin xalq\u0131m\u0131z qar\u015f\u0131s\u0131ndak\u0131 misilsiz xidm\u0259tl\u0259rin\u0259 \u0259saslan\u0131rd\u0131.<\/p>\n<p>Dahi liderin siyasi kursunu \u015f\u0259r\u0259fl\u0259 davam etdir\u0259n , Az\u0259rbaycan xalq\u0131n\u0131n m\u00fcst\u0259qilliyini m\u00f6hk\u0259ml\u0259ndir\u0259n , xalq\u0131n firavan g\u0259l\u0259c\u0259yi v\u0259 parlaq d\u00f6vl\u0259t\u0259 \u00e7evrilm\u0259si \u00fc\u00e7\u00fcn m\u00fcbariz\u0259 v\u0259 \u0259zimkarl\u0131q ruhu g\u00f6st\u0259r\u0259n \u0130lham \u018fliyevi \u00f6z\u00fcn\u0259 bir r\u0259hb\u0259r se\u00e7m\u0259kl\u0259 xalq do\u011fru add\u0131m atm\u0131\u015fd\u0131.<\/p>\n<p>Az\u0259rbaycan xalq\u0131n\u0131n taleyini d\u0259rind\u0259n d\u00fc\u015f\u00fcn\u0259n \u0130lham \u018fliyev Az\u0259rbaycan\u0131n \u0259razi b\u00fct\u00f6vl\u00fcy\u00fcn\u00fc t\u0259min ed\u0259r\u0259k misilsiz f\u0259aliyy\u0259ti n\u0259tic\u0259sind\u0259 \u00f6lk\u0259 iqtisadiyyat\u0131n\u0131n h\u0259rt\u0259r\u0259fli inki\u015faf\u0131 , onun iqtisadi c\u0259h\u0259td\u0259n dir\u00e7\u0259ldilm\u0259si \u00fc\u00e7\u00fcn \u00e7ox b\u00f6y\u00fck xidm\u0259tl\u0259r g\u00f6st\u0259rmi\u015fdir. II V\u0259t\u0259n m\u00fcharib\u0259sind\u0259 qalibiyy\u0259t \u0259ld\u0259 ed\u0259r\u0259k xalq\u0131n inam\u0131n\u0131 daha da do\u011furan V\u0259t\u0259n o\u011flu tariximizin \u0259n \u015fans\u0131\u0131 d\u00f6vr\u00fcn\u00fc bizl\u0259r\u0259 ya\u015fatd\u0131.<\/p>\n<p>Bir s\u00f6zl\u0259, bu dahi \u015f\u0259xsiyy\u0259tl\u0259r, \u0259b\u0259di ya\u015far r\u0259hb\u0259rl\u0259r \u00e7ox b\u00f6y\u00fck \u0259zmkarl\u0131q g\u00f6st\u0259r\u0259r\u0259k, m\u00fcst\u0259qil v\u0259 g\u00fccl\u00fc Az\u0259rbaycan d\u00f6vl\u0259tini yaratma\u011fa m\u00fcv\u0259ff\u0259q oldu.<\/p>\n<p><strong>G\u00fcnt\u0259kin Ta\u011f\u0131yeva,<\/strong><br \/>\n<em>Bak\u0131 \u015f\u0259h\u0259ri, X\u0259tai rayonu, T.Ba\u011f\u0131rov ad\u0131na 59 n\u00f6mr\u0259li tam orta m\u0259kt\u0259bin Az\u0259rbaycan dili v\u0259 \u0259d\u0259biyyat f\u0259nn m\u00fc\u0259llimi,<br \/>\nYAP X\u0259tai rayon t\u0259\u015fkilat\u0131n\u0131n \u00fczv\u00fc<\/em><\/p>\n","protected":false},"excerpt":{"rendered":"<p>M\u00fcst\u0259qil Az\u0259rbaycan d\u00f6vl\u0259tinin banisi, Yeni Az\u0259rbaycan Partiyas\u0131n\u0131n qurucusu, z\u0259ngin d\u00f6vl\u0259t\u00e7ilik irsin\u0259 h\u0259r t\u0259r\u0259fli yana\u015fan m\u00fcdrik d\u00f6vl\u0259t xadimi Heyd\u0259r \u018fliyev d\u00f6vl\u0259tin m\u00fcst\u0259qilliyini qurub yaratd\u0131. O, 30 ild\u0259 z\u0259ngin v\u0259 \u015f\u0259r\u0259fli inki\u015faf yolu ke\u00e7\u0259r\u0259k Az\u0259rbaycan\u0259n t\u0259r\u0259qqisind\u0259 m\u00fcst\u0259sna rol oynad\u0131, Onun \u0259v\u0259zsiz xidm\u0259tl\u0259ri m\u00fcst\u0259qil Az\u0259rbaycan\u0131n inki\u015faf yolunu d\u0259qiq m\u00fc\u0259yy\u0259nl\u0259\u015fdirdi. 90-c\u0131 ill\u0259rin \u0259vv\u0259l\u0259rind\u0259 \u00e7ox \u00e7\u0259tin s\u0131naqlar qar\u015f\u0131s\u0131nda qalan Az\u0259rbaycan xalq\u0131 d\u00fczg\u00fcn se\u00e7im etm\u0259kl\u0259 \u00f6lk\u0259nin xilas\u0131, rifah v\u0259 t\u0259r\u0259qqisi \u00fc\u00e7\u00fcn dahi lideri \u00f6z\u00fcn\u0259 r\u0259hb\u0259r se\u00e7di. Xalq\u0131n v\u0259 d\u00f6vl\u0259tin xilaskar\u0131 olan Ulu \u00d6nd\u0259r Heyd\u0259r \u018fliyev Az\u0259rbaycan dilinin Konstitusiyada d\u00f6vl\u0259t dili kimi t\u0259sdiq ed\u0259r\u0259k \u00f6lk\u0259mizin m\u0259nafel\u0259rini q\u0259tiyy\u0259tl\u0259&hellip;<\/p>\n","protected":false},"author":2,"featured_media":729723,"comment_status":"closed","ping_status":"closed","sticky":false,"template":"","format":"standard","meta":{"om_disable_all_campaigns":false,"_monsterinsights_skip_tracking":false,"_monsterinsights_sitenote_active":false,"_monsterinsights_sitenote_note":"","_monsterinsights_sitenote_category":0},"categories":[19],"tags":[],"aioseo_notices":[],"gutentor_comment":0,"rttpg_featured_image_url":{"full":["https:\/\/arantv.az\/wp-content\/uploads\/2024\/06\/7ec0dbee169831570034859065310791359.jpg",975,540,false],"landscape":["https:\/\/arantv.az\/wp-content\/uploads\/2024\/06\/7ec0dbee169831570034859065310791359.jpg",975,540,false],"portraits":["https:\/\/arantv.az\/wp-content\/uploads\/2024\/06\/7ec0dbee169831570034859065310791359.jpg",975,540,false],"thumbnail":["https:\/\/arantv.az\/wp-content\/uploads\/2024\/06\/7ec0dbee169831570034859065310791359-500x280.jpg",500,280,true],"medium":["https:\/\/arantv.az\/wp-content\/uploads\/2024\/06\/7ec0dbee169831570034859065310791359-660x365.jpg",660,365,true],"large":["https:\/\/arantv.az\/wp-content\/uploads\/2024\/06\/7ec0dbee169831570034859065310791359-840x465.jpg",640,354,true],"1536x1536":["https:\/\/arantv.az\/wp-content\/uploads\/2024\/06\/7ec0dbee169831570034859065310791359.jpg",975,540,false],"2048x2048":["https:\/\/arantv.az\/wp-content\/uploads\/2024\/06\/7ec0dbee169831570034859065310791359.jpg",975,540,false],"post-thumbnail":["https:\/\/arantv.az\/wp-content\/uploads\/2024\/06\/7ec0dbee169831570034859065310791359-240x172.jpg",240,172,true],"advps-thumb-one":["https:\/\/arantv.az\/wp-content\/uploads\/2024\/06\/7ec0dbee169831570034859065310791359.jpg",975,540,false]},"rttpg_author":{"display_name":"V\u00fcsal Rafiqo\u011flu","author_link":"https:\/\/arantv.az\/?author=2"},"rttpg_comment":0,"rttpg_category":"<a href=\"https:\/\/arantv.az\/?cat=19\" rel=\"category\">G\u00fcnd\u0259m<\/a>","rttpg_excerpt":"M\u00fcst\u0259qil Az\u0259rbaycan d\u00f6vl\u0259tinin banisi, Yeni Az\u0259rbaycan Partiyas\u0131n\u0131n qurucusu, z\u0259ngin d\u00f6vl\u0259t\u00e7ilik irsin\u0259 h\u0259r t\u0259r\u0259fli yana\u015fan m\u00fcdrik d\u00f6vl\u0259t xadimi Heyd\u0259r \u018fliyev d\u00f6vl\u0259tin m\u00fcst\u0259qilliyini qurub yaratd\u0131. O, 30 ild\u0259 z\u0259ngin v\u0259 \u015f\u0259r\u0259fli inki\u015faf yolu ke\u00e7\u0259r\u0259k Az\u0259rbaycan\u0259n t\u0259r\u0259qqisind\u0259 m\u00fcst\u0259sna rol oynad\u0131, Onun \u0259v\u0259zsiz xidm\u0259tl\u0259ri m\u00fcst\u0259qil Az\u0259rbaycan\u0131n inki\u015faf yolunu d\u0259qiq m\u00fc\u0259yy\u0259nl\u0259\u015fdirdi. 90-c\u0131 ill\u0259rin \u0259vv\u0259l\u0259rind\u0259 \u00e7ox \u00e7\u0259tin s\u0131naqlar qar\u015f\u0131s\u0131nda qalan Az\u0259rbaycan&hellip;","_links":{"self":[{"href":"https:\/\/arantv.az\/index.php?rest_route=\/wp\/v2\/posts\/729722"}],"collection":[{"href":"https:\/\/arantv.az\/index.php?rest_route=\/wp\/v2\/posts"}],"about":[{"href":"https:\/\/arantv.az\/index.php?rest_route=\/wp\/v2\/types\/post"}],"author":[{"embeddable":true,"href":"https:\/\/arantv.az\/index.php?rest_route=\/wp\/v2\/users\/2"}],"replies":[{"embeddable":true,"href":"https:\/\/arantv.az\/index.php?rest_route=%2Fwp%2Fv2%2Fcomments&post=729722"}],"version-history":[{"count":0,"href":"https:\/\/arantv.az\/index.php?rest_route=\/wp\/v2\/posts\/729722\/revisions"}],"wp:featuredmedia":[{"embeddable":true,"href":"https:\/\/arantv.az\/index.php?rest_route=\/wp\/v2\/media\/729723"}],"wp:attachment":[{"href":"https:\/\/arantv.az\/index.php?rest_route=%2Fwp%2Fv2%2Fmedia&parent=729722"}],"wp:term":[{"taxonomy":"category","embeddable":true,"href":"https:\/\/arantv.az\/index.php?rest_route=%2Fwp%2Fv2%2Fcategories&post=729722"},{"taxonomy":"post_tag","embeddable":true,"href":"https:\/\/arantv.az\/index.php?rest_route=%2Fwp%2Fv2%2Ftags&post=729722"}],"curies":[{"name":"wp","href":"https:\/\/api.w.org\/{rel}","templated":true}]}}