{"id":729728,"date":"2024-06-12T15:31:22","date_gmt":"2024-06-12T11:31:22","guid":{"rendered":"https:\/\/arantv.az\/?p=729728"},"modified":"2024-06-12T15:31:22","modified_gmt":"2024-06-12T11:31:22","slug":"dyp-nin-reydind%c9%99n-maraqli-goruntul%c9%99r-bayaqdan-sir-idin-indi-x%c9%99st%c9%99-oldunvideo","status":"publish","type":"post","link":"https:\/\/arantv.az\/?p=729728","title":{"rendered":"DYP-nin reydind\u0259n maraql\u0131 g\u00f6r\u00fcnt\u00fcl\u0259r: &#8220;Bayaqdan \u015fir idin, indi x\u0259st\u0259 oldun?&#8221;V\u0130DEO"},"content":{"rendered":"<div class=\"text-content\" data-id=\"\" data-url=\"\">\n<p>Ab\u015feron Rayonu D\u00f6vl\u0259t Yol Polisi \u0130dar\u0259sinin \u0259m\u0259kda\u015flar\u0131 t\u0259r\u0259find\u0259n rayon \u0259razisind\u0259 reyd ke\u00e7irilib.<\/p>\n<p>Reyd zaman\u0131 polis\u0259 m\u00fcqavim\u0259t g\u00f6st\u0259r\u0259n, icar\u0259y\u0259 avtomobil g\u00f6t\u00fcr\u00fcb s\u0259n\u0259dsiz idar\u0259 ed\u0259n, i\u00e7kili v\u0259ziyy\u0259td\u0259 saxlan\u0131lark\u0259n polisd\u0259n qa\u00e7anlar da olub.<\/p>\n<p>S\u00f6z\u00fcged\u0259n reydd\u0259n g\u00f6r\u00fcnt\u00fcl\u0259ri t\u0259qdim edirik:<\/p>\n<p>Daha \u0259trafl\u0131 Baku TV-nin videomaterial\u0131nda:<\/p>\n<div class=\"player-area ratio ratio-16x9\"><iframe title=\"O kameran\u0131 y\u0131\u011f\u0131\u015fd\u0131r\u0131rs\u0131n\u0131z, yoxsa\u2026? | DYP-nin reydind\u0259 k\u00fc\u00e7\u0259ni bir-birin\u0259 qatan s\u00fcr\u00fcc\u00fcl\u0259r\" src=\"https:\/\/www.youtube.com\/embed\/Qobrnvpq_nM\" frameborder=\"0\" allowfullscreen=\"allowfullscreen\" data-mce-fragment=\"1\"><\/iframe><\/div>\n<\/div>\n<div><\/div>\n<div><\/div>\n<div class=\"inner-social-box\">\n<div class=\"subs-in-social subs-whatsapp\"><\/div>\n<\/div>\n","protected":false},"excerpt":{"rendered":"<p>Ab\u015feron Rayonu D\u00f6vl\u0259t Yol Polisi \u0130dar\u0259sinin \u0259m\u0259kda\u015flar\u0131 t\u0259r\u0259find\u0259n rayon \u0259razisind\u0259 reyd ke\u00e7irilib. Reyd zaman\u0131 polis\u0259 m\u00fcqavim\u0259t g\u00f6st\u0259r\u0259n, icar\u0259y\u0259 avtomobil g\u00f6t\u00fcr\u00fcb s\u0259n\u0259dsiz idar\u0259 ed\u0259n, i\u00e7kili v\u0259ziyy\u0259td\u0259 saxlan\u0131lark\u0259n polisd\u0259n qa\u00e7anlar da olub. S\u00f6z\u00fcged\u0259n reydd\u0259n g\u00f6r\u00fcnt\u00fcl\u0259ri t\u0259qdim edirik: Daha \u0259trafl\u0131 Baku TV-nin videomaterial\u0131nda:<\/p>\n","protected":false},"author":2,"featured_media":729729,"comment_status":"closed","ping_status":"closed","sticky":false,"template":"","format":"standard","meta":{"om_disable_all_campaigns":false,"_monsterinsights_skip_tracking":false,"_monsterinsights_sitenote_active":false,"_monsterinsights_sitenote_note":"","_monsterinsights_sitenote_category":0},"categories":[1],"tags":[],"aioseo_notices":[],"gutentor_comment":0,"rttpg_featured_image_url":{"full":["https:\/\/arantv.az\/wp-content\/uploads\/2024\/06\/8d6c167eed4a90c75fb32177b301be24.jpg",640,398,false],"landscape":["https:\/\/arantv.az\/wp-content\/uploads\/2024\/06\/8d6c167eed4a90c75fb32177b301be24.jpg",640,398,false],"portraits":["https:\/\/arantv.az\/wp-content\/uploads\/2024\/06\/8d6c167eed4a90c75fb32177b301be24.jpg",640,398,false],"thumbnail":["https:\/\/arantv.az\/wp-content\/uploads\/2024\/06\/8d6c167eed4a90c75fb32177b301be24-500x280.jpg",500,280,true],"medium":["https:\/\/arantv.az\/wp-content\/uploads\/2024\/06\/8d6c167eed4a90c75fb32177b301be24-587x365.jpg",587,365,true],"large":["https:\/\/arantv.az\/wp-content\/uploads\/2024\/06\/8d6c167eed4a90c75fb32177b301be24.jpg",640,398,false],"1536x1536":["https:\/\/arantv.az\/wp-content\/uploads\/2024\/06\/8d6c167eed4a90c75fb32177b301be24.jpg",640,398,false],"2048x2048":["https:\/\/arantv.az\/wp-content\/uploads\/2024\/06\/8d6c167eed4a90c75fb32177b301be24.jpg",640,398,false],"post-thumbnail":["https:\/\/arantv.az\/wp-content\/uploads\/2024\/06\/8d6c167eed4a90c75fb32177b301be24-240x172.jpg",240,172,true],"advps-thumb-one":["https:\/\/arantv.az\/wp-content\/uploads\/2024\/06\/8d6c167eed4a90c75fb32177b301be24.jpg",640,398,false]},"rttpg_author":{"display_name":"V\u00fcsal Rafiqo\u011flu","author_link":"https:\/\/arantv.az\/?author=2"},"rttpg_comment":0,"rttpg_category":"<a href=\"https:\/\/arantv.az\/?cat=1\" rel=\"category\">C\u0259miyy\u0259t<\/a>","rttpg_excerpt":"Ab\u015feron Rayonu D\u00f6vl\u0259t Yol Polisi \u0130dar\u0259sinin \u0259m\u0259kda\u015flar\u0131 t\u0259r\u0259find\u0259n rayon \u0259razisind\u0259 reyd ke\u00e7irilib. Reyd zaman\u0131 polis\u0259 m\u00fcqavim\u0259t g\u00f6st\u0259r\u0259n, icar\u0259y\u0259 avtomobil g\u00f6t\u00fcr\u00fcb s\u0259n\u0259dsiz idar\u0259 ed\u0259n, i\u00e7kili v\u0259ziyy\u0259td\u0259 saxlan\u0131lark\u0259n polisd\u0259n qa\u00e7anlar da olub. S\u00f6z\u00fcged\u0259n reydd\u0259n g\u00f6r\u00fcnt\u00fcl\u0259ri t\u0259qdim edirik: Daha \u0259trafl\u0131 Baku TV-nin videomaterial\u0131nda:","_links":{"self":[{"href":"https:\/\/arantv.az\/index.php?rest_route=\/wp\/v2\/posts\/729728"}],"collection":[{"href":"https:\/\/arantv.az\/index.php?rest_route=\/wp\/v2\/posts"}],"about":[{"href":"https:\/\/arantv.az\/index.php?rest_route=\/wp\/v2\/types\/post"}],"author":[{"embeddable":true,"href":"https:\/\/arantv.az\/index.php?rest_route=\/wp\/v2\/users\/2"}],"replies":[{"embeddable":true,"href":"https:\/\/arantv.az\/index.php?rest_route=%2Fwp%2Fv2%2Fcomments&post=729728"}],"version-history":[{"count":0,"href":"https:\/\/arantv.az\/index.php?rest_route=\/wp\/v2\/posts\/729728\/revisions"}],"wp:featuredmedia":[{"embeddable":true,"href":"https:\/\/arantv.az\/index.php?rest_route=\/wp\/v2\/media\/729729"}],"wp:attachment":[{"href":"https:\/\/arantv.az\/index.php?rest_route=%2Fwp%2Fv2%2Fmedia&parent=729728"}],"wp:term":[{"taxonomy":"category","embeddable":true,"href":"https:\/\/arantv.az\/index.php?rest_route=%2Fwp%2Fv2%2Fcategories&post=729728"},{"taxonomy":"post_tag","embeddable":true,"href":"https:\/\/arantv.az\/index.php?rest_route=%2Fwp%2Fv2%2Ftags&post=729728"}],"curies":[{"name":"wp","href":"https:\/\/api.w.org\/{rel}","templated":true}]}}