{"id":729732,"date":"2024-06-12T15:32:20","date_gmt":"2024-06-12T11:32:20","guid":{"rendered":"https:\/\/arantv.az\/?p=729732"},"modified":"2024-06-12T15:32:20","modified_gmt":"2024-06-12T11:32:20","slug":"az%c9%99rtac-fransa-hakimiyy%c9%99tinin-agentliyin-jurnalistin%c9%99-qarsi-q%c9%99r%c9%99zli-movqeyini-q%c9%99tiyy%c9%99tl%c9%99-pisl%c9%99yir","status":"publish","type":"post","link":"https:\/\/arantv.az\/?p=729732","title":{"rendered":"AZ\u018fRTAC Fransa hakimiyy\u0259tinin agentliyin jurnalistin\u0259 qar\u015f\u0131 q\u0259r\u0259zli m\u00f6vqeyini q\u0259tiyy\u0259tl\u0259 pisl\u0259yir"},"content":{"rendered":"<div class=\"text-content\" data-id=\"\" data-url=\"\">\n<p><strong>Fransa hakimiyy\u0259ti Az\u0259rbaycana qar\u015f\u0131 q\u0259r\u0259zli siyas\u0259tini media n\u00fcmay\u0259nd\u0259l\u0259rin\u0259 d\u0259 t\u0259tbiq etm\u0259y\u0259 ba\u015flay\u0131b. Bel\u0259 ki, Almaniyan\u0131n Bonn \u015f\u0259h\u0259rind\u0259 ke\u00e7iril\u0259n seminarda i\u015ftirak etm\u0259k \u00fc\u00e7\u00fcn AZ\u018fRTAC-\u0131n ezam olunan \u0259m\u0259kda\u015f\u0131n\u0131n \u015eengen \u0259razisin\u0259 giri\u015fi iyunun 11-d\u0259 Fransan\u0131n qeyri-qanuni v\u0259 \u0259sass\u0131z sifari\u015fi \u0259sas\u0131nda bloklan\u0131b. BMT-nin \u0130qlim D\u0259yi\u015fm\u0259l\u0259ri \u00fczr\u0259 \u00c7\u0259r\u00e7iv\u0259 Konvensiyas\u0131 (UNFCCC) Katibliyinin t\u0259\u015fkilat\u00e7\u0131l\u0131\u011f\u0131 il\u0259 ke\u00e7iril\u0259n t\u0259dbir\u0259 d\u00fcnyan\u0131n bir \u00e7ox \u00f6lk\u0259l\u0259rind\u0259n jurnalistl\u0259r d\u0259v\u0259t edilib. K\u00f6ln\/Bonn hava liman\u0131nda \u0259m\u0259kda\u015f\u0131m\u0131z Ayg\u00fcn H\u0259s\u0259novaya bildirilib ki, Fransa t\u0259r\u0259find\u0259n onun \u015eengen \u0259razisin\u0259 daxil olmas\u0131 yasaqlan\u0131b. \u00c7oxgiri\u015fli \u015eengen vizas\u0131, seminara d\u0259v\u0259t v\u0259 dig\u0259r s\u0259n\u0259dl\u0259rin qaydas\u0131nda oldu\u011funu g\u00f6r\u0259n Almaniyan\u0131n r\u0259smi qurumlar\u0131 da bu m\u0259s\u0259l\u0259ni ara\u015fd\u0131rmaq q\u0259rar\u0131na g\u0259libl\u0259r.<\/strong><\/p>\n<p>Fransan\u0131n media i\u015f\u00e7isin\u0259 qar\u015f\u0131 bu q\u0259r\u0259zli h\u0259r\u0259k\u0259ti s\u0259b\u0259bind\u0259n AZ\u018fRTAC-\u0131n \u0259m\u0259kda\u015f\u0131 bir ne\u00e7\u0259 saat hava liman\u0131nda saxlan\u0131l\u0131b. Lakin Az\u0259rbaycan\u0131n Almaniyadak\u0131 s\u0259firliyi v\u0259 UNFCCC Katibliyinin m\u0259s\u0259l\u0259y\u0259 qar\u0131\u015fmas\u0131ndan, eyni zamanda, Almaniyan\u0131n r\u0259smi qurumlar\u0131n\u0131n Fransan\u0131n t\u0259l\u0259binin \u0259sass\u0131z oldu\u011funu g\u00f6rd\u00fckd\u0259n sonra ona \u00f6lk\u0259y\u0259 daxil olmas\u0131na icaz\u0259 verilib. N\u0259z\u0259r\u0259 al\u0131nmal\u0131d\u0131r ki, jurnalist UNFCCC-nin t\u0259dbirin\u0259 d\u0259v\u0259t edilib v\u0259 iqlim d\u0259yi\u015fikliyi m\u0259s\u0259l\u0259si haz\u0131rda \u0259n aktual probleml\u0259rd\u0259n biridir. Jurnalistl\u0259r\u0259 qar\u015f\u0131 Fransan\u0131n bu c\u00fcr h\u0259r\u0259k\u0259ti b\u00f6y\u00fck sual do\u011furur &#8211; Fransa niy\u0259 COP29 ilind\u0259 az\u0259rbaycanl\u0131 jurnalistin media t\u0259limind\u0259 i\u015ftirak\u0131na mane\u0259 t\u00f6r\u0259tm\u0259y\u0259 \u00e7al\u0131\u015f\u0131r? Fransa n\u0259z\u0259r\u0259 almal\u0131d\u0131r ki, COP29-da i\u015ftirak \u00fc\u00e7\u00fcn Bak\u0131ya \u00e7oxlu frans\u0131z jurnalistin d\u0259 g\u0259lm\u0259si g\u00f6zl\u0259nilir. Bel\u0259 \u00e7\u0131x\u0131r ki, bu c\u00fcr siyasil\u0259\u015fdirilmi\u015f yana\u015fma onlara da t\u0259tbiq olunmal\u0131d\u0131r?! Fransa hakimiyy\u0259tinin AZ\u018fRTAC-\u0131n \u0259m\u0259kda\u015f\u0131 il\u0259 ba\u011fl\u0131 bu add\u0131m\u0131n\u0131 jurnalist f\u0259aliyy\u0259tin\u0259 mane\u0259 yaratmaq, fikir m\u00fcxt\u0259lifliyini bo\u011fmaq, Az\u0259rbaycan jurnalistin\u0259 qar\u015f\u0131 q\u0259r\u0259zli m\u00f6vqe n\u00fcmayi\u015f etdirm\u0259k kimi qiym\u0259tl\u0259ndirir v\u0259 bunu q\u0259ti \u015f\u0259kild\u0259 pisl\u0259yirik.<\/p>\n<p>Qeyd ed\u0259k ki, bundan \u0259vv\u0259l d\u0259 Fransa AZ\u018fRTAC-\u0131n jurnalistl\u0259ri il\u0259 ba\u011fl\u0131 q\u0259r\u0259zli m\u00f6vqe n\u00fcmayi\u015f etdirib, onlara qar\u015f\u0131 \u00f6z medias\u0131nda qarayaxma kampaniyas\u0131 apararaq casus adland\u0131r\u0131b. Media azadl\u0131\u011f\u0131, azad s\u00f6z, fikir m\u00fcxt\u0259lifliyi prinsipl\u0259rinin \u201ccar\u00e7\u0131s\u0131\u201d olan Fransa hakimiyy\u0259tinin bu h\u0259r\u0259k\u0259ti he\u00e7 bir m\u0259ntiq\u0259 s\u0131\u011fm\u0131r.<\/p>\n<p>Prezident Emmanuel Makronun yar\u0131tmaz siyas\u0259tinin n\u0259tic\u0259sidir ki, onun partiyas\u0131 bu g\u00fcnl\u0259rd\u0259 Avropa Parlamentin\u0259 se\u00e7kil\u0259rd\u0259 d\u0259 ac\u0131 m\u0259\u011flubiyy\u0259t\u0259 u\u011frad\u0131. Lakin Fransa hakimiyy\u0259ti daxild\u0259ki probleml\u0259rini h\u0259ll etm\u0259k \u0259v\u0259zin\u0259, daim s\u00fclh\u00fcn, sabitliyin, inki\u015faf\u0131n t\u0259r\u0259fdar\u0131 olan Az\u0259rbaycana qar\u015f\u0131 q\u0259r\u0259zli f\u0259aliyy\u0259tind\u0259n \u0259l \u00e7\u0259km\u0259k ist\u0259mir v\u0259 bu \u00e7irkin niyy\u0259tini art\u0131q f\u0259rdi \u015f\u0259xsl\u0259r\u0259, \u00f6z\u00fc d\u0259 media n\u00fcmay\u0259nd\u0259l\u0259rin\u0259 qar\u015f\u0131 h\u0259yata ke\u00e7irm\u0259y\u0259 ba\u015flay\u0131b.<\/p>\n<\/div>\n<div><\/div>\n<div><\/div>\n<div class=\"inner-social-box\">\n<div class=\"subs-in-social subs-whatsapp\"><\/div>\n<\/div>\n","protected":false},"excerpt":{"rendered":"<p>Fransa hakimiyy\u0259ti Az\u0259rbaycana qar\u015f\u0131 q\u0259r\u0259zli siyas\u0259tini media n\u00fcmay\u0259nd\u0259l\u0259rin\u0259 d\u0259 t\u0259tbiq etm\u0259y\u0259 ba\u015flay\u0131b. Bel\u0259 ki, Almaniyan\u0131n Bonn \u015f\u0259h\u0259rind\u0259 ke\u00e7iril\u0259n seminarda i\u015ftirak etm\u0259k \u00fc\u00e7\u00fcn AZ\u018fRTAC-\u0131n ezam olunan \u0259m\u0259kda\u015f\u0131n\u0131n \u015eengen \u0259razisin\u0259 giri\u015fi iyunun 11-d\u0259 Fransan\u0131n qeyri-qanuni v\u0259 \u0259sass\u0131z sifari\u015fi \u0259sas\u0131nda bloklan\u0131b. BMT-nin \u0130qlim D\u0259yi\u015fm\u0259l\u0259ri \u00fczr\u0259 \u00c7\u0259r\u00e7iv\u0259 Konvensiyas\u0131 (UNFCCC) Katibliyinin t\u0259\u015fkilat\u00e7\u0131l\u0131\u011f\u0131 il\u0259 ke\u00e7iril\u0259n t\u0259dbir\u0259 d\u00fcnyan\u0131n bir \u00e7ox \u00f6lk\u0259l\u0259rind\u0259n jurnalistl\u0259r d\u0259v\u0259t edilib. K\u00f6ln\/Bonn hava liman\u0131nda \u0259m\u0259kda\u015f\u0131m\u0131z Ayg\u00fcn H\u0259s\u0259novaya bildirilib ki, Fransa t\u0259r\u0259find\u0259n onun \u015eengen \u0259razisin\u0259 daxil olmas\u0131 yasaqlan\u0131b. \u00c7oxgiri\u015fli \u015eengen vizas\u0131, seminara d\u0259v\u0259t v\u0259 dig\u0259r s\u0259n\u0259dl\u0259rin qaydas\u0131nda oldu\u011funu g\u00f6r\u0259n Almaniyan\u0131n r\u0259smi qurumlar\u0131 da bu m\u0259s\u0259l\u0259ni&hellip;<\/p>\n","protected":false},"author":2,"featured_media":729733,"comment_status":"closed","ping_status":"closed","sticky":false,"template":"","format":"standard","meta":{"om_disable_all_campaigns":false,"_monsterinsights_skip_tracking":false,"_monsterinsights_sitenote_active":false,"_monsterinsights_sitenote_note":"","_monsterinsights_sitenote_category":0},"categories":[19],"tags":[],"aioseo_notices":[],"gutentor_comment":0,"rttpg_featured_image_url":{"full":["https:\/\/arantv.az\/wp-content\/uploads\/2024\/06\/7e046d1935ef2e9ba6f4b8e46dfeecbd.jpg",870,500,false],"landscape":["https:\/\/arantv.az\/wp-content\/uploads\/2024\/06\/7e046d1935ef2e9ba6f4b8e46dfeecbd.jpg",870,500,false],"portraits":["https:\/\/arantv.az\/wp-content\/uploads\/2024\/06\/7e046d1935ef2e9ba6f4b8e46dfeecbd.jpg",870,500,false],"thumbnail":["https:\/\/arantv.az\/wp-content\/uploads\/2024\/06\/7e046d1935ef2e9ba6f4b8e46dfeecbd-500x280.jpg",500,280,true],"medium":["https:\/\/arantv.az\/wp-content\/uploads\/2024\/06\/7e046d1935ef2e9ba6f4b8e46dfeecbd-635x365.jpg",635,365,true],"large":["https:\/\/arantv.az\/wp-content\/uploads\/2024\/06\/7e046d1935ef2e9ba6f4b8e46dfeecbd-840x483.jpg",640,368,true],"1536x1536":["https:\/\/arantv.az\/wp-content\/uploads\/2024\/06\/7e046d1935ef2e9ba6f4b8e46dfeecbd.jpg",870,500,false],"2048x2048":["https:\/\/arantv.az\/wp-content\/uploads\/2024\/06\/7e046d1935ef2e9ba6f4b8e46dfeecbd.jpg",870,500,false],"post-thumbnail":["https:\/\/arantv.az\/wp-content\/uploads\/2024\/06\/7e046d1935ef2e9ba6f4b8e46dfeecbd-240x172.jpg",240,172,true],"advps-thumb-one":["https:\/\/arantv.az\/wp-content\/uploads\/2024\/06\/7e046d1935ef2e9ba6f4b8e46dfeecbd.jpg",870,500,false]},"rttpg_author":{"display_name":"V\u00fcsal Rafiqo\u011flu","author_link":"https:\/\/arantv.az\/?author=2"},"rttpg_comment":0,"rttpg_category":"<a href=\"https:\/\/arantv.az\/?cat=19\" rel=\"category\">G\u00fcnd\u0259m<\/a>","rttpg_excerpt":"Fransa hakimiyy\u0259ti Az\u0259rbaycana qar\u015f\u0131 q\u0259r\u0259zli siyas\u0259tini media n\u00fcmay\u0259nd\u0259l\u0259rin\u0259 d\u0259 t\u0259tbiq etm\u0259y\u0259 ba\u015flay\u0131b. Bel\u0259 ki, Almaniyan\u0131n Bonn \u015f\u0259h\u0259rind\u0259 ke\u00e7iril\u0259n seminarda i\u015ftirak etm\u0259k \u00fc\u00e7\u00fcn AZ\u018fRTAC-\u0131n ezam olunan \u0259m\u0259kda\u015f\u0131n\u0131n \u015eengen \u0259razisin\u0259 giri\u015fi iyunun 11-d\u0259 Fransan\u0131n qeyri-qanuni v\u0259 \u0259sass\u0131z sifari\u015fi \u0259sas\u0131nda bloklan\u0131b. BMT-nin \u0130qlim D\u0259yi\u015fm\u0259l\u0259ri \u00fczr\u0259 \u00c7\u0259r\u00e7iv\u0259 Konvensiyas\u0131 (UNFCCC) Katibliyinin t\u0259\u015fkilat\u00e7\u0131l\u0131\u011f\u0131 il\u0259 ke\u00e7iril\u0259n t\u0259dbir\u0259 d\u00fcnyan\u0131n bir \u00e7ox \u00f6lk\u0259l\u0259rind\u0259n jurnalistl\u0259r&hellip;","_links":{"self":[{"href":"https:\/\/arantv.az\/index.php?rest_route=\/wp\/v2\/posts\/729732"}],"collection":[{"href":"https:\/\/arantv.az\/index.php?rest_route=\/wp\/v2\/posts"}],"about":[{"href":"https:\/\/arantv.az\/index.php?rest_route=\/wp\/v2\/types\/post"}],"author":[{"embeddable":true,"href":"https:\/\/arantv.az\/index.php?rest_route=\/wp\/v2\/users\/2"}],"replies":[{"embeddable":true,"href":"https:\/\/arantv.az\/index.php?rest_route=%2Fwp%2Fv2%2Fcomments&post=729732"}],"version-history":[{"count":0,"href":"https:\/\/arantv.az\/index.php?rest_route=\/wp\/v2\/posts\/729732\/revisions"}],"wp:featuredmedia":[{"embeddable":true,"href":"https:\/\/arantv.az\/index.php?rest_route=\/wp\/v2\/media\/729733"}],"wp:attachment":[{"href":"https:\/\/arantv.az\/index.php?rest_route=%2Fwp%2Fv2%2Fmedia&parent=729732"}],"wp:term":[{"taxonomy":"category","embeddable":true,"href":"https:\/\/arantv.az\/index.php?rest_route=%2Fwp%2Fv2%2Fcategories&post=729732"},{"taxonomy":"post_tag","embeddable":true,"href":"https:\/\/arantv.az\/index.php?rest_route=%2Fwp%2Fv2%2Ftags&post=729732"}],"curies":[{"name":"wp","href":"https:\/\/api.w.org\/{rel}","templated":true}]}}