{"id":729735,"date":"2024-06-12T15:42:50","date_gmt":"2024-06-12T11:42:50","guid":{"rendered":"https:\/\/arantv.az\/?p=729735"},"modified":"2024-06-12T15:42:50","modified_gmt":"2024-06-12T11:42:50","slug":"az%c9%99rbaycanin-%c9%99r%c9%99b-dovl%c9%99tl%c9%99ri-il%c9%99-%c9%99laq%c9%99l%c9%99rind%c9%99-misirl%c9%99-munasib%c9%99tl%c9%99r-d%c9%99-xususi-%c9%99h%c9%99miyy%c9%99t%c9%99-malikdir","status":"publish","type":"post","link":"https:\/\/arantv.az\/?p=729735","title":{"rendered":"Az\u0259rbaycan\u0131n \u0259r\u0259b d\u00f6vl\u0259tl\u0259ri il\u0259 \u0259laq\u0259l\u0259rind\u0259 Misirl\u0259 m\u00fcnasib\u0259tl\u0259r d\u0259 x\u00fcsusi \u0259h\u0259miyy\u0259t\u0259 malikdir."},"content":{"rendered":"<p>Prezident \u0130lham \u018fliyevin r\u0259hb\u0259rliyi il\u0259 m\u00fch\u00fcm u\u011furlar qazanan v\u0259 beyn\u0259lxalq al\u0259md\u0259 s\u00f6z sahibin\u0259 \u00e7evril\u0259n Az\u0259rbaycan\u0131n ist\u0259r b\u00f6lg\u0259d\u0259, ist\u0259rs\u0259 d\u0259 d\u00fcnyada n\u00fcfuzu durmadan art\u0131r. D\u00f6vl\u0259timizinba\u015f\u00e7\u0131s\u0131n\u0131ny\u00fcr\u00fctd\u00fcy\u00fcm\u00fcdrikv\u0259uzaqg\u00f6r\u0259nsiyas\u0259tn\u0259tic\u0259sind\u0259Az\u0259rbaycand\u00fcnyadaetibarl\u0131t\u0259r\u0259fda\u015fkimitan\u0131n\u0131r. Bunu d\u00fcnya \u00f6lk\u0259l\u0259rinin, n\u00fcfuzlu beyn\u0259lxalq t\u0259\u015fkilatlar\u0131n Az\u0259rbaycanla \u0259m\u0259kda\u015fl\u0131qda maraql\u0131 olmalar\u0131da t\u0259sdiql\u0259yir. \u018fny\u00fcks\u0259ks\u0259viyy\u0259liqar\u015f\u0131l\u0131ql\u0131s\u0259f\u0259rl\u0259rAz\u0259rbaycand\u00f6vl\u0259tininbeyn\u0259lxalq\u0259laq\u0259l\u0259riningeni\u015fl\u0259nm\u0259sin\u0259m\u00fch\u00fcmt\u00f6hf\u0259verm\u0259kd\u0259dir. Az\u0259rbaycan\u0131n\u00e7ox\u015fax\u0259lixaricisiyas\u0259tind\u0259\u0259sasistiqam\u0259tl\u0259rd\u0259nbirinid\u0259\u0259r\u0259bd\u00f6vl\u0259tl\u0259riil\u0259\u0259laq\u0259l\u0259rt\u0259\u015fkiledir.<\/p>\n<p>Az\u0259rbaycan\u0131n \u0259r\u0259b d\u00fcnyas\u0131 il\u0259 b\u00f6y\u00fck tarixi-m\u0259d\u0259ni ba\u011fl\u0131l\u0131\u011f\u0131 var. Bel\u0259 ki, \u0259srl\u0259rl\u0259 Az\u0259rbaycan \u015fairl\u0259ri v\u0259 m\u00fct\u0259f\u0259kkirl\u0259ri \u0259r\u0259b dilind\u0259 d\u0259 yaz\u0131b-yaratm\u0131\u015flar. Dahi Az\u0259rbaycan \u015fairl\u0259ri N\u0259siminin v\u0259 F\u00fczulinin m\u0259zarlar\u0131n\u0131n \u0259r\u0259b d\u00f6vl\u0259tl\u0259ri \u0259razisind\u0259 yerl\u0259\u015fm\u0259si bu ba\u011fl\u0131l\u0131\u011f\u0131n daha bir bariz n\u00fcmun\u0259sidir.<\/p>\n<p>2005-ci ild\u0259 Az\u0259rbaycan il\u0259 \u018fr\u0259b D\u00f6vl\u0259tl\u0259ri Liqas\u0131 aras\u0131nda Anla\u015fma Memorandumu imzalan\u0131b. Az\u0259rbaycan \u018fr\u0259b D\u00f6vl\u0259tl\u0259ri Liqas\u0131nda m\u00fc\u015fahid\u0259\u00e7i statusuna malikdir. 2007-ci ild\u0259 Az\u0259rbaycan Prezidenti \u0130lham \u018fliyev Misir\u0259 r\u0259smi s\u0259f\u0259ri \u00e7\u0259r\u00e7iv\u0259sind\u0259 \u018fr\u0259b D\u00f6vl\u0259tl\u0259ri Liqas\u0131n\u0131n q\u0259rargah\u0131nda ozamank\u0131 Ba\u015f katib Amr Musa il\u0259 g\u00f6r\u00fc\u015f\u00fcb, Liqaya \u00fczv olan \u00f6lk\u0259l\u0259rin s\u0259firl\u0259ri qar\u015f\u0131s\u0131nda \u00e7\u0131x\u0131\u015f edib.<\/p>\n<p>&nbsp;<\/p>\n<p>\u0130slam h\u0259mr\u0259yliyi prinsipini daim r\u0259hb\u0259r tutan Az\u0259rbaycan bu x\u00fcsusda \u0259r\u0259b d\u00f6vl\u0259tl\u0259ri il\u0259 h\u0259m ikit\u0259r\u0259fli, h\u0259m d\u0259 \u0130slam \u018fm\u0259kda\u015fl\u0131q T\u0259\u015fkilat\u0131, Birl\u0259\u015fmi\u015f Mill\u0259tl\u0259r T\u0259\u015fkilat\u0131 v\u0259 dig\u0259r beyn\u0259lxalq t\u0259\u015fkilatlar \u00e7\u0259r\u00e7iv\u0259sind\u0259 \u0259m\u0259kda\u015fl\u0131\u011f\u0131n d\u0259rinl\u0259\u015fdirilm\u0259sind\u0259 maraql\u0131 olub. \u00d6lk\u0259miz, h\u0259m\u00e7inin \u0259r\u0259b d\u00fcnyas\u0131n\u0131n haqq i\u015fini h\u0259mi\u015f\u0259 d\u0259st\u0259kl\u0259yib.<\/p>\n<p>Az\u0259rbaycan\u0131n \u0259r\u0259b d\u00f6vl\u0259tl\u0259ri il\u0259 \u0259laq\u0259l\u0259rind\u0259 Misirl\u0259 m\u00fcnasib\u0259tl\u0259r d\u0259 x\u00fcsusi \u0259h\u0259miyy\u0259t\u0259 malikdir.<\/p>\n<p>Az\u0259rbaycan-Misir \u0259laq\u0259l\u0259ri bu g\u00fcn s\u00fcr\u0259tl\u0259 inki\u015faf edir. Bu \u0259m\u0259kda\u015fl\u0131\u011f\u0131n q\u0259dim tarixi k\u00f6kl\u0259ri var. H\u0259l\u0259 sovet d\u00f6n\u0259mind\u0259 Az\u0259rbaycanla Misir aras\u0131nda mehriban dostluq \u0259laq\u0259l\u0259ri olub. \u00d6lk\u0259miz m\u00fcst\u0259qilliyini b\u0259rpa etdikd\u0259n sonra bu \u0259laq\u0259l\u0259r keyfiyy\u0259tc\u0259 yeni s\u0259viyy\u0259y\u0259 y\u00fcks\u0259lib. Xalq\u0131m\u0131z\u0131n \u00dcmummilli Lideri Heyd\u0259r \u018fliyev il\u0259 Misir Prezidenti H\u00fcsn\u00fc M\u00fcbar\u0259k aras\u0131nda dostluq m\u00fcnasib\u0259tl\u0259ri \u0259m\u0259kda\u015fl\u0131\u011f\u0131m\u0131z\u0131n inki\u015faf\u0131 \u00fc\u00e7\u00fcn yax\u015f\u0131 z\u0259min yarad\u0131b. Bu g\u00fcn bu siyas\u0259t Az\u0259rbaycan Prezidenti \u0130lham \u018fliyev t\u0259r\u0259find\u0259n u\u011furla davam etdirilir.<\/p>\n<p>\u0130yunun 7-d\u0259 Az\u0259rbaycan Respublikas\u0131n\u0131n Prezidenti \u0130lham \u018fliyevin Misir Respublikas\u0131na r\u0259smi s\u0259f\u0259ri ba\u015flay\u0131b. Bu s\u0259f\u0259r \u00f6lk\u0259l\u0259rimiz aras\u0131nda m\u00fcnasib\u0259tl\u0259rin inki\u015faf\u0131nda yeni s\u0259hif\u0259 a\u00e7acaq. S\u0259f\u0259rin m\u0259qs\u0259di \u00f6lk\u0259l\u0259rimiz aras\u0131nda y\u00fcks\u0259k s\u0259viyy\u0259d\u0259 olan \u0259laq\u0259l\u0259rin daha da inki\u015faf\u0131na v\u0259 qar\u015f\u0131l\u0131ql\u0131 maraq do\u011furan sah\u0259l\u0259rd\u0259 \u0259m\u0259kda\u015fl\u0131\u011f\u0131n g\u00fccl\u0259ndirilm\u0259sin\u0259 t\u00f6hf\u0259 verm\u0259kdir. \u0130kit\u0259r\u0259fli m\u00fcnasib\u0259tl\u0259rin g\u00fcnd\u0259liyind\u0259 olan aktual m\u0259s\u0259l\u0259l\u0259rin m\u00fczakir\u0259si m\u0259qs\u0259dil\u0259 Az\u0259rbaycan v\u0259 Misir prezidentl\u0259rinin g\u00f6r\u00fc\u015fl\u0259ri ke\u00e7iril\u0259c\u0259k. S\u0259f\u0259r \u00e7\u0259r\u00e7iv\u0259sind\u0259 imzalanacaq s\u0259n\u0259dl\u0259r \u00f6lk\u0259l\u0259rimiz aras\u0131nda \u0259m\u0259kda\u015fl\u0131\u011f\u0131n d\u0259rinl\u0259\u015fdirilm\u0259si \u00fc\u00e7\u00fcn h\u00fcquqi bazan\u0131 daha da m\u00f6hk\u0259ml\u0259ndir\u0259c\u0259k.<\/p>\n<p>Az\u0259rbaycan\u0131n enerji t\u0259hl\u00fck\u0259sizliyi sah\u0259sind\u0259 \u00f6n\u0259mli rolu v\u0259 m\u00fch\u00fcm n\u0259qliyyat d\u0259hlizinin \u00fcz\u0259rind\u0259 olmas\u0131 s\u00f6zs\u00fcz ki, Misirin siyas\u0259tin\u0259 t\u0259sir edir. \u0130ndiki m\u0259qamda Az\u0259rbaycanla m\u00fcnasib\u0259tl\u0259ri inki\u015faf etdirm\u0259k, qlobal layih\u0259l\u0259rd\u0259 yer almaq ist\u0259yi a\u00e7\u0131q-a\u015fkar g\u00f6r\u00fcn\u00fcr. T\u0259biidir ki, Misirin bu ist\u0259yi bizim \u00fc\u00e7\u00fcn d\u0259 maraql\u0131d\u0131r. \u018fn az\u0131ndan ona g\u00f6r\u0259 ki, Misir Az\u0259rbaycan-Erm\u0259nistan m\u00fcnasib\u0259tl\u0259rind\u0259 neytral m\u00f6vqeyini Az\u0259rbaycana d\u0259st\u0259k m\u00f6vqeyi il\u0259 d\u0259yi\u015f\u0259c\u0259kdir. Az\u0259rbaycan Prezidentinin h\u0259d\u0259find\u0259 olan bu m\u0259s\u0259l\u0259 ciddi xarakter da\u015f\u0131y\u0131r v\u0259 g\u0259l\u0259c\u0259k perspektivd\u0259n x\u0259b\u0259r verir.<\/p>\n<p>Bu g\u00fcn Az\u0259rbaycan-Misir m\u00fcnasib\u0259tl\u0259ri yeni inki\u015faf m\u0259rh\u0259l\u0259sin\u0259 q\u0259d\u0259m qoyub v\u0259 bu, h\u0259r iki xalq\u0131n milli maraqlar\u0131na cavab verir. \u0130ki \u00f6lk\u0259 aras\u0131nda m\u00fcnasib\u0259tl\u0259rin inki\u015faf\u0131 \u00fc\u00e7\u00fcn b\u00f6y\u00fck potensial var v\u0259 qar\u015f\u0131l\u0131ql\u0131 s\u0259f\u0259rl\u0259r \u0259m\u0259kda\u015fl\u0131\u011f\u0131n s\u00fcr\u0259tl\u0259 geni\u015fl\u0259ndirilm\u0259si bax\u0131m\u0131ndan m\u00fch\u00fcm imkanlar yarad\u0131r. Bu bax\u0131mdan Az\u0259rbaycan Respublikas\u0131n\u0131n Prezidenti \u0130lham \u018fliyevin Misir\u0259 r\u0259smi s\u0259f\u0259ri \u00f6lk\u0259l\u0259rimiz aras\u0131nda \u0259m\u0259kda\u015fl\u0131\u011f\u0131n d\u0259rinl\u0259\u015fdirilm\u0259sin\u0259 yeni t\u00f6hf\u0259l\u0259r ver\u0259c\u0259k.<\/p>\n<p>&nbsp;<\/p>\n<p><strong>Elm\u0259ddin \u018fsg\u0259rxanov, YAP B\u0259rd\u0259 rayon t\u0259\u015fkilat\u0131n\u0131n s\u0259dr m\u00fcavini.<\/strong><\/p>\n","protected":false},"excerpt":{"rendered":"<p>Prezident \u0130lham \u018fliyevin r\u0259hb\u0259rliyi il\u0259 m\u00fch\u00fcm u\u011furlar qazanan v\u0259 beyn\u0259lxalq al\u0259md\u0259 s\u00f6z sahibin\u0259 \u00e7evril\u0259n Az\u0259rbaycan\u0131n ist\u0259r b\u00f6lg\u0259d\u0259, ist\u0259rs\u0259 d\u0259 d\u00fcnyada n\u00fcfuzu durmadan art\u0131r. D\u00f6vl\u0259timizinba\u015f\u00e7\u0131s\u0131n\u0131ny\u00fcr\u00fctd\u00fcy\u00fcm\u00fcdrikv\u0259uzaqg\u00f6r\u0259nsiyas\u0259tn\u0259tic\u0259sind\u0259Az\u0259rbaycand\u00fcnyadaetibarl\u0131t\u0259r\u0259fda\u015fkimitan\u0131n\u0131r. Bunu d\u00fcnya \u00f6lk\u0259l\u0259rinin, n\u00fcfuzlu beyn\u0259lxalq t\u0259\u015fkilatlar\u0131n Az\u0259rbaycanla \u0259m\u0259kda\u015fl\u0131qda maraql\u0131 olmalar\u0131da t\u0259sdiql\u0259yir. \u018fny\u00fcks\u0259ks\u0259viyy\u0259liqar\u015f\u0131l\u0131ql\u0131s\u0259f\u0259rl\u0259rAz\u0259rbaycand\u00f6vl\u0259tininbeyn\u0259lxalq\u0259laq\u0259l\u0259riningeni\u015fl\u0259nm\u0259sin\u0259m\u00fch\u00fcmt\u00f6hf\u0259verm\u0259kd\u0259dir. Az\u0259rbaycan\u0131n\u00e7ox\u015fax\u0259lixaricisiyas\u0259tind\u0259\u0259sasistiqam\u0259tl\u0259rd\u0259nbirinid\u0259\u0259r\u0259bd\u00f6vl\u0259tl\u0259riil\u0259\u0259laq\u0259l\u0259rt\u0259\u015fkiledir. Az\u0259rbaycan\u0131n \u0259r\u0259b d\u00fcnyas\u0131 il\u0259 b\u00f6y\u00fck tarixi-m\u0259d\u0259ni ba\u011fl\u0131l\u0131\u011f\u0131 var. Bel\u0259 ki, \u0259srl\u0259rl\u0259 Az\u0259rbaycan \u015fairl\u0259ri v\u0259 m\u00fct\u0259f\u0259kkirl\u0259ri \u0259r\u0259b dilind\u0259 d\u0259 yaz\u0131b-yaratm\u0131\u015flar. Dahi Az\u0259rbaycan \u015fairl\u0259ri N\u0259siminin v\u0259 F\u00fczulinin m\u0259zarlar\u0131n\u0131n \u0259r\u0259b d\u00f6vl\u0259tl\u0259ri \u0259razisind\u0259 yerl\u0259\u015fm\u0259si bu ba\u011fl\u0131l\u0131\u011f\u0131n daha bir bariz n\u00fcmun\u0259sidir. 2005-ci ild\u0259 Az\u0259rbaycan il\u0259 \u018fr\u0259b D\u00f6vl\u0259tl\u0259ri Liqas\u0131 aras\u0131nda Anla\u015fma Memorandumu imzalan\u0131b. Az\u0259rbaycan \u018fr\u0259b D\u00f6vl\u0259tl\u0259ri Liqas\u0131nda m\u00fc\u015fahid\u0259\u00e7i statusuna&hellip;<\/p>\n","protected":false},"author":2,"featured_media":729736,"comment_status":"closed","ping_status":"closed","sticky":false,"template":"","format":"standard","meta":{"om_disable_all_campaigns":false,"_monsterinsights_skip_tracking":false,"_monsterinsights_sitenote_active":false,"_monsterinsights_sitenote_note":"","_monsterinsights_sitenote_category":0},"categories":[2],"tags":[],"aioseo_notices":[],"gutentor_comment":0,"rttpg_featured_image_url":{"full":["https:\/\/arantv.az\/wp-content\/uploads\/2024\/06\/21cec500-a1ad-4af7-a9ad-04a89402aed6.jpg",885,885,false],"landscape":["https:\/\/arantv.az\/wp-content\/uploads\/2024\/06\/21cec500-a1ad-4af7-a9ad-04a89402aed6.jpg",885,885,false],"portraits":["https:\/\/arantv.az\/wp-content\/uploads\/2024\/06\/21cec500-a1ad-4af7-a9ad-04a89402aed6.jpg",885,885,false],"thumbnail":["https:\/\/arantv.az\/wp-content\/uploads\/2024\/06\/21cec500-a1ad-4af7-a9ad-04a89402aed6-500x280.jpg",500,280,true],"medium":["https:\/\/arantv.az\/wp-content\/uploads\/2024\/06\/21cec500-a1ad-4af7-a9ad-04a89402aed6-365x365.jpg",365,365,true],"large":["https:\/\/arantv.az\/wp-content\/uploads\/2024\/06\/21cec500-a1ad-4af7-a9ad-04a89402aed6-840x840.jpg",640,640,true],"1536x1536":["https:\/\/arantv.az\/wp-content\/uploads\/2024\/06\/21cec500-a1ad-4af7-a9ad-04a89402aed6.jpg",885,885,false],"2048x2048":["https:\/\/arantv.az\/wp-content\/uploads\/2024\/06\/21cec500-a1ad-4af7-a9ad-04a89402aed6.jpg",885,885,false],"post-thumbnail":["https:\/\/arantv.az\/wp-content\/uploads\/2024\/06\/21cec500-a1ad-4af7-a9ad-04a89402aed6-240x172.jpg",240,172,true],"advps-thumb-one":["https:\/\/arantv.az\/wp-content\/uploads\/2024\/06\/21cec500-a1ad-4af7-a9ad-04a89402aed6-885x620.jpg",885,620,true]},"rttpg_author":{"display_name":"V\u00fcsal Rafiqo\u011flu","author_link":"https:\/\/arantv.az\/?author=2"},"rttpg_comment":0,"rttpg_category":"<a href=\"https:\/\/arantv.az\/?cat=2\" rel=\"category\">Region X\u0259b\u0259rl\u0259ri<\/a>","rttpg_excerpt":"Prezident \u0130lham \u018fliyevin r\u0259hb\u0259rliyi il\u0259 m\u00fch\u00fcm u\u011furlar qazanan v\u0259 beyn\u0259lxalq al\u0259md\u0259 s\u00f6z sahibin\u0259 \u00e7evril\u0259n Az\u0259rbaycan\u0131n ist\u0259r b\u00f6lg\u0259d\u0259, ist\u0259rs\u0259 d\u0259 d\u00fcnyada n\u00fcfuzu durmadan art\u0131r. D\u00f6vl\u0259timizinba\u015f\u00e7\u0131s\u0131n\u0131ny\u00fcr\u00fctd\u00fcy\u00fcm\u00fcdrikv\u0259uzaqg\u00f6r\u0259nsiyas\u0259tn\u0259tic\u0259sind\u0259Az\u0259rbaycand\u00fcnyadaetibarl\u0131t\u0259r\u0259fda\u015fkimitan\u0131n\u0131r. Bunu d\u00fcnya \u00f6lk\u0259l\u0259rinin, n\u00fcfuzlu beyn\u0259lxalq t\u0259\u015fkilatlar\u0131n Az\u0259rbaycanla \u0259m\u0259kda\u015fl\u0131qda maraql\u0131 olmalar\u0131da t\u0259sdiql\u0259yir. \u018fny\u00fcks\u0259ks\u0259viyy\u0259liqar\u015f\u0131l\u0131ql\u0131s\u0259f\u0259rl\u0259rAz\u0259rbaycand\u00f6vl\u0259tininbeyn\u0259lxalq\u0259laq\u0259l\u0259riningeni\u015fl\u0259nm\u0259sin\u0259m\u00fch\u00fcmt\u00f6hf\u0259verm\u0259kd\u0259dir. Az\u0259rbaycan\u0131n\u00e7ox\u015fax\u0259lixaricisiyas\u0259tind\u0259\u0259sasistiqam\u0259tl\u0259rd\u0259nbirinid\u0259\u0259r\u0259bd\u00f6vl\u0259tl\u0259riil\u0259\u0259laq\u0259l\u0259rt\u0259\u015fkiledir. Az\u0259rbaycan\u0131n \u0259r\u0259b d\u00fcnyas\u0131 il\u0259 b\u00f6y\u00fck tarixi-m\u0259d\u0259ni ba\u011fl\u0131l\u0131\u011f\u0131 var. Bel\u0259 ki, \u0259srl\u0259rl\u0259 Az\u0259rbaycan \u015fairl\u0259ri v\u0259 m\u00fct\u0259f\u0259kkirl\u0259ri \u0259r\u0259b dilind\u0259 d\u0259&hellip;","_links":{"self":[{"href":"https:\/\/arantv.az\/index.php?rest_route=\/wp\/v2\/posts\/729735"}],"collection":[{"href":"https:\/\/arantv.az\/index.php?rest_route=\/wp\/v2\/posts"}],"about":[{"href":"https:\/\/arantv.az\/index.php?rest_route=\/wp\/v2\/types\/post"}],"author":[{"embeddable":true,"href":"https:\/\/arantv.az\/index.php?rest_route=\/wp\/v2\/users\/2"}],"replies":[{"embeddable":true,"href":"https:\/\/arantv.az\/index.php?rest_route=%2Fwp%2Fv2%2Fcomments&post=729735"}],"version-history":[{"count":0,"href":"https:\/\/arantv.az\/index.php?rest_route=\/wp\/v2\/posts\/729735\/revisions"}],"wp:featuredmedia":[{"embeddable":true,"href":"https:\/\/arantv.az\/index.php?rest_route=\/wp\/v2\/media\/729736"}],"wp:attachment":[{"href":"https:\/\/arantv.az\/index.php?rest_route=%2Fwp%2Fv2%2Fmedia&parent=729735"}],"wp:term":[{"taxonomy":"category","embeddable":true,"href":"https:\/\/arantv.az\/index.php?rest_route=%2Fwp%2Fv2%2Fcategories&post=729735"},{"taxonomy":"post_tag","embeddable":true,"href":"https:\/\/arantv.az\/index.php?rest_route=%2Fwp%2Fv2%2Ftags&post=729735"}],"curies":[{"name":"wp","href":"https:\/\/api.w.org\/{rel}","templated":true}]}}