{"id":729743,"date":"2024-06-12T15:56:11","date_gmt":"2024-06-12T11:56:11","guid":{"rendered":"https:\/\/arantv.az\/?p=729743"},"modified":"2024-06-12T15:56:11","modified_gmt":"2024-06-12T11:56:11","slug":"az%c9%99rbaycanda-polkovnik-leytenant-v%c9%99fat-etdi-2","status":"publish","type":"post","link":"https:\/\/arantv.az\/?p=729743","title":{"rendered":"Az\u0259rbaycanda polkovnik-leytenant v\u0259fat etdi"},"content":{"rendered":"<p>Ehtiyatda olan polis polkovnik-leytenant\u0131 Anar Vaqif o\u011flu Na\u011f\u0131yev v\u0259fat edib.<\/p>\n<p>Modern.az-\u0131n m\u0259lumat\u0131na g\u00f6r\u0259, bu bar\u0259d\u0259 onun dostlar\u0131 bildiribl\u0259r.<\/p>\n<p>Bildirilib ki, 47 ya\u015fl\u0131 Anar Na\u011f\u0131yev 23 ild\u0259n \u00e7ox m\u00fcdd\u0259td\u0259 Daxili \u0130\u015fl\u0259r Nazirliyi sistemind\u0259 xidm\u0259t edib.<\/p>\n<p>O, 1998-2008-ci ill\u0259rd\u0259 Daxili Qo\u015funlar\u0131n Ba\u015f \u0130dar\u0259sinin m\u00fcxt\u0259lif h\u0259rbi hiss\u0259l\u0259rind\u0259 taq\u0131m v\u0259 b\u00f6l\u00fck komandiri, X\u00fcsusi T\u0259yinatl\u0131 D\u0259st\u0259 komandirinin m\u00fcavini v\u0259 dig\u0259r v\u0259zif\u0259l\u0259rd\u0259 \u00e7al\u0131\u015f\u0131b.<\/p>\n","protected":false},"excerpt":{"rendered":"<p>Ehtiyatda olan polis polkovnik-leytenant\u0131 Anar Vaqif o\u011flu Na\u011f\u0131yev v\u0259fat edib. Modern.az-\u0131n m\u0259lumat\u0131na g\u00f6r\u0259, bu bar\u0259d\u0259 onun dostlar\u0131 bildiribl\u0259r. Bildirilib ki, 47 ya\u015fl\u0131 Anar Na\u011f\u0131yev 23 ild\u0259n \u00e7ox m\u00fcdd\u0259td\u0259 Daxili \u0130\u015fl\u0259r Nazirliyi sistemind\u0259 xidm\u0259t edib. O, 1998-2008-ci ill\u0259rd\u0259 Daxili Qo\u015funlar\u0131n Ba\u015f \u0130dar\u0259sinin m\u00fcxt\u0259lif h\u0259rbi hiss\u0259l\u0259rind\u0259 taq\u0131m v\u0259 b\u00f6l\u00fck komandiri, X\u00fcsusi T\u0259yinatl\u0131 D\u0259st\u0259 komandirinin m\u00fcavini v\u0259 dig\u0259r v\u0259zif\u0259l\u0259rd\u0259 \u00e7al\u0131\u015f\u0131b.<\/p>\n","protected":false},"author":2,"featured_media":729744,"comment_status":"closed","ping_status":"closed","sticky":false,"template":"","format":"standard","meta":{"om_disable_all_campaigns":false,"_monsterinsights_skip_tracking":false,"_monsterinsights_sitenote_active":false,"_monsterinsights_sitenote_note":"","_monsterinsights_sitenote_category":0},"categories":[1],"tags":[],"aioseo_notices":[],"gutentor_comment":0,"rttpg_featured_image_url":{"full":["https:\/\/arantv.az\/wp-content\/uploads\/2024\/06\/generallllllll.png",474,416,false],"landscape":["https:\/\/arantv.az\/wp-content\/uploads\/2024\/06\/generallllllll.png",474,416,false],"portraits":["https:\/\/arantv.az\/wp-content\/uploads\/2024\/06\/generallllllll.png",474,416,false],"thumbnail":["https:\/\/arantv.az\/wp-content\/uploads\/2024\/06\/generallllllll-474x280.png",474,280,true],"medium":["https:\/\/arantv.az\/wp-content\/uploads\/2024\/06\/generallllllll-416x365.png",416,365,true],"large":["https:\/\/arantv.az\/wp-content\/uploads\/2024\/06\/generallllllll.png",474,416,false],"1536x1536":["https:\/\/arantv.az\/wp-content\/uploads\/2024\/06\/generallllllll.png",474,416,false],"2048x2048":["https:\/\/arantv.az\/wp-content\/uploads\/2024\/06\/generallllllll.png",474,416,false],"post-thumbnail":["https:\/\/arantv.az\/wp-content\/uploads\/2024\/06\/generallllllll-240x172.png",240,172,true],"advps-thumb-one":["https:\/\/arantv.az\/wp-content\/uploads\/2024\/06\/generallllllll.png",474,416,false]},"rttpg_author":{"display_name":"V\u00fcsal Rafiqo\u011flu","author_link":"https:\/\/arantv.az\/?author=2"},"rttpg_comment":0,"rttpg_category":"<a href=\"https:\/\/arantv.az\/?cat=1\" rel=\"category\">C\u0259miyy\u0259t<\/a>","rttpg_excerpt":"Ehtiyatda olan polis polkovnik-leytenant\u0131 Anar Vaqif o\u011flu Na\u011f\u0131yev v\u0259fat edib. Modern.az-\u0131n m\u0259lumat\u0131na g\u00f6r\u0259, bu bar\u0259d\u0259 onun dostlar\u0131 bildiribl\u0259r. Bildirilib ki, 47 ya\u015fl\u0131 Anar Na\u011f\u0131yev 23 ild\u0259n \u00e7ox m\u00fcdd\u0259td\u0259 Daxili \u0130\u015fl\u0259r Nazirliyi sistemind\u0259 xidm\u0259t edib. O, 1998-2008-ci ill\u0259rd\u0259 Daxili Qo\u015funlar\u0131n Ba\u015f \u0130dar\u0259sinin m\u00fcxt\u0259lif h\u0259rbi hiss\u0259l\u0259rind\u0259 taq\u0131m v\u0259 b\u00f6l\u00fck komandiri, X\u00fcsusi T\u0259yinatl\u0131 D\u0259st\u0259 komandirinin m\u00fcavini v\u0259 dig\u0259r&hellip;","_links":{"self":[{"href":"https:\/\/arantv.az\/index.php?rest_route=\/wp\/v2\/posts\/729743"}],"collection":[{"href":"https:\/\/arantv.az\/index.php?rest_route=\/wp\/v2\/posts"}],"about":[{"href":"https:\/\/arantv.az\/index.php?rest_route=\/wp\/v2\/types\/post"}],"author":[{"embeddable":true,"href":"https:\/\/arantv.az\/index.php?rest_route=\/wp\/v2\/users\/2"}],"replies":[{"embeddable":true,"href":"https:\/\/arantv.az\/index.php?rest_route=%2Fwp%2Fv2%2Fcomments&post=729743"}],"version-history":[{"count":0,"href":"https:\/\/arantv.az\/index.php?rest_route=\/wp\/v2\/posts\/729743\/revisions"}],"wp:featuredmedia":[{"embeddable":true,"href":"https:\/\/arantv.az\/index.php?rest_route=\/wp\/v2\/media\/729744"}],"wp:attachment":[{"href":"https:\/\/arantv.az\/index.php?rest_route=%2Fwp%2Fv2%2Fmedia&parent=729743"}],"wp:term":[{"taxonomy":"category","embeddable":true,"href":"https:\/\/arantv.az\/index.php?rest_route=%2Fwp%2Fv2%2Fcategories&post=729743"},{"taxonomy":"post_tag","embeddable":true,"href":"https:\/\/arantv.az\/index.php?rest_route=%2Fwp%2Fv2%2Ftags&post=729743"}],"curies":[{"name":"wp","href":"https:\/\/api.w.org\/{rel}","templated":true}]}}