{"id":729747,"date":"2024-06-12T17:20:06","date_gmt":"2024-06-12T13:20:06","guid":{"rendered":"https:\/\/arantv.az\/?p=729747"},"modified":"2024-06-12T17:20:06","modified_gmt":"2024-06-12T13:20:06","slug":"orta-d%c9%99hlizin-f%c9%99aliyy%c9%99t%c9%99-baslamasi-v%c9%99-yukdasimalarin-artirilmasi-goz-onund%c9%99-olan-m%c9%99s%c9%99l%c9%99l%c9%99rdir","status":"publish","type":"post","link":"https:\/\/arantv.az\/?p=729747","title":{"rendered":"Orta D\u0259hlizin f\u0259aliyy\u0259t\u0259 ba\u015flamas\u0131 v\u0259 y\u00fckda\u015f\u0131malar\u0131n art\u0131r\u0131lmas\u0131 g\u00f6z \u00f6n\u00fcnd\u0259 olan m\u0259s\u0259l\u0259l\u0259rdir."},"content":{"rendered":"<p>Prezident \u0130lham \u018fliyevin y\u00fcr\u00fctd\u00fcy\u00fc siyas\u0259t n\u0259tic\u0259sind\u0259 d\u00fcnyada b\u00f6y\u00fck n\u00fcfuz qazanan Az\u0259rbaycan art\u0131q \u0259n m\u00fch\u00fcm m\u00f6vzular\u0131n m\u00fczakir\u0259 olundu\u011fu m\u00f6t\u0259b\u0259r beyn\u0259lxalq t\u0259dbirl\u0259rin t\u0259\u015f\u0259bb\u00fcskar\u0131 v\u0259 t\u0259\u015fkilat\u00e7\u0131s\u0131 kimi tan\u0131n\u0131r. X\u00fcsusil\u0259 V\u0259t\u0259n m\u00fcharib\u0259sind\u0259n sonrak\u0131 d\u00f6vrd\u0259 ke\u00e7iril\u0259n beyn\u0259lxalq t\u0259dbirl\u0259rd\u0259 i\u015f\u011faldan azad olunan \u0259razil\u0259rimizin yenid\u0259n b\u0259rpas\u0131, dir\u00e7\u0259ldilm\u0259si v\u0259 beyn\u0259lxalq n\u0259qliyyat d\u0259hlizl\u0259rinin m\u00fch\u00fcm komponentin\u0259 \u00e7evrilm\u0259si istiqam\u0259tind\u0259 g\u00f6r\u00fcl\u0259n i\u015fl\u0259rin t\u0259bli\u011fin\u0259 geni\u015f yer verilir.<\/p>\n<p>Bel\u0259 ki, 25 noyabr 2022-ci il tarixd\u0259 Bak\u0131da, ADA Universitetind\u0259 \u201cOrta D\u0259hliz boyunca: geosiyas\u0259t, t\u0259hl\u00fck\u0259sizlik v\u0259 iqtisadiyyat\u201d m\u00f6vzusunda beyn\u0259lxalq konfransda Az\u0259rbaycan Respublikas\u0131n\u0131n Prezidenti \u0130lham \u018fliyev vur\u011fulam\u0131\u015fd\u0131r ki, \u201cOrta D\u0259hliz\u201d kimi irimiqyasl\u0131 layih\u0259ni icra etm\u0259k \u00fc\u00e7\u00fcn t\u0259hl\u00fck\u0259sizlik v\u0259 iqtisadi bacar\u0131q m\u0259s\u0259l\u0259l\u0259ri m\u00fczakir\u0259 olunmal\u0131d\u0131r, t\u0259hl\u00fck\u0259sizlik v\u0259 iqtisadi potensial olmadan b\u00fct\u00fcn region \u00f6lk\u0259l\u0259rin\u0259 fayda ver\u0259c\u0259k Orta D\u0259hlizin tam istismara verilm\u0259si m\u0259qs\u0259din\u0259 nail olmaq m\u00fcmk\u00fcn olmayacaq. D\u00f6vl\u0259t ba\u015f\u00e7\u0131s\u0131n\u0131n qeyd etdiyi kimi ist\u0259nil\u0259n geni\u015f miqyasl\u0131 layih\u0259nin icras\u0131 \u00fc\u00e7\u00fcn \u00f6n\u0259mli elementl\u0259rd\u0259n biri sabitlikdir.<\/p>\n<p>M\u00f6vcud d\u00fcnyam\u0131zda siyasi b\u00f6hranlar v\u0259 m\u00fcnaqi\u015f\u0259l\u0259rin d\u0259rinl\u0259\u015fdiyi bir zamanda respublikam\u0131z\u0131n\u00a0 regionun geosiyasi h\u0259yat\u0131nda sabitl\u0259\u015fdirici rolu x\u00fcsusi il\u0259 qeyd olunmal\u0131d\u0131r. Bu da \u00f6lk\u0259 ba\u015f\u00e7\u0131s\u0131n\u0131n d\u00fc\u015f\u00fcn\u00fclm\u00fc\u015f\u00a0 xarici siyas\u0259ti say\u0259sind\u0259 t\u0259min edilmi\u015fdir.<\/p>\n<p>Bak\u0131-Tbilisi-Qars d\u0259mir yolu layih\u0259sinin\u00a0 potensial imkanlar\u0131 il\u0259 yana\u015f\u0131, \u015eimal-C\u0259nub v\u0259 \u015e\u0259rq-Q\u0259rb d\u0259hlizi kimi n\u0259qliyyat layih\u0259l\u0259ri n\u0259qliyyat infrastrukturuna, x\u00fcsusil\u0259 hava il\u0259 y\u00fckda\u015f\u0131malar\u0131 infrastrukturuna s\u0259rmay\u0259 yat\u0131r\u0131lm\u0131\u015f, yeni d\u0259mir yollar\u0131n\u0131n tikilmi\u015fdir.<\/p>\n<p>N\u0259qliyyat-kommunikasiya layih\u0259l\u0259rind\u0259n biri olan d\u0259niz ticar\u0259t liman\u0131 vasit\u0259sil\u0259 da\u015f\u0131nan y\u00fckl\u0259rin h\u0259cminin 15 milyon tondan 25 milyon tona q\u0259d\u0259r geni\u015fl\u0259ndirilm\u0259si qar\u015f\u0131da duran vacib m\u0259s\u0259l\u0259dir. Bel\u0259 ki, d\u00fcnyada m\u00f6vcud olan yeni geosiyasi v\u0259ziyy\u0259t il\u0259 \u0259laq\u0259dar Az\u0259rbaycandan daha \u00e7ox y\u00fckl\u0259rin da\u015f\u0131nmas\u0131na z\u0259rur\u0259t yaran\u0131b. C\u0259nab prezidentin t\u0259birinc\u0259 des\u0259k : Az\u0259rbaycan\u0131n co\u011frafi m\u00f6vqeyinin \u00fcst\u00fcnl\u00fcy\u00fc onun Avropa il\u0259 Asiya aras\u0131nda yerl\u0259\u015fm\u0259sidir. Bu Az\u0259rbaycana iki qit\u0259 aras\u0131nda \u0259laq\u0259l\u0259rin yarad\u0131lmas\u0131nda m\u00fch\u00fcm rol oynama\u011fa imkan verir.<\/p>\n<p>Prezident \u0130lham \u018fliyev T\u00dcRKPA-n\u0131n Ba\u015f katibi Mehmet S\u00fcreyya Eri v\u0259 dig\u0259r \u00fczv \u00f6lk\u0259l\u0259rin n\u00fcmay\u0259nd\u0259l\u0259rini q\u0259bul ed\u0259rk\u0259n deyib ki, <strong>\u015eu\u015fada T\u00fcrk D\u00f6vl\u0259tl\u0259ri T\u0259\u015fkilat\u0131n\u0131n qeyri-r\u0259smi Zirv\u0259 g\u00f6r\u00fc\u015f\u00fcnd\u0259<\/strong>\u0259sas m\u00f6vzular\u0131 n\u0259qliyyat v\u0259 iqliml\u0259 ba\u011fl\u0131 olacaq. Bu da t\u0259biidir. \u00c7\u00fcnki bu g\u00fcn n\u0259qliyyat \u0259laq\u0259l\u0259rinin qurulmas\u0131 v\u0259 geni\u015fl\u0259ndirilm\u0259si T\u00fcrk d\u00fcnyas\u0131n\u0131n birl\u0259\u015fm\u0259si il\u0259 s\u0131x ba\u011fl\u0131 olan prosesdir. Orta D\u0259hlizin f\u0259aliyy\u0259t\u0259 ba\u015flamas\u0131 v\u0259 y\u00fckda\u015f\u0131malar\u0131n art\u0131r\u0131lmas\u0131 g\u00f6z \u00f6n\u00fcnd\u0259 olan m\u0259s\u0259l\u0259l\u0259rdir.<\/p>\n<p>Burada T\u00fcrk D\u00f6vl\u0259tl\u0259ri T\u0259\u015fkilat\u0131na \u00fczv olan b\u00fct\u00fcn \u00f6lk\u0259l\u0259r birg\u0259 f\u0259aliyy\u0259t g\u00f6st\u0259rir. M\u0259n hesab etdim ki, indiki z\u0259man\u0259d\u0259 Orta D\u0259hlizin potensial\u0131na d\u00fcnyada daha b\u00f6y\u00fck ehtiyac var. Biz bu m\u00f6vzu il\u0259 ba\u011fl\u0131, g\u0259l\u0259c\u0259k add\u0131mlar\u0131m\u0131zla ba\u011fl\u0131 geni\u015f fikir m\u00fcbadil\u0259si aparmal\u0131y\u0131q.<\/p>\n<p><strong>Aslan Q\u0259mb\u0259rov, YAP B\u0259rd\u0259 rayon t\u0259\u015fkilat\u0131 f\u0259al\u0131,\u018fmirli k\u0259nd R.Abbasov ad\u0131na tam orta m\u0259kt\u0259bin direktoru.<\/strong><\/p>\n","protected":false},"excerpt":{"rendered":"<p>Prezident \u0130lham \u018fliyevin y\u00fcr\u00fctd\u00fcy\u00fc siyas\u0259t n\u0259tic\u0259sind\u0259 d\u00fcnyada b\u00f6y\u00fck n\u00fcfuz qazanan Az\u0259rbaycan art\u0131q \u0259n m\u00fch\u00fcm m\u00f6vzular\u0131n m\u00fczakir\u0259 olundu\u011fu m\u00f6t\u0259b\u0259r beyn\u0259lxalq t\u0259dbirl\u0259rin t\u0259\u015f\u0259bb\u00fcskar\u0131 v\u0259 t\u0259\u015fkilat\u00e7\u0131s\u0131 kimi tan\u0131n\u0131r. X\u00fcsusil\u0259 V\u0259t\u0259n m\u00fcharib\u0259sind\u0259n sonrak\u0131 d\u00f6vrd\u0259 ke\u00e7iril\u0259n beyn\u0259lxalq t\u0259dbirl\u0259rd\u0259 i\u015f\u011faldan azad olunan \u0259razil\u0259rimizin yenid\u0259n b\u0259rpas\u0131, dir\u00e7\u0259ldilm\u0259si v\u0259 beyn\u0259lxalq n\u0259qliyyat d\u0259hlizl\u0259rinin m\u00fch\u00fcm komponentin\u0259 \u00e7evrilm\u0259si istiqam\u0259tind\u0259 g\u00f6r\u00fcl\u0259n i\u015fl\u0259rin t\u0259bli\u011fin\u0259 geni\u015f yer verilir. Bel\u0259 ki, 25 noyabr 2022-ci il tarixd\u0259 Bak\u0131da, ADA Universitetind\u0259 \u201cOrta D\u0259hliz boyunca: geosiyas\u0259t, t\u0259hl\u00fck\u0259sizlik v\u0259 iqtisadiyyat\u201d m\u00f6vzusunda beyn\u0259lxalq konfransda Az\u0259rbaycan Respublikas\u0131n\u0131n Prezidenti \u0130lham \u018fliyev vur\u011fulam\u0131\u015fd\u0131r ki, \u201cOrta D\u0259hliz\u201d kimi irimiqyasl\u0131 layih\u0259ni icra etm\u0259k \u00fc\u00e7\u00fcn t\u0259hl\u00fck\u0259sizlik&hellip;<\/p>\n","protected":false},"author":2,"featured_media":729748,"comment_status":"closed","ping_status":"closed","sticky":false,"template":"","format":"standard","meta":{"om_disable_all_campaigns":false,"_monsterinsights_skip_tracking":false,"_monsterinsights_sitenote_active":false,"_monsterinsights_sitenote_note":"","_monsterinsights_sitenote_category":0},"categories":[2],"tags":[],"aioseo_notices":[],"gutentor_comment":0,"rttpg_featured_image_url":{"full":["https:\/\/arantv.az\/wp-content\/uploads\/2024\/06\/ae8e3555-574b-44fa-8811-203073257a61.jpg",388,1200,false],"landscape":["https:\/\/arantv.az\/wp-content\/uploads\/2024\/06\/ae8e3555-574b-44fa-8811-203073257a61.jpg",388,1200,false],"portraits":["https:\/\/arantv.az\/wp-content\/uploads\/2024\/06\/ae8e3555-574b-44fa-8811-203073257a61.jpg",388,1200,false],"thumbnail":["https:\/\/arantv.az\/wp-content\/uploads\/2024\/06\/ae8e3555-574b-44fa-8811-203073257a61-388x280.jpg",388,280,true],"medium":["https:\/\/arantv.az\/wp-content\/uploads\/2024\/06\/ae8e3555-574b-44fa-8811-203073257a61-118x365.jpg",118,365,true],"large":["https:\/\/arantv.az\/wp-content\/uploads\/2024\/06\/ae8e3555-574b-44fa-8811-203073257a61-272x840.jpg",272,840,true],"1536x1536":["https:\/\/arantv.az\/wp-content\/uploads\/2024\/06\/ae8e3555-574b-44fa-8811-203073257a61.jpg",388,1200,false],"2048x2048":["https:\/\/arantv.az\/wp-content\/uploads\/2024\/06\/ae8e3555-574b-44fa-8811-203073257a61.jpg",388,1200,false],"post-thumbnail":["https:\/\/arantv.az\/wp-content\/uploads\/2024\/06\/ae8e3555-574b-44fa-8811-203073257a61-240x172.jpg",240,172,true],"advps-thumb-one":["https:\/\/arantv.az\/wp-content\/uploads\/2024\/06\/ae8e3555-574b-44fa-8811-203073257a61-388x620.jpg",388,620,true]},"rttpg_author":{"display_name":"V\u00fcsal Rafiqo\u011flu","author_link":"https:\/\/arantv.az\/?author=2"},"rttpg_comment":0,"rttpg_category":"<a href=\"https:\/\/arantv.az\/?cat=2\" rel=\"category\">Region X\u0259b\u0259rl\u0259ri<\/a>","rttpg_excerpt":"Prezident \u0130lham \u018fliyevin y\u00fcr\u00fctd\u00fcy\u00fc siyas\u0259t n\u0259tic\u0259sind\u0259 d\u00fcnyada b\u00f6y\u00fck n\u00fcfuz qazanan Az\u0259rbaycan art\u0131q \u0259n m\u00fch\u00fcm m\u00f6vzular\u0131n m\u00fczakir\u0259 olundu\u011fu m\u00f6t\u0259b\u0259r beyn\u0259lxalq t\u0259dbirl\u0259rin t\u0259\u015f\u0259bb\u00fcskar\u0131 v\u0259 t\u0259\u015fkilat\u00e7\u0131s\u0131 kimi tan\u0131n\u0131r. X\u00fcsusil\u0259 V\u0259t\u0259n m\u00fcharib\u0259sind\u0259n sonrak\u0131 d\u00f6vrd\u0259 ke\u00e7iril\u0259n beyn\u0259lxalq t\u0259dbirl\u0259rd\u0259 i\u015f\u011faldan azad olunan \u0259razil\u0259rimizin yenid\u0259n b\u0259rpas\u0131, dir\u00e7\u0259ldilm\u0259si v\u0259 beyn\u0259lxalq n\u0259qliyyat d\u0259hlizl\u0259rinin m\u00fch\u00fcm komponentin\u0259 \u00e7evrilm\u0259si istiqam\u0259tind\u0259 g\u00f6r\u00fcl\u0259n i\u015fl\u0259rin t\u0259bli\u011fin\u0259 geni\u015f yer verilir. Bel\u0259&hellip;","_links":{"self":[{"href":"https:\/\/arantv.az\/index.php?rest_route=\/wp\/v2\/posts\/729747"}],"collection":[{"href":"https:\/\/arantv.az\/index.php?rest_route=\/wp\/v2\/posts"}],"about":[{"href":"https:\/\/arantv.az\/index.php?rest_route=\/wp\/v2\/types\/post"}],"author":[{"embeddable":true,"href":"https:\/\/arantv.az\/index.php?rest_route=\/wp\/v2\/users\/2"}],"replies":[{"embeddable":true,"href":"https:\/\/arantv.az\/index.php?rest_route=%2Fwp%2Fv2%2Fcomments&post=729747"}],"version-history":[{"count":0,"href":"https:\/\/arantv.az\/index.php?rest_route=\/wp\/v2\/posts\/729747\/revisions"}],"wp:featuredmedia":[{"embeddable":true,"href":"https:\/\/arantv.az\/index.php?rest_route=\/wp\/v2\/media\/729748"}],"wp:attachment":[{"href":"https:\/\/arantv.az\/index.php?rest_route=%2Fwp%2Fv2%2Fmedia&parent=729747"}],"wp:term":[{"taxonomy":"category","embeddable":true,"href":"https:\/\/arantv.az\/index.php?rest_route=%2Fwp%2Fv2%2Fcategories&post=729747"},{"taxonomy":"post_tag","embeddable":true,"href":"https:\/\/arantv.az\/index.php?rest_route=%2Fwp%2Fv2%2Ftags&post=729747"}],"curies":[{"name":"wp","href":"https:\/\/api.w.org\/{rel}","templated":true}]}}