{"id":729754,"date":"2024-06-12T18:52:59","date_gmt":"2024-06-12T14:52:59","guid":{"rendered":"https:\/\/arantv.az\/?p=729754"},"modified":"2024-06-12T18:52:59","modified_gmt":"2024-06-12T14:52:59","slug":"erm%c9%99nistanin-abs-il%c9%99-strateji-dialoqu-gucl%c9%99rin-yeni-qarsidurma-m%c9%99nb%c9%99yi-s%c9%99rh","status":"publish","type":"post","link":"https:\/\/arantv.az\/?p=729754","title":{"rendered":"Erm\u0259nistan\u0131n AB\u015e il\u0259 Strateji Dialoqu: g\u00fccl\u0259rin yeni qar\u015f\u0131durma m\u0259nb\u0259yi &#8211; \u015e\u018fRH"},"content":{"rendered":"<p><strong>Tarix xarici m\u00fcdaxil\u0259nin C\u0259nubi Qafqaza h\u0259mi\u015f\u0259 f\u0259lak\u0259t g\u0259tirdiyini xat\u0131rlad\u0131r.<\/strong><\/p>\n<p>\u00c7ar Rusiyas\u0131, ke\u00e7mi\u015f SSR\u0130-nin t\u00f6r\u0259tdiyi cinay\u0259tl\u0259rin izl\u0259ri h\u0259l\u0259 d\u0259 silinm\u0259yib. XX \u0259srin \u0259vv\u0259lind\u0259 B\u00f6y\u00fck Britaniya, Fransa v\u0259 ba\u015fqalar\u0131n\u0131n regiondak\u0131 t\u0259r\u0259fli, q\u0259r\u0259zli \u0259m\u0259ll\u0259ri d\u0259 tarixd\u0259 qal\u0131r.<\/p>\n<p>M\u00fctt\u0259fiq respublikalar sovetl\u0259r da\u011f\u0131ld\u0131qdan sonra m\u00fcst\u0259qillikl\u0259rini b\u0259rpa etdil\u0259r. Ard\u0131nca da C\u0259nubi Qafqazda g\u00fccl\u0259rin mara\u011f\u0131 artd\u0131. Ancaq burada onlar \u0259n\u0259n\u0259vi g\u00fcc, Rusiyan\u0131n m\u00fcqavim\u0259ti il\u0259 \u00fczl\u0259\u015fdil\u0259r. H\u0259min maraqlar\u0131n toqqu\u015fmas\u0131 s\u0259b\u0259bind\u0259n Az\u0259rbaycan torpaqlar\u0131 i\u015f\u011fal olundu v\u0259 30 il\u0259 yax\u0131n bu v\u0259ziyy\u0259t saxlan\u0131ld\u0131. G\u00fcrc\u00fcstan\u0131n \u0259razi b\u00fct\u00f6vl\u00fcy\u00fc pozuldu &#8211; Abxaziya v\u0259 C\u0259nubi Osetiya Moskvan\u0131n himay\u0259darl\u0131\u011f\u0131 il\u0259 \u201cm\u00fcst\u0259qillikl\u0259rini\u201d \u201celan etdil\u0259r\u201d.<\/p>\n<p>Az\u0259rbaycan\u0131n \u0259razi b\u00fct\u00f6vl\u00fcy\u00fcn\u00fc v\u0259 suverenliyini b\u0259rpa etm\u0259si il\u0259 g\u00fccl\u0259rin regiona yana\u015fmas\u0131nda yenid\u0259n aktivlik m\u00fc\u015fahid\u0259 olunur.<\/p>\n<p>Bu d\u0259f\u0259 regionda n\u00fcfuz dair\u0259si u\u011frunda m\u00fcbariz\u0259 \u0259sas\u0259n, B\u00f6y\u00fck Britaniya, AB\u015e, Avropa \u0130ttifaq\u0131, Rusiya aras\u0131nda davam edir. Proses\u0259 z\u0259if d\u0259 olsa \u0130ran, \u00c7in v\u0259 Hindistan da qat\u0131l\u0131r.<\/p>\n<p><strong>Az\u0259rbaycan, G\u00fcrc\u00fcstan v\u0259 Erm\u0259nistana g\u00fccl\u0259rin toqqu\u015fan maraqlar\u0131ndan ziyan d\u0259yir. Ona g\u00f6r\u0259 d\u0259 bir \u00e7ox hallarda onlarla m\u00fcxt\u0259lif sah\u0259l\u0259rd\u0259 \u0259m\u0259kda\u015fl\u0131q etm\u0259y\u0259 \u00e7al\u0131\u015f\u0131r. M\u0259s\u0259l\u0259n, Avropa \u0130ttifaq\u0131n\u0131n \u201c\u015e\u0259rq t\u0259r\u0259fda\u015fl\u0131\u011f\u201d\u0131 proqram\u0131nda, NATO-nun s\u00fclhm\u0259raml\u0131 layih\u0259l\u0259rind\u0259 i\u015ftirak edirl\u0259r.<br \/>\n<\/strong><img src=\"https:\/\/static.report.az\/photo\/40f0643f-88c9-3176-b293-3fd864ede1aa.jpg\" alt=\"\" \/><img loading=\"lazy\" src=\"https:\/\/cdn.musavat.com\/news\/thumbnails\/60f691fdbee1bb1efcef5b90bfe95666.jpg\" alt=\"40f0643f-88c9-3176-b293-3fd864ed.jpg (244 KB)\" width=\"948\" height=\"758\" \/><\/p>\n<p>Bundan ba\u015fqa 2021-ci il iyunun 15-d\u0259 Az\u0259rbaycan v\u0259 T\u00fcrkiy\u0259 aras\u0131nda \u015eu\u015fa \u015f\u0259h\u0259rind\u0259 m\u00fctt\u0259fiqlik m\u00fcnasib\u0259tl\u0259ri haqq\u0131nda \u015eu\u015fa b\u0259yannam\u0259si, Az\u0259rbaycan Respublikas\u0131 il\u0259 Rusiya Federasiyas\u0131 aras\u0131nda 2022-ci il fevral\u0131n 22-d\u0259 m\u00fctt\u0259fiqlik qar\u015f\u0131l\u0131ql\u0131 f\u0259aliyy\u0259ti haqq\u0131nda b\u0259yannam\u0259 imzalan\u0131b.<\/p>\n<p>H\u0259r iki s\u0259n\u0259dd\u0259 regionun t\u0259hl\u00fck\u0259sizliyi v\u0259 \u0259razi b\u00fct\u00f6vl\u00fcy\u00fc, suverenlikl\u0259rin qorunmas\u0131, terrora v\u0259 ba\u015fqa transmilli cinay\u0259tl\u0259r\u0259 qar\u015f\u0131 m\u00fcbariz\u0259, bir-birinin daxili i\u015fl\u0259rin\u0259 m\u00fcdaxil\u0259 etm\u0259m\u0259y\u0259 dair madd\u0259l\u0259r var. Odur ki, Az\u0259rbaycan\u0131n imzalad\u0131\u011f\u0131 h\u0259r iki s\u0259n\u0259d \u0259vv\u0259lki m\u00fcdaxil\u0259 d\u00f6vrl\u0259rind\u0259 ba\u015f ver\u0259n hadis\u0259l\u0259rd\u0259n f\u0259rqli bir yana\u015fmaya xidm\u0259t edir. Onda g\u00fccl\u0259rin \u0259sas, h\u0259d\u0259fi i\u015f\u011fal m\u00fcst\u0259ml\u0259k\u0259 \u0259razil\u0259rinin geni\u015fl\u0259ndirm\u0259k, habel\u0259 Bak\u0131 neftin\u0259 n\u0259zar\u0259ti \u0259l\u0259 ke\u00e7irm\u0259k olub. \u0130ndi is\u0259 b\u0259rab\u0259rh\u00fcquqlu \u0259m\u0259kda\u015fl\u0131\u011fa dair m\u00fcqavil\u0259l\u0259r imzalan\u0131r.<\/p>\n<p>Erm\u0259nistan da m\u00fcxt\u0259lif beyn\u0259lxalq birlikl\u0259rin \u00fczv\u00fcd\u00fcr. Bu istiqam\u0259td\u0259 m\u00fcqavil\u0259l\u0259r d\u0259 imzalay\u0131b. Ancaq iyunun 11-d\u0259 \u0130r\u0259vanda AB\u015e-Erm\u0259nistan Strateji Dialoquna dari yekun iclas\u0131n ke\u00e7irilm\u0259si \u201cbunun regiona n\u0259 faydas\u0131\u201d sual\u0131n\u0131n yaranmas\u0131na s\u0259b\u0259b olub.<\/p>\n<p><strong>\u00c7\u00fcnki Erm\u0259nistan b\u00f6lg\u0259d\u0259 \u0259n\u0259n\u0259vi olaraq xidm\u0259t\u00e7i olub v\u0259 bu f\u0259aliyy\u0259tind\u0259n d\u0259 b\u00f6lg\u0259 \u0259halisi \u00e7ox ziyan g\u00f6r\u00fcb. Erm\u0259nil\u0259rin xidm\u0259ti n\u0259tic\u0259sind\u0259 qa\u00e7q\u0131nl\u0131q, soyq\u0131r\u0131m\u0131, yurd-yuvalar\u0131n da\u011f\u0131lmas\u0131, saxtakarl\u0131q v\u0259 s. hadis\u0259l\u0259r ba\u015f verib.<br \/>\n<\/strong><img src=\"https:\/\/static.report.az\/photo\/77ad7346-b799-380b-ac77-820311f54ab3.jpg\" alt=\"\" \/><img loading=\"lazy\" src=\"https:\/\/cdn.musavat.com\/news\/thumbnails\/8c7c6c39c66fa65996805a95628ae613.jpg\" alt=\"77ad7346-b799-380b-ac77-820311f5.jpg (80 KB)\" width=\"920\" height=\"517\" \/><\/p>\n<p>M\u0259lumata g\u00f6r\u0259, AB\u015e v\u0259 Erm\u0259nistan ikit\u0259r\u0259fli dialoqun statusunu strateji t\u0259r\u0259fda\u015fl\u0131q s\u0259viyy\u0259sin\u0259 y\u00fcks\u0259ltm\u0259k bar\u0259d\u0259 raz\u0131l\u0131\u011fa g\u0259libl\u0259r. Bu bar\u0259d\u0259 iki \u00f6lk\u0259 aras\u0131nda iyunun 11-d\u0259 \u0130r\u0259vanda ke\u00e7iril\u0259n Strateji Dialoq g\u00f6r\u00fc\u015f\u00fcn\u00fcn yekunlar\u0131 \u00fczr\u0259 d\u0259rc olunmu\u015f birg\u0259 b\u0259yanatda qeyd olunub. S\u0259n\u0259d\u0259 \u0259sas\u0259n, \u0130r\u0259van v\u0259 Va\u015finqton g\u00f6r\u00fc\u015f zaman\u0131 g\u0259l\u0259n il \u0259laq\u0259l\u0259ri d\u0259rinl\u0259\u015fdirm\u0259k, ikit\u0259r\u0259fli dialoqun statusunun Strateji T\u0259r\u0259fda\u015fl\u0131q Komissiyas\u0131 s\u0259viyy\u0259sin\u0259 y\u00fcks\u0259ldilm\u0259si, anla\u015fma memorandumu formas\u0131nda formala\u015fd\u0131r\u0131lacaq bax\u0131\u015f\u0131 m\u00fc\u0259yy\u0259n edibl\u0259r.<\/p>\n<p>Bundan ba\u015fqa t\u0259r\u0259fl\u0259r Erm\u0259nistan\u0131n Avroatlantika institutlar\u0131 v\u0259 Q\u0259rbl\u0259 daha s\u0131x \u0259m\u0259kda\u015fl\u0131q etm\u0259k ist\u0259yini qeyd edibl\u0259r. \u015etatlar h\u0259m\u00e7inin 1991-ci il Alma-Ata B\u0259yannam\u0259sin\u0259 uy\u011fun olaraq Erm\u0259nistan\u0131n suverenliyi, m\u00fcst\u0259qilliyi, demokratiyas\u0131 v\u0259 \u0259razi b\u00fct\u00f6vl\u00fcy\u00fcn\u00fc d\u0259st\u0259kl\u0259diyini bir daha t\u0259sdiql\u0259yib.<\/p>\n<p>B\u0259yanatda vur\u011fulan\u0131b: AB\u015e-nin Beyn\u0259lxalq \u0130nki\u015faf \u00fczr\u0259 Agentliyi (USAID) \u0259dal\u0259tli v\u0259 davaml\u0131 s\u00fclh yolu il\u0259 regional ticar\u0259ti, \u0259laq\u0259ni t\u0259\u015fviq etm\u0259k v\u0259 g\u00fccl\u0259ndirm\u0259kl\u0259 Erm\u0259nistan\u0131n \u201cS\u00fclh k\u0259si\u015fm\u0259si\u201d bax\u0131\u015f\u0131n\u0131, n\u0259qliyyat strategiyas\u0131n\u0131n haz\u0131rlanmas\u0131nda onu d\u0259st\u0259kl\u0259m\u0259y\u0259 sadiqdir. Bu s\u00fclh b\u00fct\u00fcn regionun potensial\u0131n\u0131 a\u00e7acaq v\u0259 regiondak\u0131 b\u00fct\u00fcn insanlara \u0259h\u0259miyy\u0259tli faydalar g\u0259tir\u0259c\u0259k\u201d.<\/p>\n<p>Bu s\u0259n\u0259dd\u0259 daha \u00e7ox AB\u015e-nin Erm\u0259nistana himay\u0259darl\u0131\u011f\u0131 n\u0259z\u0259rd\u0259 tutulub. R\u0259smi \u0130r\u0259van\u0131n bu istiqam\u0259td\u0259 f\u0259aliyy\u0259ti il\u0259 ilk bax\u0131\u015fda \u00f6lk\u0259sinin inki\u015faf\u0131, daha g\u00fccl\u00fc arxa, dayaq \u0259ld\u0259 etm\u0259y\u0259 c\u0259hd g\u00f6st\u0259rir.<\/p>\n<p>Ancaq \u0259sas suallardan biri budur ki, Rusiya bu \u0259m\u0259kda\u015fl\u0131\u011fa nec\u0259 baxacaq? \u00c7\u00fcnki 1997-ci il avqustun 29-da Rusiya il\u0259 Erm\u0259nistan aras\u0131nda \u201cDostluq, \u018fm\u0259kda\u015fl\u0131q v\u0259 Qar\u015f\u0131l\u0131ql\u0131 Yard\u0131m M\u00fcqavil\u0259si\u201d, 2000-ci il oktyabr\u0131n 5-d\u0259 is\u0259 iki \u00f6lk\u0259 aras\u0131nda 21-ci \u0259srd\u0259 m\u00fctt\u0259fiqlik qar\u015f\u0131l\u0131\u011f\u0131 haqq\u0131nda b\u0259yannam\u0259 d\u0259 imzalan\u0131b.<\/p>\n<p><strong>Rusiya Prezidenti Vladimir Putin v\u0259 Erm\u0259nistan\u0131n o vaxtk\u0131 prezidenti Robert Ko\u00e7aryan\u0131n 2000-ci il sentyabr\u0131n 26-da Moskvada imzalad\u0131\u011f\u0131 bu s\u0259n\u0259din sonuncu, 15-ci madd\u0259sind\u0259 vur\u011fulan\u0131b ki, XXI \u0259sr h\u0259r iki \u00f6lk\u0259nin xalqlar\u0131 \u00fc\u00e7\u00fcn m\u00fctt\u0259fiqlik \u0259laq\u0259l\u0259rinin geni\u015f perspektivi, b\u00fct\u00fcn sah\u0259l\u0259rd\u0259 \u0259laq\u0259l\u0259rin h\u0259rt\u0259r\u0259fli inki\u015faf\u0131 maraqlar\u0131na uy\u011fun olaraq intensiv \u015f\u0259kild\u0259 d\u0259rinl\u0259\u015fdirilm\u0259si, milli iqtisadiyyat v\u0259 m\u0259d\u0259niyy\u0259tin inki\u015faf\u0131, Qafqaz regionunda v\u0259 b\u00fct\u00fcn d\u00fcnyada davaml\u0131 s\u00fclh\u00fcn, sabitliyin, t\u0259minatl\u0131 t\u0259hl\u00fck\u0259sizliyin t\u0259min edilm\u0259si imkanlar\u0131 a\u00e7\u0131r.<br \/>\n<\/strong><img src=\"https:\/\/static.report.az\/photo\/81210487-873b-30be-838e-fe65390d1014.jpg\" alt=\"\" \/><img loading=\"lazy\" src=\"https:\/\/cdn.musavat.com\/news\/thumbnails\/ad4a60235bcf9253f091e9287397544b.jpg\" alt=\"81210487-873b-30be-838e-fe65390d.jpg (99 KB)\" width=\"910\" height=\"678\" \/><\/p>\n<p>Bu bax\u0131mdan AB\u015e v\u0259 Rusiyan\u0131n Erm\u0259nistan \u00fc\u00e7\u00fcn strateji m\u00fctt\u0259fiqliyinin bir yerd\u0259 m\u00f6vcudlu\u011fu m\u00fcmk\u00fcns\u00fczd\u00fcr. \u00c7\u00fcnki Moskva v\u0259 Va\u015finqtonun regional mara\u011f\u0131 toqqu\u015fur. Bu is\u0259 onlar\u0131n h\u0259m d\u0259 Erm\u0259nistan\u0131 \u00f6z\u00fcn\u00fcnk\u00fc olaraq g\u00f6rm\u0259si, \u00f6z n\u00fcfuz dair\u0259sind\u0259 saxlad\u0131\u011f\u0131 dem\u0259kdir. Rusiyan\u0131n Erm\u0259nistanda h\u0259rbi bazalar\u0131 var.<\/p>\n<p>Bel\u0259 bir \u015f\u0259raitd\u0259 AB\u015e il\u0259 Erm\u0259nistan h\u0259rb\u00e7il\u0259ri aras\u0131nda t\u0259maslar, Beyn\u0259lxalq H\u0259rbi T\u0259hsil v\u0259 T\u0259lim (IMET) proqram\u0131 vasit\u0259sil\u0259 pe\u015f\u0259kar h\u0259rbi t\u0259hsil imkanlar\u0131, el\u0259c\u0259 d\u0259 Erm\u0259nistan ordusu aras\u0131nda t\u0259r\u0259fda\u015fl\u0131qlar vasit\u0259sil\u0259 bu t\u0259\u015f\u0259bb\u00fcsl\u0259ri d\u0259st\u0259kl\u0259m\u0259kd\u0259 davam etdir\u0259c\u0259kl\u0259ri t\u0259zadl\u0131d\u0131r.<\/p>\n<p>Aprelin 4-d\u0259n Erm\u0259nistanda ke\u015fi\u015f Baqrat Qalstanyan\u0131n liderliyi, ke\u00e7mi\u015f prezidentl\u0259r Robert Ko\u00e7aryan v\u0259 Serj Sarqsyan\u0131n \u201cboz kardinall\u0131\u011f\u0131\u201d il\u0259 \u201cTavu\u015f u\u011frunda V\u0259t\u0259n\u201d h\u0259r\u0259kat y\u00fcr\u00fc\u015f v\u0259 mitinql\u0259r ke\u00e7irir. Bu q\u00fcvv\u0259l\u0259rin Rusiyay\u00f6n\u00fcml\u00fc oldu\u011fu da gizli, m\u0259xfi hal deyil. \u0130yunun 12-d\u0259 is\u0259 ba\u015f nazir Nikol Pa\u015finyan\u0131n istefas\u0131n\u0131 t\u0259l\u0259b ed\u0259n bu h\u0259r\u0259kat\u0131n \u00fczvl\u0259rin\u0259 Erm\u0259nistan Milli T\u0259hl\u00fck\u0259sizlik Xidm\u0259ti anti-konstitusiya \u0259m\u0259ll\u0259ri z\u0259r\u0259rsizl\u0259\u015fdir\u0259c\u0259kl\u0259ri bar\u0259d\u0259 x\u0259b\u0259rdarl\u0131q edib. AB\u015e-a do\u011fru b\u0259hs etdiyimiz m\u0259s\u0259l\u0259l\u0259r istiqam\u0259tind\u0259 add\u0131m atan r\u0259smi \u0130r\u0259van bununla h\u0259m d\u0259 Rusiyan\u0131n perspektivd\u0259 ataca\u011f\u0131 add\u0131ma ver\u0259c\u0259yi cavab\u0131 n\u00fcmayi\u015f etdirir.<\/p>\n<p>Bel\u0259likl\u0259, Erm\u0259nistan\u0131n Fransa, Rusiya il\u0259 \u0259m\u0259kda\u015fl\u0131\u011f\u0131 kimi AB\u015e il\u0259 d\u0259 dialoqu C\u0259nubi Qafqaza yeni probleml\u0259r yarada bil\u0259r.<\/p>\n<p>S\u0259dr\u0259ddin \u0130smay\u0131lov,<br \/>\nReport<\/p>\n","protected":false},"excerpt":{"rendered":"<p>Tarix xarici m\u00fcdaxil\u0259nin C\u0259nubi Qafqaza h\u0259mi\u015f\u0259 f\u0259lak\u0259t g\u0259tirdiyini xat\u0131rlad\u0131r. \u00c7ar Rusiyas\u0131, ke\u00e7mi\u015f SSR\u0130-nin t\u00f6r\u0259tdiyi cinay\u0259tl\u0259rin izl\u0259ri h\u0259l\u0259 d\u0259 silinm\u0259yib. XX \u0259srin \u0259vv\u0259lind\u0259 B\u00f6y\u00fck Britaniya, Fransa v\u0259 ba\u015fqalar\u0131n\u0131n regiondak\u0131 t\u0259r\u0259fli, q\u0259r\u0259zli \u0259m\u0259ll\u0259ri d\u0259 tarixd\u0259 qal\u0131r. M\u00fctt\u0259fiq respublikalar sovetl\u0259r da\u011f\u0131ld\u0131qdan sonra m\u00fcst\u0259qillikl\u0259rini b\u0259rpa etdil\u0259r. Ard\u0131nca da C\u0259nubi Qafqazda g\u00fccl\u0259rin mara\u011f\u0131 artd\u0131. Ancaq burada onlar \u0259n\u0259n\u0259vi g\u00fcc, Rusiyan\u0131n m\u00fcqavim\u0259ti il\u0259 \u00fczl\u0259\u015fdil\u0259r. H\u0259min maraqlar\u0131n toqqu\u015fmas\u0131 s\u0259b\u0259bind\u0259n Az\u0259rbaycan torpaqlar\u0131 i\u015f\u011fal olundu v\u0259 30 il\u0259 yax\u0131n bu v\u0259ziyy\u0259t saxlan\u0131ld\u0131. G\u00fcrc\u00fcstan\u0131n \u0259razi b\u00fct\u00f6vl\u00fcy\u00fc pozuldu &#8211; Abxaziya v\u0259 C\u0259nubi Osetiya Moskvan\u0131n himay\u0259darl\u0131\u011f\u0131 il\u0259 \u201cm\u00fcst\u0259qillikl\u0259rini\u201d \u201celan etdil\u0259r\u201d. Az\u0259rbaycan\u0131n \u0259razi&hellip;<\/p>\n","protected":false},"author":2,"featured_media":729755,"comment_status":"closed","ping_status":"closed","sticky":false,"template":"","format":"standard","meta":{"om_disable_all_campaigns":false,"_monsterinsights_skip_tracking":false,"_monsterinsights_sitenote_active":false,"_monsterinsights_sitenote_note":"","_monsterinsights_sitenote_category":0},"categories":[4],"tags":[],"aioseo_notices":[],"gutentor_comment":0,"rttpg_featured_image_url":{"full":["https:\/\/arantv.az\/wp-content\/uploads\/2024\/06\/d2a7e900b12019bd73952822e8c9e1c2.jpg",850,500,false],"landscape":["https:\/\/arantv.az\/wp-content\/uploads\/2024\/06\/d2a7e900b12019bd73952822e8c9e1c2.jpg",850,500,false],"portraits":["https:\/\/arantv.az\/wp-content\/uploads\/2024\/06\/d2a7e900b12019bd73952822e8c9e1c2.jpg",850,500,false],"thumbnail":["https:\/\/arantv.az\/wp-content\/uploads\/2024\/06\/d2a7e900b12019bd73952822e8c9e1c2-500x280.jpg",500,280,true],"medium":["https:\/\/arantv.az\/wp-content\/uploads\/2024\/06\/d2a7e900b12019bd73952822e8c9e1c2-621x365.jpg",621,365,true],"large":["https:\/\/arantv.az\/wp-content\/uploads\/2024\/06\/d2a7e900b12019bd73952822e8c9e1c2-840x494.jpg",640,376,true],"1536x1536":["https:\/\/arantv.az\/wp-content\/uploads\/2024\/06\/d2a7e900b12019bd73952822e8c9e1c2.jpg",850,500,false],"2048x2048":["https:\/\/arantv.az\/wp-content\/uploads\/2024\/06\/d2a7e900b12019bd73952822e8c9e1c2.jpg",850,500,false],"post-thumbnail":["https:\/\/arantv.az\/wp-content\/uploads\/2024\/06\/d2a7e900b12019bd73952822e8c9e1c2-240x172.jpg",240,172,true],"advps-thumb-one":["https:\/\/arantv.az\/wp-content\/uploads\/2024\/06\/d2a7e900b12019bd73952822e8c9e1c2.jpg",850,500,false]},"rttpg_author":{"display_name":"V\u00fcsal Rafiqo\u011flu","author_link":"https:\/\/arantv.az\/?author=2"},"rttpg_comment":0,"rttpg_category":"<a href=\"https:\/\/arantv.az\/?cat=4\" rel=\"category\">Siyas\u0259t<\/a>","rttpg_excerpt":"Tarix xarici m\u00fcdaxil\u0259nin C\u0259nubi Qafqaza h\u0259mi\u015f\u0259 f\u0259lak\u0259t g\u0259tirdiyini xat\u0131rlad\u0131r. \u00c7ar Rusiyas\u0131, ke\u00e7mi\u015f SSR\u0130-nin t\u00f6r\u0259tdiyi cinay\u0259tl\u0259rin izl\u0259ri h\u0259l\u0259 d\u0259 silinm\u0259yib. XX \u0259srin \u0259vv\u0259lind\u0259 B\u00f6y\u00fck Britaniya, Fransa v\u0259 ba\u015fqalar\u0131n\u0131n regiondak\u0131 t\u0259r\u0259fli, q\u0259r\u0259zli \u0259m\u0259ll\u0259ri d\u0259 tarixd\u0259 qal\u0131r. M\u00fctt\u0259fiq respublikalar sovetl\u0259r da\u011f\u0131ld\u0131qdan sonra m\u00fcst\u0259qillikl\u0259rini b\u0259rpa etdil\u0259r. Ard\u0131nca da C\u0259nubi Qafqazda g\u00fccl\u0259rin mara\u011f\u0131 artd\u0131. Ancaq burada onlar \u0259n\u0259n\u0259vi g\u00fcc, Rusiyan\u0131n&hellip;","_links":{"self":[{"href":"https:\/\/arantv.az\/index.php?rest_route=\/wp\/v2\/posts\/729754"}],"collection":[{"href":"https:\/\/arantv.az\/index.php?rest_route=\/wp\/v2\/posts"}],"about":[{"href":"https:\/\/arantv.az\/index.php?rest_route=\/wp\/v2\/types\/post"}],"author":[{"embeddable":true,"href":"https:\/\/arantv.az\/index.php?rest_route=\/wp\/v2\/users\/2"}],"replies":[{"embeddable":true,"href":"https:\/\/arantv.az\/index.php?rest_route=%2Fwp%2Fv2%2Fcomments&post=729754"}],"version-history":[{"count":0,"href":"https:\/\/arantv.az\/index.php?rest_route=\/wp\/v2\/posts\/729754\/revisions"}],"wp:featuredmedia":[{"embeddable":true,"href":"https:\/\/arantv.az\/index.php?rest_route=\/wp\/v2\/media\/729755"}],"wp:attachment":[{"href":"https:\/\/arantv.az\/index.php?rest_route=%2Fwp%2Fv2%2Fmedia&parent=729754"}],"wp:term":[{"taxonomy":"category","embeddable":true,"href":"https:\/\/arantv.az\/index.php?rest_route=%2Fwp%2Fv2%2Fcategories&post=729754"},{"taxonomy":"post_tag","embeddable":true,"href":"https:\/\/arantv.az\/index.php?rest_route=%2Fwp%2Fv2%2Ftags&post=729754"}],"curies":[{"name":"wp","href":"https:\/\/api.w.org\/{rel}","templated":true}]}}