{"id":729764,"date":"2024-06-12T18:55:55","date_gmt":"2024-06-12T14:55:55","guid":{"rendered":"https:\/\/arantv.az\/?p=729764"},"modified":"2024-06-12T18:55:55","modified_gmt":"2024-06-12T14:55:55","slug":"kommunikasiyalarin-acilmasi-sulh-prosesinin-vacib-istiqam%c9%99tl%c9%99rind%c9%99n-biridir-s%c9%99rh","status":"publish","type":"post","link":"https:\/\/arantv.az\/?p=729764","title":{"rendered":"\u201cKommunikasiyalar\u0131n a\u00e7\u0131lmas\u0131 s\u00fclh prosesinin vacib istiqam\u0259tl\u0259rind\u0259n biridir\u201d -\u015e\u018fRH"},"content":{"rendered":"<p>&nbsp;<\/p>\n<p><strong>\u201cAz\u0259rbaycan t\u0259r\u0259finin \u0259vv\u0259ld\u0259n m\u00f6vqeyi bel\u0259 olub ki, kommunikasiyalar\u0131n a\u00e7\u0131lmas\u0131 iki \u00f6lk\u0259 aras\u0131nda apar\u0131lan s\u00fclh prosesinin vacib istiqam\u0259tl\u0259rind\u0259n biridir. Kommunikasiyalar\u0131n a\u00e7\u0131lmas\u0131 iki \u00f6lk\u0259 aras\u0131nda davaml\u0131 s\u00fclh\u00fcn \u0259ld\u0259 olunmas\u0131na b\u00f6y\u00fck t\u00f6hf\u0259 ver\u0259 bil\u0259r\u201d.<\/strong><\/p>\n<p>Bu fikirl\u0259ri\u00a0<strong>Musavat.com<\/strong>-a Beyn\u0259lxalq M\u00fcnasib\u0259tl\u0259rin T\u0259hlili M\u0259rk\u0259zinin apar\u0131c\u0131 m\u0259sl\u0259h\u0259t\u00e7isi M\u0259tin M\u0259mm\u0259dli deyib. Ekspert xat\u0131rlad\u0131b ki, Erm\u0259nistan kommunikasiyalar\u0131n a\u00e7\u0131lmas\u0131 il\u0259 ba\u011fl\u0131 \u00f6hd\u0259lik g\u00f6t\u00fcr\u00fcb: \u201cG\u00f6r\u00fcn\u0259n odur ki, Erm\u0259nistan son ill\u0259rd\u0259 kommunikasiyalar\u0131n a\u00e7\u0131lmas\u0131 il\u0259 ba\u011fl\u0131 qeyri-konstruktiv m\u00f6vqe n\u00fcmayi\u015f etdirir, \u00f6hd\u0259liyini yerin\u0259 yetirmir. M\u00fcxt\u0259lif b\u0259han\u0259l\u0259rl\u0259 bu m\u0259s\u0259l\u0259d\u0259n yay\u0131nma\u011fa \u00e7al\u0131\u015f\u0131r. Pa\u015finyan\u0131n son a\u00e7\u0131qlamas\u0131 da m\u0259s\u0259l\u0259nin yubad\u0131lmas\u0131na xidm\u0259t edir. Erm\u0259nistan hakimiyy\u0259tinin m\u00f6vqeyind\u0259 h\u0259l\u0259 ki, d\u0259yi\u015fiklik yoxdur. Onlar \u0259sas\u0259n kommunikasiyalar\u0131n a\u00e7\u0131lmas\u0131n\u0131 t\u0259hrif ed\u0259r\u0259k t\u0259qdim edirl\u0259r\u201d.<\/p>\n<p><strong>M.M\u0259mm\u0259dlinin fikrinc\u0259, Erm\u0259nistanda ba\u015f ver\u0259n etiraz aksiyalar\u0131 fonunda Pa\u015finyan h\u0259ssas d\u00f6n\u0259md\u0259n ke\u00e7ir:<\/strong>\u00a0\u201cEtiraz aksiyalar\u0131 bir aydan \u00e7oxdur davam edir. D\u00fc\u015f\u00fcn\u00fcr\u0259m ki, Erm\u0259nistan daxilind\u0259 yaranm\u0131\u015f bu v\u0259ziyy\u0259t Erm\u0259nistan-Az\u0259rbaycan aras\u0131nda dan\u0131\u015f\u0131qlar prosesin\u0259 birba\u015fa t\u0259sir g\u00f6st\u0259rir. M\u00fc\u0259yy\u0259n m\u0259s\u0259l\u0259l\u0259r var ki, erm\u0259ni c\u0259miyy\u0259ti konstruktiv m\u00f6vqe n\u00fcmayi\u015f etdirm\u0259y\u0259 meyllidir. B\u0259z\u0259n biz g\u00f6r\u00fcr\u00fck ki, o m\u0259s\u0259l\u0259l\u0259rd\u0259 Erm\u0259nistan hakimiyy\u0259ti daha ehtiyatl\u0131 davran\u0131r. Pa\u015finyan\u0131n son a\u00e7\u0131qlamas\u0131na bu kontekstd\u0259n d\u0259 yana\u015fmaq olar ki, o Az\u0259rbaycanla dan\u0131\u015f\u0131qlar prosesind\u0259 \u0259vv\u0259lki m\u00f6vqeyini d\u0259yi\u015fm\u0259yib. H\u0259r bir halda Erm\u0259nistan daxilind\u0259 ba\u015f ver\u0259nl\u0259r iki \u00f6lk\u0259 aras\u0131ndak\u0131 dan\u0131\u015f\u0131qlar prosesin\u0259 m\u0259nfi t\u0259sir g\u00f6st\u0259rir\u201d.<\/p>\n","protected":false},"excerpt":{"rendered":"<p>&nbsp; \u201cAz\u0259rbaycan t\u0259r\u0259finin \u0259vv\u0259ld\u0259n m\u00f6vqeyi bel\u0259 olub ki, kommunikasiyalar\u0131n a\u00e7\u0131lmas\u0131 iki \u00f6lk\u0259 aras\u0131nda apar\u0131lan s\u00fclh prosesinin vacib istiqam\u0259tl\u0259rind\u0259n biridir. Kommunikasiyalar\u0131n a\u00e7\u0131lmas\u0131 iki \u00f6lk\u0259 aras\u0131nda davaml\u0131 s\u00fclh\u00fcn \u0259ld\u0259 olunmas\u0131na b\u00f6y\u00fck t\u00f6hf\u0259 ver\u0259 bil\u0259r\u201d. Bu fikirl\u0259ri\u00a0Musavat.com-a Beyn\u0259lxalq M\u00fcnasib\u0259tl\u0259rin T\u0259hlili M\u0259rk\u0259zinin apar\u0131c\u0131 m\u0259sl\u0259h\u0259t\u00e7isi M\u0259tin M\u0259mm\u0259dli deyib. Ekspert xat\u0131rlad\u0131b ki, Erm\u0259nistan kommunikasiyalar\u0131n a\u00e7\u0131lmas\u0131 il\u0259 ba\u011fl\u0131 \u00f6hd\u0259lik g\u00f6t\u00fcr\u00fcb: \u201cG\u00f6r\u00fcn\u0259n odur ki, Erm\u0259nistan son ill\u0259rd\u0259 kommunikasiyalar\u0131n a\u00e7\u0131lmas\u0131 il\u0259 ba\u011fl\u0131 qeyri-konstruktiv m\u00f6vqe n\u00fcmayi\u015f etdirir, \u00f6hd\u0259liyini yerin\u0259 yetirmir. M\u00fcxt\u0259lif b\u0259han\u0259l\u0259rl\u0259 bu m\u0259s\u0259l\u0259d\u0259n yay\u0131nma\u011fa \u00e7al\u0131\u015f\u0131r. Pa\u015finyan\u0131n son a\u00e7\u0131qlamas\u0131 da m\u0259s\u0259l\u0259nin yubad\u0131lmas\u0131na xidm\u0259t edir. Erm\u0259nistan hakimiyy\u0259tinin m\u00f6vqeyind\u0259 h\u0259l\u0259 ki, d\u0259yi\u015fiklik&hellip;<\/p>\n","protected":false},"author":2,"featured_media":729765,"comment_status":"closed","ping_status":"closed","sticky":false,"template":"","format":"standard","meta":{"om_disable_all_campaigns":false,"_monsterinsights_skip_tracking":false,"_monsterinsights_sitenote_active":false,"_monsterinsights_sitenote_note":"","_monsterinsights_sitenote_category":0},"categories":[4],"tags":[],"aioseo_notices":[],"gutentor_comment":0,"rttpg_featured_image_url":{"full":["https:\/\/arantv.az\/wp-content\/uploads\/2024\/06\/f6472800aacaff3b525fe6b86cc48e94.jpg",870,500,false],"landscape":["https:\/\/arantv.az\/wp-content\/uploads\/2024\/06\/f6472800aacaff3b525fe6b86cc48e94.jpg",870,500,false],"portraits":["https:\/\/arantv.az\/wp-content\/uploads\/2024\/06\/f6472800aacaff3b525fe6b86cc48e94.jpg",870,500,false],"thumbnail":["https:\/\/arantv.az\/wp-content\/uploads\/2024\/06\/f6472800aacaff3b525fe6b86cc48e94-500x280.jpg",500,280,true],"medium":["https:\/\/arantv.az\/wp-content\/uploads\/2024\/06\/f6472800aacaff3b525fe6b86cc48e94-635x365.jpg",635,365,true],"large":["https:\/\/arantv.az\/wp-content\/uploads\/2024\/06\/f6472800aacaff3b525fe6b86cc48e94-840x483.jpg",640,368,true],"1536x1536":["https:\/\/arantv.az\/wp-content\/uploads\/2024\/06\/f6472800aacaff3b525fe6b86cc48e94.jpg",870,500,false],"2048x2048":["https:\/\/arantv.az\/wp-content\/uploads\/2024\/06\/f6472800aacaff3b525fe6b86cc48e94.jpg",870,500,false],"post-thumbnail":["https:\/\/arantv.az\/wp-content\/uploads\/2024\/06\/f6472800aacaff3b525fe6b86cc48e94-240x172.jpg",240,172,true],"advps-thumb-one":["https:\/\/arantv.az\/wp-content\/uploads\/2024\/06\/f6472800aacaff3b525fe6b86cc48e94.jpg",870,500,false]},"rttpg_author":{"display_name":"V\u00fcsal Rafiqo\u011flu","author_link":"https:\/\/arantv.az\/?author=2"},"rttpg_comment":0,"rttpg_category":"<a href=\"https:\/\/arantv.az\/?cat=4\" rel=\"category\">Siyas\u0259t<\/a>","rttpg_excerpt":"&nbsp; \u201cAz\u0259rbaycan t\u0259r\u0259finin \u0259vv\u0259ld\u0259n m\u00f6vqeyi bel\u0259 olub ki, kommunikasiyalar\u0131n a\u00e7\u0131lmas\u0131 iki \u00f6lk\u0259 aras\u0131nda apar\u0131lan s\u00fclh prosesinin vacib istiqam\u0259tl\u0259rind\u0259n biridir. Kommunikasiyalar\u0131n a\u00e7\u0131lmas\u0131 iki \u00f6lk\u0259 aras\u0131nda davaml\u0131 s\u00fclh\u00fcn \u0259ld\u0259 olunmas\u0131na b\u00f6y\u00fck t\u00f6hf\u0259 ver\u0259 bil\u0259r\u201d. Bu fikirl\u0259ri\u00a0Musavat.com-a Beyn\u0259lxalq M\u00fcnasib\u0259tl\u0259rin T\u0259hlili M\u0259rk\u0259zinin apar\u0131c\u0131 m\u0259sl\u0259h\u0259t\u00e7isi M\u0259tin M\u0259mm\u0259dli deyib. Ekspert xat\u0131rlad\u0131b ki, Erm\u0259nistan kommunikasiyalar\u0131n a\u00e7\u0131lmas\u0131 il\u0259 ba\u011fl\u0131 \u00f6hd\u0259lik g\u00f6t\u00fcr\u00fcb: \u201cG\u00f6r\u00fcn\u0259n odur&hellip;","_links":{"self":[{"href":"https:\/\/arantv.az\/index.php?rest_route=\/wp\/v2\/posts\/729764"}],"collection":[{"href":"https:\/\/arantv.az\/index.php?rest_route=\/wp\/v2\/posts"}],"about":[{"href":"https:\/\/arantv.az\/index.php?rest_route=\/wp\/v2\/types\/post"}],"author":[{"embeddable":true,"href":"https:\/\/arantv.az\/index.php?rest_route=\/wp\/v2\/users\/2"}],"replies":[{"embeddable":true,"href":"https:\/\/arantv.az\/index.php?rest_route=%2Fwp%2Fv2%2Fcomments&post=729764"}],"version-history":[{"count":0,"href":"https:\/\/arantv.az\/index.php?rest_route=\/wp\/v2\/posts\/729764\/revisions"}],"wp:featuredmedia":[{"embeddable":true,"href":"https:\/\/arantv.az\/index.php?rest_route=\/wp\/v2\/media\/729765"}],"wp:attachment":[{"href":"https:\/\/arantv.az\/index.php?rest_route=%2Fwp%2Fv2%2Fmedia&parent=729764"}],"wp:term":[{"taxonomy":"category","embeddable":true,"href":"https:\/\/arantv.az\/index.php?rest_route=%2Fwp%2Fv2%2Fcategories&post=729764"},{"taxonomy":"post_tag","embeddable":true,"href":"https:\/\/arantv.az\/index.php?rest_route=%2Fwp%2Fv2%2Ftags&post=729764"}],"curies":[{"name":"wp","href":"https:\/\/api.w.org\/{rel}","templated":true}]}}