{"id":729767,"date":"2024-06-12T18:58:00","date_gmt":"2024-06-12T14:58:00","guid":{"rendered":"https:\/\/arantv.az\/?p=729767"},"modified":"2024-06-12T18:58:00","modified_gmt":"2024-06-12T14:58:00","slug":"guclu-v%c9%99-vahid-turk-dunyasi-az%c9%99rbaycan-ucun-prioritetdir","status":"publish","type":"post","link":"https:\/\/arantv.az\/?p=729767","title":{"rendered":"G\u00fccl\u00fc v\u0259 vahid T\u00fcrk d\u00fcnyas\u0131 Az\u0259rbaycan \u00fc\u00e7\u00fcn prioritetdir"},"content":{"rendered":"<p>Siyasi analitikl\u0259rin 21-ci \u0259srl\u0259 ba\u011fl\u0131 proqnozlar\u0131 \u00f6z\u00fcn\u00fc do\u011frultmaqdad\u0131r. D\u00fcnyan\u0131n siyasi d\u00fcz\u0259ninin yenid\u0259n dizayn olunmas\u0131, tarixi \u0259dal\u0259tin b\u0259rpas\u0131, yeni g\u00fcc m\u0259rk\u0259zl\u0259rinin meydana \u00e7\u0131xmas\u0131 art\u0131q qa\u00e7\u0131lmaz prosesdir. F\u0259aliyy\u0259tl\u0259ri daha \u00e7ox m\u00fcst\u0259ml\u0259k\u0259\u00e7ilik, m\u00fcharib\u0259 v\u0259 i\u011fti\u015fa\u015flar \u00fcz\u0259rind\u0259 qurulan, \u00f6z\u00fcnd\u0259n z\u0259ifl\u0259ri \u0259z\u0259n \u0259n\u0259n\u0259vi siyasi birlikl\u0259rin \u0259dal\u0259tsiz idar\u0259\u00e7iliyi bu g\u00fcn ciddi naraz\u0131l\u0131q do\u011furur. \u00a0Onlar\u0131n i\u015ftahalar\u0131 art\u0131qca, siyas\u0259tl\u0259ri daha da radikalla\u015fd\u0131qca \u00f6lk\u0259l\u0259rin \u00f6z milli maraqlar\u0131n\u0131 qorumaq, k\u0259nar t\u0259hdidl\u0259ri d\u0259f ed\u0259r\u0259k m\u00fcst\u0259qil h\u0259yat\u0131n\u0131 qura bilm\u0259k \u00fc\u00e7\u00fcn alternativ birlikl\u0259r yarad\u0131rlar. \u00a0Bu birlikl\u0259rd\u0259n biri d\u0259 T\u00fcrk d\u00fcnyas\u0131n\u0131n yaratm\u0131\u015f oldu\u011fu T\u00fcrk D\u00f6vl\u0259tl\u0259ri T\u0259\u015fkilat\u0131d\u0131r. T\u0259\u015fkilat getdikc\u0259 \u00a0g\u00fccl\u0259n\u0259r\u0259k prosesl\u0259r\u0259 t\u0259sir imkanlar\u0131n\u0131 art\u0131r\u0131r. \u0130ttifaq\u0131n inki\u015faf\u0131nda, g\u00fcc m\u0259rk\u0259zin\u0259 \u00e7evrilm\u0259sind\u0259 T\u00fcrkiy\u0259 v\u0259 Az\u0259rbaycan\u0131n rolu \u00e7ox b\u00f6y\u00fckd\u00fcr. Bu da \u00f6lk\u0259l\u0259rimizin \u00a0g\u0259l\u0259c\u0259y\u0259 strateji bax\u0131\u015f\u0131n\u0131n daha ayd\u0131n olmas\u0131ndan, xarici siyas\u0259tin istiqam\u0259tl\u0259rinin d\u0259qiqliyind\u0259n x\u0259b\u0259r verir.<\/p>\n<p>Az\u0259rbaycan\u0131n xarici siyas\u0259t prioritetl\u0259rinin m\u00fc\u0259yy\u0259n edilm\u0259si zaman\u0131 t\u00fcrk d\u00fcnyas\u0131n\u0131n g\u00fccl\u0259ndirilm\u0259si, t\u00fcrk d\u00f6vl\u0259tl\u0259ri il\u0259 \u0259laq\u0259l\u0259rin inki\u015faf\u0131 prioritet istiqam\u0259t kimi m\u00fc\u0259yy\u0259nl\u0259\u015fib. Bu ilin fevral\u0131nda xalq\u0131m\u0131z\u0131n yekdil s\u0259si il\u0259 Az\u0259rbaycan Respublikas\u0131n\u0131n Prezidenti se\u00e7ilmi\u015f \u0130lham \u018fliyev andi\u00e7m\u0259 m\u0259rasimind\u0259ki \u00e7\u0131x\u0131\u015f\u0131 zaman\u0131 da b\u0259yan etdi ki, ail\u0259miz t\u00fcrk d\u00fcnyas\u0131d\u0131r, bizim ba\u015fqa ail\u0259miz yoxdur.<\/p>\n<p>Az\u0259rbaycan Prezidentinin bu m\u00f6vqeyi \u00f6lk\u0259mizin t\u00fcrk d\u00fcnyas\u0131 il\u0259 ba\u011fl\u0131 siyas\u0259tinin \u0259sas formuludur. C\u0259nab \u0130lham \u018fliyev bunu iyunun 6-da Bak\u0131da s\u0259f\u0259rd\u0259 olan T\u00fcrk D\u00f6vl\u0259tl\u0259ri Parlament Assambleyas\u0131n\u0131n n\u00fcmay\u0259nd\u0259 hey\u0259ti il\u0259 g\u00f6r\u00fc\u015f\u00fcnd\u0259 d\u0259 bir daha diqq\u0259t\u0259 \u00e7atd\u0131rd\u0131. N\u00fcmay\u0259nd\u0259 hey\u0259tinin \u00f6lk\u0259miz\u0259 s\u0259f\u0259ri iyunun 6-da T\u00dcRKPA-n\u0131n Az\u0259rbaycan Milli M\u0259clisind\u0259 ke\u00e7iril\u0259n &#8220;T\u00fcrk d\u00fcnyas\u0131 \u00fc\u00e7\u00fcn ya\u015f\u0131l \u00fcf\u00fcql\u0259r: ya\u015f\u0131l g\u00fcnd\u0259liy\u0259 nail olunmas\u0131nda parlamentl\u0259rin rolu&#8221; m\u00f6vzusunda 13-c\u00fc plenar iclas\u0131 il\u0259 ba\u011fl\u0131 idi. Az\u0259rbaycan\u0131n bel\u0259 m\u00fch\u00fcm t\u0259dbirl\u0259r\u0259 evsahibliyi etm\u0259si \u00f6lk\u0259mizin t\u00fcrk d\u00fcnyas\u0131n\u0131n birliyin\u0259 daha bir t\u00f6hf\u0259si idi. T\u00dcRKPA-n\u0131n Bak\u0131da ke\u00e7iril\u0259n plenar iclas\u0131n\u0131n ard\u0131nca g\u0259l\u0259n ay \u015eu\u015fada T\u00fcrk D\u00f6vl\u0259tl\u0259ri T\u0259\u015fkilat\u0131n\u0131n qeyri-r\u0259smi Zirv\u0259 g\u00f6r\u00fc\u015f\u00fc d\u0259 ke\u00e7iril\u0259c\u0259k. \u00a0Zirv\u0259 g\u00f6r\u00fc\u015f\u00fc Az\u0259rbaycan Prezidentinin t\u0259\u015f\u0259bb\u00fcs\u00fcd\u00fcr. Bel\u0259 t\u0259\u015f\u0259bb\u00fcsl\u0259r t\u00fcrk d\u00f6vl\u0259tl\u0259ri aras\u0131nda davaml\u0131 t\u0259maslara, birliyimizin g\u00fccl\u0259ndirilm\u0259sin\u0259 m\u00fcsb\u0259t t\u0259sir g\u00f6st\u0259rir. \u015eu\u015fada ke\u00e7iril\u0259c\u0259k Zirv\u0259 g\u00f6r\u00fc\u015f\u00fcn\u00fcn m\u00f6vzusu n\u0259qliyyat v\u0259 iqlim m\u0259s\u0259l\u0259l\u0259ri olacaq. \u00d6lk\u0259l\u0259r aras\u0131nda n\u0259qliyyat \u0259laq\u0259l\u0259rinin qurulmas\u0131 v\u0259 geni\u015fl\u0259ndirilm\u0259si t\u00fcrk d\u00fcnyas\u0131n\u0131n birl\u0259\u015fm\u0259si \u00fc\u00e7\u00fcn vacibdir. \u00d6lk\u0259 ba\u015f\u00e7\u0131s\u0131n\u0131n da qeyd etdiyi kimi, Orta d\u0259hlizin f\u0259aliyy\u0259t\u0259 ba\u015flamas\u0131 v\u0259 y\u00fckda\u015f\u0131malar\u0131n art\u0131r\u0131lmas\u0131 g\u00f6z \u00f6n\u00fcnd\u0259 olan m\u0259s\u0259l\u0259l\u0259rdir. Burada T\u00fcrk D\u00f6vl\u0259tl\u0259ri T\u0259\u015fkilat\u0131na \u00fczv olan b\u00fct\u00fcn \u00f6lk\u0259l\u0259r birg\u0259 f\u0259aliyy\u0259t g\u00f6st\u0259rir. Orta d\u0259hlizin potensial\u0131na d\u00fcnyada daha b\u00f6y\u00fck ehtiyac var.<\/p>\n<p>\u0130qlim m\u0259s\u0259l\u0259l\u0259rin\u0259 g\u0259linc\u0259 is\u0259 bu da 2024-c\u00fc ild\u0259 COP29 t\u0259dbirin\u0259 evsahibliyi ed\u0259c\u0259k \u00f6lk\u0259 kimi Az\u0259rbaycan\u0131n g\u00fcnd\u0259liyind\u0259 duran \u0259sas m\u0259s\u0259l\u0259l\u0259rd\u0259ndir. Bel\u0259 bir qlobal t\u0259dbir\u0259 haz\u0131rl\u0131q d\u00f6vr\u00fcnd\u0259 iqlim m\u0259s\u0259l\u0259l\u0259rinin qarda\u015f \u00f6lk\u0259l\u0259rl\u0259 m\u00fczakir\u0259si t\u0259dbirin u\u011furuna fayda ver\u0259c\u0259k.<br \/>\nZirv\u0259 g\u00f6r\u00fc\u015f\u00fcn\u00fcn m\u0259hz \u015eu\u015fa \u015f\u0259h\u0259rind\u0259 ke\u00e7irilm\u0259si \u00e7ox b\u00f6y\u00fck m\u0259n\u0259vi d\u0259y\u0259r\u0259 malikdir. Q\u0259l\u0259b\u0259mizin simvolu olan \u015eu\u015fa \u015f\u0259h\u0259ri t\u00fcrk d\u00fcnyas\u0131n\u0131n da birlik r\u0259mzin\u0259 \u00e7evrilm\u0259kd\u0259dir. S\u00fcr\u0259tl\u0259 quruculuq i\u015fl\u0259rinin apar\u0131ld\u0131\u011f\u0131 \u015eu\u015fa xarici qonaqlar\u0131n heyr\u0259tin\u0259 s\u0259b\u0259b olur. \u00d6t\u0259n 4 il \u0259rzind\u0259 \u00a0T\u00fcrk D\u00f6vl\u0259tl\u0259ri T\u0259\u015fkilat\u0131na \u00fczv \u00f6lk\u0259l\u0259rin liderl\u0259rinin \u015eu\u015faya s\u0259f\u0259rl\u0259ri olub. \u0130\u015f\u011faldan azad edilmi\u015f torpaqlarda qarda\u015f t\u00fcrk \u00f6lk\u0259l\u0259rind\u0259n \u00d6zb\u0259kistan v\u0259 Qazax\u0131stan\u0131n t\u0259\u015f\u0259bb\u00fcs\u00fc, maliyy\u0259 d\u0259st\u0259yi il\u0259 art\u0131q bir m\u0259kt\u0259b v\u0259 bir inc\u0259s\u0259n\u0259t m\u0259rk\u0259zi in\u015fa edil\u0259r\u0259k f\u0259aliyy\u0259t\u0259 ba\u015flay\u0131b. Bu yax\u0131nlarda is\u0259 Az\u0259rbaycan Prezidenti Q\u0131r\u011f\u0131z\u0131stan\u0131n d\u00f6vl\u0259t ba\u015f\u00e7\u0131s\u0131 il\u0259 birg\u0259 A\u011fdam rayonunda m\u0259kt\u0259b binas\u0131n\u0131n t\u0259m\u0259lini qoydu. C\u0259bray\u0131l rayonunda da Macar\u0131stan\u0131n maliyy\u0259 d\u0259st\u0259yi il\u0259 m\u0259kt\u0259b in\u015fa edil\u0259c\u0259k. H\u0259m\u00e7inin azad edilmi\u015f \u0259razil\u0259rd\u0259 bu g\u00fcn geni\u015f yol-n\u0259qliyyat infrastrukturu yarad\u0131l\u0131r v\u0259 bu n\u0259h\u0259ng layih\u0259l\u0259rin icras\u0131nda T\u00fcrkiy\u0259d\u0259n olan \u015firk\u0259tl\u0259r f\u0259al i\u015ftirak edirl\u0259r.<\/p>\n<p>Bu g\u00fcn t\u00fcrk d\u00fcnyas\u0131 \u00e7ox geni\u015f co\u011frafiyan\u0131 \u0259hat\u0259 edir. T\u00fcrkdilli \u00f6lk\u0259l\u0259r aras\u0131nda tarixi-m\u0259n\u0259vi ba\u011flar \u00e7ox g\u00fccl\u00fcd\u00fcr. Birliyimizin etnik, m\u0259d\u0259ni k\u00f6kl\u0259r\u0259 s\u00f6yk\u0259ndiyini \u00a0qeyd ed\u0259n Prezident \u0130lham \u018fliyev praktik add\u0131mlarla bu birliyin g\u00fccl\u0259ndirilm\u0259si z\u0259rur\u0259tini vur\u011fulay\u0131b: &#8220;Bu g\u00fcn n\u0259qliyyat, energetika, ticar\u0259t, m\u0259d\u0259niyy\u0259t sah\u0259l\u0259rind\u0259 v\u0259 dig\u0259r sah\u0259l\u0259rd\u0259 \u00e7ox geni\u015f \u0259laq\u0259l\u0259r var. Bu g\u00fcn h\u0259rbi, h\u0259rbi-texniki sah\u0259 v\u0259 t\u0259hl\u00fck\u0259sizlikl\u0259 ba\u011fl\u0131 olan dig\u0259r sah\u0259l\u0259r d\u0259 m\u00fctl\u0259q diqq\u0259t m\u0259rk\u0259zind\u0259 olmal\u0131d\u0131r. \u00c7\u00fcnki d\u00fcnyan\u0131n m\u00fcxt\u0259lif yerl\u0259rind\u0259 ged\u0259n prosesl\u0259r g\u00f6st\u0259rir ki, beyn\u0259lxalq h\u00fcquq normalar\u0131 inkar edilir, i\u015fl\u0259mir&#8221;.<br \/>\n44 g\u00fcnl\u00fck V\u0259t\u0259n m\u00fcharib\u0259sind\u0259 T\u00fcrkiy\u0259 Az\u0259rbaycana \u00a0birm\u0259nal\u0131 d\u0259st\u0259k verdi. Qarda\u015f \u00f6lk\u0259 h\u0259r an yan\u0131m\u0131zda oldu. Bu da xalq\u0131m\u0131zda b\u00f6y\u00fck ruh y\u00fcks\u0259kliyi yaratd\u0131, Erm\u0259nistana g\u00f6z da\u011f\u0131 oldu. Erm\u0259nistan\u0131n havadarlar\u0131 bu birliyin qar\u015f\u0131s\u0131nda \u00e7ox g\u00fccs\u00fcz g\u00f6r\u00fcnd\u00fcl\u0259r. Onlar q\u0259l\u0259b\u0259miz\u0259 mane\u0259 ola bilm\u0259dil\u0259r. Eyni zamanda Erm\u0259nistan\u0131n da t\u0259msil olundu\u011fu Kollektiv T\u0259hl\u00fck\u0259sizlik T\u0259\u015fkilat\u0131n\u0131n \u00fczvl\u0259ri olan t\u00fcrkdilli d\u00f6vl\u0259tl\u0259r qurumun bu m\u00fcharib\u0259y\u0259 m\u00fcdaxil\u0259sin\u0259 imkan verm\u0259dil\u0259r, \u0130r\u0259van\u0131n t\u0259l\u0259b etdiyi d\u0259st\u0259yi verm\u0259dil\u0259r.<\/p>\n<p>T\u00fcrk birliyinin n\u0259tic\u0259si Az\u0259rbaycan \u0259razi b\u00fct\u00f6vl\u00fcy\u00fcn\u00fc b\u0259rpa etdi. Erm\u0259nistan bu t\u0259ziyql\u0259rin qar\u015f\u0131s\u0131nda bu g\u00fcn d\u0259 duru\u015f g\u0259tir\u0259 bilmir. Qazax\u0131n d\u00f6rd k\u0259ndinin bir g\u00fcll\u0259 bel\u0259 at\u0131lmadan Az\u0259rbaycana verilm\u0259sind\u0259 qarda\u015f \u00f6lk\u0259l\u0259rin Az\u0259rbaycana d\u0259st\u0259yinin b\u00f6y\u00fck rolu oldu.<\/p>\n<p>Prezident \u0130lham \u018fliyev haz\u0131rda Erm\u0259nistan v\u0259 Az\u0259rbaycan aras\u0131ndak\u0131 h\u0259l\u0259 d\u0259 h\u0259ll olunmayan m\u0259s\u0259l\u0259l\u0259r\u0259 m\u00fcnasib\u0259ti ayd\u0131n v\u0259 q\u0259tidir. Bunlardan biri Erm\u0259nistan\u0131n Az\u0259rbaycana qar\u015f\u0131 \u0259razi iddialar\u0131n\u0131n \u00f6z \u0259ksini tapd\u0131\u011f\u0131 konstitusiyas\u0131d\u0131r. Dig\u0259r m\u0259s\u0259l\u0259 is\u0259 Erm\u0259nistan\u0131n Az\u0259rbaycana v\u0259 T\u00fcrkiy\u0259y\u0259 qar\u015f\u0131 \u0259sass\u0131z \u0259razi iddialar\u0131na son qoymas\u0131 t\u0259l\u0259bini yerin\u0259 yetirm\u0259sidir. Bundan ba\u015fqa, Az\u0259rbaycan r\u0259smi \u0130r\u0259vana Minsk qrupunun l\u0259\u011fvi bar\u0259d\u0259 AT\u018fT-\u0259 birg\u0259 m\u00fcraci\u0259t t\u0259klifi d\u0259 verib.<\/p>\n<p>2021-ci ild\u0259 \u015eu\u015fa B\u0259yannam\u0259sin\u0259 imza ataraq m\u00fcnasib\u0259tl\u0259ri \u0259n y\u00fcks\u0259k m\u00fctt\u0259fiqlik s\u0259viyy\u0259sind\u0259 r\u0259smil\u0259\u015fdir\u0259n Az\u0259rbaycan v\u0259 T\u00fcrkiy\u0259 h\u0259r zaman b\u00fct\u00fcn m\u0259s\u0259l\u0259l\u0259rd\u0259 bir-birinin yan\u0131ndad\u0131r. C\u0259nab Prezidentin bu g\u00fcnl\u0259rd\u0259 T\u00fcrkiy\u0259y\u0259 s\u0259f\u0259r etm\u0259si, \u015eimali Kipr T\u00fcrk C\u00fcmhuriyy\u0259til\u0259 ba\u011fl\u0131 ayd\u0131n m\u00f6vqeyimiz T\u00fcrk Birliyinin daha da g\u00fccl\u0259ndirilm\u0259si m\u0259qs\u0259di da\u015f\u0131y\u0131r.<\/p>\n<p><img src=\"https:\/\/ikisahil.az\/upload\/\/2024\/06\/12\/\/-2dfe1946171819704129515184610781527.jpg\" alt=\"\" \/><\/p>\n<p><strong>M\u0259tan\u0259t S\u0259f\u0259rli,<\/strong><\/p>\n<p><em>YAP N\u0259simi rayon t\u0259\u015fkilat\u0131n\u0131n \u0259m\u0259kda\u015f\u0131<\/em><\/p>\n","protected":false},"excerpt":{"rendered":"<p>Siyasi analitikl\u0259rin 21-ci \u0259srl\u0259 ba\u011fl\u0131 proqnozlar\u0131 \u00f6z\u00fcn\u00fc do\u011frultmaqdad\u0131r. D\u00fcnyan\u0131n siyasi d\u00fcz\u0259ninin yenid\u0259n dizayn olunmas\u0131, tarixi \u0259dal\u0259tin b\u0259rpas\u0131, yeni g\u00fcc m\u0259rk\u0259zl\u0259rinin meydana \u00e7\u0131xmas\u0131 art\u0131q qa\u00e7\u0131lmaz prosesdir. F\u0259aliyy\u0259tl\u0259ri daha \u00e7ox m\u00fcst\u0259ml\u0259k\u0259\u00e7ilik, m\u00fcharib\u0259 v\u0259 i\u011fti\u015fa\u015flar \u00fcz\u0259rind\u0259 qurulan, \u00f6z\u00fcnd\u0259n z\u0259ifl\u0259ri \u0259z\u0259n \u0259n\u0259n\u0259vi siyasi birlikl\u0259rin \u0259dal\u0259tsiz idar\u0259\u00e7iliyi bu g\u00fcn ciddi naraz\u0131l\u0131q do\u011furur. \u00a0Onlar\u0131n i\u015ftahalar\u0131 art\u0131qca, siyas\u0259tl\u0259ri daha da radikalla\u015fd\u0131qca \u00f6lk\u0259l\u0259rin \u00f6z milli maraqlar\u0131n\u0131 qorumaq, k\u0259nar t\u0259hdidl\u0259ri d\u0259f ed\u0259r\u0259k m\u00fcst\u0259qil h\u0259yat\u0131n\u0131 qura bilm\u0259k \u00fc\u00e7\u00fcn alternativ birlikl\u0259r yarad\u0131rlar. \u00a0Bu birlikl\u0259rd\u0259n biri d\u0259 T\u00fcrk d\u00fcnyas\u0131n\u0131n yaratm\u0131\u015f oldu\u011fu T\u00fcrk D\u00f6vl\u0259tl\u0259ri T\u0259\u015fkilat\u0131d\u0131r. T\u0259\u015fkilat getdikc\u0259 \u00a0g\u00fccl\u0259n\u0259r\u0259k prosesl\u0259r\u0259 t\u0259sir imkanlar\u0131n\u0131 art\u0131r\u0131r. \u0130ttifaq\u0131n&hellip;<\/p>\n","protected":false},"author":2,"featured_media":729768,"comment_status":"closed","ping_status":"closed","sticky":false,"template":"","format":"standard","meta":{"om_disable_all_campaigns":false,"_monsterinsights_skip_tracking":false,"_monsterinsights_sitenote_active":false,"_monsterinsights_sitenote_note":"","_monsterinsights_sitenote_category":0},"categories":[19],"tags":[],"aioseo_notices":[],"gutentor_comment":0,"rttpg_featured_image_url":{"full":["https:\/\/arantv.az\/wp-content\/uploads\/2024\/06\/1c330c47171776107745153119310182377-1.jpg",975,540,false],"landscape":["https:\/\/arantv.az\/wp-content\/uploads\/2024\/06\/1c330c47171776107745153119310182377-1.jpg",975,540,false],"portraits":["https:\/\/arantv.az\/wp-content\/uploads\/2024\/06\/1c330c47171776107745153119310182377-1.jpg",975,540,false],"thumbnail":["https:\/\/arantv.az\/wp-content\/uploads\/2024\/06\/1c330c47171776107745153119310182377-1-500x280.jpg",500,280,true],"medium":["https:\/\/arantv.az\/wp-content\/uploads\/2024\/06\/1c330c47171776107745153119310182377-1-660x365.jpg",660,365,true],"large":["https:\/\/arantv.az\/wp-content\/uploads\/2024\/06\/1c330c47171776107745153119310182377-1-840x465.jpg",640,354,true],"1536x1536":["https:\/\/arantv.az\/wp-content\/uploads\/2024\/06\/1c330c47171776107745153119310182377-1.jpg",975,540,false],"2048x2048":["https:\/\/arantv.az\/wp-content\/uploads\/2024\/06\/1c330c47171776107745153119310182377-1.jpg",975,540,false],"post-thumbnail":["https:\/\/arantv.az\/wp-content\/uploads\/2024\/06\/1c330c47171776107745153119310182377-1-240x172.jpg",240,172,true],"advps-thumb-one":["https:\/\/arantv.az\/wp-content\/uploads\/2024\/06\/1c330c47171776107745153119310182377-1.jpg",975,540,false]},"rttpg_author":{"display_name":"V\u00fcsal Rafiqo\u011flu","author_link":"https:\/\/arantv.az\/?author=2"},"rttpg_comment":0,"rttpg_category":"<a href=\"https:\/\/arantv.az\/?cat=19\" rel=\"category\">G\u00fcnd\u0259m<\/a>","rttpg_excerpt":"Siyasi analitikl\u0259rin 21-ci \u0259srl\u0259 ba\u011fl\u0131 proqnozlar\u0131 \u00f6z\u00fcn\u00fc do\u011frultmaqdad\u0131r. D\u00fcnyan\u0131n siyasi d\u00fcz\u0259ninin yenid\u0259n dizayn olunmas\u0131, tarixi \u0259dal\u0259tin b\u0259rpas\u0131, yeni g\u00fcc m\u0259rk\u0259zl\u0259rinin meydana \u00e7\u0131xmas\u0131 art\u0131q qa\u00e7\u0131lmaz prosesdir. F\u0259aliyy\u0259tl\u0259ri daha \u00e7ox m\u00fcst\u0259ml\u0259k\u0259\u00e7ilik, m\u00fcharib\u0259 v\u0259 i\u011fti\u015fa\u015flar \u00fcz\u0259rind\u0259 qurulan, \u00f6z\u00fcnd\u0259n z\u0259ifl\u0259ri \u0259z\u0259n \u0259n\u0259n\u0259vi siyasi birlikl\u0259rin \u0259dal\u0259tsiz idar\u0259\u00e7iliyi bu g\u00fcn ciddi naraz\u0131l\u0131q do\u011furur. \u00a0Onlar\u0131n i\u015ftahalar\u0131 art\u0131qca, siyas\u0259tl\u0259ri daha da radikalla\u015fd\u0131qca \u00f6lk\u0259l\u0259rin&hellip;","_links":{"self":[{"href":"https:\/\/arantv.az\/index.php?rest_route=\/wp\/v2\/posts\/729767"}],"collection":[{"href":"https:\/\/arantv.az\/index.php?rest_route=\/wp\/v2\/posts"}],"about":[{"href":"https:\/\/arantv.az\/index.php?rest_route=\/wp\/v2\/types\/post"}],"author":[{"embeddable":true,"href":"https:\/\/arantv.az\/index.php?rest_route=\/wp\/v2\/users\/2"}],"replies":[{"embeddable":true,"href":"https:\/\/arantv.az\/index.php?rest_route=%2Fwp%2Fv2%2Fcomments&post=729767"}],"version-history":[{"count":0,"href":"https:\/\/arantv.az\/index.php?rest_route=\/wp\/v2\/posts\/729767\/revisions"}],"wp:featuredmedia":[{"embeddable":true,"href":"https:\/\/arantv.az\/index.php?rest_route=\/wp\/v2\/media\/729768"}],"wp:attachment":[{"href":"https:\/\/arantv.az\/index.php?rest_route=%2Fwp%2Fv2%2Fmedia&parent=729767"}],"wp:term":[{"taxonomy":"category","embeddable":true,"href":"https:\/\/arantv.az\/index.php?rest_route=%2Fwp%2Fv2%2Fcategories&post=729767"},{"taxonomy":"post_tag","embeddable":true,"href":"https:\/\/arantv.az\/index.php?rest_route=%2Fwp%2Fv2%2Ftags&post=729767"}],"curies":[{"name":"wp","href":"https:\/\/api.w.org\/{rel}","templated":true}]}}