{"id":729903,"date":"2024-06-13T11:57:49","date_gmt":"2024-06-13T07:57:49","guid":{"rendered":"https:\/\/arantv.az\/?p=729903"},"modified":"2024-06-13T11:57:49","modified_gmt":"2024-06-13T07:57:49","slug":"qayidis-v%c9%99olk%c9%99ni-sabitliy%c9%99-aparan-ilk-addimlar","status":"publish","type":"post","link":"https:\/\/arantv.az\/?p=729903","title":{"rendered":"Qay\u0131d\u0131\u015f v\u0259\u00f6lk\u0259ni sabitliy\u0259 aparan ilk add\u0131mlar"},"content":{"rendered":"<p>Tariximiz\u0259 Milli Qurtulu\u015f G\u00fcn\u00fc kimi daxil olmu\u015f 1993-c\u00fc ilin 15 iyun g\u00fcn\u00fc onu qiym\u0259tl\u0259ndir\u0259nl\u0259r, d\u0259rind\u0259n d\u0259rk ed\u0259nl\u0259r \u00fc\u00e7\u00fcn \u00e7ox \u0259zizdir. Milli Qurtulu\u015f G\u00fcn\u00fc sad\u0259c\u0259adi t\u0259qvim g\u00fcn\u00fc deyil, b\u00f6y\u00fck ictimai, siyasi v\u0259 tarixi \u0259h\u0259miyy\u0259t\u0259 malik \u00a0olan bir g\u00fcnd\u00fcr. V\u0259t\u0259nini, xalq\u0131n\u0131 sev\u0259n, h\u0259min \u00e7\u0259tin, a\u011fr\u0131l\u0131 g\u00fcnl\u0259rin d\u0259h\u015f\u0259tl\u0259rini ya\u015fayan, hadis\u0259l\u0259ri g\u00f6zl\u0259ri il\u0259 g\u00f6r\u0259n insanlar \u00fc\u00e7\u00fcn 15 iyun \u0259sl qurtulu\u015f tarixi, Az\u0259rbaycan xalq\u0131n\u0131n \u00f6l\u00fcm-dirim m\u00fcbariz\u0259sinin tarixidir. Bu tarixi yaradan is\u0259 Az\u0259rbaycan\u0131n inki\u015faf\u0131nda, m\u00fcst\u0259qilliyind\u0259, g\u0259l\u0259c\u0259yind\u0259 m\u00fcst\u0259sna rol oynayan, daim xalq\u0131na arxalanan v\u0259 xalq\u0131na arxa, dayaq olan bir insan &#8211; \u00dcmummilli liderimiz Heyd\u0259r \u018flirza o\u011flu \u018fliyevdir.<\/p>\n<p>\u00dcmummilli Lider Heyd\u0259r \u018fliyevin tarixi xilaskarl\u0131q missiyas\u0131 bu g\u00fcnk\u00fc m\u00fcasir &#8211; m\u00fcst\u0259qil Az\u0259rbaycan\u0131m\u0131z\u0131n inki\u015faf v\u0259 t\u0259r\u0259qqi yolunun daya\u011f\u0131d\u0131r. Bu g\u00fcn \u0259ld\u0259 edil\u0259n h\u0259r bir u\u011fur, h\u0259r bir nailiyy\u0259t m\u0259hz bu tarixi salnam\u0259nin bariz n\u00fcmun\u0259sidir.<\/p>\n<p>&nbsp;<\/p>\n<p>XX \u0259srin sonlar\u0131nda yenid\u0259n m\u00fcst\u0259qillik qazanmaq kimi tarixi f\u00fcrs\u0259ti \u0259ld\u0259 ed\u0259n Az\u0259rbaycan q\u0131sa vaxtdan sonra onun itirilm\u0259si t\u0259hl\u00fck\u0259si il\u0259\u00fczl\u0259\u015fdi. \u00d6lk\u0259d\u0259 hakimiyy\u0259t b\u00f6hran\u0131 1993-c\u00fc ilin iyununda kulminasiya h\u0259ddin\u0259\u00e7atd\u0131, xaos v\u0259 anarxiya respublikan\u0131 b\u00fcr\u00fcd\u00fc. V\u0259t\u0259nda\u015f m\u00fcharib\u0259si d\u0259r\u0259c\u0259sin\u0259 y\u00fcks\u0259lmi\u015f qar\u015f\u0131durma n\u0259inki d\u00f6vl\u0259t m\u00fcst\u0259qilliyimizi, h\u0259tta milli varl\u0131\u011f\u0131m\u0131z\u0131 bel\u0259 birba\u015fa h\u0259d\u0259f\u0259 ald\u0131. Bir s\u00f6zl\u0259, 1991-1993-c\u00fc ill\u0259r \u00f6lk\u0259mizin m\u00fcasir tarixind\u0259 h\u0259rc-m\u0259rclik, \u00f6zba\u015f\u0131nal\u0131q, avant\u00fcrist eksperimentl\u0259r d\u00f6vr\u00fc kimi xat\u0131rlan\u0131r. B\u00fct\u00fcn bunlar is\u0259 h\u0259min d\u00f6vrd\u0259 yeni yarad\u0131lm\u0131\u015f m\u00fcst\u0259qil d\u00f6vl\u0259t\u0259 liderlik x\u00fcsusiyy\u0259tl\u0259rin\u0259 malik olmayan, siyasi hadis\u0259l\u0259r\u0259 qiym\u0259t verm\u0259k, g\u0259l\u0259c\u0259yi g\u00f6rm\u0259k imkanlar\u0131ndan m\u0259hrum olan, adi v\u0259ziyy\u0259td\u0259n bel\u0259\u00e7\u0131x\u0131\u015f yolu tapma\u011fa qadir olmayan \u015f\u0259xsl\u0259rin r\u0259hb\u0259rlik etm\u0259sin\u0259 g\u00f6r\u0259 ba\u015f verirdi. Hadis\u0259l\u0259ri d\u00fczg\u00fcn qiym\u0259tl\u0259ndir\u0259 bilm\u0259y\u0259n ovaxtk\u0131 iqtidar \u0259hali aras\u0131nda g\u00fcnd\u0259n-g\u00fcn\u0259 n\u00fcfuzunu itirir, ba\u015f vermi\u015f prosesl\u0259rd\u0259n d\u00fczg\u00fcn n\u0259tic\u0259\u00e7\u0131xara bilmirdi. C\u0259miyy\u0259tin b\u00fct\u00fcn t\u0259b\u0259q\u0259l\u0259ri \u0259min idi ki, m\u00fcst\u0259qilliyini yenic\u0259 b\u0259rpa etmi\u015f\u00f6lk\u0259ni d\u00fc\u015fd\u00fcy\u00fc a\u011f\u0131r v\u0259 d\u00f6z\u00fclm\u0259z v\u0259ziyy\u0259td\u0259n \u00e7\u0131xarma\u011fa qadir yegan\u0259\u015f\u0259xsiyy\u0259t m\u0259hz Heyd\u0259r \u018fliyevdir.<\/p>\n<p>&nbsp;<\/p>\n<p>1993-c\u00fc il iyunun 9-da ulu \u00f6nd\u0259r Heyd\u0259r \u018fliyev xalq\u0131n \u00e7a\u011f\u0131r\u0131\u015f\u0131na s\u0259s ver\u0259r\u0259k Bak\u0131ya qay\u0131td\u0131 v\u0259 Az\u0259rbaycan Xalq C\u00fcmhuriyy\u0259tinin taleyind\u0259n daha d\u0259h\u015f\u0259tli hadis\u0259l\u0259rin g\u00f6zl\u0259nildiyi \u00f6lk\u0259mizi b\u0259lalardan, m\u00fcsib\u0259tl\u0259rd\u0259n xilas etdi. H\u0259min g\u00fcn, s\u00f6z\u00fcn h\u0259qiqi m\u0259nas\u0131nda, \u00f6lk\u0259mizin taleyind\u0259 d\u00f6n\u00fc\u015f an\u0131 oldu, b\u00f6y\u00fck qurtulu\u015fa do\u011fru m\u00fch\u00fcm add\u0131m at\u0131ld\u0131. Xalq\u0131m\u0131z\u0131 nicata aparan yol bilavasit\u0259 h\u0259min g\u00fcnd\u0259n ba\u015fland\u0131.<\/p>\n<p>&nbsp;<\/p>\n<p>\u0130yunun 15-d\u0259 Heyd\u0259r \u018fliyev Az\u0259rbaycan Ali Sovetinin s\u0259dri se\u00e7ildi v\u0259 b\u00f6y\u00fck riskl\u0259r\u0259 baxmayaraq, xalq\u0131n qurtulu\u015fu missiyas\u0131n\u0131 c\u0259sar\u0259tl\u0259\u00f6z \u00fcz\u0259rin\u0259 g\u00f6t\u00fcrd\u00fc.<\/p>\n<p>&nbsp;<\/p>\n<p>Bu g\u00fcn milli qurtulu\u015f ideologiyas\u0131n\u0131n t\u0259nt\u0259n\u0259si m\u00fcst\u0259qil respublikam\u0131z\u0131n davaml\u0131 inki\u015faf\u0131nda \u00f6z\u00fcn\u00fc b\u00fcruz\u0259 verir, d\u00fcnyada Az\u0259rbaycan\u0131n n\u00fcfuzu daha da art\u0131r. Ulu \u00f6nd\u0259r Heyd\u0259r \u018fliyevin hakimiyy\u0259t\u0259 qay\u0131d\u0131\u015f\u0131ndan sonra \u00f6lk\u0259d\u0259 ba\u015f vermi\u015f sosial-iqtisadi v\u0259 siyasi inki\u015faf d\u00f6vl\u0259timizin m\u00f6hk\u0259ml\u0259nm\u0259sind\u0259, sivil d\u00fcnyaya s\u0131x inteqrasiya prosesin\u0259 qo\u015fulmas\u0131nda v\u0259 xalq\u0131m\u0131z\u0131n strateji m\u0259nafel\u0259rini t\u0259min ed\u0259n modern c\u0259miyy\u0259tin qurulmas\u0131nda h\u0259lledici rol oynad\u0131. Bel\u0259likl\u0259, bu m\u00fch\u00fcm tarixi g\u00fcn xalq\u0131m\u0131z\u0131n yadda\u015f\u0131na Milli Qurtulu\u015f G\u00fcn\u00fc kimi h\u0259kk oldu.<\/p>\n<p>&nbsp;<\/p>\n<p>\u018fg\u0259r m\u00fcst\u0259qilliyi qazanmaq ilkin \u015f\u0259rt idis\u0259, ikinci vacib m\u0259s\u0259l\u0259 onu qoruyub inki\u015faf etdirm\u0259k idi. Bu, \u00dcmummilli Liderin irad\u0259si say\u0259sind\u0259 reall\u0131\u011fa \u00e7evrildi. Heyd\u0259r \u018fliyev milli d\u00f6vl\u0259t\u00e7iliyimizin konsepsiyas\u0131n\u0131 yaratd\u0131. B\u00fct\u00fcn mane\u0259l\u0259r\u0259 baxmayaraq \u0259n q\u0131sa m\u00fcdd\u0259td\u0259\u00f6lk\u0259d\u0259 ictimai-siyasi sabitlik b\u0259rpa olundu.<\/p>\n<p>&nbsp;<\/p>\n<p>H\u0259yat\u0131n b\u00fct\u00fcn sah\u0259l\u0259rind\u0259 t\u0259r\u0259qqi v\u0259 dir\u00e7\u0259li\u015f ba\u015f verdi. Heyd\u0259r \u018fliyev d\u00fchas\u0131n\u0131n xidm\u0259tl\u0259ri olan bu nailiyy\u0259tl\u0259r Az\u0259rbaycan\u0131 m\u0259hv olmaqdan qurtard\u0131, m\u00fcst\u0259qilliyimizi daimi, \u0259b\u0259di, sars\u0131lmaz, d\u00f6nm\u0259z etdi. B\u00fct\u00fcn bunlar 1993-c\u00fc il 15 iyun tarixinin nailiyy\u0259tl\u0259ridir.<\/p>\n<p>&nbsp;<\/p>\n<p>\u00dcmummilli Liderin uzaqg\u00f6r\u0259n siyas\u0259ti n\u0259tic\u0259sind\u0259 1995-ci ilin noyabr\u0131nda demokratik, h\u00fcquqi d\u00f6vl\u0259tin t\u0259m\u0259lini t\u0259\u015fkil ed\u0259n Konstitusiya q\u0259bul olundu. Bel\u0259likl\u0259, \u00f6lk\u0259d\u0259 daha geni\u015fmiqyasl\u0131 islahatlar apar\u0131lmas\u0131\u00fc\u00e7\u00fcn normativ-h\u00fcquqi bazan\u0131n formala\u015fd\u0131r\u0131lmas\u0131na ba\u015flan\u0131ld\u0131. Odur ki, Milli Qurtulu\u015f G\u00fcn\u00fc Az\u0259rbaycan d\u00f6vl\u0259t\u00e7iliyinin xilas g\u00fcn\u00fcd\u00fcr. Qurtulu\u015f g\u00fcn\u00fc Az\u0259rbaycan\u0131n xaosdan, anarxiyadan, h\u0259rc-m\u0259rclikd\u0259n, \u00f6zba\u015f\u0131nal\u0131qdan, par\u00e7alanma t\u0259hl\u00fck\u0259sind\u0259n qurtuldu\u011fu, sabitliy\u0259, \u0259min-amanl\u0131\u011fa, demokratiyaya qovu\u015fdu\u011fu g\u00fcnd\u00fcr. \u00dcmummilli Liderin q\u0259tiyy\u0259ti xalqa ruh y\u00fcks\u0259kliyi g\u0259tirdi, inam\u0131m\u0131z\u0131\u00f6z\u00fcm\u00fcz\u0259 qaytard\u0131. 15 \u0130yun tarixi t\u0259kc\u0259 d\u00f6vl\u0259t\u00e7iliyimizin xilas\u0131 deyildi. Bu tarix h\u0259m d\u0259 Az\u0259rbaycan\u0131n bu g\u00fcn\u00fcn\u00fc, sabah\u0131n\u0131 m\u00fc\u0259yy\u0259nl\u0259\u015fdirdi.<\/p>\n<p>&nbsp;<\/p>\n<p>Qazan\u0131lan b\u00fct\u00fcn nailiyy\u0259tl\u0259rin \u0259sas\u0131nda \u00dcmummilli Lider t\u0259r\u0259find\u0259n m\u00fc\u0259yy\u0259nl\u0259\u015fdiril\u0259n siyasi kurs v\u0259 Prezident \u0130lham \u018fliyevin bu siyasi kursu u\u011furla davam etdirm\u0259si fakt\u0131 dayan\u0131r. Bu g\u00fcn\u00fcn f\u00f6vq\u00fcnd\u0259n baxanda Az\u0259rbaycan\u0131n g\u0259l\u0259c\u0259yi daha i\u015f\u0131ql\u0131 v\u0259 firavan g\u00f6r\u00fcn\u00fcr. \u00c7\u00fcnki m\u00fcst\u0259qil Az\u0259rbaycan\u0131n idar\u0259\u00e7ilik s\u00fckan\u0131 ulu \u00f6nd\u0259r Heyd\u0259r \u018fliyevin siyasi varisi Prezident \u0130lham \u018fliyevin \u0259lind\u0259dir.<\/p>\n<p>&nbsp;<\/p>\n<p>Prezident \u0130lham \u018fliyevin bu siyas\u0259ti u\u011furla h\u0259yata ke\u00e7irm\u0259si n\u0259tic\u0259sind\u0259 Az\u0259rbaycan d\u00fcnyan\u0131n dinamik inki\u015faf ed\u0259n, modernl\u0259\u015f\u0259n, beyn\u0259lxalq miqyasda n\u00fcfuzu g\u00fcnd\u0259n-g\u00fcn\u0259 artan d\u00f6vl\u0259tin\u0259\u00e7evrilib, \u00f6t\u0259n d\u00f6vr \u0259rzind\u0259 m\u00f6ht\u0259\u015f\u0259m iqtisadi u\u011furlara imza at\u0131l\u0131b. Bunu t\u0259kc\u0259 Az\u0259rbaycan v\u0259t\u0259nda\u015flar\u0131 deyil, b\u00fct\u00fcn d\u00fcnya t\u0259sdiq edir. Az\u0259rbaycana g\u0259l\u0259n h\u0259r bir \u015f\u0259xs \u00f6lk\u0259mizd\u0259 ged\u0259n inki\u015fafa heyran qal\u0131r. Bu g\u00fcn xalq\u0131m\u0131z \u0259mindir ki, m\u00fcst\u0259qil Az\u0259rbaycan Heyd\u0259r \u018fliyev ideyalar\u0131 i\u015f\u0131\u011f\u0131nda Prezident \u0130lham \u018fliyevin r\u0259hb\u0259rliyi il\u0259 daha y\u00fcks\u0259k zirv\u0259l\u0259r f\u0259th ed\u0259c\u0259k.<\/p>\n<p>&nbsp;<\/p>\n<p>&nbsp;<\/p>\n<p><strong>Vasif H\u00fcseynov, YAP B<\/strong><strong>\u0259rd\u0259 rayon t\u0259\u015fkilat\u0131 f\u0259al\u0131, <\/strong><strong>B<\/strong><strong>\u0259<\/strong><strong>rd<\/strong><strong>\u0259<\/strong><strong> rayon R.Abbasov ad\u0131na <\/strong><strong>\u018f<\/strong><strong>mirli k<\/strong><strong>\u0259<\/strong><strong>nd tam orta m<\/strong><strong>\u0259<\/strong><strong>kt<\/strong><strong>\u0259<\/strong><strong>bin t<\/strong><strong>\u0259<\/strong><strong>lim-t<\/strong><strong>\u0259<\/strong><strong>rbiy<\/strong><strong>\u0259<\/strong><strong> i\u015fl<\/strong><strong>\u0259<\/strong><strong>ri \u00fczr<\/strong><strong>\u0259<\/strong><strong> direktor m\u00fcavini<\/strong><\/p>\n","protected":false},"excerpt":{"rendered":"<p>Tariximiz\u0259 Milli Qurtulu\u015f G\u00fcn\u00fc kimi daxil olmu\u015f 1993-c\u00fc ilin 15 iyun g\u00fcn\u00fc onu qiym\u0259tl\u0259ndir\u0259nl\u0259r, d\u0259rind\u0259n d\u0259rk ed\u0259nl\u0259r \u00fc\u00e7\u00fcn \u00e7ox \u0259zizdir. Milli Qurtulu\u015f G\u00fcn\u00fc sad\u0259c\u0259adi t\u0259qvim g\u00fcn\u00fc deyil, b\u00f6y\u00fck ictimai, siyasi v\u0259 tarixi \u0259h\u0259miyy\u0259t\u0259 malik \u00a0olan bir g\u00fcnd\u00fcr. V\u0259t\u0259nini, xalq\u0131n\u0131 sev\u0259n, h\u0259min \u00e7\u0259tin, a\u011fr\u0131l\u0131 g\u00fcnl\u0259rin d\u0259h\u015f\u0259tl\u0259rini ya\u015fayan, hadis\u0259l\u0259ri g\u00f6zl\u0259ri il\u0259 g\u00f6r\u0259n insanlar \u00fc\u00e7\u00fcn 15 iyun \u0259sl qurtulu\u015f tarixi, Az\u0259rbaycan xalq\u0131n\u0131n \u00f6l\u00fcm-dirim m\u00fcbariz\u0259sinin tarixidir. Bu tarixi yaradan is\u0259 Az\u0259rbaycan\u0131n inki\u015faf\u0131nda, m\u00fcst\u0259qilliyind\u0259, g\u0259l\u0259c\u0259yind\u0259 m\u00fcst\u0259sna rol oynayan, daim xalq\u0131na arxalanan v\u0259 xalq\u0131na arxa, dayaq olan bir insan &#8211; \u00dcmummilli liderimiz Heyd\u0259r \u018flirza o\u011flu \u018fliyevdir.&hellip;<\/p>\n","protected":false},"author":2,"featured_media":729904,"comment_status":"closed","ping_status":"closed","sticky":false,"template":"","format":"standard","meta":{"om_disable_all_campaigns":false,"_monsterinsights_skip_tracking":false,"_monsterinsights_sitenote_active":false,"_monsterinsights_sitenote_note":"","_monsterinsights_sitenote_category":0},"categories":[2],"tags":[],"aioseo_notices":[],"gutentor_comment":0,"rttpg_featured_image_url":{"full":["https:\/\/arantv.az\/wp-content\/uploads\/2024\/06\/52981353-c1b0-481d-9379-0e4fc4500f90.jpg",640,640,false],"landscape":["https:\/\/arantv.az\/wp-content\/uploads\/2024\/06\/52981353-c1b0-481d-9379-0e4fc4500f90.jpg",640,640,false],"portraits":["https:\/\/arantv.az\/wp-content\/uploads\/2024\/06\/52981353-c1b0-481d-9379-0e4fc4500f90.jpg",640,640,false],"thumbnail":["https:\/\/arantv.az\/wp-content\/uploads\/2024\/06\/52981353-c1b0-481d-9379-0e4fc4500f90-500x280.jpg",500,280,true],"medium":["https:\/\/arantv.az\/wp-content\/uploads\/2024\/06\/52981353-c1b0-481d-9379-0e4fc4500f90-365x365.jpg",365,365,true],"large":["https:\/\/arantv.az\/wp-content\/uploads\/2024\/06\/52981353-c1b0-481d-9379-0e4fc4500f90.jpg",640,640,false],"1536x1536":["https:\/\/arantv.az\/wp-content\/uploads\/2024\/06\/52981353-c1b0-481d-9379-0e4fc4500f90.jpg",640,640,false],"2048x2048":["https:\/\/arantv.az\/wp-content\/uploads\/2024\/06\/52981353-c1b0-481d-9379-0e4fc4500f90.jpg",640,640,false],"post-thumbnail":["https:\/\/arantv.az\/wp-content\/uploads\/2024\/06\/52981353-c1b0-481d-9379-0e4fc4500f90-240x172.jpg",240,172,true],"advps-thumb-one":["https:\/\/arantv.az\/wp-content\/uploads\/2024\/06\/52981353-c1b0-481d-9379-0e4fc4500f90-640x620.jpg",640,620,true]},"rttpg_author":{"display_name":"V\u00fcsal Rafiqo\u011flu","author_link":"https:\/\/arantv.az\/?author=2"},"rttpg_comment":0,"rttpg_category":"<a href=\"https:\/\/arantv.az\/?cat=2\" rel=\"category\">Region X\u0259b\u0259rl\u0259ri<\/a>","rttpg_excerpt":"Tariximiz\u0259 Milli Qurtulu\u015f G\u00fcn\u00fc kimi daxil olmu\u015f 1993-c\u00fc ilin 15 iyun g\u00fcn\u00fc onu qiym\u0259tl\u0259ndir\u0259nl\u0259r, d\u0259rind\u0259n d\u0259rk ed\u0259nl\u0259r \u00fc\u00e7\u00fcn \u00e7ox \u0259zizdir. Milli Qurtulu\u015f G\u00fcn\u00fc sad\u0259c\u0259adi t\u0259qvim g\u00fcn\u00fc deyil, b\u00f6y\u00fck ictimai, siyasi v\u0259 tarixi \u0259h\u0259miyy\u0259t\u0259 malik \u00a0olan bir g\u00fcnd\u00fcr. V\u0259t\u0259nini, xalq\u0131n\u0131 sev\u0259n, h\u0259min \u00e7\u0259tin, a\u011fr\u0131l\u0131 g\u00fcnl\u0259rin d\u0259h\u015f\u0259tl\u0259rini ya\u015fayan, hadis\u0259l\u0259ri g\u00f6zl\u0259ri il\u0259 g\u00f6r\u0259n insanlar \u00fc\u00e7\u00fcn 15 iyun \u0259sl&hellip;","_links":{"self":[{"href":"https:\/\/arantv.az\/index.php?rest_route=\/wp\/v2\/posts\/729903"}],"collection":[{"href":"https:\/\/arantv.az\/index.php?rest_route=\/wp\/v2\/posts"}],"about":[{"href":"https:\/\/arantv.az\/index.php?rest_route=\/wp\/v2\/types\/post"}],"author":[{"embeddable":true,"href":"https:\/\/arantv.az\/index.php?rest_route=\/wp\/v2\/users\/2"}],"replies":[{"embeddable":true,"href":"https:\/\/arantv.az\/index.php?rest_route=%2Fwp%2Fv2%2Fcomments&post=729903"}],"version-history":[{"count":0,"href":"https:\/\/arantv.az\/index.php?rest_route=\/wp\/v2\/posts\/729903\/revisions"}],"wp:featuredmedia":[{"embeddable":true,"href":"https:\/\/arantv.az\/index.php?rest_route=\/wp\/v2\/media\/729904"}],"wp:attachment":[{"href":"https:\/\/arantv.az\/index.php?rest_route=%2Fwp%2Fv2%2Fmedia&parent=729903"}],"wp:term":[{"taxonomy":"category","embeddable":true,"href":"https:\/\/arantv.az\/index.php?rest_route=%2Fwp%2Fv2%2Fcategories&post=729903"},{"taxonomy":"post_tag","embeddable":true,"href":"https:\/\/arantv.az\/index.php?rest_route=%2Fwp%2Fv2%2Ftags&post=729903"}],"curies":[{"name":"wp","href":"https:\/\/api.w.org\/{rel}","templated":true}]}}