{"id":729910,"date":"2024-06-13T12:13:47","date_gmt":"2024-06-13T08:13:47","guid":{"rendered":"https:\/\/arantv.az\/?p=729910"},"modified":"2024-06-13T12:13:47","modified_gmt":"2024-06-13T08:13:47","slug":"tacikistanla-az%c9%99rbaycan-dostluq-baglari-yaradacaqlar","status":"publish","type":"post","link":"https:\/\/arantv.az\/?p=729910","title":{"rendered":"Tacikistanla Az\u0259rbaycan dostluq ba\u011flar\u0131 yaradacaqlar"},"content":{"rendered":"<p>Tacikistanla Az\u0259rbaycan bir-birinin \u0259razisind\u0259 dostluq ba\u011flar\u0131 salacaqlar.<\/p>\n<p>Bu bar\u0259d\u0259 az\u0259rbaycanl\u0131 h\u0259mkar\u0131 M\u0259cnun M\u0259mm\u0259dovla g\u00f6r\u00fc\u015f\u00fcnd\u0259 Tacikistan\u0131n k\u0259nd t\u0259s\u0259rr\u00fcfat\u0131 naziri Kurbon Xakimzoda bildirib.<\/p>\n<p>Qeyd olunur ki, Az\u0259rbaycanda \u0259rik, Tacikistanda is\u0259 nar ba\u011f\u0131 sal\u0131nacaq.<\/p>\n<p>H\u0259m\u00e7inin, dan\u0131\u015f\u0131qlarda t\u0259r\u0259fl\u0259r respublikalar aras\u0131nda k\u0259nd t\u0259s\u0259rr\u00fcfat\u0131 sah\u0259sind\u0259 \u0259m\u0259kda\u015fl\u0131\u011f\u0131n laz\u0131mi s\u0259viyy\u0259d\u0259 oldu\u011funu vur\u011fulay\u0131blar.<\/p>\n<p>Onlar \u0259laq\u0259l\u0259ri daha da g\u00fccl\u0259ndirm\u0259y\u0259 v\u0259 2023-24-c\u00fc ill\u0259r \u00fc\u00e7\u00fcn imzalanm\u0131\u015f \u0259m\u0259kda\u015fl\u0131q \u00fczr\u0259 yol x\u0259rit\u0259si proqram\u0131n\u0131n prioritet m\u00fcdd\u0259alar\u0131n\u0131 h\u0259yata ke\u00e7irm\u0259y\u0259 haz\u0131r olduqlar\u0131n\u0131 bildiribl\u0259r.<\/p>\n<p>Bundan \u0259lav\u0259, nazirl\u0259r d\u00f6vl\u0259tl\u0259rin aqrar sektorda ixrac potensial\u0131n\u0131n art\u0131r\u0131lmas\u0131 \u00fc\u00e7\u00fcn b\u00fct\u00fcn imkan v\u0259 yollardan istifad\u0259 etm\u0259k bar\u0259d\u0259 raz\u0131l\u0131\u011fa g\u0259libl\u0259r.<\/p>\n<p>Xat\u0131rladaq ki, \u00f6t\u0259n ay\u0131n sonunda Tacikistan v\u0259 Az\u0259rbaycan sahibkarlar\u0131n\u0131n D\u00fc\u015f\u0259nb\u0259d\u0259 ke\u00e7iril\u0259n forumunda 700 milyon dollar d\u0259y\u0259rind\u0259 15-d\u0259n \u00e7ox yeni \u0259m\u0259kda\u015fl\u0131q s\u0259n\u0259di imzalan\u0131b.<\/p>\n<p>M\u0259nb\u0259: Tacikistan K\u0130V<\/p>\n","protected":false},"excerpt":{"rendered":"<p>Tacikistanla Az\u0259rbaycan bir-birinin \u0259razisind\u0259 dostluq ba\u011flar\u0131 salacaqlar. Bu bar\u0259d\u0259 az\u0259rbaycanl\u0131 h\u0259mkar\u0131 M\u0259cnun M\u0259mm\u0259dovla g\u00f6r\u00fc\u015f\u00fcnd\u0259 Tacikistan\u0131n k\u0259nd t\u0259s\u0259rr\u00fcfat\u0131 naziri Kurbon Xakimzoda bildirib. Qeyd olunur ki, Az\u0259rbaycanda \u0259rik, Tacikistanda is\u0259 nar ba\u011f\u0131 sal\u0131nacaq. H\u0259m\u00e7inin, dan\u0131\u015f\u0131qlarda t\u0259r\u0259fl\u0259r respublikalar aras\u0131nda k\u0259nd t\u0259s\u0259rr\u00fcfat\u0131 sah\u0259sind\u0259 \u0259m\u0259kda\u015fl\u0131\u011f\u0131n laz\u0131mi s\u0259viyy\u0259d\u0259 oldu\u011funu vur\u011fulay\u0131blar. Onlar \u0259laq\u0259l\u0259ri daha da g\u00fccl\u0259ndirm\u0259y\u0259 v\u0259 2023-24-c\u00fc ill\u0259r \u00fc\u00e7\u00fcn imzalanm\u0131\u015f \u0259m\u0259kda\u015fl\u0131q \u00fczr\u0259 yol x\u0259rit\u0259si proqram\u0131n\u0131n prioritet m\u00fcdd\u0259alar\u0131n\u0131 h\u0259yata ke\u00e7irm\u0259y\u0259 haz\u0131r olduqlar\u0131n\u0131 bildiribl\u0259r. Bundan \u0259lav\u0259, nazirl\u0259r d\u00f6vl\u0259tl\u0259rin aqrar sektorda ixrac potensial\u0131n\u0131n art\u0131r\u0131lmas\u0131 \u00fc\u00e7\u00fcn b\u00fct\u00fcn imkan v\u0259 yollardan istifad\u0259 etm\u0259k bar\u0259d\u0259 raz\u0131l\u0131\u011fa g\u0259libl\u0259r. Xat\u0131rladaq ki, \u00f6t\u0259n ay\u0131n sonunda&hellip;<\/p>\n","protected":false},"author":2,"featured_media":729911,"comment_status":"closed","ping_status":"closed","sticky":false,"template":"","format":"standard","meta":{"om_disable_all_campaigns":false,"_monsterinsights_skip_tracking":false,"_monsterinsights_sitenote_active":false,"_monsterinsights_sitenote_note":"","_monsterinsights_sitenote_category":0},"categories":[19],"tags":[],"aioseo_notices":[],"gutentor_comment":0,"rttpg_featured_image_url":{"full":["https:\/\/arantv.az\/wp-content\/uploads\/2024\/06\/images-67.jpg",272,185,false],"landscape":["https:\/\/arantv.az\/wp-content\/uploads\/2024\/06\/images-67.jpg",272,185,false],"portraits":["https:\/\/arantv.az\/wp-content\/uploads\/2024\/06\/images-67.jpg",272,185,false],"thumbnail":["https:\/\/arantv.az\/wp-content\/uploads\/2024\/06\/images-67.jpg",272,185,false],"medium":["https:\/\/arantv.az\/wp-content\/uploads\/2024\/06\/images-67.jpg",272,185,false],"large":["https:\/\/arantv.az\/wp-content\/uploads\/2024\/06\/images-67.jpg",272,185,false],"1536x1536":["https:\/\/arantv.az\/wp-content\/uploads\/2024\/06\/images-67.jpg",272,185,false],"2048x2048":["https:\/\/arantv.az\/wp-content\/uploads\/2024\/06\/images-67.jpg",272,185,false],"post-thumbnail":["https:\/\/arantv.az\/wp-content\/uploads\/2024\/06\/images-67-240x172.jpg",240,172,true],"advps-thumb-one":["https:\/\/arantv.az\/wp-content\/uploads\/2024\/06\/images-67.jpg",272,185,false]},"rttpg_author":{"display_name":"V\u00fcsal Rafiqo\u011flu","author_link":"https:\/\/arantv.az\/?author=2"},"rttpg_comment":0,"rttpg_category":"<a href=\"https:\/\/arantv.az\/?cat=19\" rel=\"category\">G\u00fcnd\u0259m<\/a>","rttpg_excerpt":"Tacikistanla Az\u0259rbaycan bir-birinin \u0259razisind\u0259 dostluq ba\u011flar\u0131 salacaqlar. Bu bar\u0259d\u0259 az\u0259rbaycanl\u0131 h\u0259mkar\u0131 M\u0259cnun M\u0259mm\u0259dovla g\u00f6r\u00fc\u015f\u00fcnd\u0259 Tacikistan\u0131n k\u0259nd t\u0259s\u0259rr\u00fcfat\u0131 naziri Kurbon Xakimzoda bildirib. Qeyd olunur ki, Az\u0259rbaycanda \u0259rik, Tacikistanda is\u0259 nar ba\u011f\u0131 sal\u0131nacaq. H\u0259m\u00e7inin, dan\u0131\u015f\u0131qlarda t\u0259r\u0259fl\u0259r respublikalar aras\u0131nda k\u0259nd t\u0259s\u0259rr\u00fcfat\u0131 sah\u0259sind\u0259 \u0259m\u0259kda\u015fl\u0131\u011f\u0131n laz\u0131mi s\u0259viyy\u0259d\u0259 oldu\u011funu vur\u011fulay\u0131blar. Onlar \u0259laq\u0259l\u0259ri daha da g\u00fccl\u0259ndirm\u0259y\u0259 v\u0259 2023-24-c\u00fc ill\u0259r \u00fc\u00e7\u00fcn imzalanm\u0131\u015f \u0259m\u0259kda\u015fl\u0131q&hellip;","_links":{"self":[{"href":"https:\/\/arantv.az\/index.php?rest_route=\/wp\/v2\/posts\/729910"}],"collection":[{"href":"https:\/\/arantv.az\/index.php?rest_route=\/wp\/v2\/posts"}],"about":[{"href":"https:\/\/arantv.az\/index.php?rest_route=\/wp\/v2\/types\/post"}],"author":[{"embeddable":true,"href":"https:\/\/arantv.az\/index.php?rest_route=\/wp\/v2\/users\/2"}],"replies":[{"embeddable":true,"href":"https:\/\/arantv.az\/index.php?rest_route=%2Fwp%2Fv2%2Fcomments&post=729910"}],"version-history":[{"count":0,"href":"https:\/\/arantv.az\/index.php?rest_route=\/wp\/v2\/posts\/729910\/revisions"}],"wp:featuredmedia":[{"embeddable":true,"href":"https:\/\/arantv.az\/index.php?rest_route=\/wp\/v2\/media\/729911"}],"wp:attachment":[{"href":"https:\/\/arantv.az\/index.php?rest_route=%2Fwp%2Fv2%2Fmedia&parent=729910"}],"wp:term":[{"taxonomy":"category","embeddable":true,"href":"https:\/\/arantv.az\/index.php?rest_route=%2Fwp%2Fv2%2Fcategories&post=729910"},{"taxonomy":"post_tag","embeddable":true,"href":"https:\/\/arantv.az\/index.php?rest_route=%2Fwp%2Fv2%2Ftags&post=729910"}],"curies":[{"name":"wp","href":"https:\/\/api.w.org\/{rel}","templated":true}]}}