{"id":729917,"date":"2024-06-13T12:15:44","date_gmt":"2024-06-13T08:15:44","guid":{"rendered":"https:\/\/arantv.az\/?p=729917"},"modified":"2024-06-13T12:15:44","modified_gmt":"2024-06-13T08:15:44","slug":"nikol-pasinyan-qarabag-az%c9%99rbaycanin-bir-hiss%c9%99sidir","status":"publish","type":"post","link":"https:\/\/arantv.az\/?p=729917","title":{"rendered":"Nikol Pa\u015finyan: Qaraba\u011f Az\u0259rbaycan\u0131n bir hiss\u0259sidir"},"content":{"rendered":"<p><strong>Qaraba\u011f Az\u0259rbaycan\u0131n bir hiss\u0259sidir v\u0259 Erm\u0259nistan c\u0259miyy\u0259tind\u0259 Qaraba\u011f\u0131n \u00f6z m\u00fcq\u0259dd\u0259rat\u0131n\u0131 t\u0259yinetm\u0259 v\u0259 statusu anlay\u0131\u015f\u0131 yanl\u0131\u015f ba\u015fa d\u00fc\u015f\u00fcl\u00fcrd\u00fc.<\/strong><\/p>\n<p>\u201cReport\u201d Erm\u0259nistan K\u0130V-\u0259 istinad\u0259n x\u0259b\u0259r verir ki, bunu ba\u015f nazir Nikol Pa\u015finyan parlamentd\u0259 deyib.<\/p>\n<p>\u201cQaraba\u011f Az\u0259rbaycan\u0131n bir hiss\u0259sidir, lakin erm\u0259ni reall\u0131\u011f\u0131nda b\u00fct\u00fcn bunlar s\u0259hv ba\u015fa d\u00fc\u015f\u00fcl\u00fcrd\u00fc, \u00e7\u00fcnki Erm\u0259nistan ictimaiyy\u0259tinin 1996-c\u0131 ild\u0259n Lissabon s\u0259n\u0259din\u0259 \u00e7\u0131x\u0131\u015f\u0131 yoxdur\u201d, &#8211; o vur\u011fulay\u0131b.<\/p>\n<p>Onun s\u00f6zl\u0259rin\u0259 g\u00f6r\u0259, Erm\u0259nistan\u0131n klerikal-feodal elitas\u0131 hakimiyy\u0259ti \u0259l\u0259 ke\u00e7irm\u0259k v\u0259 saxlamaq \u00fc\u00e7\u00fcn Erm\u0259nistan xalq\u0131n\u0131 Qaraba\u011fla ba\u011fl\u0131 aldad\u0131b v\u0259 \u00e7a\u015fd\u0131r\u0131b: \u201cQaraba\u011fla ba\u011fl\u0131 b\u00fct\u00fcn h\u0259qiq\u0259t m\u0259hz budur\u201d.<\/p>\n","protected":false},"excerpt":{"rendered":"<p>Qaraba\u011f Az\u0259rbaycan\u0131n bir hiss\u0259sidir v\u0259 Erm\u0259nistan c\u0259miyy\u0259tind\u0259 Qaraba\u011f\u0131n \u00f6z m\u00fcq\u0259dd\u0259rat\u0131n\u0131 t\u0259yinetm\u0259 v\u0259 statusu anlay\u0131\u015f\u0131 yanl\u0131\u015f ba\u015fa d\u00fc\u015f\u00fcl\u00fcrd\u00fc. \u201cReport\u201d Erm\u0259nistan K\u0130V-\u0259 istinad\u0259n x\u0259b\u0259r verir ki, bunu ba\u015f nazir Nikol Pa\u015finyan parlamentd\u0259 deyib. \u201cQaraba\u011f Az\u0259rbaycan\u0131n bir hiss\u0259sidir, lakin erm\u0259ni reall\u0131\u011f\u0131nda b\u00fct\u00fcn bunlar s\u0259hv ba\u015fa d\u00fc\u015f\u00fcl\u00fcrd\u00fc, \u00e7\u00fcnki Erm\u0259nistan ictimaiyy\u0259tinin 1996-c\u0131 ild\u0259n Lissabon s\u0259n\u0259din\u0259 \u00e7\u0131x\u0131\u015f\u0131 yoxdur\u201d, &#8211; o vur\u011fulay\u0131b. Onun s\u00f6zl\u0259rin\u0259 g\u00f6r\u0259, Erm\u0259nistan\u0131n klerikal-feodal elitas\u0131 hakimiyy\u0259ti \u0259l\u0259 ke\u00e7irm\u0259k v\u0259 saxlamaq \u00fc\u00e7\u00fcn Erm\u0259nistan xalq\u0131n\u0131 Qaraba\u011fla ba\u011fl\u0131 aldad\u0131b v\u0259 \u00e7a\u015fd\u0131r\u0131b: \u201cQaraba\u011fla ba\u011fl\u0131 b\u00fct\u00fcn h\u0259qiq\u0259t m\u0259hz budur\u201d.<\/p>\n","protected":false},"author":2,"featured_media":729918,"comment_status":"closed","ping_status":"closed","sticky":false,"template":"","format":"standard","meta":{"om_disable_all_campaigns":false,"_monsterinsights_skip_tracking":false,"_monsterinsights_sitenote_active":false,"_monsterinsights_sitenote_note":"","_monsterinsights_sitenote_category":0},"categories":[19],"tags":[],"aioseo_notices":[],"gutentor_comment":0,"rttpg_featured_image_url":{"full":["https:\/\/arantv.az\/wp-content\/uploads\/2024\/06\/57f76493bdbbfa451c19ac0363320f84.jpg",850,500,false],"landscape":["https:\/\/arantv.az\/wp-content\/uploads\/2024\/06\/57f76493bdbbfa451c19ac0363320f84.jpg",850,500,false],"portraits":["https:\/\/arantv.az\/wp-content\/uploads\/2024\/06\/57f76493bdbbfa451c19ac0363320f84.jpg",850,500,false],"thumbnail":["https:\/\/arantv.az\/wp-content\/uploads\/2024\/06\/57f76493bdbbfa451c19ac0363320f84-500x280.jpg",500,280,true],"medium":["https:\/\/arantv.az\/wp-content\/uploads\/2024\/06\/57f76493bdbbfa451c19ac0363320f84-621x365.jpg",621,365,true],"large":["https:\/\/arantv.az\/wp-content\/uploads\/2024\/06\/57f76493bdbbfa451c19ac0363320f84-840x494.jpg",640,376,true],"1536x1536":["https:\/\/arantv.az\/wp-content\/uploads\/2024\/06\/57f76493bdbbfa451c19ac0363320f84.jpg",850,500,false],"2048x2048":["https:\/\/arantv.az\/wp-content\/uploads\/2024\/06\/57f76493bdbbfa451c19ac0363320f84.jpg",850,500,false],"post-thumbnail":["https:\/\/arantv.az\/wp-content\/uploads\/2024\/06\/57f76493bdbbfa451c19ac0363320f84-240x172.jpg",240,172,true],"advps-thumb-one":["https:\/\/arantv.az\/wp-content\/uploads\/2024\/06\/57f76493bdbbfa451c19ac0363320f84.jpg",850,500,false]},"rttpg_author":{"display_name":"V\u00fcsal Rafiqo\u011flu","author_link":"https:\/\/arantv.az\/?author=2"},"rttpg_comment":0,"rttpg_category":"<a href=\"https:\/\/arantv.az\/?cat=19\" rel=\"category\">G\u00fcnd\u0259m<\/a>","rttpg_excerpt":"Qaraba\u011f Az\u0259rbaycan\u0131n bir hiss\u0259sidir v\u0259 Erm\u0259nistan c\u0259miyy\u0259tind\u0259 Qaraba\u011f\u0131n \u00f6z m\u00fcq\u0259dd\u0259rat\u0131n\u0131 t\u0259yinetm\u0259 v\u0259 statusu anlay\u0131\u015f\u0131 yanl\u0131\u015f ba\u015fa d\u00fc\u015f\u00fcl\u00fcrd\u00fc. \u201cReport\u201d Erm\u0259nistan K\u0130V-\u0259 istinad\u0259n x\u0259b\u0259r verir ki, bunu ba\u015f nazir Nikol Pa\u015finyan parlamentd\u0259 deyib. \u201cQaraba\u011f Az\u0259rbaycan\u0131n bir hiss\u0259sidir, lakin erm\u0259ni reall\u0131\u011f\u0131nda b\u00fct\u00fcn bunlar s\u0259hv ba\u015fa d\u00fc\u015f\u00fcl\u00fcrd\u00fc, \u00e7\u00fcnki Erm\u0259nistan ictimaiyy\u0259tinin 1996-c\u0131 ild\u0259n Lissabon s\u0259n\u0259din\u0259 \u00e7\u0131x\u0131\u015f\u0131 yoxdur\u201d, &#8211; o vur\u011fulay\u0131b.&hellip;","_links":{"self":[{"href":"https:\/\/arantv.az\/index.php?rest_route=\/wp\/v2\/posts\/729917"}],"collection":[{"href":"https:\/\/arantv.az\/index.php?rest_route=\/wp\/v2\/posts"}],"about":[{"href":"https:\/\/arantv.az\/index.php?rest_route=\/wp\/v2\/types\/post"}],"author":[{"embeddable":true,"href":"https:\/\/arantv.az\/index.php?rest_route=\/wp\/v2\/users\/2"}],"replies":[{"embeddable":true,"href":"https:\/\/arantv.az\/index.php?rest_route=%2Fwp%2Fv2%2Fcomments&post=729917"}],"version-history":[{"count":0,"href":"https:\/\/arantv.az\/index.php?rest_route=\/wp\/v2\/posts\/729917\/revisions"}],"wp:featuredmedia":[{"embeddable":true,"href":"https:\/\/arantv.az\/index.php?rest_route=\/wp\/v2\/media\/729918"}],"wp:attachment":[{"href":"https:\/\/arantv.az\/index.php?rest_route=%2Fwp%2Fv2%2Fmedia&parent=729917"}],"wp:term":[{"taxonomy":"category","embeddable":true,"href":"https:\/\/arantv.az\/index.php?rest_route=%2Fwp%2Fv2%2Fcategories&post=729917"},{"taxonomy":"post_tag","embeddable":true,"href":"https:\/\/arantv.az\/index.php?rest_route=%2Fwp%2Fv2%2Ftags&post=729917"}],"curies":[{"name":"wp","href":"https:\/\/api.w.org\/{rel}","templated":true}]}}