{"id":730210,"date":"2024-06-14T14:12:29","date_gmt":"2024-06-14T10:12:29","guid":{"rendered":"https:\/\/arantv.az\/?p=730210"},"modified":"2024-06-14T14:12:29","modified_gmt":"2024-06-14T10:12:29","slug":"%c9%99hm%c9%99d-%c9%99hm%c9%99dovun-cinay%c9%99t-isi-uzr%c9%99-m%c9%99hk%c9%99m%c9%99nin-vaxti-m%c9%99lum-olub","status":"publish","type":"post","link":"https:\/\/arantv.az\/?p=730210","title":{"rendered":"\u018fhm\u0259d \u018fhm\u0259dovun cinay\u0259t i\u015fi \u00fczr\u0259 m\u0259hk\u0259m\u0259nin vaxt\u0131 m\u0259lum olub"},"content":{"rendered":"<p>Bak\u0131da be\u015f ail\u0259 \u00fczv\u00fcn\u00fc q\u0259tl\u0259 yetirm\u0259kd\u0259 ittiham olunan \u018fhm\u0259d \u018fhm\u0259dovun cinay\u0259t i\u015fi \u00fczr\u0259 m\u0259hk\u0259m\u0259nin vaxt\u0131 m\u0259lum olub.<\/p>\n<p>APA x\u0259b\u0259r verir ki, Bak\u0131 A\u011f\u0131r Cinay\u0259tl\u0259r M\u0259hk\u0259m\u0259sind\u0259 hakim S\u0259bin\u0259 M\u0259mm\u0259dzad\u0259nin s\u0259drliyi il\u0259 ke\u00e7iril\u0259c\u0259k m\u0259hk\u0259m\u0259nin haz\u0131rl\u0131q iclas\u0131 iyunun 25-\u0259 t\u0259yin edilib.<\/p>\n<p>Qeyd ed\u0259k ki, \u018fhm\u0259d \u018fhm\u0259dov Cinay\u0259t M\u0259c\u0259ll\u0259sinin 120.2.4 (x\u00fcsusi amans\u0131zl\u0131qla q\u0259sd\u0259n adam \u00f6ld\u00fcrm\u0259), 120.2.7 (iki v\u0259 ya daha \u00e7ox \u015f\u0259xsi \u00f6ld\u00fcrm\u0259) v\u0259 120.2.9-cu (t\u0259qsirkar \u015f\u0259xs \u00fc\u00e7\u00fcn a\u015fkar sur\u0259td\u0259 k\u00f6m\u0259ksiz v\u0259ziyy\u0259td\u0259 olan adam\u0131 \u00f6ld\u00fcrm\u0259) madd\u0259l\u0259ri il\u0259 yekun ittiham elan olunub, bar\u0259sind\u0259 m\u00fcst\u0259ntiqin v\u0259sat\u0259ti v\u0259 ibtidai ara\u015fd\u0131rmaya prosessual r\u0259hb\u0259rliyi h\u0259yata ke\u00e7ir\u0259n prokurorun t\u0259qdimat\u0131 \u0259sas\u0131nda m\u0259hk\u0259m\u0259nin q\u0259rar\u0131 il\u0259 h\u0259bs q\u0259timkan t\u0259dbiri se\u00e7ilib v\u0259 S\u0259hiyy\u0259 Nazirliyinin &#8220;Respublika Psixiatriya X\u0259st\u0259xanas\u0131&#8221; publik h\u00fcquqi \u015f\u0259xsin\u0259 yerl\u0259\u015fdirilib.<\/p>\n<p>\u0130\u015f \u00fczr\u0259 m\u0259hk\u0259m\u0259y\u0259d\u0259k icraat tamamlanaraq t\u0259qsirl\u0259ndiril\u0259n \u015f\u0259xs bar\u0259sind\u0259 tibbi xarakterli m\u0259cburi t\u0259dbirl\u0259rin t\u0259tbiqi m\u0259s\u0259l\u0259sin\u0259 bax\u0131lmas\u0131 \u00fc\u00e7\u00fcn cinay\u0259t i\u015fi aidiyy\u0259ti \u00fczr\u0259 Bak\u0131 A\u011f\u0131r Cinay\u0259tl\u0259r M\u0259hk\u0259m\u0259sin\u0259 g\u00f6nd\u0259rilib.<\/p>\n","protected":false},"excerpt":{"rendered":"<p>Bak\u0131da be\u015f ail\u0259 \u00fczv\u00fcn\u00fc q\u0259tl\u0259 yetirm\u0259kd\u0259 ittiham olunan \u018fhm\u0259d \u018fhm\u0259dovun cinay\u0259t i\u015fi \u00fczr\u0259 m\u0259hk\u0259m\u0259nin vaxt\u0131 m\u0259lum olub. APA x\u0259b\u0259r verir ki, Bak\u0131 A\u011f\u0131r Cinay\u0259tl\u0259r M\u0259hk\u0259m\u0259sind\u0259 hakim S\u0259bin\u0259 M\u0259mm\u0259dzad\u0259nin s\u0259drliyi il\u0259 ke\u00e7iril\u0259c\u0259k m\u0259hk\u0259m\u0259nin haz\u0131rl\u0131q iclas\u0131 iyunun 25-\u0259 t\u0259yin edilib. Qeyd ed\u0259k ki, \u018fhm\u0259d \u018fhm\u0259dov Cinay\u0259t M\u0259c\u0259ll\u0259sinin 120.2.4 (x\u00fcsusi amans\u0131zl\u0131qla q\u0259sd\u0259n adam \u00f6ld\u00fcrm\u0259), 120.2.7 (iki v\u0259 ya daha \u00e7ox \u015f\u0259xsi \u00f6ld\u00fcrm\u0259) v\u0259 120.2.9-cu (t\u0259qsirkar \u015f\u0259xs \u00fc\u00e7\u00fcn a\u015fkar sur\u0259td\u0259 k\u00f6m\u0259ksiz v\u0259ziyy\u0259td\u0259 olan adam\u0131 \u00f6ld\u00fcrm\u0259) madd\u0259l\u0259ri il\u0259 yekun ittiham elan olunub, bar\u0259sind\u0259 m\u00fcst\u0259ntiqin v\u0259sat\u0259ti v\u0259 ibtidai ara\u015fd\u0131rmaya prosessual r\u0259hb\u0259rliyi h\u0259yata ke\u00e7ir\u0259n prokurorun t\u0259qdimat\u0131 \u0259sas\u0131nda&hellip;<\/p>\n","protected":false},"author":2,"featured_media":730211,"comment_status":"closed","ping_status":"closed","sticky":false,"template":"","format":"standard","meta":{"om_disable_all_campaigns":false,"_monsterinsights_skip_tracking":false,"_monsterinsights_sitenote_active":false,"_monsterinsights_sitenote_note":"","_monsterinsights_sitenote_category":0},"categories":[3],"tags":[],"aioseo_notices":[],"gutentor_comment":0,"rttpg_featured_image_url":{"full":["https:\/\/arantv.az\/wp-content\/uploads\/2024\/06\/a063a57137dfae7b8027c137874cafdf.jpg",870,500,false],"landscape":["https:\/\/arantv.az\/wp-content\/uploads\/2024\/06\/a063a57137dfae7b8027c137874cafdf.jpg",870,500,false],"portraits":["https:\/\/arantv.az\/wp-content\/uploads\/2024\/06\/a063a57137dfae7b8027c137874cafdf.jpg",870,500,false],"thumbnail":["https:\/\/arantv.az\/wp-content\/uploads\/2024\/06\/a063a57137dfae7b8027c137874cafdf-500x280.jpg",500,280,true],"medium":["https:\/\/arantv.az\/wp-content\/uploads\/2024\/06\/a063a57137dfae7b8027c137874cafdf-635x365.jpg",635,365,true],"large":["https:\/\/arantv.az\/wp-content\/uploads\/2024\/06\/a063a57137dfae7b8027c137874cafdf-840x483.jpg",640,368,true],"1536x1536":["https:\/\/arantv.az\/wp-content\/uploads\/2024\/06\/a063a57137dfae7b8027c137874cafdf.jpg",870,500,false],"2048x2048":["https:\/\/arantv.az\/wp-content\/uploads\/2024\/06\/a063a57137dfae7b8027c137874cafdf.jpg",870,500,false],"post-thumbnail":["https:\/\/arantv.az\/wp-content\/uploads\/2024\/06\/a063a57137dfae7b8027c137874cafdf-240x172.jpg",240,172,true],"advps-thumb-one":["https:\/\/arantv.az\/wp-content\/uploads\/2024\/06\/a063a57137dfae7b8027c137874cafdf.jpg",870,500,false]},"rttpg_author":{"display_name":"V\u00fcsal Rafiqo\u011flu","author_link":"https:\/\/arantv.az\/?author=2"},"rttpg_comment":0,"rttpg_category":"<a href=\"https:\/\/arantv.az\/?cat=3\" rel=\"category\">Kriminal<\/a>","rttpg_excerpt":"Bak\u0131da be\u015f ail\u0259 \u00fczv\u00fcn\u00fc q\u0259tl\u0259 yetirm\u0259kd\u0259 ittiham olunan \u018fhm\u0259d \u018fhm\u0259dovun cinay\u0259t i\u015fi \u00fczr\u0259 m\u0259hk\u0259m\u0259nin vaxt\u0131 m\u0259lum olub. APA x\u0259b\u0259r verir ki, Bak\u0131 A\u011f\u0131r Cinay\u0259tl\u0259r M\u0259hk\u0259m\u0259sind\u0259 hakim S\u0259bin\u0259 M\u0259mm\u0259dzad\u0259nin s\u0259drliyi il\u0259 ke\u00e7iril\u0259c\u0259k m\u0259hk\u0259m\u0259nin haz\u0131rl\u0131q iclas\u0131 iyunun 25-\u0259 t\u0259yin edilib. Qeyd ed\u0259k ki, \u018fhm\u0259d \u018fhm\u0259dov Cinay\u0259t M\u0259c\u0259ll\u0259sinin 120.2.4 (x\u00fcsusi amans\u0131zl\u0131qla q\u0259sd\u0259n adam \u00f6ld\u00fcrm\u0259), 120.2.7 (iki v\u0259 ya&hellip;","_links":{"self":[{"href":"https:\/\/arantv.az\/index.php?rest_route=\/wp\/v2\/posts\/730210"}],"collection":[{"href":"https:\/\/arantv.az\/index.php?rest_route=\/wp\/v2\/posts"}],"about":[{"href":"https:\/\/arantv.az\/index.php?rest_route=\/wp\/v2\/types\/post"}],"author":[{"embeddable":true,"href":"https:\/\/arantv.az\/index.php?rest_route=\/wp\/v2\/users\/2"}],"replies":[{"embeddable":true,"href":"https:\/\/arantv.az\/index.php?rest_route=%2Fwp%2Fv2%2Fcomments&post=730210"}],"version-history":[{"count":0,"href":"https:\/\/arantv.az\/index.php?rest_route=\/wp\/v2\/posts\/730210\/revisions"}],"wp:featuredmedia":[{"embeddable":true,"href":"https:\/\/arantv.az\/index.php?rest_route=\/wp\/v2\/media\/730211"}],"wp:attachment":[{"href":"https:\/\/arantv.az\/index.php?rest_route=%2Fwp%2Fv2%2Fmedia&parent=730210"}],"wp:term":[{"taxonomy":"category","embeddable":true,"href":"https:\/\/arantv.az\/index.php?rest_route=%2Fwp%2Fv2%2Fcategories&post=730210"},{"taxonomy":"post_tag","embeddable":true,"href":"https:\/\/arantv.az\/index.php?rest_route=%2Fwp%2Fv2%2Ftags&post=730210"}],"curies":[{"name":"wp","href":"https:\/\/api.w.org\/{rel}","templated":true}]}}