{"id":730214,"date":"2024-06-14T14:13:44","date_gmt":"2024-06-14T10:13:44","guid":{"rendered":"https:\/\/arantv.az\/?p=730214"},"modified":"2024-06-14T14:13:44","modified_gmt":"2024-06-14T10:13:44","slug":"xidm%c9%99tl%c9%99rin-gost%c9%99rilm%c9%99sin%c9%99-gor%c9%99-%c9%99dv-d%c9%99n-azad-olunan-qurumlarin-siyahisinda-d%c9%99yisiklik-edildi","status":"publish","type":"post","link":"https:\/\/arantv.az\/?p=730214","title":{"rendered":"Xidm\u0259tl\u0259rin g\u00f6st\u0259rilm\u0259sin\u0259 g\u00f6r\u0259 \u018fDV-d\u0259n azad olunan qurumlar\u0131n siyah\u0131s\u0131nda d\u0259yi\u015fiklik edildi"},"content":{"rendered":"<p>&#8220;D\u00f6vl\u0259t b\u00fcdc\u0259sind\u0259n ayr\u0131lm\u0131\u015f v\u0259sait hesab\u0131na i\u015fl\u0259rin v\u0259 xidm\u0259tl\u0259rin g\u00f6st\u0259rilm\u0259sin\u0259 g\u00f6r\u0259 \u0259lav\u0259 d\u0259y\u0259r vergisind\u0259n azad olunan publik h\u00fcquqi \u015f\u0259xsl\u0259rin siyah\u0131s\u0131&#8221;nda d\u0259yi\u015fiklik edilib.<\/p>\n<p><a href=\"https:\/\/president.az\/az\/articles\/view\/66279\" target=\"_blank\" rel=\"nofollow noopener\"><strong>President.az<\/strong><\/a>\u00a0x\u0259b\u0259r verir ki, bununla ba\u011fl\u0131 Prezident\u00a0<strong>\u0130lham \u018fliyev<\/strong>\u00a0f\u0259rman imzalay\u0131b.<\/p>\n<p>D\u0259yi\u015fiklikl\u0259 Az\u0259rbaycan D\u00f6vl\u0259t Su Ehtiyatlar\u0131 Agentliyinin tabeliyind\u0259 Su v\u0259 Meliorasiya Elmi T\u0259dqiqat \u0130nstitutu, Regional Su Meliorasiya Xidm\u0259ti v\u0259 D\u00f6vl\u0259t \u0130mtahan M\u0259rk\u0259zi siyah\u0131ya daxil edilib.<\/p>\n","protected":false},"excerpt":{"rendered":"<p>&#8220;D\u00f6vl\u0259t b\u00fcdc\u0259sind\u0259n ayr\u0131lm\u0131\u015f v\u0259sait hesab\u0131na i\u015fl\u0259rin v\u0259 xidm\u0259tl\u0259rin g\u00f6st\u0259rilm\u0259sin\u0259 g\u00f6r\u0259 \u0259lav\u0259 d\u0259y\u0259r vergisind\u0259n azad olunan publik h\u00fcquqi \u015f\u0259xsl\u0259rin siyah\u0131s\u0131&#8221;nda d\u0259yi\u015fiklik edilib. President.az\u00a0x\u0259b\u0259r verir ki, bununla ba\u011fl\u0131 Prezident\u00a0\u0130lham \u018fliyev\u00a0f\u0259rman imzalay\u0131b. D\u0259yi\u015fiklikl\u0259 Az\u0259rbaycan D\u00f6vl\u0259t Su Ehtiyatlar\u0131 Agentliyinin tabeliyind\u0259 Su v\u0259 Meliorasiya Elmi T\u0259dqiqat \u0130nstitutu, Regional Su Meliorasiya Xidm\u0259ti v\u0259 D\u00f6vl\u0259t \u0130mtahan M\u0259rk\u0259zi siyah\u0131ya daxil edilib.<\/p>\n","protected":false},"author":2,"featured_media":730215,"comment_status":"closed","ping_status":"closed","sticky":false,"template":"","format":"standard","meta":{"om_disable_all_campaigns":false,"_monsterinsights_skip_tracking":false,"_monsterinsights_sitenote_active":false,"_monsterinsights_sitenote_note":"","_monsterinsights_sitenote_category":0},"categories":[4],"tags":[],"aioseo_notices":[],"gutentor_comment":0,"rttpg_featured_image_url":{"full":["https:\/\/arantv.az\/wp-content\/uploads\/2024\/06\/imza-1.jpg",750,500,false],"landscape":["https:\/\/arantv.az\/wp-content\/uploads\/2024\/06\/imza-1.jpg",750,500,false],"portraits":["https:\/\/arantv.az\/wp-content\/uploads\/2024\/06\/imza-1.jpg",750,500,false],"thumbnail":["https:\/\/arantv.az\/wp-content\/uploads\/2024\/06\/imza-1-500x280.jpg",500,280,true],"medium":["https:\/\/arantv.az\/wp-content\/uploads\/2024\/06\/imza-1-548x365.jpg",548,365,true],"large":["https:\/\/arantv.az\/wp-content\/uploads\/2024\/06\/imza-1.jpg",640,427,false],"1536x1536":["https:\/\/arantv.az\/wp-content\/uploads\/2024\/06\/imza-1.jpg",750,500,false],"2048x2048":["https:\/\/arantv.az\/wp-content\/uploads\/2024\/06\/imza-1.jpg",750,500,false],"post-thumbnail":["https:\/\/arantv.az\/wp-content\/uploads\/2024\/06\/imza-1-240x172.jpg",240,172,true],"advps-thumb-one":["https:\/\/arantv.az\/wp-content\/uploads\/2024\/06\/imza-1.jpg",750,500,false]},"rttpg_author":{"display_name":"V\u00fcsal Rafiqo\u011flu","author_link":"https:\/\/arantv.az\/?author=2"},"rttpg_comment":0,"rttpg_category":"<a href=\"https:\/\/arantv.az\/?cat=4\" rel=\"category\">Siyas\u0259t<\/a>","rttpg_excerpt":"&#8220;D\u00f6vl\u0259t b\u00fcdc\u0259sind\u0259n ayr\u0131lm\u0131\u015f v\u0259sait hesab\u0131na i\u015fl\u0259rin v\u0259 xidm\u0259tl\u0259rin g\u00f6st\u0259rilm\u0259sin\u0259 g\u00f6r\u0259 \u0259lav\u0259 d\u0259y\u0259r vergisind\u0259n azad olunan publik h\u00fcquqi \u015f\u0259xsl\u0259rin siyah\u0131s\u0131&#8221;nda d\u0259yi\u015fiklik edilib. President.az\u00a0x\u0259b\u0259r verir ki, bununla ba\u011fl\u0131 Prezident\u00a0\u0130lham \u018fliyev\u00a0f\u0259rman imzalay\u0131b. D\u0259yi\u015fiklikl\u0259 Az\u0259rbaycan D\u00f6vl\u0259t Su Ehtiyatlar\u0131 Agentliyinin tabeliyind\u0259 Su v\u0259 Meliorasiya Elmi T\u0259dqiqat \u0130nstitutu, Regional Su Meliorasiya Xidm\u0259ti v\u0259 D\u00f6vl\u0259t \u0130mtahan M\u0259rk\u0259zi siyah\u0131ya daxil edilib.","_links":{"self":[{"href":"https:\/\/arantv.az\/index.php?rest_route=\/wp\/v2\/posts\/730214"}],"collection":[{"href":"https:\/\/arantv.az\/index.php?rest_route=\/wp\/v2\/posts"}],"about":[{"href":"https:\/\/arantv.az\/index.php?rest_route=\/wp\/v2\/types\/post"}],"author":[{"embeddable":true,"href":"https:\/\/arantv.az\/index.php?rest_route=\/wp\/v2\/users\/2"}],"replies":[{"embeddable":true,"href":"https:\/\/arantv.az\/index.php?rest_route=%2Fwp%2Fv2%2Fcomments&post=730214"}],"version-history":[{"count":0,"href":"https:\/\/arantv.az\/index.php?rest_route=\/wp\/v2\/posts\/730214\/revisions"}],"wp:featuredmedia":[{"embeddable":true,"href":"https:\/\/arantv.az\/index.php?rest_route=\/wp\/v2\/media\/730215"}],"wp:attachment":[{"href":"https:\/\/arantv.az\/index.php?rest_route=%2Fwp%2Fv2%2Fmedia&parent=730214"}],"wp:term":[{"taxonomy":"category","embeddable":true,"href":"https:\/\/arantv.az\/index.php?rest_route=%2Fwp%2Fv2%2Fcategories&post=730214"},{"taxonomy":"post_tag","embeddable":true,"href":"https:\/\/arantv.az\/index.php?rest_route=%2Fwp%2Fv2%2Ftags&post=730214"}],"curies":[{"name":"wp","href":"https:\/\/api.w.org\/{rel}","templated":true}]}}