{"id":730218,"date":"2024-06-14T14:15:14","date_gmt":"2024-06-14T10:15:14","guid":{"rendered":"https:\/\/arantv.az\/?p=730218"},"modified":"2024-06-14T14:15:14","modified_gmt":"2024-06-14T10:15:14","slug":"ilham-%c9%99liyev-qurban-bayrami-munasib%c9%99til%c9%99-az%c9%99rbaycan-xalqini-t%c9%99brik-etdi","status":"publish","type":"post","link":"https:\/\/arantv.az\/?p=730218","title":{"rendered":"\u0130lham \u018fliyev Qurban bayram\u0131 m\u00fcnasib\u0259til\u0259 Az\u0259rbaycan xalq\u0131n\u0131 t\u0259brik etdi"},"content":{"rendered":"<p>Prezident\u00a0<strong>\u0130lham \u018fliyev<\/strong>\u00a0Qurban bayram\u0131 m\u00fcnasib\u0259til\u0259 Az\u0259rbaycan xalq\u0131n\u0131 t\u0259brik edib.<\/p>\n<p><a href=\"https:\/\/president.az\/az\/articles\/view\/66271\" target=\"_blank\" rel=\"nofollow noopener\"><strong>President.az<\/strong><\/a>\u00a0x\u0259b\u0259r verir ki, t\u0259brikd\u0259 deyilir:<\/p>\n<p>&#8220;H\u00f6rm\u0259tli h\u0259mv\u0259t\u0259nl\u0259r!<\/p>\n<p>Sizi v\u0259 d\u00fcnyan\u0131n m\u00fcxt\u0259lif gu\u015f\u0259l\u0259rind\u0259 ya\u015fayan b\u00fct\u00fcn soyda\u015flar\u0131m\u0131z\u0131 m\u00fcq\u0259dd\u0259s Qurban bayram\u0131 m\u00fcnasib\u0259til\u0259 \u00fcr\u0259kd\u0259n t\u0259brik edir, \u0259n xo\u015f arzu v\u0259 dil\u0259kl\u0259rimi yetirir\u0259m.<\/p>\n<p>D\u00fcnya m\u00fcs\u0259lmanlar\u0131n\u0131n m\u0259n\u0259vi h\u0259mr\u0259yliyinin t\u0259c\u0259ss\u00fcm\u00fc olan Qurban bayram\u0131nda m\u00f6min insanlar Allah v\u0259 din yolunda h\u0259r c\u00fcr f\u0259dakarl\u0131\u011fa haz\u0131r olduqlar\u0131n\u0131 n\u00fcmayi\u015f etdirm\u0259k f\u00fcrs\u0259ti qazan\u0131r, Uca Yaradana yax\u0131nl\u0131\u011f\u0131n sevincini ya\u015fay\u0131rlar.<\/p>\n<p>B\u0259\u015f\u0259r m\u0259d\u0259niyy\u0259tin\u0259 v\u0259 elmi-f\u0259ls\u0259fi fikir x\u0259zin\u0259sin\u0259 misilsiz t\u00f6hf\u0259l\u0259r vermi\u015f Az\u0259rbaycan xalq\u0131n\u0131n d\u00fcnyag\u00f6r\u00fc\u015f\u00fcn\u00fcn t\u0259\u015f\u0259kk\u00fcl\u00fcnd\u0259 v\u0259 milli-m\u0259d\u0259ni inki\u015faf\u0131nda \u0130slam dini m\u00fch\u00fcm m\u0259rh\u0259l\u0259 t\u0259\u015fkil edir. Ayr\u0131-ayr\u0131 xalqlar\u0131n v\u0259 dinl\u0259rin m\u0259nsublar\u0131n\u0131n mehriban ail\u0259 kimi ya\u015fad\u0131qlar\u0131 \u00f6lk\u0259mizd\u0259 qar\u015f\u0131l\u0131ql\u0131 h\u00f6rm\u0259t v\u0259 etimada \u0259saslanan n\u00fcmun\u0259vi birg\u0259ya\u015fay\u0131\u015f m\u00fchitinin formala\u015fmas\u0131nda v\u0259 etnik-m\u0259d\u0259ni m\u00fcxt\u0259lifliyin g\u00fcn\u00fcm\u00fcz\u0259d\u0259k qorunub saxlan\u0131lmas\u0131nda m\u00fct\u0259r\u0259qqi islami d\u0259y\u0259rl\u0259rin rolu dan\u0131lmazd\u0131r.<\/p>\n<p>Dini bayramlar, o c\u00fcml\u0259d\u0259n Qurban m\u0259rasiml\u0259ri c\u0259miyy\u0259timizd\u0259 milli-m\u0259n\u0259vi birliyin, xeyirxahl\u0131q v\u0259 m\u0259rh\u0259m\u0259t duy\u011fular\u0131n\u0131n t\u0259nt\u0259n\u0259sin\u0259 \u00e7evrilir. Bu m\u00fcbar\u0259k bayram g\u00fcnl\u0259rind\u0259 \u00f6lk\u0259mizin h\u0259r yerind\u0259 geni\u015f xeyriyy\u0259\u00e7ilik v\u0259 sosial yard\u0131mla\u015fma t\u0259dbirl\u0259ri h\u0259yata ke\u00e7irilir, \u015f\u0259hidl\u0259rimizin \u00f6lm\u0259z xatir\u0259si ehtiramla yad olunur.<\/p>\n<p>\u018fziz bac\u0131 v\u0259 qarda\u015flar\u0131m!<\/p>\n<p>Xalq\u0131m\u0131z\u0131n firavanl\u0131\u011f\u0131 v\u0259 \u0259min-amanl\u0131\u011f\u0131 namin\u0259 etdiyiniz dualar\u0131n v\u0259 k\u0259sdiyiniz qurbanlar\u0131n Tanr\u0131 d\u0259rgah\u0131nda q\u0259bul olunmas\u0131 dil\u0259yi il\u0259 bir daha h\u0259r biriniz\u0259 s\u0259mimi t\u0259brikl\u0259rimi \u00e7atd\u0131r\u0131r, ail\u0259l\u0259riniz\u0259 firavanl\u0131q, s\u00fcfr\u0259l\u0259riniz\u0259 xeyir-b\u0259r\u0259k\u0259t arzulay\u0131ram.<\/p>\n<p>Qurban bayram\u0131n\u0131z m\u00fcbar\u0259k olsun!&#8221;<\/p>\n","protected":false},"excerpt":{"rendered":"<p>Prezident\u00a0\u0130lham \u018fliyev\u00a0Qurban bayram\u0131 m\u00fcnasib\u0259til\u0259 Az\u0259rbaycan xalq\u0131n\u0131 t\u0259brik edib. President.az\u00a0x\u0259b\u0259r verir ki, t\u0259brikd\u0259 deyilir: &#8220;H\u00f6rm\u0259tli h\u0259mv\u0259t\u0259nl\u0259r! Sizi v\u0259 d\u00fcnyan\u0131n m\u00fcxt\u0259lif gu\u015f\u0259l\u0259rind\u0259 ya\u015fayan b\u00fct\u00fcn soyda\u015flar\u0131m\u0131z\u0131 m\u00fcq\u0259dd\u0259s Qurban bayram\u0131 m\u00fcnasib\u0259til\u0259 \u00fcr\u0259kd\u0259n t\u0259brik edir, \u0259n xo\u015f arzu v\u0259 dil\u0259kl\u0259rimi yetirir\u0259m. D\u00fcnya m\u00fcs\u0259lmanlar\u0131n\u0131n m\u0259n\u0259vi h\u0259mr\u0259yliyinin t\u0259c\u0259ss\u00fcm\u00fc olan Qurban bayram\u0131nda m\u00f6min insanlar Allah v\u0259 din yolunda h\u0259r c\u00fcr f\u0259dakarl\u0131\u011fa haz\u0131r olduqlar\u0131n\u0131 n\u00fcmayi\u015f etdirm\u0259k f\u00fcrs\u0259ti qazan\u0131r, Uca Yaradana yax\u0131nl\u0131\u011f\u0131n sevincini ya\u015fay\u0131rlar. B\u0259\u015f\u0259r m\u0259d\u0259niyy\u0259tin\u0259 v\u0259 elmi-f\u0259ls\u0259fi fikir x\u0259zin\u0259sin\u0259 misilsiz t\u00f6hf\u0259l\u0259r vermi\u015f Az\u0259rbaycan xalq\u0131n\u0131n d\u00fcnyag\u00f6r\u00fc\u015f\u00fcn\u00fcn t\u0259\u015f\u0259kk\u00fcl\u00fcnd\u0259 v\u0259 milli-m\u0259d\u0259ni inki\u015faf\u0131nda \u0130slam dini m\u00fch\u00fcm m\u0259rh\u0259l\u0259 t\u0259\u015fkil edir. Ayr\u0131-ayr\u0131 xalqlar\u0131n v\u0259 dinl\u0259rin&hellip;<\/p>\n","protected":false},"author":2,"featured_media":730219,"comment_status":"closed","ping_status":"closed","sticky":false,"template":"","format":"standard","meta":{"om_disable_all_campaigns":false,"_monsterinsights_skip_tracking":false,"_monsterinsights_sitenote_active":false,"_monsterinsights_sitenote_note":"","_monsterinsights_sitenote_category":0},"categories":[4],"tags":[],"aioseo_notices":[],"gutentor_comment":0,"rttpg_featured_image_url":{"full":["https:\/\/arantv.az\/wp-content\/uploads\/2024\/06\/16878532272793928370_1200x630.jpg",922,630,false],"landscape":["https:\/\/arantv.az\/wp-content\/uploads\/2024\/06\/16878532272793928370_1200x630.jpg",922,630,false],"portraits":["https:\/\/arantv.az\/wp-content\/uploads\/2024\/06\/16878532272793928370_1200x630.jpg",922,630,false],"thumbnail":["https:\/\/arantv.az\/wp-content\/uploads\/2024\/06\/16878532272793928370_1200x630-500x280.jpg",500,280,true],"medium":["https:\/\/arantv.az\/wp-content\/uploads\/2024\/06\/16878532272793928370_1200x630-534x365.jpg",534,365,true],"large":["https:\/\/arantv.az\/wp-content\/uploads\/2024\/06\/16878532272793928370_1200x630-840x574.jpg",640,437,true],"1536x1536":["https:\/\/arantv.az\/wp-content\/uploads\/2024\/06\/16878532272793928370_1200x630.jpg",922,630,false],"2048x2048":["https:\/\/arantv.az\/wp-content\/uploads\/2024\/06\/16878532272793928370_1200x630.jpg",922,630,false],"post-thumbnail":["https:\/\/arantv.az\/wp-content\/uploads\/2024\/06\/16878532272793928370_1200x630-240x172.jpg",240,172,true],"advps-thumb-one":["https:\/\/arantv.az\/wp-content\/uploads\/2024\/06\/16878532272793928370_1200x630-922x620.jpg",922,620,true]},"rttpg_author":{"display_name":"V\u00fcsal Rafiqo\u011flu","author_link":"https:\/\/arantv.az\/?author=2"},"rttpg_comment":0,"rttpg_category":"<a href=\"https:\/\/arantv.az\/?cat=4\" rel=\"category\">Siyas\u0259t<\/a>","rttpg_excerpt":"Prezident\u00a0\u0130lham \u018fliyev\u00a0Qurban bayram\u0131 m\u00fcnasib\u0259til\u0259 Az\u0259rbaycan xalq\u0131n\u0131 t\u0259brik edib. President.az\u00a0x\u0259b\u0259r verir ki, t\u0259brikd\u0259 deyilir: &#8220;H\u00f6rm\u0259tli h\u0259mv\u0259t\u0259nl\u0259r! Sizi v\u0259 d\u00fcnyan\u0131n m\u00fcxt\u0259lif gu\u015f\u0259l\u0259rind\u0259 ya\u015fayan b\u00fct\u00fcn soyda\u015flar\u0131m\u0131z\u0131 m\u00fcq\u0259dd\u0259s Qurban bayram\u0131 m\u00fcnasib\u0259til\u0259 \u00fcr\u0259kd\u0259n t\u0259brik edir, \u0259n xo\u015f arzu v\u0259 dil\u0259kl\u0259rimi yetirir\u0259m. D\u00fcnya m\u00fcs\u0259lmanlar\u0131n\u0131n m\u0259n\u0259vi h\u0259mr\u0259yliyinin t\u0259c\u0259ss\u00fcm\u00fc olan Qurban bayram\u0131nda m\u00f6min insanlar Allah v\u0259 din yolunda h\u0259r c\u00fcr f\u0259dakarl\u0131\u011fa haz\u0131r olduqlar\u0131n\u0131&hellip;","_links":{"self":[{"href":"https:\/\/arantv.az\/index.php?rest_route=\/wp\/v2\/posts\/730218"}],"collection":[{"href":"https:\/\/arantv.az\/index.php?rest_route=\/wp\/v2\/posts"}],"about":[{"href":"https:\/\/arantv.az\/index.php?rest_route=\/wp\/v2\/types\/post"}],"author":[{"embeddable":true,"href":"https:\/\/arantv.az\/index.php?rest_route=\/wp\/v2\/users\/2"}],"replies":[{"embeddable":true,"href":"https:\/\/arantv.az\/index.php?rest_route=%2Fwp%2Fv2%2Fcomments&post=730218"}],"version-history":[{"count":0,"href":"https:\/\/arantv.az\/index.php?rest_route=\/wp\/v2\/posts\/730218\/revisions"}],"wp:featuredmedia":[{"embeddable":true,"href":"https:\/\/arantv.az\/index.php?rest_route=\/wp\/v2\/media\/730219"}],"wp:attachment":[{"href":"https:\/\/arantv.az\/index.php?rest_route=%2Fwp%2Fv2%2Fmedia&parent=730218"}],"wp:term":[{"taxonomy":"category","embeddable":true,"href":"https:\/\/arantv.az\/index.php?rest_route=%2Fwp%2Fv2%2Fcategories&post=730218"},{"taxonomy":"post_tag","embeddable":true,"href":"https:\/\/arantv.az\/index.php?rest_route=%2Fwp%2Fv2%2Ftags&post=730218"}],"curies":[{"name":"wp","href":"https:\/\/api.w.org\/{rel}","templated":true}]}}