{"id":730467,"date":"2024-06-15T10:39:57","date_gmt":"2024-06-15T06:39:57","guid":{"rendered":"https:\/\/arantv.az\/?p=730467"},"modified":"2024-06-15T10:39:57","modified_gmt":"2024-06-15T06:39:57","slug":"cagdas-tariximizin-15-iyun-salnam%c9%99si","status":"publish","type":"post","link":"https:\/\/arantv.az\/?p=730467","title":{"rendered":"\u00c7a\u011fda\u015f tariximizin 15 \u0130yun salnam\u0259si"},"content":{"rendered":"<p><em><strong>Az\u0259rbaycan xalq\u0131n\u0131n h\u0259yat\u0131nda bir s\u0131ra tarixi g\u00fcnl\u0259r vard\u0131r ki, \u0259b\u0259di olaraq yadda\u015flara silinm\u0259z izl\u0259r burax\u0131b. M\u00fcasir m\u00fcst\u0259qil Az\u0259rbaycan d\u00f6vl\u0259tinin qurucusu, \u00dcmummilli Lider Heyd\u0259r \u018fliyevin ad\u0131 il\u0259 ba\u011fl\u0131 olan 15 \u0130yun &#8211; Milli Qurtulu\u015f G\u00fcn\u00fc bu s\u0131rada \u00f6z\u00fcn\u0259m\u0259xsuslu\u011fu il\u0259 se\u00e7ilir v\u0259 \u0259b\u0259diyy\u0259t\u0259 q\u0259d\u0259r xalq\u0131m\u0131z\u0131n q\u0259lbind\u0259 ya\u015fayacaqd\u0131r.<\/strong><\/em><\/p>\n<p>Bu m\u00f6ht\u0259\u015f\u0259m g\u00fcn art\u0131q 3 ildir ki, Z\u0259f\u0259r simvolumuz \u015eu\u015fan\u0131n \u015fahidliyi il\u0259 \u00a0imzalanm\u0131\u015f &#8220;Az\u0259rbaycan Respublikas\u0131 il\u0259 T\u00fcrkiy\u0259 Respublikas\u0131 aras\u0131nda m\u00fctt\u0259fiqlik m\u00fcnasib\u0259tl\u0259ri haqq\u0131nda \u015eu\u015fa B\u0259yannam\u0259si&#8221; il\u0259 birg\u0259 qeyd olunur. Bu m\u0259nada bu g\u00fcn bayram bayrama qovu\u015fub des\u0259k, s\u0259hv etm\u0259rik. \u015e\u00fcbh\u0259siz, h\u0259min m\u00f6ht\u0259\u015f\u0259m s\u0259n\u0259din 15 iyunda imzalanmas\u0131 h\u0259r \u015feyd\u0259n \u0259vv\u0259l, iki qarda\u015f xalq\u0131n Ulu \u00d6nd\u0259r Heyd\u0259r \u018fliyev\u0259 verdiyii y\u00fcks\u0259k d\u0259y\u0259rl\u0259 yana\u015f\u0131, bu d\u0259y\u0259rli s\u0259n\u0259din 15 \u0130yun &#8211; Milli Qurtulu\u015f G\u00fcn\u00fcn\u00fcn ruhuna uy\u011fun g\u0259lm\u0259sind\u0259n ir\u0259li g\u0259lib. El\u0259 bu s\u0259b\u0259bd\u0259n Milli Qurtulu\u015f G\u00fcn\u00fcn\u00fcn \u0259z\u0259m\u0259tini zirv\u0259l\u0259r\u0259 qald\u0131ran h\u0259min s\u0259n\u0259di \u00e7a\u011fda\u015f tariximizin 15 \u0130yun salnam\u0259si d\u0259 adland\u0131rmaq olar.<\/p>\n<p>B\u0259ri ba\u015fdan qeyd ed\u0259k ki, Qaraba\u011f Z\u0259f\u0259rind\u0259n sonra regiona s\u00fclh, sabitlik v\u0259 inki\u015faf v\u0259d ed\u0259n strategiya kimi\u00a0 h\u0259yata v\u0259siq\u0259 qazanan bu m\u00f6ht\u0259\u015f\u0259m s\u0259n\u0259d \u00f6z\u00fcnd\u0259 iki qarda\u015f \u00f6lk\u0259 aras\u0131nda m\u00fcnasib\u0259tl\u0259rin strateji m\u00fctt\u0259fiqlik s\u0259viyy\u0259sin\u0259 y\u00fcks\u0259ldiyini \u0259yani \u015f\u0259kild\u0259 \u0259ks etdirir. \u015eu\u015fa B\u0259yannam\u0259sind\u0259 el\u0259 bir real v\u0259 potensial \u0259m\u0259kda\u015fl\u0131q sah\u0259si yoxdur ki, h\u0259min s\u0259n\u0259dd\u0259n k\u0259narda qalm\u0131\u015f olsun. H\u0259tta bu tarixi s\u0259n\u0259d \u00a0enerji t\u0259hl\u00fck\u0259sizliyi, C\u0259nub Qaz D\u0259hlizi, Z\u0259ng\u0259zur d\u0259hlizi kimi m\u00fch\u00fcm m\u0259s\u0259l\u0259l\u0259ri d\u0259 ehtiva edir. Art\u0131q \u00fc\u00e7 ild\u0259 bu kimi m\u0259s\u0259l\u0259l\u0259rin bir \u00e7oxunun realla\u015fd\u0131r\u0131lmas\u0131 istiqam\u0259tind\u0259 ciddi i\u015fl\u0259r h\u0259yata ke\u00e7irilib. \u015eu\u015fa B\u0259yannam\u0259si t\u00fcrk d\u00fcnyas\u0131n\u0131n birl\u0259\u015fm\u0259sin\u0259, Az\u0259rbaycan-T\u00fcrkiy\u0259 birliyinin formala\u015fmas\u0131na da ciddi stimul verib. Prezident \u0130lham \u018fliyev iyunun 6-da T\u00dcRKPA-n\u0131n\u00a0n\u00fcmay\u0259nd\u0259 hey\u0259ti il\u0259 g\u00f6r\u00fc\u015f\u00fc zaman\u0131 bel\u0259 bir \u0259m\u0259kda\u015fl\u0131\u011f\u0131n b\u00fct\u00fcn t\u00fcrk d\u00fcnyas\u0131nda b\u0259rq\u0259rar olmas\u0131n\u0131 arzulamaqla yana\u015f\u0131, T\u00fcrkiy\u0259-Az\u0259rbaycan tandeminin dig\u0259r t\u00fcrk d\u00f6vl\u0259tl\u0259ri \u00fc\u00e7\u00fcn d\u0259 yeni f\u00fcrs\u0259tl\u0259r yaratd\u0131\u011f\u0131n\u0131 bildirib: \u201cBir-birimizi qoruyuruq. Bax\u0131n, T\u00fcrkiy\u0259 v\u0259 Az\u0259rbaycan 2021-ci ild\u0259 \u015eu\u015fa B\u0259yannam\u0259sini imzalam\u0131\u015flar v\u0259 r\u0259smi m\u00fctt\u0259fiq olmu\u015flar. Y\u0259ni bu m\u00fctt\u0259fiqlik \u0259n y\u00fcks\u0259k \u0259m\u0259kda\u015fl\u0131q format\u0131d\u0131r. H\u0259r zaman b\u00fct\u00fcn m\u0259s\u0259l\u0259l\u0259rd\u0259 bir-birimizin yan\u0131nday\u0131q. Bir m\u0259s\u0259l\u0259 \u00e7\u0131xan kimi, nec\u0259 dey\u0259rl\u0259r, avtomatik rejimd\u0259, g\u00f6z\u00fcyumulu bir-birimizin yan\u0131nday\u0131q. Bu birlik b\u00fct\u00fcn T\u00fcrk d\u00fcnyas\u0131nda olmal\u0131d\u0131r v\u0259 ondan sonra he\u00e7 kim bizim i\u015fimiz\u0259 m\u00fcdaxil\u0259 ed\u0259 bilm\u0259z\u201d.<\/p>\n<p>Yeri g\u0259lmi\u015fk\u0259n qeyd ed\u0259k ki, Az\u0259rbaycan indiy\u0259d\u0259k bir \u00e7ox d\u00f6vl\u0259tl\u0259rl\u0259 \u0259n y\u00fcks\u0259k s\u0259viyy\u0259d\u0259 \u0259m\u0259kda\u015fl\u0131\u011f\u0131 n\u0259z\u0259rd\u0259 tutan s\u0259n\u0259dl\u0259r imzalay\u0131b. Amma onlar\u0131n aras\u0131nda \u015eu\u015fa B\u0259yannam\u0259si \u00e7\u0259kisind\u0259 olan, daha m\u00fch\u00fcm \u0259h\u0259miyy\u0259t k\u0259sb ed\u0259n dig\u0259r s\u0259n\u0259d yoxdur.<\/p>\n<p>B\u0259yannam\u0259d\u0259 daha \u00e7ox diqq\u0259t \u00e7\u0259k\u0259n bir m\u0259qam da var. Bel\u0259 ki, Qars m\u00fcqavil\u0259sin\u0259 istinad edil\u0259n h\u0259min s\u0259n\u0259dd\u0259 Az\u0259rbaycan\u0131n beyn\u0259lxalq s\u0259viyy\u0259d\u0259 tan\u0131nm\u0131\u015f s\u0259rh\u0259dl\u0259rinin toxunulmazl\u0131\u011f\u0131na, \u00a0t\u0259hl\u00fck\u0259sizliyin\u0259 qar\u015f\u0131 \u00fc\u00e7\u00fcnc\u00fc d\u00f6vl\u0259t v\u0259 ya d\u00f6vl\u0259tl\u0259r t\u0259r\u0259find\u0259n t\u0259hdid, t\u0259cav\u00fcz\u00a0 edildiyi t\u0259qdird\u0259 bir-birin\u0259 BMT Nizamnam\u0259sin\u0259 uy\u011fun z\u0259ruri yard\u0131m g\u00f6st\u0259rm\u0259k d\u0259 \u0259ksini tap\u0131b. S\u0259n\u0259dd\u0259 qeyd olundu\u011fu kimi, bu yard\u0131m\u0131n q\u0259d\u0259ri v\u0259 formas\u0131 t\u0259xir\u0259 sal\u0131nma\u00addan ke\u00e7iril\u0259n m\u00fczakir\u0259l\u0259r yolu il\u0259 m\u00fc\u0259yy\u0259n edil\u0259r\u0259k, birg\u0259 t\u0259dbirl\u0259r g\u00f6r\u00fclm\u0259si \u00fc\u00e7\u00fcn m\u00fcdafi\u0259 ehtiyaclar\u0131\u00adn\u0131n \u00f6d\u0259nilm\u0259sin\u0259 q\u0259rar veril\u0259c\u0259k v\u0259 Silahl\u0131 Q\u00fcvv\u0259l\u0259rin g\u00fcc v\u0259 idar\u0259etm\u0259 strukturlar\u0131n\u0131n \u0259laq\u0259l\u0259ndirilmi\u015f f\u0259aliyy\u0259ti t\u0259\u015fkil olunacaq. B\u0259yannam\u0259 iki qarda\u015f \u00f6lk\u0259nin silahl\u0131 q\u00fcvv\u0259l\u0259rinin m\u00fcasir t\u0259l\u0259bl\u0259r\u0259 uy\u011fun olaraq yenid\u0259n formala\u015fd\u0131r\u0131lmas\u0131 v\u0259 modernl\u0259\u015fdirilm\u0259si istiqam\u0259tind\u0259 birg\u0259 s\u0259yl\u0259rin g\u00f6st\u0259rilm\u0259sini d\u0259 n\u0259z\u0259rd\u0259 tutur. Obrazl\u0131 \u015f\u0259kild\u0259 des\u0259k, bununla da iki \u00f6lk\u0259 h\u0259rbi-siyasi t\u0259hl\u00fck\u0259sizlik \u00e7\u0259tiri formala\u015fd\u0131r\u0131b. \u015e\u00fcbh\u0259siz, d\u00fcnyan\u0131n mizan\u0131n\u0131n pozuldu\u011fu bir d\u00f6n\u0259md\u0259 bu, b\u00f6y\u00fck tarixi u\u011furdur. \u015eu\u015fa B\u0259yannam\u0259sini &#8220;Az\u0259rbaycan\u0131n sevinci sevincimiz, k\u0259d\u0259ri k\u0259d\u0259rimizdir&#8221; s\u00f6yl\u0259y\u0259n Mustafa Kamal Atat\u00fcrk\u00fcn, &#8220;T\u00fcrkiy\u0259 v\u0259 Az\u0259rbaycan bir mill\u0259t, iki d\u00f6vl\u0259tdir&#8221; dey\u0259n Heyd\u0259r \u018fliyevin arzular\u0131n\u0131n reall\u0131\u011f\u0131 kimi d\u0259y\u0259rl\u0259ndirm\u0259k daha do\u011fru olard\u0131.<\/p>\n<p>Bu m\u0259qamda bir m\u0259s\u0259l\u0259ni d\u0259 vur\u011fulamaq yerin\u0259 d\u00fc\u015f\u0259r. \u0130kinci Qaraba\u011f m\u00fcharib\u0259sinin ba\u015fland\u0131\u011f\u0131 andan T\u00fcrkiy\u0259 Prezidenti R\u0259c\u0259b Tayyib \u018frdo\u011fan Az\u0259rbaycana birm\u0259nal\u0131, d\u0259qiq v\u0259 a\u00e7\u0131q d\u0259st\u0259k ifad\u0259 ed\u0259r\u0259k dedi ki, Az\u0259rbaycan t\u0259k deyil. \u015e\u00fcbh\u0259siz, bu siyasi, m\u0259n\u0259vi d\u0259st\u0259k h\u0259m \u00f6lk\u0259mizi ruhland\u0131rd\u0131, eyni zamanda, m\u00fcdaxil\u0259 etm\u0259k fikrind\u0259 olan b\u00fct\u00fcn q\u00fcvv\u0259l\u0259ri, dair\u0259l\u0259ri dayand\u0131rd\u0131. Bu m\u0259nada \u0259minlikl\u0259 dey\u0259 bil\u0259rik ki, tarixi Z\u0259f\u0259rimizd\u0259 T\u00fcrkiy\u0259nin rolu dan\u0131lmazd\u0131r. D\u00f6vl\u0259t ba\u015f\u00e7\u0131m\u0131z\u0131n s\u00f6zl\u0259ri il\u0259 des\u0259k, Az\u0259rbaycan buna qarda\u015f \u00f6lk\u0259nin d\u0259st\u0259yi il\u0259 nail oldu. \u0130ki d\u00f6vl\u0259t aras\u0131nda bel\u0259 bir prosesin m\u00f6hk\u0259m t\u0259m\u0259li is\u0259\u00a0 \u00dcmummilli Lider Heyd\u0259r \u018fliyevin Nax\u00e7\u0131vana r\u0259hb\u0259rlik etdiyi d\u00f6vrd\u0259 T\u00fcrkiy\u0259 il\u0259 qurulan qarda\u015fl\u0131q m\u00fcnasib\u0259tl\u0259ri \u0259sas\u0131nda at\u0131lm\u0131\u015fd\u0131r \u015eu\u015fa B\u0259yannam\u0259si bu qarda\u015fl\u0131\u011f\u0131n qar\u015f\u0131l\u0131ql\u0131 t\u0259sdiqi idi. Daha do\u011frusu, \u015eu\u015fa B\u0259yannam\u0259si Qurtulu\u015fumuzun m\u0259ntiqi n\u0259tic\u0259si v\u0259 T\u00fcrkiy\u0259-Az\u0259rbaycan qarda\u015fl\u0131\u011f\u0131n\u0131n daha da m\u00f6hk\u0259ml\u0259nm\u0259si dem\u0259kdir. Bel\u0259 ki, bu s\u0259n\u0259dl\u0259 qarda\u015f d\u00f6vl\u0259tin strateji, h\u0259rbi m\u00fctt\u0259fiqliyi r\u0259smil\u0259\u015fdirilib.<\/p>\n<p>B\u00fct\u00fcn bunlardan bel\u0259 q\u0259na\u0259t\u0259 g\u0259lm\u0259k olar ki, \u015eu\u015fa B\u0259yannam\u0259si Az\u0259rbaycan-T\u00fcrkiy\u0259 dostlu\u011funun v\u0259 qarda\u015fl\u0131\u011f\u0131n\u0131n zirv\u0259 n\u00f6qt\u0259si, strateji t\u0259r\u0259fda\u015fl\u0131\u011f\u0131n yeni m\u0259rh\u0259l\u0259sidir. Bu, C\u0259nubi Qafqaza yeni n\u0259f\u0259s g\u0259tirib. \u015e\u00fcbh\u0259siz, B\u0259yannam\u0259d\u0259n ir\u0259li g\u0259l\u0259n strateji v\u0259zif\u0259l\u0259rin yerin\u0259 yetirilm\u0259sinin davam etdirilm\u0259si \u00f6lk\u0259mizin regional g\u00fcc m\u0259rk\u0259zi kimi beyn\u0259lxalq arenada da m\u00f6vqeyinin m\u00f6hk\u0259ml\u0259nm\u0259sin\u0259 yeni \u00a0t\u00f6hf\u0259l\u0259r ver\u0259c\u0259k.<\/p>\n<p><strong>Qvami M\u0259h\u0259bb\u0259to\u011flu, \u201c\u0130ki sahil\u201d<\/strong><\/p>\n","protected":false},"excerpt":{"rendered":"<p>Az\u0259rbaycan xalq\u0131n\u0131n h\u0259yat\u0131nda bir s\u0131ra tarixi g\u00fcnl\u0259r vard\u0131r ki, \u0259b\u0259di olaraq yadda\u015flara silinm\u0259z izl\u0259r burax\u0131b. M\u00fcasir m\u00fcst\u0259qil Az\u0259rbaycan d\u00f6vl\u0259tinin qurucusu, \u00dcmummilli Lider Heyd\u0259r \u018fliyevin ad\u0131 il\u0259 ba\u011fl\u0131 olan 15 \u0130yun &#8211; Milli Qurtulu\u015f G\u00fcn\u00fc bu s\u0131rada \u00f6z\u00fcn\u0259m\u0259xsuslu\u011fu il\u0259 se\u00e7ilir v\u0259 \u0259b\u0259diyy\u0259t\u0259 q\u0259d\u0259r xalq\u0131m\u0131z\u0131n q\u0259lbind\u0259 ya\u015fayacaqd\u0131r. Bu m\u00f6ht\u0259\u015f\u0259m g\u00fcn art\u0131q 3 ildir ki, Z\u0259f\u0259r simvolumuz \u015eu\u015fan\u0131n \u015fahidliyi il\u0259 \u00a0imzalanm\u0131\u015f &#8220;Az\u0259rbaycan Respublikas\u0131 il\u0259 T\u00fcrkiy\u0259 Respublikas\u0131 aras\u0131nda m\u00fctt\u0259fiqlik m\u00fcnasib\u0259tl\u0259ri haqq\u0131nda \u015eu\u015fa B\u0259yannam\u0259si&#8221; il\u0259 birg\u0259 qeyd olunur. Bu m\u0259nada bu g\u00fcn bayram bayrama qovu\u015fub des\u0259k, s\u0259hv etm\u0259rik. \u015e\u00fcbh\u0259siz, h\u0259min m\u00f6ht\u0259\u015f\u0259m s\u0259n\u0259din 15 iyunda imzalanmas\u0131&hellip;<\/p>\n","protected":false},"author":2,"featured_media":730470,"comment_status":"closed","ping_status":"closed","sticky":false,"template":"","format":"standard","meta":{"om_disable_all_campaigns":false,"_monsterinsights_skip_tracking":false,"_monsterinsights_sitenote_active":false,"_monsterinsights_sitenote_note":"","_monsterinsights_sitenote_category":0},"categories":[19],"tags":[],"aioseo_notices":[],"gutentor_comment":0,"rttpg_featured_image_url":{"full":["https:\/\/arantv.az\/wp-content\/uploads\/2024\/06\/ea1818cb159221579717273152011111230-4.jpg",975,540,false],"landscape":["https:\/\/arantv.az\/wp-content\/uploads\/2024\/06\/ea1818cb159221579717273152011111230-4.jpg",975,540,false],"portraits":["https:\/\/arantv.az\/wp-content\/uploads\/2024\/06\/ea1818cb159221579717273152011111230-4.jpg",975,540,false],"thumbnail":["https:\/\/arantv.az\/wp-content\/uploads\/2024\/06\/ea1818cb159221579717273152011111230-4-500x280.jpg",500,280,true],"medium":["https:\/\/arantv.az\/wp-content\/uploads\/2024\/06\/ea1818cb159221579717273152011111230-4-660x365.jpg",660,365,true],"large":["https:\/\/arantv.az\/wp-content\/uploads\/2024\/06\/ea1818cb159221579717273152011111230-4-840x465.jpg",640,354,true],"1536x1536":["https:\/\/arantv.az\/wp-content\/uploads\/2024\/06\/ea1818cb159221579717273152011111230-4.jpg",975,540,false],"2048x2048":["https:\/\/arantv.az\/wp-content\/uploads\/2024\/06\/ea1818cb159221579717273152011111230-4.jpg",975,540,false],"post-thumbnail":["https:\/\/arantv.az\/wp-content\/uploads\/2024\/06\/ea1818cb159221579717273152011111230-4-240x172.jpg",240,172,true],"advps-thumb-one":["https:\/\/arantv.az\/wp-content\/uploads\/2024\/06\/ea1818cb159221579717273152011111230-4.jpg",975,540,false]},"rttpg_author":{"display_name":"V\u00fcsal Rafiqo\u011flu","author_link":"https:\/\/arantv.az\/?author=2"},"rttpg_comment":0,"rttpg_category":"<a href=\"https:\/\/arantv.az\/?cat=19\" rel=\"category\">G\u00fcnd\u0259m<\/a>","rttpg_excerpt":"Az\u0259rbaycan xalq\u0131n\u0131n h\u0259yat\u0131nda bir s\u0131ra tarixi g\u00fcnl\u0259r vard\u0131r ki, \u0259b\u0259di olaraq yadda\u015flara silinm\u0259z izl\u0259r burax\u0131b. M\u00fcasir m\u00fcst\u0259qil Az\u0259rbaycan d\u00f6vl\u0259tinin qurucusu, \u00dcmummilli Lider Heyd\u0259r \u018fliyevin ad\u0131 il\u0259 ba\u011fl\u0131 olan 15 \u0130yun &#8211; Milli Qurtulu\u015f G\u00fcn\u00fc bu s\u0131rada \u00f6z\u00fcn\u0259m\u0259xsuslu\u011fu il\u0259 se\u00e7ilir v\u0259 \u0259b\u0259diyy\u0259t\u0259 q\u0259d\u0259r xalq\u0131m\u0131z\u0131n q\u0259lbind\u0259 ya\u015fayacaqd\u0131r. Bu m\u00f6ht\u0259\u015f\u0259m g\u00fcn art\u0131q 3 ildir ki, Z\u0259f\u0259r simvolumuz \u015eu\u015fan\u0131n&hellip;","_links":{"self":[{"href":"https:\/\/arantv.az\/index.php?rest_route=\/wp\/v2\/posts\/730467"}],"collection":[{"href":"https:\/\/arantv.az\/index.php?rest_route=\/wp\/v2\/posts"}],"about":[{"href":"https:\/\/arantv.az\/index.php?rest_route=\/wp\/v2\/types\/post"}],"author":[{"embeddable":true,"href":"https:\/\/arantv.az\/index.php?rest_route=\/wp\/v2\/users\/2"}],"replies":[{"embeddable":true,"href":"https:\/\/arantv.az\/index.php?rest_route=%2Fwp%2Fv2%2Fcomments&post=730467"}],"version-history":[{"count":0,"href":"https:\/\/arantv.az\/index.php?rest_route=\/wp\/v2\/posts\/730467\/revisions"}],"wp:featuredmedia":[{"embeddable":true,"href":"https:\/\/arantv.az\/index.php?rest_route=\/wp\/v2\/media\/730470"}],"wp:attachment":[{"href":"https:\/\/arantv.az\/index.php?rest_route=%2Fwp%2Fv2%2Fmedia&parent=730467"}],"wp:term":[{"taxonomy":"category","embeddable":true,"href":"https:\/\/arantv.az\/index.php?rest_route=%2Fwp%2Fv2%2Fcategories&post=730467"},{"taxonomy":"post_tag","embeddable":true,"href":"https:\/\/arantv.az\/index.php?rest_route=%2Fwp%2Fv2%2Ftags&post=730467"}],"curies":[{"name":"wp","href":"https:\/\/api.w.org\/{rel}","templated":true}]}}