{"id":730471,"date":"2024-06-15T10:40:35","date_gmt":"2024-06-15T06:40:35","guid":{"rendered":"https:\/\/arantv.az\/?p=730471"},"modified":"2024-06-15T10:40:35","modified_gmt":"2024-06-15T06:40:35","slug":"qurban-bayrami-h%c9%99mr%c9%99ylik-humanizm-m%c9%99rh%c9%99m%c9%99t-r%c9%99mzidir","status":"publish","type":"post","link":"https:\/\/arantv.az\/?p=730471","title":{"rendered":"Qurban bayram\u0131 h\u0259mr\u0259ylik, humanizm, m\u0259rh\u0259m\u0259t r\u0259mzidir"},"content":{"rendered":"<p><em><strong>H\u0259r il respublikamz\u0131n b\u00fct\u00fcn b\u00f6lg\u0259l\u0259rind\u0259 Allah\u0131n ad\u0131na qurbanlar k\u0259silir, Az\u0259rbaycan\u0131n t\u0259r\u0259qqisi, \u015f\u0259hidl\u0259rimizin \u0259ziz xatir\u0259si yad olunur, xalq\u0131m\u0131z\u0131n rifah\u0131 v\u0259 \u0259min-amanl\u0131\u011f\u0131 \u00fc\u00e7\u00fcn dualar edilir<\/strong><\/em><\/p>\n<p>Qurban bayram\u0131 \u0130slam d\u00fcnyas\u0131n\u0131n \u0259n m\u00fcq\u0259dd\u0259s bayramlar\u0131ndan biridir. Bu bayram\u00a0Az\u0259rbaycan m\u00fcst\u0259qilliyini yenid\u0259n b\u0259rpa etdikd\u0259n sonra\u00a0\u00f6lk\u0259mizd\u0259 d\u00f6vl\u0259t s\u0259viyy\u0259sind\u0259 qeyd edilir. Qurban s\u00fclh, b\u0259rab\u0259rlik, b\u00fct\u00fcn insanlara sevgi, payla\u015fmaq, f\u0259dakarl\u0131q kimi m\u0259n\u0259vi d\u0259y\u0259rl\u0259rd\u0259n faydalanmaq bayram\u0131d\u0131r. M\u0259n\u0259vi safl\u0131\u011f\u0131m\u0131zda, t\u0259kam\u00fcl\u00fcm\u00fczd\u0259, ruhi t\u0259mizliyimizd\u0259 m\u00fch\u00fcm \u0259h\u0259miyy\u0259t k\u0259sb ed\u0259n bu bayramda insanlar Allaha daha da yax\u0131nla\u015f\u0131r, m\u0259n\u0259n\u00a0pak v\u0259 kamil olurlar.<\/p>\n<p>\u0130slam\u0131n humanizm, b\u0259rab\u0259rlik v\u0259 qarda\u015fl\u0131q prinsipl\u0259rin\u0259 s\u0259daq\u0259tini h\u0259mi\u015f\u0259 n\u00fcmayi\u015f etdirmi\u015f Az\u0259rbaycan xalq\u0131 \u0259srl\u0259r boyu, h\u0259tta \u0259n m\u00fcr\u0259kk\u0259b d\u00f6vrl\u0259rd\u0259 bel\u0259 Qurban bayram\u0131n\u0131 \u00f6z\u00fcn\u00fcn \u0259ziz g\u00fcnl\u0259rind\u0259n biri kimi qeyd etmi\u015fdir. Az\u0259rbaycan\u0131n d\u00f6vl\u0259t m\u00fcst\u0259qilliyinin b\u0259rpas\u0131 il\u0259 bu g\u00fcn\u00fcn m\u00fcs\u0259lman \u0259hali t\u0259r\u0259find\u0259n layiqinc\u0259 bayram edilm\u0259si \u00fc\u00e7\u00fcn \u0259lveri\u015fli \u015f\u0259rait yaranm\u0131\u015fd\u0131r. Bu bayram Az\u0259rbaycanda tolerantl\u0131\u011f\u0131n t\u0259nt\u0259n\u0259sin\u0259 \u00e7evrilmi\u015fdir. M\u00fcxt\u0259lif dini konfessiyalar\u0131n n\u00fcmay\u0259nd\u0259l\u0259ri d\u0259 bu bayram g\u00fcn\u00fcnd\u0259 vahid Az\u0259rbaycan xalq\u0131n\u0131n birlik v\u0259 qarda\u015fl\u0131\u011f\u0131n\u0131 n\u00fcmayi\u015f etdirir, m\u00fcs\u0259lman dostlar\u0131n\u0131 t\u0259brik edirl\u0259r. Bu, Az\u0259rbaycan xalq\u0131n\u0131n m\u0259n\u0259vi birliyinin ifad\u0259sidir. Y\u00fcz ill\u0259rdir ki, ayr\u0131-ayr\u0131 xalqlar\u0131n v\u0259 dinl\u0259rin m\u0259nsublar\u0131n\u0131n mehriban ail\u0259 kimi ya\u015fad\u0131qlar\u0131 Az\u0259rbaycanda qar\u015f\u0131l\u0131ql\u0131 h\u00f6rm\u0259t v\u0259 etimada \u0259saslanan n\u00fcmun\u0259vi birg\u0259ya\u015fay\u0131\u015f m\u00fchiti m\u00f6vcuddur v\u0259 etnik-m\u0259d\u0259ni m\u00fcxt\u0259liflik qorunub saxlan\u0131l\u0131r. H\u0259r il \u00f6lk\u0259mizd\u0259 r\u0259smi \u015f\u0259kild\u0259 qeyd edil\u0259n dini bayramlar m\u00fct\u0259r\u0259qqi milli-m\u0259n\u0259vi d\u0259y\u0259rl\u0259rin, sosial yard\u0131mla\u015fman\u0131n v\u0259 xeyirxahl\u0131q duy\u011fular\u0131n\u0131n t\u0259nt\u0259n\u0259sin\u0259 \u00e7evrilir, c\u0259miyy\u0259timizd\u0259 birlik v\u0259 b\u0259rab\u0259rlik ovqat\u0131n\u0131 daha da g\u00fccl\u0259ndirir. Bu c\u0259h\u0259tl\u0259r Az\u0259rbaycan\u0131 d\u00fcnyada tolerantl\u0131\u011f\u0131n v\u0259 multikulturalizmin n\u00fcmun\u0259vi m\u0259kanlar\u0131ndan biri kimi tan\u0131d\u0131r.<\/p>\n<p>Demokratik prinsipl\u0259rin, dini etiqad v\u0259 vicdan azadl\u0131\u011f\u0131n\u0131n b\u0259rq\u0259rar edildiyi m\u00fcst\u0259qil Az\u0259rbaycanda Qurban bayram\u0131 h\u0259r il d\u00f6vl\u0259t s\u0259viyy\u0259sind\u0259 qeyd olunur, h\u0259r yerd\u0259 qurbanlar k\u0259silir. Ulu \u00d6nd\u0259r Heyd\u0259r \u018fliyevin \u00f6lk\u0259y\u0259 r\u0259hb\u0259rliyinin ikinci d\u00f6vr\u00fcnd\u0259 dini d\u0259y\u0259rl\u0259r\u0259 h\u0259ssas m\u00fcnasib\u0259t d\u0259 \u00f6z\u00fcn\u00fc qabar\u0131q \u015f\u0259kild\u0259 g\u00f6st\u0259rmi\u015fdir. \u00dcmummilli Lider ilk olaraq m\u0259n\u0259viyyat\u0131n bu sah\u0259sind\u0259n ba\u015flad\u0131. \u201c\u0130slam dininin d\u0259y\u0259rl\u0259ri \u0259n y\u00fcks\u0259k mahiyy\u0259t\u0259 malik olan m\u0259n\u0259vi d\u0259y\u0259rl\u0259rdir\u201d, &#8211; dey\u0259n Ulu \u00d6nd\u0259r Heyd\u0259r \u018fliyev xalq\u0131n dini-m\u0259n\u0259vi d\u0259y\u0259rl\u0259rin\u0259 qay\u0131d\u0131\u015f\u0131n t\u0259m\u0259lini qoydu. 1994-c\u00fc il may\u0131n 21-d\u0259, Qurban bayram\u0131nda Bibiheyb\u0259t ziyar\u0259tgah\u0131na g\u0259l\u0259n \u00dcmummilli Lider d\u00f6vl\u0259tin dini-m\u0259n\u0259vi d\u0259y\u0259rl\u0259rl\u0259 ba\u011fl\u0131 \u0259sas strategiyas\u0131n\u0131 b\u0259yan etdi. Dini ocaqlar\u0131n, m\u00fcq\u0259dd\u0259s yerl\u0259rin t\u0259mir v\u0259 b\u0259rpa i\u015fl\u0259rinin \u0259sas\u0131 da o vaxtdan qoyulmu\u015fdur.<\/p>\n<p>Ulu \u00d6nd\u0259rin hakimiyy\u0259ti d\u00f6vr\u00fcnd\u0259 h\u0259r il bu bayramda azt\u0259minatl\u0131 ail\u0259l\u0259r\u0259, m\u0259cburi k\u00f6\u00e7k\u00fcnl\u0259r\u0259, sosial m\u00fcdafi\u0259y\u0259 ehtiyac\u0131 olan v\u0259t\u0259nda\u015flara, \u015f\u0259hid ail\u0259l\u0259rin\u0259 qurbanl\u0131q \u0259ti v\u0259 \u0259rzaq m\u0259hsullar\u0131ndan ibar\u0259t bayram sovqat\u0131 paylan\u0131l\u0131b. Bu g\u00fcn bu \u0259n\u0259n\u0259 Prezident \u0130lham \u018fliyev t\u0259r\u0259find\u0259n layiqinc\u0259 davam etdirilir.<\/p>\n<p>Prezident \u0130lham \u018fliyev, Birinci Vitse-prezident, Heyd\u0259r \u018fliyev Fondunun prezidenti Mehriban xan\u0131m \u018fliyevan\u0131n t\u0259\u015f\u0259bb\u00fcs\u00fc il\u0259 dini abid\u0259l\u0259r, m\u0259b\u0259dl\u0259r, ziyar\u0259tgahlar \u0259sasl\u0131 \u015f\u0259kild\u0259 b\u0259rpa edilir,\u00a0yenil\u0259ri tikilir, dini \u0259qid\u0259sin\u0259 g\u00f6r\u0259 v\u0259t\u0259nda\u015flar aras\u0131nda ayr\u0131-se\u00e7kiliy\u0259 yol verilmir. Dini d\u00f6z\u00fcms\u00fczl\u00fcy\u00fcn, irqi ayr\u0131-se\u00e7kiliyin v\u0259 islamofobiyan\u0131n\u00a0geni\u015f yay\u0131ld\u0131\u011f\u0131 bir d\u00f6vrd\u0259 \u00f6lk\u0259mizd\u0259 b\u0259rq\u0259rar olan dini v\u0259 m\u0259d\u0259ni tolerantl\u0131q\u00a0modeli d\u00fcnyaya t\u0259qdim edil\u0259n\u00a0bir s\u00fclh mesaj\u0131d\u0131r. Art\u0131q d\u00fcnyan\u0131n b\u00fct\u00fcn \u00f6lk\u0259 v\u0259 xalqlar\u0131 Az\u0259rbaycan\u0131n dinl\u0259raras\u0131, m\u0259d\u0259niyy\u0259tl\u0259raras\u0131 dialoqun s\u0259m\u0259r\u0259li inki\u015faf\u0131na t\u00f6hf\u0259 ver\u0259n bir \u00f6lk\u0259 oldu\u011funu q\u0259bul edir.<\/p>\n<p>\u00d6lk\u0259 ba\u015f\u00e7\u0131s\u0131 h\u0259r il m\u00fcq\u0259dd\u0259s Ramazan v\u0259 Qurban bayramlar\u0131 m\u00fcnasib\u0259til\u0259 Az\u0259rbaycan xalq\u0131n\u0131 t\u0259brik edir. Bu t\u0259brikl\u0259rd\u0259 Qurban bayram\u0131n\u0131n xalq\u0131m\u0131z\u0131n milli-m\u0259n\u0259vi h\u0259mr\u0259yliyinin, c\u0259miyy\u0259timizd\u0259 \u015f\u0259fq\u0259t v\u0259 m\u0259rh\u0259m\u0259t duy\u011fular\u0131n\u0131n t\u0259nt\u0259n\u0259sin\u0259 \u00e7evril\u0259c\u0259yin\u0259 \u0259minlik ifad\u0259 olunur, xalq\u0131m\u0131za xo\u015fb\u0259xtlik, \u0259min-amanl\u0131q, s\u00fcfr\u0259l\u0259rin\u0259 bol ruzi-b\u0259r\u0259k\u0259t arzulan\u0131r. H\u0259r il respublikam\u0131z\u0131n b\u00fct\u00fcn b\u00f6lg\u0259l\u0259rind\u0259 Allah\u0131n ad\u0131na qurbanlar k\u0259silir, Az\u0259rbaycan\u0131n t\u0259r\u0259qqisi, xalq\u0131m\u0131z\u0131n rifah\u0131 v\u0259 \u0259min-amanl\u0131\u011f\u0131 \u00fc\u00e7\u00fcn dualar edilir.<\/p>\n<p>Prezident \u0130lham \u018fliyev bu il d\u0259 Qurban bayram\u0131 m\u00fcnasib\u0259til\u0259 xalq\u0131m\u0131z\u0131 t\u0259brik ed\u0259r\u0259k bildirib ki, b\u0259\u015f\u0259r m\u0259d\u0259niyy\u0259tin\u0259 v\u0259 elmi-f\u0259ls\u0259fi fikir x\u0259zin\u0259sin\u0259 misilsiz t\u00f6hf\u0259l\u0259r vermi\u015f Az\u0259rbaycan xalq\u0131n\u0131n d\u00fcnyag\u00f6r\u00fc\u015f\u00fcn\u00fcn t\u0259\u015f\u0259kk\u00fcl\u00fcnd\u0259 v\u0259 milli-m\u0259d\u0259ni inki\u015faf\u0131nda \u0130slam dini m\u00fch\u00fcm m\u0259rh\u0259l\u0259 t\u0259\u015fkil edir: \u201cAyr\u0131-ayr\u0131 xalqlar\u0131n v\u0259 dinl\u0259rin m\u0259nsublar\u0131n\u0131n mehriban ail\u0259 kimi ya\u015fad\u0131qlar\u0131 \u00f6lk\u0259mizd\u0259 qar\u015f\u0131l\u0131ql\u0131 h\u00f6rm\u0259t v\u0259 etimada \u0259saslanan n\u00fcmun\u0259vi birg\u0259ya\u015fay\u0131\u015f m\u00fchitinin formala\u015fmas\u0131nda v\u0259 etnik-m\u0259d\u0259ni m\u00fcxt\u0259lifliyin g\u00fcn\u00fcm\u00fcz\u0259d\u0259k qorunub saxlan\u0131lmas\u0131nda m\u00fct\u0259r\u0259qqi islami d\u0259y\u0259rl\u0259rin rolu dan\u0131lmazd\u0131r. Dini bayramlar, o c\u00fcml\u0259d\u0259n Qurban m\u0259rasiml\u0259ri c\u0259miyy\u0259timizd\u0259 milli-m\u0259n\u0259vi birliyin, xeyirxahl\u0131q v\u0259 m\u0259rh\u0259m\u0259t duy\u011fular\u0131n\u0131n t\u0259nt\u0259n\u0259sin\u0259 \u00e7evrilir. Bu m\u00fcbar\u0259k bayram g\u00fcnl\u0259rind\u0259 \u00f6lk\u0259mizin h\u0259r yerind\u0259 geni\u015f xeyriyy\u0259\u00e7ilik v\u0259 sosial yard\u0131mla\u015fma t\u0259dbirl\u0259ri h\u0259yata ke\u00e7irilir, \u015f\u0259hidl\u0259rimizin \u00f6lm\u0259z xatir\u0259si ehtiramla yad olunur\u201d.<\/p>\n<p><em>Qurban bayram\u0131n\u0131z m\u00fcbar\u0259k!<\/em><\/p>\n<p><strong>Zahid Rza, \u201c\u0130ki sahil\u201d<\/strong><\/p>\n","protected":false},"excerpt":{"rendered":"<p>H\u0259r il respublikamz\u0131n b\u00fct\u00fcn b\u00f6lg\u0259l\u0259rind\u0259 Allah\u0131n ad\u0131na qurbanlar k\u0259silir, Az\u0259rbaycan\u0131n t\u0259r\u0259qqisi, \u015f\u0259hidl\u0259rimizin \u0259ziz xatir\u0259si yad olunur, xalq\u0131m\u0131z\u0131n rifah\u0131 v\u0259 \u0259min-amanl\u0131\u011f\u0131 \u00fc\u00e7\u00fcn dualar edilir Qurban bayram\u0131 \u0130slam d\u00fcnyas\u0131n\u0131n \u0259n m\u00fcq\u0259dd\u0259s bayramlar\u0131ndan biridir. Bu bayram\u00a0Az\u0259rbaycan m\u00fcst\u0259qilliyini yenid\u0259n b\u0259rpa etdikd\u0259n sonra\u00a0\u00f6lk\u0259mizd\u0259 d\u00f6vl\u0259t s\u0259viyy\u0259sind\u0259 qeyd edilir. Qurban s\u00fclh, b\u0259rab\u0259rlik, b\u00fct\u00fcn insanlara sevgi, payla\u015fmaq, f\u0259dakarl\u0131q kimi m\u0259n\u0259vi d\u0259y\u0259rl\u0259rd\u0259n faydalanmaq bayram\u0131d\u0131r. M\u0259n\u0259vi safl\u0131\u011f\u0131m\u0131zda, t\u0259kam\u00fcl\u00fcm\u00fczd\u0259, ruhi t\u0259mizliyimizd\u0259 m\u00fch\u00fcm \u0259h\u0259miyy\u0259t k\u0259sb ed\u0259n bu bayramda insanlar Allaha daha da yax\u0131nla\u015f\u0131r, m\u0259n\u0259n\u00a0pak v\u0259 kamil olurlar. \u0130slam\u0131n humanizm, b\u0259rab\u0259rlik v\u0259 qarda\u015fl\u0131q prinsipl\u0259rin\u0259 s\u0259daq\u0259tini h\u0259mi\u015f\u0259 n\u00fcmayi\u015f etdirmi\u015f Az\u0259rbaycan xalq\u0131 \u0259srl\u0259r boyu, h\u0259tta&hellip;<\/p>\n","protected":false},"author":2,"featured_media":730474,"comment_status":"closed","ping_status":"closed","sticky":false,"template":"","format":"standard","meta":{"om_disable_all_campaigns":false,"_monsterinsights_skip_tracking":false,"_monsterinsights_sitenote_active":false,"_monsterinsights_sitenote_note":"","_monsterinsights_sitenote_category":0},"categories":[1],"tags":[],"aioseo_notices":[],"gutentor_comment":0,"rttpg_featured_image_url":{"full":["https:\/\/arantv.az\/wp-content\/uploads\/2024\/06\/04992c51171837836145241792410147204.jpg",975,540,false],"landscape":["https:\/\/arantv.az\/wp-content\/uploads\/2024\/06\/04992c51171837836145241792410147204.jpg",975,540,false],"portraits":["https:\/\/arantv.az\/wp-content\/uploads\/2024\/06\/04992c51171837836145241792410147204.jpg",975,540,false],"thumbnail":["https:\/\/arantv.az\/wp-content\/uploads\/2024\/06\/04992c51171837836145241792410147204-500x280.jpg",500,280,true],"medium":["https:\/\/arantv.az\/wp-content\/uploads\/2024\/06\/04992c51171837836145241792410147204-660x365.jpg",660,365,true],"large":["https:\/\/arantv.az\/wp-content\/uploads\/2024\/06\/04992c51171837836145241792410147204-840x465.jpg",640,354,true],"1536x1536":["https:\/\/arantv.az\/wp-content\/uploads\/2024\/06\/04992c51171837836145241792410147204.jpg",975,540,false],"2048x2048":["https:\/\/arantv.az\/wp-content\/uploads\/2024\/06\/04992c51171837836145241792410147204.jpg",975,540,false],"post-thumbnail":["https:\/\/arantv.az\/wp-content\/uploads\/2024\/06\/04992c51171837836145241792410147204-240x172.jpg",240,172,true],"advps-thumb-one":["https:\/\/arantv.az\/wp-content\/uploads\/2024\/06\/04992c51171837836145241792410147204.jpg",975,540,false]},"rttpg_author":{"display_name":"V\u00fcsal Rafiqo\u011flu","author_link":"https:\/\/arantv.az\/?author=2"},"rttpg_comment":0,"rttpg_category":"<a href=\"https:\/\/arantv.az\/?cat=1\" rel=\"category\">C\u0259miyy\u0259t<\/a>","rttpg_excerpt":"H\u0259r il respublikamz\u0131n b\u00fct\u00fcn b\u00f6lg\u0259l\u0259rind\u0259 Allah\u0131n ad\u0131na qurbanlar k\u0259silir, Az\u0259rbaycan\u0131n t\u0259r\u0259qqisi, \u015f\u0259hidl\u0259rimizin \u0259ziz xatir\u0259si yad olunur, xalq\u0131m\u0131z\u0131n rifah\u0131 v\u0259 \u0259min-amanl\u0131\u011f\u0131 \u00fc\u00e7\u00fcn dualar edilir Qurban bayram\u0131 \u0130slam d\u00fcnyas\u0131n\u0131n \u0259n m\u00fcq\u0259dd\u0259s bayramlar\u0131ndan biridir. Bu bayram\u00a0Az\u0259rbaycan m\u00fcst\u0259qilliyini yenid\u0259n b\u0259rpa etdikd\u0259n sonra\u00a0\u00f6lk\u0259mizd\u0259 d\u00f6vl\u0259t s\u0259viyy\u0259sind\u0259 qeyd edilir. Qurban s\u00fclh, b\u0259rab\u0259rlik, b\u00fct\u00fcn insanlara sevgi, payla\u015fmaq, f\u0259dakarl\u0131q kimi m\u0259n\u0259vi d\u0259y\u0259rl\u0259rd\u0259n faydalanmaq bayram\u0131d\u0131r.&hellip;","_links":{"self":[{"href":"https:\/\/arantv.az\/index.php?rest_route=\/wp\/v2\/posts\/730471"}],"collection":[{"href":"https:\/\/arantv.az\/index.php?rest_route=\/wp\/v2\/posts"}],"about":[{"href":"https:\/\/arantv.az\/index.php?rest_route=\/wp\/v2\/types\/post"}],"author":[{"embeddable":true,"href":"https:\/\/arantv.az\/index.php?rest_route=\/wp\/v2\/users\/2"}],"replies":[{"embeddable":true,"href":"https:\/\/arantv.az\/index.php?rest_route=%2Fwp%2Fv2%2Fcomments&post=730471"}],"version-history":[{"count":0,"href":"https:\/\/arantv.az\/index.php?rest_route=\/wp\/v2\/posts\/730471\/revisions"}],"wp:featuredmedia":[{"embeddable":true,"href":"https:\/\/arantv.az\/index.php?rest_route=\/wp\/v2\/media\/730474"}],"wp:attachment":[{"href":"https:\/\/arantv.az\/index.php?rest_route=%2Fwp%2Fv2%2Fmedia&parent=730471"}],"wp:term":[{"taxonomy":"category","embeddable":true,"href":"https:\/\/arantv.az\/index.php?rest_route=%2Fwp%2Fv2%2Fcategories&post=730471"},{"taxonomy":"post_tag","embeddable":true,"href":"https:\/\/arantv.az\/index.php?rest_route=%2Fwp%2Fv2%2Ftags&post=730471"}],"curies":[{"name":"wp","href":"https:\/\/api.w.org\/{rel}","templated":true}]}}