{"id":730485,"date":"2024-06-15T10:46:47","date_gmt":"2024-06-15T06:46:47","guid":{"rendered":"https:\/\/arantv.az\/?p=730485"},"modified":"2024-06-15T10:46:47","modified_gmt":"2024-06-15T06:46:47","slug":"pasinyan-n%c9%99yi-imitasiya-edir-erm%c9%99ni-bas-nazirin-oyunlari","status":"publish","type":"post","link":"https:\/\/arantv.az\/?p=730485","title":{"rendered":"Pa\u015finyan n\u0259yi imitasiya edir?- Erm\u0259ni ba\u015f nazirin oyunlar\u0131"},"content":{"rendered":"<div class=\"text-content\" data-id=\"\" data-url=\"\">\n<p><strong>Obyektivlik namin\u0259 dem\u0259k laz\u0131md\u0131r ki, Erm\u0259nistanda nazirl\u0259rin, h\u00f6kum\u0259t ba\u015f\u00e7\u0131lar\u0131n\u0131n parlamentd\u0259 hesabat xarakterli \u00e7\u0131x\u0131\u015flar etm\u0259si he\u00e7 d\u0259 nadir hadis\u0259 deyil, bel\u0259 xarakterli olaylar tez-tez olur.<\/strong><\/p>\n<p>Amma ki, Nikol Pa\u015finyan\u0131n parlament\u0259 hesabat verm\u0259k haqq\u0131ndak\u0131 q\u0259rar\u0131n\u0131 bir s\u0131ra siyasi t\u0259hlil\u00e7il\u0259r ke\u015fi\u015f Baqrat\u0131n t\u0259zyiqi il\u0259 ba\u011flad\u0131lar<\/p>\n<p>Biz\u0259 is\u0259 el\u0259 g\u0259lir ki, sad\u0259c\u0259, Pa\u015finyan yaranm\u0131\u015f v\u0259ziyy\u0259td\u0259n faydalanmaq q\u0259rar\u0131na g\u0259ldi ki, h\u0259m insanlara s\u00f6z\u00fcn\u00fc desin, h\u0259m d\u0259 bel\u0259 t\u0259s\u0259vv\u00fcr yaranmas\u0131n ki, o, etiraz\u00e7\u0131lar\u0131n b\u00fct\u00fcn t\u0259l\u0259bl\u0259rin\u0259 etinas\u0131zd\u0131r.<\/p>\n<p><strong>\u0130ndi qal\u0131r g\u0259l\u0259n h\u0259ft\u0259 bazar ert\u0259si ba\u015f tutacaq n\u00f6vb\u0259d\u0259nk\u0259nar sessiyan\u0131 g\u00f6zl\u0259m\u0259k. N\u0259s\u0259 olacaqm\u0131? D\u00fc\u015f\u00fcnm\u00fcr\u00fck. Ona g\u00f6r\u0259 ki, bu q\u0259d\u0259r \u0259ld\u0259n-ayaqdan getm\u0259sin\u0259 baxmayaraq, Baqrat bir n\u0259f\u0259r deputat tapa bilmir ki, parlamentin g\u00fcnd\u0259liyin\u0259 Nikolun impi\u00e7menti haqq\u0131nda m\u0259s\u0259l\u0259 sals\u0131n.<\/strong><\/p>\n<p>El\u0259 bu s\u0259b\u0259bd\u0259n d\u0259 bazar ert\u0259si d\u0259 he\u00e7 n\u0259 olmayacaq, \u00e7\u00fcnki qanunverici orqanda mandatlar\u0131n b\u00f6y\u00fck \u0259ks\u0259riyy\u0259ti hakim partiyaya m\u0259xsusdur. M\u0259hz buna g\u00f6r\u0259 d\u0259 Rusiya m\u0259nb\u0259l\u0259ri ke\u015fi\u015fin pay\u0131za q\u0259d\u0259r fasil\u0259 g\u00f6t\u00fcr\u0259c\u0259yi haqq\u0131nda yaz\u0131rlar. Bu is\u0259 o dem\u0259kdir ki, h\u0259tta Moskvada da Baqrat\u0131n n\u0259s\u0259 ed\u0259 bil\u0259c\u0259yin\u0259 q\u0259ti inanm\u0131rlar. Bel\u0259d\u0259 is\u0259 Kremld\u0259 d\u00fc\u015f\u00fcn\u00fcrl\u0259r ki, qar\u015f\u0131da Erm\u0259nistanda etirazlar yaratmaq \u00fc\u00e7\u00fcn h\u0259l\u0259 xeyli z\u0259min var: daha d\u00f6rd k\u0259nd Az\u0259rbaycana qaytar\u0131lmal\u0131d\u0131r, konstitusiyan\u0131n d\u0259yi\u015fm\u0259si istisna olunmur, s\u00fclh sazi\u015fi imzalana bil\u0259r v\u0259 s.<\/p>\n<p>Nikol Pa\u015finyan\u0131n \u00e7\u0131x\u0131\u015flar\u0131na g\u0259ldikd\u0259 is\u0259, o, bir daha qeyd etdi ki, \u201cDa\u011fl\u0131q Qaraba\u011f\u201d Az\u0259rbaycan\u0131n \u0259razisidir. \u00dcst\u0259lik, son vaxtlar erm\u0259ni siyas\u0259t\u00e7il\u0259rin v\u0259 diplomatlar\u0131n bir \u00e7oxu, o c\u00fcml\u0259d\u0259n d\u0259 Pa\u015finyan\u0131n \u00f6z\u00fc bildirir ki, bir ay \u0259rzind\u0259 Az\u0259rbaycanla s\u00fclh sazi\u015fi imzalana bil\u0259r. Amma burada bir m\u0259qam var. Pa\u015finyan bel\u0259 deyir, amma b\u0259zi m\u0259s\u0259l\u0259l\u0259ri, nec\u0259 dey\u0259rl\u0259r, m\u00f6t\u0259riz\u0259 xaricin\u0259 \u00e7\u0131xar\u0131r: m\u0259s\u0259l\u0259n, bildirir ki, konstitusiyan\u0131n d\u0259yi\u015fdirilm\u0259si s\u00fclh dan\u0131\u015f\u0131qlar\u0131n\u0131n yox, demokratik islahatlar\u0131n t\u0259rkib hiss\u0259sidir. Bel\u0259 b\u0259yan edir ki, s\u00fclh sazi\u015fi imzalana q\u0259d\u0259r d\u0259 kommunikasiyalar a\u00e7\u0131la bil\u0259r v\u0259 guya ki, bu, t\u0259r\u0259fl\u0259r aras\u0131nda etimad\u0131 bir az da art\u0131ra bil\u0259r. Amma o, bir m\u0259qam\u0131 unudur: Az\u0259rbaycan s\u00fclh sazi\u015fini t\u0259k Nikol Pa\u015finyan hakimiyy\u0259til\u0259 yox, Erm\u0259nistanla imzalamaq ist\u0259yir.<\/p>\n<p>M\u0259s\u0259l\u0259n, konstitusiya d\u0259yi\u015fdirilm\u0259s\u0259, onlardan sonrak\u0131 hakimiyy\u0259tl\u0259r \u201cBu sazi\u015f \u201cali qanun\u201da ziddir\u201d deyib onu l\u0259\u011fv etm\u0259y\u0259c\u0259kl\u0259rmi? \u00dcst\u0259lik, t\u0259minat varm\u0131 ki, kommunikasiyalar\u0131n qabaqcadan a\u00e7\u0131laca\u011f\u0131 t\u0259qdird\u0259 erm\u0259nil\u0259r Bak\u0131 il\u0259 s\u00fclh sazi\u015fi imzalayacaqlar? Ax\u0131 kommunikasiyalar da m\u0259hz ona g\u00f6r\u0259 ba\u011flan\u0131b ki, Erm\u0259nistan Az\u0259rbaycana qar\u015f\u0131 t\u0259cav\u00fczd\u0259n \u0259l \u00e7\u0259ksin! Haz\u0131rda Erm\u0259nistan\u0131n t\u0259cav\u00fcz\u00fcn\u0259 real olaraq son qoyulsa da o, h\u00fcquqi olaraq tam aradan qald\u0131r\u0131lmay\u0131b \u2013 erm\u0259ni konstitusiyas\u0131nda Bak\u0131 v\u0259 Ankaraya qar\u015f\u0131 ciddi \u0259razi iddialar\u0131 var&#8230;<\/p>\n<p><strong>El\u0259 bu s\u0259b\u0259bd\u0259n d\u0259 b\u0259z\u0259n bel\u0259 t\u0259s\u0259vv\u00fcr yaran\u0131r ki, erm\u0259ni ba\u015f naziri sad\u0259c\u0259, s\u00fclh\u00fc imitasiya edir. \u018flb\u0259tt\u0259, onun h\u0259r\u0259k\u0259tl\u0259rind\u0259 bu, he\u00e7 d\u0259 yox deyildir, amma dem\u0259k olmaz ki, Nikolun b\u00fct\u00fcn h\u0259r\u0259k\u0259tl\u0259ri yaln\u0131z v\u0259 yaln\u0131z imitasiyad\u0131r. Yox, bir daha deyirik: parlamentd\u0259ki son \u00e7\u0131x\u0131\u015f\u0131nda Nikol bir daha b\u0259yan etdi ki, Da\u011fl\u0131q Qaraba\u011f Az\u0259rbaycan\u0131n \u0259razisidir. Amma bunun qar\u015f\u0131l\u0131\u011f\u0131nda Belarus prezidenti A.Luka\u015fenkonun qaras\u0131nca bir xeyli deyindi. Onu buna n\u0259 vadar etdi?<\/strong><\/p>\n<p>Yada salaq ki, Erm\u0259nistanla Belarus aras\u0131nda ilk qalmaqal Nikol Pa\u015finyan\u0131n t\u0259z\u0259c\u0259 hakimiyy\u0259t\u0259 g\u0259ldiyi aylarda da olmu\u015fdu \u2013 o vaxt da s\u0259b\u0259b el\u0259 KTMT v\u0259 ona r\u0259hb\u0259rlik m\u0259s\u0259l\u0259si idi. \u0130ndi d\u0259 Nikol \u00e7ox b\u00f6y\u00fck ehtimalla, Luka\u015fenkonu ona g\u00f6r\u0259 h\u0259d\u0259f se\u00e7ib ki, Putin\u0259 dey\u0259 bilm\u0259dikl\u0259rini onun \u00fcnvan\u0131na desin, h\u0259m d\u0259 \u00f6z\u00fcn\u00fcn anti-KTMT planlar\u0131 \u00fc\u00e7\u00fcn bir s\u0259b\u0259b g\u00f6st\u0259rsin. Bu vaxta q\u0259d\u0259r o deyirdi ki, \u0130r\u0259van KTMT-d\u0259n ona g\u00f6r\u0259 incikdir ki, \u0130kinci Qaraba\u011f sava\u015f\u0131 zaman\u0131 ondan d\u0259st\u0259k g\u00f6rm\u0259di. Amma Nikol Pa\u015finyan haz\u0131rda bunu dey\u0259 bilmir, \u00e7\u00fcnki bel\u0259 b\u0259yanatlar onun Da\u011fl\u0131q Qaraba\u011f\u0131n Az\u0259rbaycana m\u0259xsus olmas\u0131, Bak\u0131 il\u0259 bir ay \u0259rzind\u0259 s\u00fclh sazi\u015fi imzalama\u011fa haz\u0131r olmas\u0131 haqda dedikl\u0259ril\u0259ril\u0259 ziddiyy\u0259t t\u0259\u015fkil edir. Bu s\u0259b\u0259bd\u0259n d\u0259 o, h\u0259d\u0259f kimi Belarus prezidentini se\u00e7ib. \u018flb\u0259tt\u0259, bel\u0259 ehtimal da s\u00f6yl\u0259nir ki, guya Nikol Luka\u015fenkonu Az\u0259rbaycana s\u0259f\u0259ri zaman\u0131 s\u00f6yl\u0259dikl\u0259rin\u0259 g\u00f6r\u0259, \u00fcmumiyy\u0259tl\u0259, Az\u0259rbaycanp\u0259r\u0259st siyas\u0259tin\u0259 g\u00f6r\u0259 h\u0259d\u0259f se\u00e7ibdir. \u018flb\u0259tt\u0259, bu da var v\u0259 bunu da tam inkar etm\u0259k olmaz, amma biz\u0259 el\u0259 g\u0259lir ki, \u0259sas s\u0259b\u0259b bir az \u0259vv\u0259l dedikl\u0259rimizdir&#8230;<\/p>\n<div class=\"news-author text-left\"><a href=\"https:\/\/musavat.com\/author\/huseynbala-selimov_97\"><img class=\"img-responsive img-author\" src=\"https:\/\/cdn.musavat.com\/authors\/thumbnails\/b4bb674934bb00d4ad8d2de3acc869ad.jpg\" \/>H\u00fcseynbala S\u0259limov<\/a><\/div>\n<\/div>\n<div><\/div>\n<div><\/div>\n<div class=\"inner-social-box\">\n<div class=\"subs-in-social subs-whatsapp\"><\/div>\n<\/div>\n","protected":false},"excerpt":{"rendered":"<p>Obyektivlik namin\u0259 dem\u0259k laz\u0131md\u0131r ki, Erm\u0259nistanda nazirl\u0259rin, h\u00f6kum\u0259t ba\u015f\u00e7\u0131lar\u0131n\u0131n parlamentd\u0259 hesabat xarakterli \u00e7\u0131x\u0131\u015flar etm\u0259si he\u00e7 d\u0259 nadir hadis\u0259 deyil, bel\u0259 xarakterli olaylar tez-tez olur. Amma ki, Nikol Pa\u015finyan\u0131n parlament\u0259 hesabat verm\u0259k haqq\u0131ndak\u0131 q\u0259rar\u0131n\u0131 bir s\u0131ra siyasi t\u0259hlil\u00e7il\u0259r ke\u015fi\u015f Baqrat\u0131n t\u0259zyiqi il\u0259 ba\u011flad\u0131lar Biz\u0259 is\u0259 el\u0259 g\u0259lir ki, sad\u0259c\u0259, Pa\u015finyan yaranm\u0131\u015f v\u0259ziyy\u0259td\u0259n faydalanmaq q\u0259rar\u0131na g\u0259ldi ki, h\u0259m insanlara s\u00f6z\u00fcn\u00fc desin, h\u0259m d\u0259 bel\u0259 t\u0259s\u0259vv\u00fcr yaranmas\u0131n ki, o, etiraz\u00e7\u0131lar\u0131n b\u00fct\u00fcn t\u0259l\u0259bl\u0259rin\u0259 etinas\u0131zd\u0131r. \u0130ndi qal\u0131r g\u0259l\u0259n h\u0259ft\u0259 bazar ert\u0259si ba\u015f tutacaq n\u00f6vb\u0259d\u0259nk\u0259nar sessiyan\u0131 g\u00f6zl\u0259m\u0259k. N\u0259s\u0259 olacaqm\u0131? D\u00fc\u015f\u00fcnm\u00fcr\u00fck. Ona g\u00f6r\u0259 ki, bu q\u0259d\u0259r \u0259ld\u0259n-ayaqdan&hellip;<\/p>\n","protected":false},"author":2,"featured_media":730486,"comment_status":"closed","ping_status":"closed","sticky":false,"template":"","format":"standard","meta":{"om_disable_all_campaigns":false,"_monsterinsights_skip_tracking":false,"_monsterinsights_sitenote_active":false,"_monsterinsights_sitenote_note":"","_monsterinsights_sitenote_category":0},"categories":[19],"tags":[],"aioseo_notices":[],"gutentor_comment":0,"rttpg_featured_image_url":{"full":["https:\/\/arantv.az\/wp-content\/uploads\/2024\/06\/84ccc99bbaad58922def76b12914c34b.jpg",620,413,false],"landscape":["https:\/\/arantv.az\/wp-content\/uploads\/2024\/06\/84ccc99bbaad58922def76b12914c34b.jpg",620,413,false],"portraits":["https:\/\/arantv.az\/wp-content\/uploads\/2024\/06\/84ccc99bbaad58922def76b12914c34b.jpg",620,413,false],"thumbnail":["https:\/\/arantv.az\/wp-content\/uploads\/2024\/06\/84ccc99bbaad58922def76b12914c34b-500x280.jpg",500,280,true],"medium":["https:\/\/arantv.az\/wp-content\/uploads\/2024\/06\/84ccc99bbaad58922def76b12914c34b-548x365.jpg",548,365,true],"large":["https:\/\/arantv.az\/wp-content\/uploads\/2024\/06\/84ccc99bbaad58922def76b12914c34b.jpg",620,413,false],"1536x1536":["https:\/\/arantv.az\/wp-content\/uploads\/2024\/06\/84ccc99bbaad58922def76b12914c34b.jpg",620,413,false],"2048x2048":["https:\/\/arantv.az\/wp-content\/uploads\/2024\/06\/84ccc99bbaad58922def76b12914c34b.jpg",620,413,false],"post-thumbnail":["https:\/\/arantv.az\/wp-content\/uploads\/2024\/06\/84ccc99bbaad58922def76b12914c34b-240x172.jpg",240,172,true],"advps-thumb-one":["https:\/\/arantv.az\/wp-content\/uploads\/2024\/06\/84ccc99bbaad58922def76b12914c34b.jpg",620,413,false]},"rttpg_author":{"display_name":"V\u00fcsal Rafiqo\u011flu","author_link":"https:\/\/arantv.az\/?author=2"},"rttpg_comment":0,"rttpg_category":"<a href=\"https:\/\/arantv.az\/?cat=19\" rel=\"category\">G\u00fcnd\u0259m<\/a>","rttpg_excerpt":"Obyektivlik namin\u0259 dem\u0259k laz\u0131md\u0131r ki, Erm\u0259nistanda nazirl\u0259rin, h\u00f6kum\u0259t ba\u015f\u00e7\u0131lar\u0131n\u0131n parlamentd\u0259 hesabat xarakterli \u00e7\u0131x\u0131\u015flar etm\u0259si he\u00e7 d\u0259 nadir hadis\u0259 deyil, bel\u0259 xarakterli olaylar tez-tez olur. Amma ki, Nikol Pa\u015finyan\u0131n parlament\u0259 hesabat verm\u0259k haqq\u0131ndak\u0131 q\u0259rar\u0131n\u0131 bir s\u0131ra siyasi t\u0259hlil\u00e7il\u0259r ke\u015fi\u015f Baqrat\u0131n t\u0259zyiqi il\u0259 ba\u011flad\u0131lar Biz\u0259 is\u0259 el\u0259 g\u0259lir ki, sad\u0259c\u0259, Pa\u015finyan yaranm\u0131\u015f v\u0259ziyy\u0259td\u0259n faydalanmaq q\u0259rar\u0131na g\u0259ldi ki,&hellip;","_links":{"self":[{"href":"https:\/\/arantv.az\/index.php?rest_route=\/wp\/v2\/posts\/730485"}],"collection":[{"href":"https:\/\/arantv.az\/index.php?rest_route=\/wp\/v2\/posts"}],"about":[{"href":"https:\/\/arantv.az\/index.php?rest_route=\/wp\/v2\/types\/post"}],"author":[{"embeddable":true,"href":"https:\/\/arantv.az\/index.php?rest_route=\/wp\/v2\/users\/2"}],"replies":[{"embeddable":true,"href":"https:\/\/arantv.az\/index.php?rest_route=%2Fwp%2Fv2%2Fcomments&post=730485"}],"version-history":[{"count":0,"href":"https:\/\/arantv.az\/index.php?rest_route=\/wp\/v2\/posts\/730485\/revisions"}],"wp:featuredmedia":[{"embeddable":true,"href":"https:\/\/arantv.az\/index.php?rest_route=\/wp\/v2\/media\/730486"}],"wp:attachment":[{"href":"https:\/\/arantv.az\/index.php?rest_route=%2Fwp%2Fv2%2Fmedia&parent=730485"}],"wp:term":[{"taxonomy":"category","embeddable":true,"href":"https:\/\/arantv.az\/index.php?rest_route=%2Fwp%2Fv2%2Fcategories&post=730485"},{"taxonomy":"post_tag","embeddable":true,"href":"https:\/\/arantv.az\/index.php?rest_route=%2Fwp%2Fv2%2Ftags&post=730485"}],"curies":[{"name":"wp","href":"https:\/\/api.w.org\/{rel}","templated":true}]}}