{"id":730488,"date":"2024-06-15T10:47:42","date_gmt":"2024-06-15T06:47:42","guid":{"rendered":"https:\/\/arantv.az\/?p=730488"},"modified":"2024-06-15T10:47:42","modified_gmt":"2024-06-15T06:47:42","slug":"turkiy%c9%99-nato-dan-cixacaq-iddiasi-qardas-olk%c9%99-yol-ayricinda","status":"publish","type":"post","link":"https:\/\/arantv.az\/?p=730488","title":{"rendered":"T\u00fcrkiy\u0259 NATO-dan \u00e7\u0131xacaq iddias\u0131 &#8211; qarda\u015f \u00f6lk\u0259 yol ayr\u0131c\u0131nda?"},"content":{"rendered":"<p><strong>Rusiyal\u0131 v\u0259 Az\u0259rbaycanl\u0131 politoloqlardan ilginc proqnoz<\/strong><\/p>\n<p>\u201cT\u00fcrkiy\u0259 xarici i\u015fl\u0259r naziri Hakan Fidan\u0131n BR\u0130KS-l\u0259 ba\u011fl\u0131 a\u00e7\u0131qlamas\u0131 tarixi, faktiki olaraq d\u00f6n\u00fc\u015f an\u0131d\u0131r\u201d. Bunu Rusiyal\u0131 ultra-m\u00fchafiz\u0259kar filosof v\u0259 \u201cRus d\u00fcnyas\u0131\u201dn\u0131n ideoloqu, avrasiya\u00e7\u0131 Aleksandr Duqin deyib (Axar.az).<\/p>\n<p><em>\u201cBu oriyentasiya il\u0259 T\u00fcrkiy\u0259 m\u00fcst\u0259qilliyini g\u00fccl\u0259ndir\u0259c\u0259k. B\u00fct\u00fcn \u00e7\u0259tinlikl\u0259r\u0259 baxmayaraq, T\u00fcrkiy\u0259 m\u00fcxt\u0259lif q\u00fctbl\u0259r aras\u0131nda tarazl\u0131\u011f\u0131 qoruyub saxlaya bildi. Ancaq bir adam eyni anda iki stulda otura bilm\u0259z. T\u00fcrkiy\u0259nin balans siyas\u0259ti bu \u015f\u0259kild\u0259 davam ed\u0259 bilm\u0259z. T\u00fcrkiy\u0259 yolayr\u0131c\u0131na yax\u0131nla\u015f\u0131r\u201d, &#8211; Duqin bildirib.<\/em><\/p>\n<p>Onun s\u00f6zl\u0259rin\u0259 g\u00f6r\u0259, T\u00fcrkiy\u0259nin BR\u0130KS \u00fczvl\u00fcy\u00fc onun NATO-dan \u00e7\u0131xmas\u0131na g\u0259tirib \u00e7\u0131xaracaq.<\/p>\n<p>Qeyd ed\u0259k ki, T\u00fcrkiy\u0259 xarici i\u015fl\u0259r naziri Hakan Fidan Ankaran\u0131n BR\u0130KS-\u0259 \u00fczv olmaq \u00fc\u00e7\u00fcn m\u00fcraci\u0259t etdiyini bildirmi\u015fdi.<\/p>\n<p><em>Duqin haql\u0131m\u0131? BR\u0130KS-\u0259 qo\u015fulmaq T\u00fcrkiy\u0259nin NATO-dan ayr\u0131lmas\u0131n\u0131 s\u00fcr\u0259tl\u0259ndir\u0259 bil\u0259rmi? Qarda\u015f \u00f6lk\u0259 h\u0259qiq\u0259t\u0259nmi yolayr\u0131c\u0131na (Q\u0259rbl\u0259 Rusiya-\u00c7in aras\u0131nda) se\u00e7im\u0259 yax\u0131nla\u015f\u0131b? Az\u0259rbaycana m\u00fcmk\u00fcn t\u0259sirl\u0259ri n\u0259 ola bil\u0259r?<\/em><\/p>\n<p><em><img src=\"https:\/\/pravda.az\/cdn\/2022\/march\/17\/anar55.jpg\" alt=\"Anar \u018fliyev: \u201cRusiya h\u0259m region xalqlar\u0131na v\u0259 d\u00f6vl\u0259tl\u0259r\u0259, h\u0259m d\u0259 beyn\u0259lxalq  ictimaiyy\u0259t\u0259 g\u00f6st\u0259rdi ki...\u201d Pravda.az\" \/><\/em><\/p>\n<p><strong><em>Anar \u018fliyev\u00a0<\/em><\/strong><\/p>\n<p>Politoloq Anar \u018fliyev \u201cYeni M\u00fcsavat\u201da bildirdi ki, T\u00fcrkiy\u0259 xarici i\u015fl\u0259r naziri Hakan Fidan t\u0259msil etdiyi \u00f6lk\u0259ni BR\u0130KS-\u0259 \u00fczv olmaq ist\u0259yi v\u0259 t\u0259\u015fkilata \u00fczv d\u00f6vl\u0259tl\u0259rin bu ist\u0259y\u0259 isti m\u00fcnasib\u0259til\u0259 ba\u011fl\u0131 fikir a\u00e7\u0131qlay\u0131b. Bu, T\u00fcrkiy\u0259 \u00fc\u00e7\u00fcn \u00e7ox ciddi perspektivl\u0259r v\u0259 g\u0259l\u0259c\u0259k inki\u015faf, x\u00fcsusil\u0259 d\u0259 iqtisadi sah\u0259d\u0259 b\u00f6y\u00fck \u0259m\u0259kda\u015fl\u0131q perspektivl\u0259ri v\u0259d ed\u0259n platformad\u0131r. T\u00fcrkiy\u0259nin \u00fcz\u00fcn\u0259 b\u00f6y\u00fck qap\u0131lar\u0131n a\u00e7\u0131lmas\u0131 imkanlar\u0131d\u0131r: \u201cHesab edir\u0259m ki, T\u00fcrkiy\u0259nin BR\u0130KS-\u0259 \u00fczv olmaqla ba\u011fl\u0131 m\u00f6vqeyi h\u0259m d\u0259 Avropa \u0130ttifaq\u0131 il\u0259 ba\u011fl\u0131 yaranm\u0131\u015f qeyri-m\u00fc\u0259yy\u0259n v\u0259 qeyri-ciddi m\u00f6vcud v\u0259ziyy\u0259t\u0259 alternativdir. \u00c7\u00fcnki 1999-cu ild\u0259n T\u00fcrkiy\u0259 Avropa \u0130ttifaq\u0131na qo\u015fulmaqla ba\u011fl\u0131 m\u00fcraci\u0259t ets\u0259 d\u0259 \u00f6t\u0259n 25 il \u0259rzind\u0259 T\u00fcrkiy\u0259 qar\u015f\u0131s\u0131nda kifay\u0259t q\u0259d\u0259r s\u00fcni mane\u0259l\u0259r yaratmaqla m\u0259qs\u0259dli \u015f\u0259kild\u0259 T\u00fcrkiy\u0259nin bu birliy\u0259 \u00fczvl\u00fcy\u00fcn\u0259 mane\u0259l\u0259r yarad\u0131l\u0131b. T\u00fcrkiy\u0259y\u0259 ayr\u0131-se\u00e7kilik h\u0259r zaman \u00f6z\u00fcn\u00fc g\u00f6st\u0259rib. Bu bir daha t\u00fcrk m\u00fcs\u0259lman d\u00f6vl\u0259tinin xristian ittifaq\u0131nda-Avropa \u0130ttifaq\u0131nda xo\u015f qar\u015f\u0131lanmad\u0131\u011f\u0131n\u0131 n\u00fcmayi\u015f el\u0259tdirir. Hesab edir\u0259m ki, son d\u00f6vrl\u0259r T\u00fcrkiy\u0259nin Avropa \u0130ttifaq\u0131na ciddi alternativ\u0259, r\u0259qib\u0259 \u00e7evrilmi\u015f BR\u0130KS t\u0259\u015fkilat\u0131na \u00fczvl\u00fckl\u0259 ba\u011fl\u0131 m\u00f6vqe ortaya qoymas\u0131 n\u0259hay\u0259t ki, T\u00fcrkiy\u0259nin d\u00fczg\u00fcn se\u00e7im etdiyini, q\u0259bul edilm\u0259y\u0259n yerd\u0259 olma\u011fa c\u0259hd etm\u0259kd\u0259ns\u0259 daha b\u00f6y\u00fck potensiala sahib t\u0259r\u0259fda\u015flarla \u0259m\u0259kda\u015fl\u0131\u011f\u0131 \u00f6z\u00fcnd\u0259 \u0259ks el\u0259tdir\u0259n birliy\u0259 qo\u015fulmaq daha b\u00f6y\u00fck n\u0259tic\u0259l\u0259r do\u011furacaq\u201d.<\/p>\n<p>Politoloq qeyd etdi ki, eyni zamanda BR\u0130KS-\u0259 \u00fczv d\u00f6vl\u0259tl\u0259rin h\u0259m Rusiya, \u00c7\u0130N, Brazilya, Hindistan v\u0259 C\u0259nubi Afrika Respublikas\u0131n\u0131n T\u00fcrkiy\u0259y\u0259 m\u00fcnasib\u0259ti, T\u00fcrkiy\u0259nin bu t\u0259\u015fkilata \u00fczvl\u00fcy\u00fcn\u0259 yana\u015fmas\u0131 \u00e7ox m\u00fcsb\u0259tdir. D\u00fcnyan\u0131n i\u015fl\u0259nm\u0259mi\u015f t\u0259bii s\u0259rv\u0259tl\u0259rinin t\u0259xmin\u0259n 60 faiz\u0259 yax\u0131n\u0131n\u0131, d\u00fcnya \u0259halisinin 40 faizd\u0259n \u00e7oxunu \u00f6z\u00fcnd\u0259 birl\u0259\u015fdir\u0259n, d\u00fcnya iqtisadiyyat\u0131n\u0131n 40 faizd\u0259n \u00e7oxunu t\u0259\u015fkil ed\u0259n d\u00f6vl\u0259tl\u0259rin birl\u0259\u015fdiyi bu t\u0259\u015fkilat T\u00fcrkiy\u0259nin iqtisadi g\u00fcc\u00fcn\u00fc daha da art\u0131rm\u0131\u015f olacaq: \u201cAmma maraql\u0131d\u0131r ki, T\u00fcrkiy\u0259nin BR\u0130KS-\u0259 qo\u015fulaca\u011f\u0131 il\u0259 ba\u011fl\u0131 m\u00f6vqeyi q\u0259til\u0259\u015fdikd\u0259n sonra yax\u0131n m\u00fcdd\u0259t \u0259rzind\u0259, x\u00fcsusil\u0259 bu il T\u00fcrkiy\u0259nin oraya \u00fczv olma \u015fanslar\u0131 artd\u0131qca b\u0259zi dair\u0259l\u0259rd\u0259 T\u00fcrkiy\u0259nin se\u00e7im qar\u015f\u0131s\u0131nda, yol ayr\u0131c\u0131nda oldu\u011fu, Q\u0259rbl\u0259 Rusiya \u00c7in aras\u0131nda se\u00e7im etm\u0259k m\u0259cburiyy\u0259tind\u0259 qald\u0131\u011f\u0131 il\u0259 ba\u011fl\u0131 m\u00f6vqel\u0259r s\u0259rgil\u0259nir. X\u00fcsusil\u0259 d\u0259 NATO-ya alternativ kimi BR\u0130KS qiym\u0259tl\u0259ndirilir. Hesab edir\u0259m ki, BR\u0130KS he\u00e7 bir halda NATO-ya alternativ deyil. \u00c7\u00fcnki NATO-dan f\u0259rqli olaraq BR\u0130KS h\u0259rbi blok deyil, d\u00f6vl\u0259tl\u0259rin daxili i\u015fl\u0259rin\u0259 m\u00fcdaxil\u0259 etm\u0259d\u0259n, siyasi prosesl\u0259r\u0259 qar\u0131\u015fmadan daha \u00e7ox iqtisadi \u0259m\u0259kda\u015fl\u0131\u011f\u0131 \u00f6z\u00fcnd\u0259 \u0259ks etdir\u0259n t\u0259\u015fkilatd\u0131r. Amma t\u0259bii ki, BR\u0130KS daha \u00e7ox Rusiya v\u0259 \u00c7inin, m\u00fc\u0259yy\u0259n m\u0259nada Hindistan\u0131n n\u0259zar\u0259ti alt\u0131nda olan, daha \u00e7ox onlar\u0131n iqtisadi maraqlar\u0131na xidm\u0259t el\u0259y\u0259n bir birlik oldu\u011fu \u00fc\u00e7\u00fcn T\u00fcrkiy\u0259nin iqtisadi y\u00f6n\u00fcn\u00fcn Q\u0259rbd\u0259n daha \u00e7ox bu t\u0259\u015fkilata v\u0259 bu t\u0259\u015fkilat\u0131n \u00fczvl\u0259rin\u0259 istiqam\u0259tl\u0259ndiyini qeyd ed\u0259 bil\u0259rik. Bunun is\u0259 t\u0259bii ki, Q\u0259rb t\u0259r\u0259fda\u015flar\u0131 aras\u0131nda xo\u015f qar\u015f\u0131lanmayaca\u011f\u0131 \u0259vv\u0259lc\u0259d\u0259n m\u0259lum idi\u201d.<\/p>\n<p><strong>A.\u018fliyev deyib ki, T\u00fcrkiy\u0259 \u00fcz\u0259rin\u0259 d\u00fc\u015f\u0259n m\u0259suliyy\u0259ti, x\u00fcsusil\u0259 d\u0259 t\u0259r\u0259fda\u015f m\u0259suliyy\u0259tini h\u0259r zaman \u00e7ox ciddiyy\u0259tl\u0259 yerin\u0259 yetirm\u0259y\u0259 \u00e7al\u0131\u015f\u0131b. Amma t\u0259\u0259ss\u00fcf ki, Q\u0259rb m\u00fctt\u0259fiql\u0259ri, NATO m\u00fctt\u0259fiql\u0259ri T\u00fcrkiy\u0259y\u0259 m\u00fcnasib\u0259td\u0259 h\u0259r zaman ikinci n\u00f6v d\u00f6vl\u0259t g\u00f6z\u00fc il\u0259 bax\u0131blar:<\/strong>\u00a0\u201cT\u00fcrkiy\u0259ni bir s\u0131ra hallarda yaln\u0131z \u00f6z maraqlar\u0131 \u00fc\u00e7\u00fcn al\u0259t kimi g\u00f6r\u00fcbl\u0259r. T\u00fcrkiy\u0259nin milli t\u0259hl\u00fck\u0259sizliyi \u00fc\u00e7\u00fcn \u00e7ox ciddi probleml\u0259r kimi qiym\u0259tl\u0259ndiril\u0259n terror t\u0259\u015fkilatlar\u0131na m\u00fcnasib\u0259td\u0259 n\u0259inki b\u00fct\u00f6vl\u00fckd\u0259 Q\u0259rb, h\u0259tta konkret olaraq NATO m\u00fctt\u0259fiql\u0259ri bel\u0259, h\u0259min terror t\u0259\u015fkilatlar\u0131na d\u0259st\u0259k veribl\u0259r. Bununla da T\u00fcrkiy\u0259 \u00fc\u00e7\u00fcn ciddi t\u0259hdidl\u0259r formala\u015fd\u0131r\u0131blar. T\u0259\u0259ss\u00fcf ki, bu prosesin ba\u015f\u0131nda dayanan g\u00fccl\u0259rd\u0259n birincisi AB\u015e-d\u0131r. Ona g\u00f6r\u0259 d\u0259 T\u00fcrkiy\u0259nin n\u0259hay\u0259t milli maraqlardan \u00e7\u0131x\u0131\u015f ed\u0259r\u0259k Q\u0259rbin \u0259linin alt\u0131nda al\u0259t olmaqdan xilas olmaq istiqam\u0259tind\u0259ki add\u0131mlar\u0131 Q\u0259rbd\u0259 hans\u0131 reaksiya do\u011furmas\u0131ndan as\u0131l\u0131 olmayaraq \u00e7ox d\u00fczg\u00fcnd\u00fcr. T\u00fcrkiy\u0259nin BR\u0130KS-\u0259 b\u0259rab\u0259rh\u00fcquqlu \u00fczv se\u00e7ilm\u0259si bu g\u00fcn T\u00fcrkiy\u0259 iqtisadiyyat\u0131na, milli valyutas\u0131na qar\u015f\u0131 h\u0259yata ke\u00e7iril\u0259n xain h\u00fccumlardan s\u0131\u011fortalanmaq \u00fc\u00e7\u00fcn d\u0259 ciddi bir iqtisadi al\u0259t\u0259 \u00e7evril\u0259 bil\u0259r. Bu, h\u0259m d\u0259 T\u00fcrkiy\u0259nin n\u00fcfuzuna t\u0259sir etmi\u015f olar\u201d.<\/p>\n<p>Politoloqun s\u00f6zl\u0259rin\u0259 g\u00f6r\u0259, t\u0259bii ki, T\u00fcrkiy\u0259 g\u00fccl\u0259n\u0259c\u0259ks\u0259 bu, Az\u0259rbaycan\u0131n da g\u00fcc\u00fc dem\u0259kdir. T\u00fcrkiy\u0259y\u0259 t\u0259hdidl\u0259r azalacaqsa v\u0259 ya T\u00fcrkiy\u0259 iqtisadiyyat\u0131na Q\u0259rbd\u0259n g\u0259l\u0259n t\u0259hdidl\u0259r\u0259 qar\u015f\u0131 immunitet g\u00fccl\u0259n\u0259c\u0259ks\u0259 bu, h\u0259m d\u0259 Az\u0259rbaycan\u0131n g\u00fcc\u00fcn\u00fcn artmas\u0131 dem\u0259kdir.<\/p>\n<p><strong>Etibar SEY\u0130DA\u011eA,<br \/>\n\u201cYeni M\u00fcsavat\u201d<\/strong><\/p>\n","protected":false},"excerpt":{"rendered":"<p>Rusiyal\u0131 v\u0259 Az\u0259rbaycanl\u0131 politoloqlardan ilginc proqnoz \u201cT\u00fcrkiy\u0259 xarici i\u015fl\u0259r naziri Hakan Fidan\u0131n BR\u0130KS-l\u0259 ba\u011fl\u0131 a\u00e7\u0131qlamas\u0131 tarixi, faktiki olaraq d\u00f6n\u00fc\u015f an\u0131d\u0131r\u201d. Bunu Rusiyal\u0131 ultra-m\u00fchafiz\u0259kar filosof v\u0259 \u201cRus d\u00fcnyas\u0131\u201dn\u0131n ideoloqu, avrasiya\u00e7\u0131 Aleksandr Duqin deyib (Axar.az). \u201cBu oriyentasiya il\u0259 T\u00fcrkiy\u0259 m\u00fcst\u0259qilliyini g\u00fccl\u0259ndir\u0259c\u0259k. B\u00fct\u00fcn \u00e7\u0259tinlikl\u0259r\u0259 baxmayaraq, T\u00fcrkiy\u0259 m\u00fcxt\u0259lif q\u00fctbl\u0259r aras\u0131nda tarazl\u0131\u011f\u0131 qoruyub saxlaya bildi. Ancaq bir adam eyni anda iki stulda otura bilm\u0259z. T\u00fcrkiy\u0259nin balans siyas\u0259ti bu \u015f\u0259kild\u0259 davam ed\u0259 bilm\u0259z. T\u00fcrkiy\u0259 yolayr\u0131c\u0131na yax\u0131nla\u015f\u0131r\u201d, &#8211; Duqin bildirib. Onun s\u00f6zl\u0259rin\u0259 g\u00f6r\u0259, T\u00fcrkiy\u0259nin BR\u0130KS \u00fczvl\u00fcy\u00fc onun NATO-dan \u00e7\u0131xmas\u0131na g\u0259tirib \u00e7\u0131xaracaq. Qeyd ed\u0259k ki, T\u00fcrkiy\u0259 xarici i\u015fl\u0259r&hellip;<\/p>\n","protected":false},"author":2,"featured_media":730489,"comment_status":"closed","ping_status":"closed","sticky":false,"template":"","format":"standard","meta":{"om_disable_all_campaigns":false,"_monsterinsights_skip_tracking":false,"_monsterinsights_sitenote_active":false,"_monsterinsights_sitenote_note":"","_monsterinsights_sitenote_category":0},"categories":[4],"tags":[],"aioseo_notices":[],"gutentor_comment":0,"rttpg_featured_image_url":{"full":["https:\/\/arantv.az\/wp-content\/uploads\/2024\/06\/0373bc564fb9a99f57dbdd8ccde163d3.jpg",870,500,false],"landscape":["https:\/\/arantv.az\/wp-content\/uploads\/2024\/06\/0373bc564fb9a99f57dbdd8ccde163d3.jpg",870,500,false],"portraits":["https:\/\/arantv.az\/wp-content\/uploads\/2024\/06\/0373bc564fb9a99f57dbdd8ccde163d3.jpg",870,500,false],"thumbnail":["https:\/\/arantv.az\/wp-content\/uploads\/2024\/06\/0373bc564fb9a99f57dbdd8ccde163d3-500x280.jpg",500,280,true],"medium":["https:\/\/arantv.az\/wp-content\/uploads\/2024\/06\/0373bc564fb9a99f57dbdd8ccde163d3-635x365.jpg",635,365,true],"large":["https:\/\/arantv.az\/wp-content\/uploads\/2024\/06\/0373bc564fb9a99f57dbdd8ccde163d3-840x483.jpg",640,368,true],"1536x1536":["https:\/\/arantv.az\/wp-content\/uploads\/2024\/06\/0373bc564fb9a99f57dbdd8ccde163d3.jpg",870,500,false],"2048x2048":["https:\/\/arantv.az\/wp-content\/uploads\/2024\/06\/0373bc564fb9a99f57dbdd8ccde163d3.jpg",870,500,false],"post-thumbnail":["https:\/\/arantv.az\/wp-content\/uploads\/2024\/06\/0373bc564fb9a99f57dbdd8ccde163d3-240x172.jpg",240,172,true],"advps-thumb-one":["https:\/\/arantv.az\/wp-content\/uploads\/2024\/06\/0373bc564fb9a99f57dbdd8ccde163d3.jpg",870,500,false]},"rttpg_author":{"display_name":"V\u00fcsal Rafiqo\u011flu","author_link":"https:\/\/arantv.az\/?author=2"},"rttpg_comment":0,"rttpg_category":"<a href=\"https:\/\/arantv.az\/?cat=4\" rel=\"category\">Siyas\u0259t<\/a>","rttpg_excerpt":"Rusiyal\u0131 v\u0259 Az\u0259rbaycanl\u0131 politoloqlardan ilginc proqnoz \u201cT\u00fcrkiy\u0259 xarici i\u015fl\u0259r naziri Hakan Fidan\u0131n BR\u0130KS-l\u0259 ba\u011fl\u0131 a\u00e7\u0131qlamas\u0131 tarixi, faktiki olaraq d\u00f6n\u00fc\u015f an\u0131d\u0131r\u201d. Bunu Rusiyal\u0131 ultra-m\u00fchafiz\u0259kar filosof v\u0259 \u201cRus d\u00fcnyas\u0131\u201dn\u0131n ideoloqu, avrasiya\u00e7\u0131 Aleksandr Duqin deyib (Axar.az). \u201cBu oriyentasiya il\u0259 T\u00fcrkiy\u0259 m\u00fcst\u0259qilliyini g\u00fccl\u0259ndir\u0259c\u0259k. B\u00fct\u00fcn \u00e7\u0259tinlikl\u0259r\u0259 baxmayaraq, T\u00fcrkiy\u0259 m\u00fcxt\u0259lif q\u00fctbl\u0259r aras\u0131nda tarazl\u0131\u011f\u0131 qoruyub saxlaya bildi. Ancaq bir adam eyni anda&hellip;","_links":{"self":[{"href":"https:\/\/arantv.az\/index.php?rest_route=\/wp\/v2\/posts\/730488"}],"collection":[{"href":"https:\/\/arantv.az\/index.php?rest_route=\/wp\/v2\/posts"}],"about":[{"href":"https:\/\/arantv.az\/index.php?rest_route=\/wp\/v2\/types\/post"}],"author":[{"embeddable":true,"href":"https:\/\/arantv.az\/index.php?rest_route=\/wp\/v2\/users\/2"}],"replies":[{"embeddable":true,"href":"https:\/\/arantv.az\/index.php?rest_route=%2Fwp%2Fv2%2Fcomments&post=730488"}],"version-history":[{"count":0,"href":"https:\/\/arantv.az\/index.php?rest_route=\/wp\/v2\/posts\/730488\/revisions"}],"wp:featuredmedia":[{"embeddable":true,"href":"https:\/\/arantv.az\/index.php?rest_route=\/wp\/v2\/media\/730489"}],"wp:attachment":[{"href":"https:\/\/arantv.az\/index.php?rest_route=%2Fwp%2Fv2%2Fmedia&parent=730488"}],"wp:term":[{"taxonomy":"category","embeddable":true,"href":"https:\/\/arantv.az\/index.php?rest_route=%2Fwp%2Fv2%2Fcategories&post=730488"},{"taxonomy":"post_tag","embeddable":true,"href":"https:\/\/arantv.az\/index.php?rest_route=%2Fwp%2Fv2%2Ftags&post=730488"}],"curies":[{"name":"wp","href":"https:\/\/api.w.org\/{rel}","templated":true}]}}