{"id":730501,"date":"2024-06-15T10:53:30","date_gmt":"2024-06-15T06:53:30","guid":{"rendered":"https:\/\/arantv.az\/?p=730501"},"modified":"2024-06-15T10:53:30","modified_gmt":"2024-06-15T06:53:30","slug":"ilham-%c9%99liyev-tdt-d%c9%99-t%c9%99msil-olunan-olk%c9%99l%c9%99rin-munasib%c9%99tl%c9%99ri-inkisafa-xidm%c9%99t-ed%c9%99n-cox-on%c9%99mli-amildir","status":"publish","type":"post","link":"https:\/\/arantv.az\/?p=730501","title":{"rendered":"\u0130lham \u018fliyev: &#8220;TDT-d\u0259 t\u0259msil olunan \u00f6lk\u0259l\u0259rin m\u00fcnasib\u0259tl\u0259ri inki\u015fafa xidm\u0259t ed\u0259n \u00e7ox \u00f6n\u0259mli amildir&#8221;"},"content":{"rendered":"<p>&#8220;Beyn\u0259lxalq h\u00fcquq normalar\u0131n\u0131n kobudcas\u0131na pozuldu\u011fu v\u0259 ikili standartlara \u0259saslanan selektiv yana\u015fmalar\u0131n ba\u015f qald\u0131rd\u0131\u011f\u0131 bel\u0259 bir \u015f\u0259raitd\u0259 milli maraqlar\u0131n qorunmas\u0131na h\u0259d\u0259fl\u0259nmi\u015f v\u0259 m\u00f6vcud \u00e7a\u011f\u0131r\u0131\u015flara cavab ver\u0259n siyas\u0259tin h\u0259yata ke\u00e7irilm\u0259si m\u00fcst\u0259qil d\u00f6vl\u0259tl\u0259rin qar\u015f\u0131s\u0131nda duran ba\u015fl\u0131ca v\u0259zif\u0259l\u0259rd\u0259ndir&#8221;.<\/p>\n<p><a href=\"https:\/\/azertag.az\/xeber\/prezident_ilham_eliyev_turk_dovletleri_teskilatinda_temsil_olunan_olkelerin_munasibetleri_sabitliye_tehlukesizliye_ve_inkisafa_xidmet_eden_chox_onemli_amildir-3057426\" target=\"_blank\" rel=\"nofollow noopener\">AZ\u018fRTAC<\/a>\u00a0x\u0259b\u0259r verir ki, bu fikirl\u0259r Prezident\u00a0<strong>\u0130lham \u018fliyevin<\/strong>\u00a0\u015eu\u015fada ke\u00e7iril\u0259n &#8220;T\u00fcrk D\u00f6vl\u0259tl\u0259ri T\u0259\u015fkilat\u0131: geosiyasi reall\u0131qlar v\u0259 qlobal kataklizml\u0259r fonunda yeni strateji h\u0259d\u0259fl\u0259r\u0259 do\u011fru&#8221; m\u00f6vzusunda beyn\u0259lxalq konfrans\u0131n i\u015ftirak\u00e7\u0131lar\u0131na m\u00fcraci\u0259tind\u0259 yer al\u0131b.<\/p>\n<p>&#8220;Son zamanlarda yeni strateji h\u0259d\u0259fl\u0259r\u0259 do\u011fru inamla ir\u0259lil\u0259y\u0259r\u0259k d\u00fcnya siyas\u0259tind\u0259 y\u00fcks\u0259l\u0259n g\u00fcc m\u0259rk\u0259zin\u0259 \u00e7evril\u0259n, beyn\u0259lxalq n\u00fcfuzu v\u0259 geosiyasi t\u0259sir imkanlar\u0131 artmaqda olan T\u00fcrk D\u00f6vl\u0259tl\u0259ri T\u0259\u015fkilat\u0131nda birl\u0259\u015f\u0259n \u00f6lk\u0259l\u0259r d\u0259 analoji \u00e7a\u011f\u0131r\u0131\u015flarla \u00fczl\u0259\u015firl\u0259r. Yeni ittifaq modeli kimi d\u00fcnyan\u0131n diqq\u0259t m\u0259rk\u0259zind\u0259 olan bu t\u0259\u015fkilatda t\u0259msil olunan \u00f6lk\u0259l\u0259rin s\u0131x h\u0259mr\u0259ylik \u015f\u0259raitind\u0259 dostluq v\u0259 qarda\u015fl\u0131q prinsipl\u0259rin\u0259, qar\u015f\u0131l\u0131ql\u0131 anla\u015fmaya, b\u0259rab\u0259rh\u00fcquqlu t\u0259r\u0259fda\u015fl\u0131\u011fa v\u0259 \u00e7ox\u015fax\u0259li \u0259m\u0259kda\u015fl\u0131\u011fa \u0259saslanan m\u00fcnasib\u0259tl\u0259ri h\u0259m milli v\u0259 regional s\u0259viyy\u0259d\u0259, h\u0259m d\u0259 qlobal miqyasda sabitliy\u0259, t\u0259hl\u00fck\u0259sizliy\u0259 v\u0259 inki\u015fafa xidm\u0259t ed\u0259n \u00e7ox \u00f6n\u0259mli amildir&#8221;, &#8211; dey\u0259 m\u00fcraci\u0259td\u0259 qeyd olunub.<\/p>\n","protected":false},"excerpt":{"rendered":"<p>&#8220;Beyn\u0259lxalq h\u00fcquq normalar\u0131n\u0131n kobudcas\u0131na pozuldu\u011fu v\u0259 ikili standartlara \u0259saslanan selektiv yana\u015fmalar\u0131n ba\u015f qald\u0131rd\u0131\u011f\u0131 bel\u0259 bir \u015f\u0259raitd\u0259 milli maraqlar\u0131n qorunmas\u0131na h\u0259d\u0259fl\u0259nmi\u015f v\u0259 m\u00f6vcud \u00e7a\u011f\u0131r\u0131\u015flara cavab ver\u0259n siyas\u0259tin h\u0259yata ke\u00e7irilm\u0259si m\u00fcst\u0259qil d\u00f6vl\u0259tl\u0259rin qar\u015f\u0131s\u0131nda duran ba\u015fl\u0131ca v\u0259zif\u0259l\u0259rd\u0259ndir&#8221;. AZ\u018fRTAC\u00a0x\u0259b\u0259r verir ki, bu fikirl\u0259r Prezident\u00a0\u0130lham \u018fliyevin\u00a0\u015eu\u015fada ke\u00e7iril\u0259n &#8220;T\u00fcrk D\u00f6vl\u0259tl\u0259ri T\u0259\u015fkilat\u0131: geosiyasi reall\u0131qlar v\u0259 qlobal kataklizml\u0259r fonunda yeni strateji h\u0259d\u0259fl\u0259r\u0259 do\u011fru&#8221; m\u00f6vzusunda beyn\u0259lxalq konfrans\u0131n i\u015ftirak\u00e7\u0131lar\u0131na m\u00fcraci\u0259tind\u0259 yer al\u0131b. &#8220;Son zamanlarda yeni strateji h\u0259d\u0259fl\u0259r\u0259 do\u011fru inamla ir\u0259lil\u0259y\u0259r\u0259k d\u00fcnya siyas\u0259tind\u0259 y\u00fcks\u0259l\u0259n g\u00fcc m\u0259rk\u0259zin\u0259 \u00e7evril\u0259n, beyn\u0259lxalq n\u00fcfuzu v\u0259 geosiyasi t\u0259sir imkanlar\u0131 artmaqda olan T\u00fcrk D\u00f6vl\u0259tl\u0259ri T\u0259\u015fkilat\u0131nda birl\u0259\u015f\u0259n \u00f6lk\u0259l\u0259r d\u0259&hellip;<\/p>\n","protected":false},"author":2,"featured_media":730502,"comment_status":"closed","ping_status":"closed","sticky":false,"template":"","format":"standard","meta":{"om_disable_all_campaigns":false,"_monsterinsights_skip_tracking":false,"_monsterinsights_sitenote_active":false,"_monsterinsights_sitenote_note":"","_monsterinsights_sitenote_category":0},"categories":[4],"tags":[],"aioseo_notices":[],"gutentor_comment":0,"rttpg_featured_image_url":{"full":["https:\/\/arantv.az\/wp-content\/uploads\/2024\/06\/1718429716_f9360c0a-b59b-3e36-b6c2-72daa8466b77_850-1.jpg",770,415,false],"landscape":["https:\/\/arantv.az\/wp-content\/uploads\/2024\/06\/1718429716_f9360c0a-b59b-3e36-b6c2-72daa8466b77_850-1.jpg",770,415,false],"portraits":["https:\/\/arantv.az\/wp-content\/uploads\/2024\/06\/1718429716_f9360c0a-b59b-3e36-b6c2-72daa8466b77_850-1.jpg",770,415,false],"thumbnail":["https:\/\/arantv.az\/wp-content\/uploads\/2024\/06\/1718429716_f9360c0a-b59b-3e36-b6c2-72daa8466b77_850-1-500x280.jpg",500,280,true],"medium":["https:\/\/arantv.az\/wp-content\/uploads\/2024\/06\/1718429716_f9360c0a-b59b-3e36-b6c2-72daa8466b77_850-1-660x356.jpg",660,356,true],"large":["https:\/\/arantv.az\/wp-content\/uploads\/2024\/06\/1718429716_f9360c0a-b59b-3e36-b6c2-72daa8466b77_850-1.jpg",640,345,false],"1536x1536":["https:\/\/arantv.az\/wp-content\/uploads\/2024\/06\/1718429716_f9360c0a-b59b-3e36-b6c2-72daa8466b77_850-1.jpg",770,415,false],"2048x2048":["https:\/\/arantv.az\/wp-content\/uploads\/2024\/06\/1718429716_f9360c0a-b59b-3e36-b6c2-72daa8466b77_850-1.jpg",770,415,false],"post-thumbnail":["https:\/\/arantv.az\/wp-content\/uploads\/2024\/06\/1718429716_f9360c0a-b59b-3e36-b6c2-72daa8466b77_850-1-240x172.jpg",240,172,true],"advps-thumb-one":["https:\/\/arantv.az\/wp-content\/uploads\/2024\/06\/1718429716_f9360c0a-b59b-3e36-b6c2-72daa8466b77_850-1.jpg",770,415,false]},"rttpg_author":{"display_name":"V\u00fcsal Rafiqo\u011flu","author_link":"https:\/\/arantv.az\/?author=2"},"rttpg_comment":0,"rttpg_category":"<a href=\"https:\/\/arantv.az\/?cat=4\" rel=\"category\">Siyas\u0259t<\/a>","rttpg_excerpt":"&#8220;Beyn\u0259lxalq h\u00fcquq normalar\u0131n\u0131n kobudcas\u0131na pozuldu\u011fu v\u0259 ikili standartlara \u0259saslanan selektiv yana\u015fmalar\u0131n ba\u015f qald\u0131rd\u0131\u011f\u0131 bel\u0259 bir \u015f\u0259raitd\u0259 milli maraqlar\u0131n qorunmas\u0131na h\u0259d\u0259fl\u0259nmi\u015f v\u0259 m\u00f6vcud \u00e7a\u011f\u0131r\u0131\u015flara cavab ver\u0259n siyas\u0259tin h\u0259yata ke\u00e7irilm\u0259si m\u00fcst\u0259qil d\u00f6vl\u0259tl\u0259rin qar\u015f\u0131s\u0131nda duran ba\u015fl\u0131ca v\u0259zif\u0259l\u0259rd\u0259ndir&#8221;. AZ\u018fRTAC\u00a0x\u0259b\u0259r verir ki, bu fikirl\u0259r Prezident\u00a0\u0130lham \u018fliyevin\u00a0\u015eu\u015fada ke\u00e7iril\u0259n &#8220;T\u00fcrk D\u00f6vl\u0259tl\u0259ri T\u0259\u015fkilat\u0131: geosiyasi reall\u0131qlar v\u0259 qlobal kataklizml\u0259r fonunda yeni strateji h\u0259d\u0259fl\u0259r\u0259 do\u011fru&#8221;&hellip;","_links":{"self":[{"href":"https:\/\/arantv.az\/index.php?rest_route=\/wp\/v2\/posts\/730501"}],"collection":[{"href":"https:\/\/arantv.az\/index.php?rest_route=\/wp\/v2\/posts"}],"about":[{"href":"https:\/\/arantv.az\/index.php?rest_route=\/wp\/v2\/types\/post"}],"author":[{"embeddable":true,"href":"https:\/\/arantv.az\/index.php?rest_route=\/wp\/v2\/users\/2"}],"replies":[{"embeddable":true,"href":"https:\/\/arantv.az\/index.php?rest_route=%2Fwp%2Fv2%2Fcomments&post=730501"}],"version-history":[{"count":0,"href":"https:\/\/arantv.az\/index.php?rest_route=\/wp\/v2\/posts\/730501\/revisions"}],"wp:featuredmedia":[{"embeddable":true,"href":"https:\/\/arantv.az\/index.php?rest_route=\/wp\/v2\/media\/730502"}],"wp:attachment":[{"href":"https:\/\/arantv.az\/index.php?rest_route=%2Fwp%2Fv2%2Fmedia&parent=730501"}],"wp:term":[{"taxonomy":"category","embeddable":true,"href":"https:\/\/arantv.az\/index.php?rest_route=%2Fwp%2Fv2%2Fcategories&post=730501"},{"taxonomy":"post_tag","embeddable":true,"href":"https:\/\/arantv.az\/index.php?rest_route=%2Fwp%2Fv2%2Ftags&post=730501"}],"curies":[{"name":"wp","href":"https:\/\/api.w.org\/{rel}","templated":true}]}}