{"id":730504,"date":"2024-06-15T10:54:44","date_gmt":"2024-06-15T06:54:44","guid":{"rendered":"https:\/\/arantv.az\/?p=730504"},"modified":"2024-06-15T10:54:44","modified_gmt":"2024-06-15T06:54:44","slug":"prezident-bu-t%c9%99dbir-olk%c9%99l%c9%99rimiz-arasinda-coxsax%c9%99li-munasib%c9%99tl%c9%99rin-inkisafina-tohf%c9%99l%c9%99r-ver%c9%99c%c9%99kdir","status":"publish","type":"post","link":"https:\/\/arantv.az\/?p=730504","title":{"rendered":"Prezident: &#8220;Bu t\u0259dbir \u00f6lk\u0259l\u0259rimiz aras\u0131nda \u00e7ox\u015fax\u0259li m\u00fcnasib\u0259tl\u0259rin inki\u015faf\u0131na t\u00f6hf\u0259l\u0259r ver\u0259c\u0259kdir&#8221;"},"content":{"rendered":"<p>&#8220;T\u00fcrk D\u00f6vl\u0259tl\u0259ri T\u0259\u015fkilat\u0131nda bir araya g\u0259l\u0259n \u00f6lk\u0259l\u0259rin siyasi partiyalar\u0131n\u0131n qar\u015f\u0131l\u0131ql\u0131 faydal\u0131 \u0259m\u0259kda\u015fl\u0131\u011f\u0131 da m\u00fc\u015ft\u0259r\u0259k m\u0259qs\u0259dl\u0259rin h\u0259yata ke\u00e7irilm\u0259sind\u0259 \u0259h\u0259miyy\u0259tli rol oynay\u0131r&#8221;.<\/p>\n<p><a href=\"https:\/\/azertag.az\/xeber\/azerbaycan_prezidenti_turk_dovletleri_teskilati_olkelerinin_siyasi_partiyalarinin_emekdasligi_da_musterek_meqsedlerin_heyata_kechirilmesinde_ehemiyyetli_rol_oynayir-3057438\" target=\"_blank\" rel=\"nofollow noopener\">AZ\u018fRTAC<\/a>\u00a0x\u0259b\u0259r verir ki, bu fikir Prezident\u00a0<strong>\u0130lham \u018fliyevin<\/strong>\u00a0\u015eu\u015fada ke\u00e7iril\u0259n &#8220;T\u00fcrk D\u00f6vl\u0259tl\u0259ri T\u0259\u015fkilat\u0131: geosiyasi reall\u0131qlar v\u0259 qlobal kataklizml\u0259r fonunda yeni strateji h\u0259d\u0259fl\u0259r\u0259 do\u011fru&#8221; m\u00f6vzusunda beyn\u0259lxalq konfrans\u0131n i\u015ftirak\u00e7\u0131lar\u0131na m\u00fcraci\u0259tind\u0259 yer al\u0131b.<\/p>\n<p>&#8220;\u018fmin\u0259m ki, Az\u0259rbaycan xalq\u0131 \u00fc\u00e7\u00fcn \u0259lam\u0259tdar olan m\u00fch\u00fcm tarixd\u0259 &#8211; Milli Qurtulu\u015f G\u00fcn\u00fcnd\u0259 v\u0259 \u015eu\u015fa B\u0259yannam\u0259sinin imzalanmas\u0131n\u0131n n\u00f6vb\u0259ti ild\u00f6n\u00fcm\u00fcnd\u0259 Yeni Az\u0259rbaycan Partiyas\u0131n\u0131n t\u0259\u015fkilat\u00e7\u0131l\u0131\u011f\u0131 il\u0259 &#8220;\u0130slam d\u00fcnyas\u0131n\u0131n m\u0259d\u0259niyy\u0259t paytaxt\u0131&#8221; \u015eu\u015fa \u015f\u0259h\u0259rind\u0259 ke\u00e7iril\u0259n, bu s\u0259b\u0259bd\u0259n x\u00fcsusi r\u0259mzi m\u0259naya v\u0259 m\u0259n\u0259vi-siyasi \u00f6n\u0259m\u0259 malik bu t\u0259dbirin \u00f6lk\u0259l\u0259rimiz aras\u0131nda \u00e7ox\u015fax\u0259li m\u00fcnasib\u0259tl\u0259rin inki\u015faf\u0131na, t\u00fcrk d\u00fcnyas\u0131nda birliyin daha da m\u00f6hk\u0259ml\u0259nm\u0259sin\u0259, yeni h\u0259d\u0259fl\u0259rin realla\u015fmas\u0131na d\u0259y\u0259rli t\u00f6hf\u0259l\u0259r ver\u0259c\u0259kdir&#8221;, &#8211; dey\u0259 d\u00f6vl\u0259timizin ba\u015f\u00e7\u0131s\u0131 m\u00fcraci\u0259td\u0259 vur\u011fulay\u0131b.<\/p>\n","protected":false},"excerpt":{"rendered":"<p>&#8220;T\u00fcrk D\u00f6vl\u0259tl\u0259ri T\u0259\u015fkilat\u0131nda bir araya g\u0259l\u0259n \u00f6lk\u0259l\u0259rin siyasi partiyalar\u0131n\u0131n qar\u015f\u0131l\u0131ql\u0131 faydal\u0131 \u0259m\u0259kda\u015fl\u0131\u011f\u0131 da m\u00fc\u015ft\u0259r\u0259k m\u0259qs\u0259dl\u0259rin h\u0259yata ke\u00e7irilm\u0259sind\u0259 \u0259h\u0259miyy\u0259tli rol oynay\u0131r&#8221;. AZ\u018fRTAC\u00a0x\u0259b\u0259r verir ki, bu fikir Prezident\u00a0\u0130lham \u018fliyevin\u00a0\u015eu\u015fada ke\u00e7iril\u0259n &#8220;T\u00fcrk D\u00f6vl\u0259tl\u0259ri T\u0259\u015fkilat\u0131: geosiyasi reall\u0131qlar v\u0259 qlobal kataklizml\u0259r fonunda yeni strateji h\u0259d\u0259fl\u0259r\u0259 do\u011fru&#8221; m\u00f6vzusunda beyn\u0259lxalq konfrans\u0131n i\u015ftirak\u00e7\u0131lar\u0131na m\u00fcraci\u0259tind\u0259 yer al\u0131b. &#8220;\u018fmin\u0259m ki, Az\u0259rbaycan xalq\u0131 \u00fc\u00e7\u00fcn \u0259lam\u0259tdar olan m\u00fch\u00fcm tarixd\u0259 &#8211; Milli Qurtulu\u015f G\u00fcn\u00fcnd\u0259 v\u0259 \u015eu\u015fa B\u0259yannam\u0259sinin imzalanmas\u0131n\u0131n n\u00f6vb\u0259ti ild\u00f6n\u00fcm\u00fcnd\u0259 Yeni Az\u0259rbaycan Partiyas\u0131n\u0131n t\u0259\u015fkilat\u00e7\u0131l\u0131\u011f\u0131 il\u0259 &#8220;\u0130slam d\u00fcnyas\u0131n\u0131n m\u0259d\u0259niyy\u0259t paytaxt\u0131&#8221; \u015eu\u015fa \u015f\u0259h\u0259rind\u0259 ke\u00e7iril\u0259n, bu s\u0259b\u0259bd\u0259n x\u00fcsusi r\u0259mzi m\u0259naya v\u0259 m\u0259n\u0259vi-siyasi \u00f6n\u0259m\u0259 malik bu t\u0259dbirin&hellip;<\/p>\n","protected":false},"author":2,"featured_media":730505,"comment_status":"closed","ping_status":"closed","sticky":false,"template":"","format":"standard","meta":{"om_disable_all_campaigns":false,"_monsterinsights_skip_tracking":false,"_monsterinsights_sitenote_active":false,"_monsterinsights_sitenote_note":"","_monsterinsights_sitenote_category":0},"categories":[4],"tags":[],"aioseo_notices":[],"gutentor_comment":0,"rttpg_featured_image_url":{"full":["https:\/\/arantv.az\/wp-content\/uploads\/2024\/06\/37493901171587640537604274910698688-1.jpg",975,540,false],"landscape":["https:\/\/arantv.az\/wp-content\/uploads\/2024\/06\/37493901171587640537604274910698688-1.jpg",975,540,false],"portraits":["https:\/\/arantv.az\/wp-content\/uploads\/2024\/06\/37493901171587640537604274910698688-1.jpg",975,540,false],"thumbnail":["https:\/\/arantv.az\/wp-content\/uploads\/2024\/06\/37493901171587640537604274910698688-1-500x280.jpg",500,280,true],"medium":["https:\/\/arantv.az\/wp-content\/uploads\/2024\/06\/37493901171587640537604274910698688-1-660x365.jpg",660,365,true],"large":["https:\/\/arantv.az\/wp-content\/uploads\/2024\/06\/37493901171587640537604274910698688-1-840x465.jpg",640,354,true],"1536x1536":["https:\/\/arantv.az\/wp-content\/uploads\/2024\/06\/37493901171587640537604274910698688-1.jpg",975,540,false],"2048x2048":["https:\/\/arantv.az\/wp-content\/uploads\/2024\/06\/37493901171587640537604274910698688-1.jpg",975,540,false],"post-thumbnail":["https:\/\/arantv.az\/wp-content\/uploads\/2024\/06\/37493901171587640537604274910698688-1-240x172.jpg",240,172,true],"advps-thumb-one":["https:\/\/arantv.az\/wp-content\/uploads\/2024\/06\/37493901171587640537604274910698688-1.jpg",975,540,false]},"rttpg_author":{"display_name":"V\u00fcsal Rafiqo\u011flu","author_link":"https:\/\/arantv.az\/?author=2"},"rttpg_comment":0,"rttpg_category":"<a href=\"https:\/\/arantv.az\/?cat=4\" rel=\"category\">Siyas\u0259t<\/a>","rttpg_excerpt":"&#8220;T\u00fcrk D\u00f6vl\u0259tl\u0259ri T\u0259\u015fkilat\u0131nda bir araya g\u0259l\u0259n \u00f6lk\u0259l\u0259rin siyasi partiyalar\u0131n\u0131n qar\u015f\u0131l\u0131ql\u0131 faydal\u0131 \u0259m\u0259kda\u015fl\u0131\u011f\u0131 da m\u00fc\u015ft\u0259r\u0259k m\u0259qs\u0259dl\u0259rin h\u0259yata ke\u00e7irilm\u0259sind\u0259 \u0259h\u0259miyy\u0259tli rol oynay\u0131r&#8221;. AZ\u018fRTAC\u00a0x\u0259b\u0259r verir ki, bu fikir Prezident\u00a0\u0130lham \u018fliyevin\u00a0\u015eu\u015fada ke\u00e7iril\u0259n &#8220;T\u00fcrk D\u00f6vl\u0259tl\u0259ri T\u0259\u015fkilat\u0131: geosiyasi reall\u0131qlar v\u0259 qlobal kataklizml\u0259r fonunda yeni strateji h\u0259d\u0259fl\u0259r\u0259 do\u011fru&#8221; m\u00f6vzusunda beyn\u0259lxalq konfrans\u0131n i\u015ftirak\u00e7\u0131lar\u0131na m\u00fcraci\u0259tind\u0259 yer al\u0131b. &#8220;\u018fmin\u0259m ki, Az\u0259rbaycan xalq\u0131 \u00fc\u00e7\u00fcn \u0259lam\u0259tdar olan&hellip;","_links":{"self":[{"href":"https:\/\/arantv.az\/index.php?rest_route=\/wp\/v2\/posts\/730504"}],"collection":[{"href":"https:\/\/arantv.az\/index.php?rest_route=\/wp\/v2\/posts"}],"about":[{"href":"https:\/\/arantv.az\/index.php?rest_route=\/wp\/v2\/types\/post"}],"author":[{"embeddable":true,"href":"https:\/\/arantv.az\/index.php?rest_route=\/wp\/v2\/users\/2"}],"replies":[{"embeddable":true,"href":"https:\/\/arantv.az\/index.php?rest_route=%2Fwp%2Fv2%2Fcomments&post=730504"}],"version-history":[{"count":0,"href":"https:\/\/arantv.az\/index.php?rest_route=\/wp\/v2\/posts\/730504\/revisions"}],"wp:featuredmedia":[{"embeddable":true,"href":"https:\/\/arantv.az\/index.php?rest_route=\/wp\/v2\/media\/730505"}],"wp:attachment":[{"href":"https:\/\/arantv.az\/index.php?rest_route=%2Fwp%2Fv2%2Fmedia&parent=730504"}],"wp:term":[{"taxonomy":"category","embeddable":true,"href":"https:\/\/arantv.az\/index.php?rest_route=%2Fwp%2Fv2%2Fcategories&post=730504"},{"taxonomy":"post_tag","embeddable":true,"href":"https:\/\/arantv.az\/index.php?rest_route=%2Fwp%2Fv2%2Ftags&post=730504"}],"curies":[{"name":"wp","href":"https:\/\/api.w.org\/{rel}","templated":true}]}}