{"id":730549,"date":"2024-06-15T15:45:19","date_gmt":"2024-06-15T11:45:19","guid":{"rendered":"https:\/\/arantv.az\/?p=730549"},"modified":"2024-06-15T15:45:19","modified_gmt":"2024-06-15T11:45:19","slug":"susa-b%c9%99yannam%c9%99sinin-yaratdigi-realliqlar","status":"publish","type":"post","link":"https:\/\/arantv.az\/?p=730549","title":{"rendered":"\u015eu\u015fa b\u0259yannam\u0259sinin yaratd\u0131\u011f\u0131 reall\u0131qlar."},"content":{"rendered":"<div class=\"x11i5rnm xat24cr x1mh8g0r x1vvkbs xtlvy1s x126k92a\">\n<div dir=\"auto\">\u015eu\u015fa b\u0259yannam\u0259si Qafqazda uzun ill\u0259rdir davam ed\u0259n m\u00fcnaqi\u015f\u0259y\u0259 son qoymaq \u00fc\u00e7\u00fcn at\u0131lan tarixi add\u0131md\u0131r. Bu raz\u0131la\u015fma s\u00fclh v\u0259 bar\u0131\u015f\u0131q ist\u0259yinin ifad\u0259si olaraq hesab edilir v\u0259 diplomatik h\u0259ll yollar\u0131n\u0131n vacibliyini vur\u011fulay\u0131r. Regionda sabitliyin v\u0259 t\u0259hl\u00fck\u0259sizliyin t\u0259min edilm\u0259si istiqam\u0259tind\u0259 beyn\u0259lxalq ictimaiyy\u0259tin v\u0259 region \u00f6lk\u0259l\u0259rinin birg\u0259 s\u0259yl\u0259rinin n\u0259tic\u0259si olan \u015eu\u015fa B\u0259yannam\u0259si beyn\u0259lxalq \u0259m\u0259kda\u015fl\u0131q v\u0259 diplomatiya yolu il\u0259 h\u0259ll yolunun axtar\u0131lmas\u0131n\u0131n vacibliyini g\u00f6st\u0259rir.<\/div>\n<div dir=\"auto\">\u015eu\u015fa B\u0259yannam\u0259si Az\u0259rbaycanla T\u00fcrkiy\u0259 aras\u0131nda m\u00fctt\u0259fiqlik \u0259laq\u0259l\u0259rini daha da g\u00fccl\u0259ndirdi. Bu sazi\u015f regionda sabitliyin v\u0259 t\u0259hl\u00fck\u0259sizliyin art\u0131r\u0131lmas\u0131 \u00fc\u00e7\u00fcn birg\u0259 s\u0259yl\u0259ri vur\u011fulayaraq iki \u00f6lk\u0259 aras\u0131nda strateji t\u0259r\u0259fda\u015fl\u0131\u011f\u0131 g\u00fccl\u0259ndirir. H\u0259m\u00e7inin \u015eu\u015fa b\u0259yannam\u0259sinin m\u00f6vcudlu\u011fu antiterror \u0259m\u0259liyyat\u0131 zaman\u0131 \u00f6lk\u0259nin \u0259razi b\u00fct\u00f6vl\u00fcy\u00fcn\u00fcn tam b\u0259rpa olunmas\u0131nda \u00f6z \u0259h\u0259miyy\u0259tini \u0259ks etdirmi\u015fdir. \u015eu\u015fa B\u0259yannam\u0259sinin imzalanmas\u0131 il\u0259 Az\u0259rbaycan v\u0259 T\u00fcrkiy\u0259 aras\u0131nda \u0259m\u0259kda\u015fl\u0131q daha da d\u0259rinl\u0259\u015f\u0259r\u0259k regionda s\u00fclh v\u0259 sabitliy\u0259 t\u00f6hf\u0259 verdi.<\/div>\n<div dir=\"auto\">\u015eu\u015fa B\u0259yannam\u0259si Az\u0259rbaycan v\u0259 T\u00fcrkiy\u0259 aras\u0131nda iqtisadi, ticar\u0259t, enerji, infrastruktur, m\u0259d\u0259niyy\u0259t, t\u0259hsil, humanitar yard\u0131m v\u0259 sosial sah\u0259l\u0259rd\u0259 h\u0259rt\u0259r\u0259fli \u0259m\u0259kda\u015fl\u0131qlar\u0131n yeni m\u0259rh\u0259l\u0259y\u0259 ke\u00e7idi dem\u0259kdir. Bu sazi\u015f h\u0259r iki \u00f6lk\u0259nin \u0259laq\u0259l\u0259rini g\u00fccl\u0259ndirm\u0259kl\u0259 regionda sabitliyi v\u0259 inki\u015faf\u0131 d\u0259st\u0259kl\u0259m\u0259k m\u0259qs\u0259di da\u015f\u0131y\u0131r.<\/div>\n<div dir=\"auto\">\u015eu\u015fa B\u0259yannam\u0259si T\u00fcrkiy\u0259-Az\u0259rbaycan \u0259m\u0259kda\u015fl\u0131\u011f\u0131n\u0131n yeni v\u0259 geni\u015f perspektivl\u0259rini ortaya qoydu. Bu sazi\u015f h\u0259r iki \u00f6lk\u0259nin bir \u00e7ox sah\u0259l\u0259rd\u0259 daha d\u0259rind\u0259n \u0259m\u0259kda\u015fl\u0131q etm\u0259k niyy\u0259tini n\u00fcmayi\u015f etdirir. Bundan \u0259lav\u0259, yeni layih\u0259l\u0259rin h\u0259yata ke\u00e7irilm\u0259si, investisiyalar\u0131n art\u0131r\u0131lmas\u0131 v\u0259 insan resurslar\u0131 sah\u0259sind\u0259 daha geni\u015f qar\u015f\u0131l\u0131ql\u0131 \u0259m\u0259kda\u015fl\u0131\u011f\u0131n geni\u015fl\u0259ndirilm\u0259si n\u0259z\u0259rd\u0259 tutulur. Bu \u0259m\u0259kda\u015fl\u0131q regional sabitliyin v\u0259 rifah\u0131n art\u0131r\u0131lmas\u0131na m\u00fch\u00fcm t\u00f6hf\u0259l\u0259r ver\u0259 bil\u0259r.<\/div>\n<div dir=\"auto\">\u015eu\u015fa B\u0259yannam\u0259si T\u00fcrkiy\u0259 il\u0259 Az\u0259rbaycan aras\u0131nda iqtisadi \u0259m\u0259kda\u015fl\u0131\u011f\u0131 g\u00fccl\u0259ndir\u0259c\u0259k birg\u0259 layih\u0259l\u0259rin v\u0259 investisiyalar\u0131n art\u0131r\u0131lmas\u0131n\u0131 n\u0259z\u0259rd\u0259 tutur. Bu sazi\u015f h\u0259r iki \u00f6lk\u0259nin iqtisadi potensial\u0131n\u0131 art\u0131rmaqla regional inki\u015fafa m\u00fch\u00fcm t\u00f6hf\u0259l\u0259r ver\u0259c\u0259k.<\/div>\n<div dir=\"auto\">\u015eu\u015fa B\u0259yannam\u0259si Az\u0259rbaycan\u0131n beyn\u0259lxalq arenada daha effektiv oyun\u00e7uya \u00e7evrilm\u0259sin\u0259 t\u00f6hf\u0259 verib. Bu sazi\u015f Az\u0259rbaycan\u0131n regionda liderlik rolunu g\u00fccl\u0259ndir\u0259c\u0259k, beyn\u0259lxalq al\u0259md\u0259 daha b\u00f6y\u00fck n\u00fcfuz qazanmas\u0131na k\u00f6m\u0259k ed\u0259c\u0259k, \u00f6lk\u0259nin xarici siyas\u0259tinin effektivliyini art\u0131racaq.<\/div>\n<div dir=\"auto\">\u015eu\u015fa B\u0259yannam\u0259si T\u00fcrkiy\u0259 il\u0259 Az\u0259rbaycan aras\u0131nda g\u0259l\u0259c\u0259k \u0259laq\u0259l\u0259rin istiqam\u0259tini m\u00fc\u0259yy\u0259n ed\u0259n m\u00fch\u00fcm s\u0259n\u0259d kimi \u00f6n\u0259 \u00e7\u0131x\u0131r. Bu sazi\u015f iki \u00f6lk\u0259nin strateji t\u0259r\u0259fda\u015fl\u0131\u011f\u0131n\u0131 g\u00fccl\u0259ndirm\u0259kl\u0259 regional v\u0259 beyn\u0259lxalq miqyasda daha s\u0259m\u0259r\u0259li \u0259m\u0259kda\u015fl\u0131q etm\u0259k ist\u0259yini \u0259ks etdirir. G\u0259l\u0259c\u0259kd\u0259 T\u00fcrkiy\u0259 il\u0259 Az\u0259rbaycan aras\u0131nda \u0259m\u0259kda\u015fl\u0131q geni\u015f sah\u0259l\u0259r\u0259 yay\u0131laraq h\u0259r iki \u00f6lk\u0259nin inki\u015faf\u0131na m\u00fch\u00fcm t\u00f6hf\u0259l\u0259r ver\u0259c\u0259k. Bu sazi\u015f regionda s\u00fclh\u00fcn, sabitliyin v\u0259 rifah\u0131n art\u0131r\u0131lmas\u0131 \u00fc\u00e7\u00fcn birg\u0259 s\u0259yl\u0259rin simvolu kimi m\u00fch\u00fcm rol oynayacaqd\u0131r.<\/div>\n<div dir=\"auto\">\u015eu\u015fa B\u0259yannam\u0259si Atat\u00fcrk\u00fcn v\u0259t\u0259np\u0259rv\u0259rlik v\u0259 mill\u0259t\u00e7ilik ideallar\u0131na v\u0259 Heyd\u0259r \u018fliyevin r\u0259hb\u0259rliyi il\u0259 Az\u0259rbaycan\u0131n m\u00fcst\u0259qilliyini v\u0259 \u0259razi b\u00fct\u00f6vl\u00fcy\u00fcn\u00fc qoruyub saxlamas\u0131 istiqam\u0259tind\u0259 apar\u0131lan siyas\u0259t\u0259 sadiqliyin simvolu kimi t\u0259svir edilib. Bu s\u0259n\u0259d T\u00fcrkiy\u0259 v\u0259 Az\u0259rbaycan aras\u0131nda tarixi v\u0259 m\u0259d\u0259ni \u0259laq\u0259l\u0259rin m\u00f6hk\u0259ml\u0259ndirilm\u0259sin\u0259, h\u0259r iki liderin irsinin ya\u015fad\u0131lmas\u0131 v\u0259 m\u00f6hk\u0259ml\u0259ndirilm\u0259si \u00fc\u00e7\u00fcn bir araya g\u0259lm\u0259y\u0259 y\u00f6n\u0259lib.<\/div>\n<div dir=\"auto\">\u0130\u015f\u011faldan azad edilmi\u015f torpaqlar\u0131n yenid\u0259n qurulmas\u0131 v\u0259 b\u0259rpas\u0131nda T\u00fcrkiy\u0259 il\u0259 Az\u0259rbaycan aras\u0131nda g\u00fccl\u00fc \u0259m\u0259kda\u015fl\u0131q \u00f6n\u0259 \u00e7\u0131x\u0131r. Bu \u0259m\u0259kda\u015fl\u0131q infrastruktur layih\u0259l\u0259ri, sosial inki\u015faf proqramlar\u0131 v\u0259 iqtisadi investisiyalar vasit\u0259sil\u0259 i\u015f\u011fal olunmu\u015f \u0259razil\u0259ri canland\u0131rmaq m\u0259qs\u0259di da\u015f\u0131y\u0131r. T\u00fcrkiy\u0259nin texniki biliyi, t\u0259cr\u00fcb\u0259si v\u0259 resurslar\u0131 il\u0259 Az\u0259rbaycana d\u0259st\u0259yi regionun sabitliyinin art\u0131r\u0131lmas\u0131nda v\u0259 insanlar\u0131n h\u0259yat s\u0259viyy\u0259sinin y\u00fcks\u0259lm\u0259sind\u0259 m\u00fch\u00fcm rol oynay\u0131r. Bu proses T\u00fcrkiy\u0259-Az\u0259rbaycan \u0259m\u0259kda\u015fl\u0131\u011f\u0131n\u0131n strateji v\u0259 humanitar \u00f6l\u00e7\u00fcl\u0259rini daha da g\u00fccl\u0259ndirir.<\/div>\n<div dir=\"auto\">Z\u0259ng\u0259zur d\u0259hlizi q\u0259rb v\u0259 \u015f\u0259rqi birl\u0259\u015fdir\u0259r\u0259k iqtisadi, ticar\u0259t v\u0259 n\u0259qliyyat bax\u0131m\u0131ndan strateji tranzit mar\u015frutu olacaq. Bu d\u0259hliz regionda ticar\u0259t v\u0259 iqtisadiyyat\u0131n inki\u015faf\u0131na m\u00fch\u00fcm t\u00f6hf\u0259l\u0259r verm\u0259kl\u0259 Az\u0259rbaycan\u0131n regional liderliyini g\u00fccl\u0259ndir\u0259c\u0259k. Eyni zamanda, Z\u0259ng\u0259zur d\u0259hlizi T\u00fcrkiy\u0259nin M\u0259rk\u0259zi Asiya v\u0259 Qafqaza \u00e7\u0131x\u0131\u015f\u0131n\u0131 asanla\u015fd\u0131racaq, regionda iqtisadi inteqrasiyan\u0131 art\u0131racaq v\u0259 regional sabitliy\u0259 d\u0259st\u0259k ver\u0259c\u0259k.<\/div>\n<div dir=\"auto\">\u015eu\u015fa B\u0259yannam\u0259si Qaraba\u011fda t\u0259hl\u00fck\u0259siz investisiya m\u00fchiti yaratmaqla iqtisadi art\u0131ma k\u00f6m\u0259k ed\u0259c\u0259k. Bu raz\u0131la\u015fma regionda investisiyalar\u0131 art\u0131rmaqla sabitliy\u0259 t\u00f6hf\u0259 ver\u0259c\u0259k. Qaraba\u011fda s\u00fclh\u00fcn v\u0259 sabitliyin b\u0259rq\u0259rar olmas\u0131 il\u0259 b\u00f6lg\u0259y\u0259 investisiyalar\u0131n artaca\u011f\u0131, yeni i\u015f imkanlar\u0131n\u0131n yaranaca\u011f\u0131 v\u0259 iqtisadi art\u0131m\u0131n s\u00fcr\u0259tl\u0259n\u0259c\u0259yi proqnozla\u015fd\u0131r\u0131l\u0131r. Bu, rayon iqtisadiyyat\u0131n\u0131n dir\u00e7\u0259lm\u0259sin\u0259, c\u0259miyy\u0259tin rifah\u0131n\u0131n y\u00fcks\u0259lm\u0259sin\u0259 \u00f6z t\u00f6hf\u0259sini ver\u0259c\u0259k.<\/div>\n<div dir=\"auto\">\u015eu\u015fa B\u0259yannam\u0259si T\u00fcrkiy\u0259 il\u0259 Az\u0259rbaycan aras\u0131nda m\u00fcdafi\u0259 sah\u0259sind\u0259 \u0259m\u0259kda\u015fl\u0131\u011f\u0131 d\u0259rinl\u0259\u015fdirm\u0259k v\u0259 qar\u015f\u0131l\u0131ql\u0131 h\u0259rbi yard\u0131m m\u0259s\u0259l\u0259l\u0259rini h\u0259ll etm\u0259k m\u0259qs\u0259di da\u015f\u0131y\u0131r. Bu raz\u0131la\u015fma regionda t\u0259hl\u00fck\u0259sizlik v\u0259 sabitliyin t\u0259min edilm\u0259sin\u0259 t\u00f6hf\u0259 verm\u0259yi h\u0259d\u0259fl\u0259y\u0259n m\u00fch\u00fcm add\u0131md\u0131r. \u0130ki \u00f6lk\u0259 aras\u0131nda imzalanan bu s\u0259n\u0259d\u0259 m\u00fcdafi\u0259 s\u0259nayesi sah\u0259sind\u0259 \u0259m\u0259kda\u015fl\u0131\u011f\u0131n g\u00fccl\u0259ndirilm\u0259si, birg\u0259 h\u0259rbi t\u0259liml\u0259rin t\u0259\u015fkili v\u0259 h\u0259rbi texnologiya transferinin d\u0259st\u0259kl\u0259nm\u0259si daxildir. Bu yolla T\u00fcrkiy\u0259 v\u0259 Az\u0259rbaycan\u0131n m\u00fcdafi\u0259 qabiliyy\u0259ti artacaq v\u0259 regional sabitliy\u0259 t\u00f6hf\u0259 ver\u0259c\u0259k. Bundan \u0259lav\u0259, \u015eu\u015fa B\u0259yannam\u0259sinin m\u00fcdafi\u0259 sah\u0259sind\u0259 \u0259m\u0259kda\u015fl\u0131\u011f\u0131 h\u0259m d\u0259 regionun dig\u0259r \u00f6lk\u0259l\u0259ri il\u0259 \u0259laq\u0259l\u0259ri g\u00fccl\u0259ndir\u0259c\u0259k v\u0259 regional t\u0259hl\u00fck\u0259sizliyin g\u00fccl\u0259ndirilm\u0259si \u00fc\u00e7\u00fcn birg\u0259 s\u0259yl\u0259r\u0259 t\u0259kan ver\u0259c\u0259k. \u015eu\u015fa B\u0259yannam\u0259sinin imzalanmas\u0131 T\u00fcrkiy\u0259 il\u0259 Az\u0259rbaycan aras\u0131nda strateji t\u0259r\u0259fda\u015fl\u0131\u011f\u0131n m\u00f6hk\u0259ml\u0259ndirilm\u0259si v\u0259 regional s\u00fclh\u00fcn qorunmas\u0131 \u0259zminin ifad\u0259sidir. Bu sazi\u015f regionda t\u0259hl\u00fck\u0259sizliyin v\u0259 sabitliyin t\u0259min edilm\u0259si istiqam\u0259tind\u0259 m\u00fch\u00fcm add\u0131m hesab olunur.<\/div>\n<div dir=\"auto\">\u015eu\u015fa B\u0259yannam\u0259si Az\u0259rbaycan \u00fc\u00e7\u00fcn b\u00f6y\u00fck simvolik \u0259h\u0259miyy\u0259t\u0259 malikdir v\u0259 \u00f6lk\u0259 tarixind\u0259 d\u00f6n\u00fc\u015f n\u00f6qt\u0259si hesab olunur. Bu s\u0259n\u0259d 2020-ci ild\u0259 Qaraba\u011f m\u00fcharib\u0259sind\u0259n sonra imzalan\u0131b v\u0259 Az\u0259rbaycan\u0131n Qaraba\u011fda q\u0259l\u0259b\u0259sinin ifad\u0259si kimi q\u0259bul edilib. \u015eu\u015fa B\u0259yannam\u0259sinin simvolik m\u0259nas\u0131 Az\u0259rbaycan\u0131n m\u00fcst\u0259qillik v\u0259 \u0259razi b\u00fct\u00f6vl\u00fcy\u00fc u\u011frunda m\u00fcbariz\u0259d\u0259 q\u0259tiyy\u0259tini, tarixi-m\u0259d\u0259ni ba\u011flar\u0131n\u0131, \u00f6lk\u0259nin Qaraba\u011fda q\u0259l\u0259b\u0259sini simvoliz\u0259 edir. \u015eu\u015fa Az\u0259rbaycan \u00fc\u00e7\u00fcn tarixi v\u0259 m\u0259d\u0259ni \u0259h\u0259miyy\u0259tli \u015f\u0259h\u0259rdir v\u0259 onun s\u0259n\u0259din ad\u0131 kimi se\u00e7ilm\u0259si Az\u0259rbaycan\u0131n Qaraba\u011fda strateji u\u011furlar\u0131n\u0131 vur\u011fulay\u0131r. Ona g\u00f6r\u0259 d\u0259 \u015eu\u015fa b\u0259yannam\u0259si Az\u0259rbaycan \u00fc\u00e7\u00fcn b\u00f6y\u00fck q\u00fcrur m\u0259nb\u0259yi v\u0259 milli r\u0259mz hesab olunur. Bu s\u0259n\u0259d Az\u0259rbaycan\u0131n Qaraba\u011fda q\u0259l\u0259b\u0259sini, \u00f6lk\u0259nin suverenliyi v\u0259 \u0259razi b\u00fct\u00f6vl\u00fcy\u00fcn\u0259 sadiqliyini simvolla\u015fd\u0131r\u0131r.<\/div>\n<div dir=\"auto\">B\u0259yannam\u0259 Erm\u0259nistandak\u0131 revan\u015fist q\u00fcvv\u0259l\u0259r\u0259 regionda s\u00f6z sahibinin T\u00fcrkiy\u0259 v\u0259 Az\u0259rbaycan oldu\u011fu istiqam\u0259tind\u0259 a\u00e7\u0131q mesaj olaraq q\u0259bul edilir. Bu s\u0259n\u0259d T\u00fcrkiy\u0259 v\u0259 Az\u0259rbaycan\u0131n birg\u0259 q\u0259tiyy\u0259tl\u0259 h\u0259r\u0259k\u0259t ed\u0259r\u0259k regionda sabitliyin v\u0259 t\u0259hl\u00fck\u0259sizliyin t\u0259min edilm\u0259sin\u0259 dair \u00f6hd\u0259likl\u0259rini \u0259ks etdirir. Eyni zamanda, s\u00fclhsev\u0259r g\u0259l\u0259c\u0259k \u00fc\u00e7\u00fcn diplomatik h\u0259ll yollar\u0131n\u0131 v\u0259 bar\u0131\u015f\u0131\u011f\u0131 t\u0259\u015fviq etm\u0259kl\u0259 regionda g\u0259rginliyin azald\u0131lmas\u0131 v\u0259 daimi h\u0259ll yolunun tap\u0131lmas\u0131n\u0131n vacibliyini vur\u011fulay\u0131r<\/div>\n<div dir=\"auto\">\u015eu\u015fa b\u0259yannam\u0259si, T\u00fcrkiy\u0259-Az\u0259rbaycan \u0259laq\u0259l\u0259rinin d\u0259rinliyini v\u0259 strateji t\u0259r\u0259fda\u015fl\u0131\u011f\u0131n\u0131 bir daha t\u0259sdiql\u0259di. T\u00fcrkiy\u0259 v\u0259 Az\u0259rbaycan aras\u0131ndak\u0131 \u0259laq\u0259l\u0259r, bu s\u0259n\u0259din imzalanmas\u0131 il\u0259 daha da g\u00fccl\u0259nmi\u015fdir. T\u00fcrkiy\u0259 v\u0259 Az\u0259rbaycan aras\u0131nda \u015eu\u015fa b\u0259yannam\u0259sinin imzalanmas\u0131, iki \u00f6lk\u0259 aras\u0131nda daha s\u0131x\u0131 iqtisadi \u0259laq\u0259l\u0259rin inki\u015faf\u0131na da imkan verir. Bu, ticar\u0259t, investisiyalar, v\u0259 infrastruktur layih\u0259l\u0259ri kimi sah\u0259l\u0259rd\u0259 daha da s\u0131x i\u015f birliyinin qurulmas\u0131na imkan yarad\u0131r.<\/div>\n<div dir=\"auto\">\u015eu\u015fa b\u0259yannam\u0259si, T\u00fcrkiy\u0259 il\u0259 Az\u0259rbaycan aras\u0131nda informasiya m\u00fcbadil\u0259sinin daha da art\u0131r\u0131lmas\u0131na dair bir platform t\u0259\u015fkil edir. \u0130ki \u00f6lk\u0259nin m\u00fcnaqi\u015f\u0259d\u0259ki m\u00f6vqeyini, s\u00fclh prosesini v\u0259 h\u0259ll\u0259rin\u0259 dair m\u0259lumatlar\u0131 daha aktiv \u015f\u0259kild\u0259 payla\u015fmas\u0131n\u0131 t\u0259\u015fviq edir. M\u00fcnaqi\u015f\u0259 il\u0259 ba\u011fl\u0131 strateji m\u0259lumatlar\u0131n daha effektiv \u015f\u0259kild\u0259 m\u00fcbadil\u0259sini sa\u011flay\u0131r. S\u00fclh prosesin\u0259 dair t\u0259cr\u00fcb\u0259l\u0259rin v\u0259 u\u011furlu praktikalar\u0131n m\u00fcbadil\u0259si, iki \u00f6lk\u0259 aras\u0131nda \u0259laq\u0259l\u0259rin daha da g\u00fccl\u0259nm\u0259sin\u0259 v\u0259 s\u00fclh prosesinin daha effektiv \u015f\u0259kild\u0259 inki\u015faf etm\u0259sin\u0259 k\u00f6m\u0259k edir. \u0130ki \u00f6lk\u0259 aras\u0131nda t\u0259hl\u00fck\u0259sizlik m\u0259s\u0259l\u0259l\u0259ri il\u0259 ba\u011fl\u0131 m\u0259lumatlar\u0131n m\u00fcbadil\u0259si, t\u0259hl\u00fck\u0259sizliyin t\u0259min edilm\u0259sin\u0259 v\u0259 h\u0259r iki \u00f6lk\u0259nin daxilind\u0259 t\u0259hl\u00fck\u0259sizlik t\u0259dbirl\u0259rinin effektiv \u015f\u0259kild\u0259 h\u0259yata ke\u00e7irilm\u0259sin\u0259 k\u00f6m\u0259k edir. \u0130nformasiya m\u00fcbadil\u0259si, ticar\u0259t, iqtisadi i\u015f birliyi, m\u0259d\u0259ni \u0259laq\u0259l\u0259r v\u0259 sair\u0259 kimi sah\u0259l\u0259rd\u0259 \u0259laq\u0259l\u0259rin daha da g\u00fccl\u0259nm\u0259sin\u0259 imkan verir. Bu, iki \u00f6lk\u0259nin bir-birin\u0259 daha yax\u0131nla\u015fmas\u0131na v\u0259 \u0259laq\u0259l\u0259rin daha da inki\u015faf etm\u0259sin\u0259 yard\u0131m edir.<\/div>\n<div dir=\"auto\">\u015eu\u015fa b\u0259yannam\u0259sinin ba\u011flanmas\u0131ndan bu g\u00fcnl\u0259r\u0259 q\u0259d\u0259r bir ne\u00e7\u0259 \u0259h\u0259miyy\u0259tli inki\u015faf olmu\u015fdur. \u015eu\u015fa b\u0259yannam\u0259si, Az\u0259rbaycan v\u0259 Erm\u0259nistan aras\u0131nda m\u00fczakir\u0259 yolu il\u0259 \u0259razi statusunun m\u00fc\u0259yy\u0259nl\u0259\u015fdirilm\u0259si \u00fc\u00e7\u00fcn bir platform yaratm\u0131\u015fd\u0131r. Bu m\u00fczakir\u0259l\u0259r m\u00fcnaqi\u015f\u0259nin h\u0259ll olunmas\u0131 \u00fc\u00e7\u00fcn \u0259sasl\u0131 bir add\u0131m t\u0259\u015fkil edir. \u015eu\u015fa b\u0259yannam\u0259si, m\u0259cburi k\u00f6\u00e7k\u00fcnl\u0259r\u0259 d\u00f6n\u00fc\u015f, tarixi abid\u0259l\u0259rin b\u0259rpas\u0131 v\u0259 m\u0259d\u0259ni irsin qorunmas\u0131 kimi humanitar m\u0259s\u0259l\u0259l\u0259rin h\u0259llin\u0259 dair yol g\u00f6st\u0259rm\u0259kl\u0259 m\u0259\u015f\u011fuldur. \u015eu\u015fa b\u0259yannam\u0259si, beyn\u0259lxalq c\u0259miyy\u0259td\u0259 m\u00fcnaqi\u015f\u0259nin h\u0259llin\u0259 olan irad\u0259nin artmas\u0131na s\u0259b\u0259b olmu\u015fdur. Bir \u00e7ox \u00f6lk\u0259 v\u0259 beyn\u0259lxalq t\u0259\u015fkilatlar, bu s\u0259n\u0259di d\u0259st\u0259kl\u0259yir v\u0259 m\u00fcnaqi\u015f\u0259nin h\u0259llin\u0259 olan irad\u0259l\u0259rini ifad\u0259 edirl\u0259r. \u015eu\u015fa b\u0259yannam\u0259si, regionun \u00fcmumi stabilliyin\u0259 d\u0259 t\u0259sir edir. M\u00fcnaqi\u015f\u0259nin h\u0259llin\u0259 imkan ver\u0259r\u0259k, b\u00f6lg\u0259d\u0259 sabitlik v\u0259 t\u0259hl\u00fck\u0259sizlik yarad\u0131r. S\u00fclh prosesinin inki\u015faf\u0131, b\u00f6lg\u0259d\u0259 daha \u00e7ox iqtisadi i\u015f birliyi v\u0259 investisiyalar\u0131n artmas\u0131na da s\u0259b\u0259b olur. Bu, regionun iqtisadi inki\u015faf\u0131na v\u0259 refah\u0131na t\u0259kan verir.<\/div>\n<\/div>\n<div class=\"x11i5rnm xat24cr x1mh8g0r x1vvkbs xtlvy1s x126k92a\">\n<div dir=\"auto\">Hikm\u0259t Heyd\u0259rov &#8211;<\/div>\n<div dir=\"auto\">Qaraba\u011f Regional Turizm \u0130dar\u0259sinin<\/div>\n<div dir=\"auto\">r\u0259isi<\/div>\n<\/div>\n","protected":false},"excerpt":{"rendered":"<p>\u015eu\u015fa b\u0259yannam\u0259si Qafqazda uzun ill\u0259rdir davam ed\u0259n m\u00fcnaqi\u015f\u0259y\u0259 son qoymaq \u00fc\u00e7\u00fcn at\u0131lan tarixi add\u0131md\u0131r. Bu raz\u0131la\u015fma s\u00fclh v\u0259 bar\u0131\u015f\u0131q ist\u0259yinin ifad\u0259si olaraq hesab edilir v\u0259 diplomatik h\u0259ll yollar\u0131n\u0131n vacibliyini vur\u011fulay\u0131r. Regionda sabitliyin v\u0259 t\u0259hl\u00fck\u0259sizliyin t\u0259min edilm\u0259si istiqam\u0259tind\u0259 beyn\u0259lxalq ictimaiyy\u0259tin v\u0259 region \u00f6lk\u0259l\u0259rinin birg\u0259 s\u0259yl\u0259rinin n\u0259tic\u0259si olan \u015eu\u015fa B\u0259yannam\u0259si beyn\u0259lxalq \u0259m\u0259kda\u015fl\u0131q v\u0259 diplomatiya yolu il\u0259 h\u0259ll yolunun axtar\u0131lmas\u0131n\u0131n vacibliyini g\u00f6st\u0259rir. \u015eu\u015fa B\u0259yannam\u0259si Az\u0259rbaycanla T\u00fcrkiy\u0259 aras\u0131nda m\u00fctt\u0259fiqlik \u0259laq\u0259l\u0259rini daha da g\u00fccl\u0259ndirdi. Bu sazi\u015f regionda sabitliyin v\u0259 t\u0259hl\u00fck\u0259sizliyin art\u0131r\u0131lmas\u0131 \u00fc\u00e7\u00fcn birg\u0259 s\u0259yl\u0259ri vur\u011fulayaraq iki \u00f6lk\u0259 aras\u0131nda strateji t\u0259r\u0259fda\u015fl\u0131\u011f\u0131 g\u00fccl\u0259ndirir. H\u0259m\u00e7inin \u015eu\u015fa b\u0259yannam\u0259sinin m\u00f6vcudlu\u011fu&hellip;<\/p>\n","protected":false},"author":2,"featured_media":730550,"comment_status":"closed","ping_status":"closed","sticky":false,"template":"","format":"standard","meta":{"om_disable_all_campaigns":false,"_monsterinsights_skip_tracking":false,"_monsterinsights_sitenote_active":false,"_monsterinsights_sitenote_note":"","_monsterinsights_sitenote_category":0},"categories":[2],"tags":[],"aioseo_notices":[],"gutentor_comment":0,"rttpg_featured_image_url":{"full":["https:\/\/arantv.az\/wp-content\/uploads\/2024\/06\/448518203_403491889312164_4225952200781601969_n.jpg",1200,735,false],"landscape":["https:\/\/arantv.az\/wp-content\/uploads\/2024\/06\/448518203_403491889312164_4225952200781601969_n.jpg",1200,735,false],"portraits":["https:\/\/arantv.az\/wp-content\/uploads\/2024\/06\/448518203_403491889312164_4225952200781601969_n.jpg",1200,735,false],"thumbnail":["https:\/\/arantv.az\/wp-content\/uploads\/2024\/06\/448518203_403491889312164_4225952200781601969_n-500x280.jpg",500,280,true],"medium":["https:\/\/arantv.az\/wp-content\/uploads\/2024\/06\/448518203_403491889312164_4225952200781601969_n-596x365.jpg",596,365,true],"large":["https:\/\/arantv.az\/wp-content\/uploads\/2024\/06\/448518203_403491889312164_4225952200781601969_n-840x515.jpg",640,392,true],"1536x1536":["https:\/\/arantv.az\/wp-content\/uploads\/2024\/06\/448518203_403491889312164_4225952200781601969_n.jpg",1200,735,false],"2048x2048":["https:\/\/arantv.az\/wp-content\/uploads\/2024\/06\/448518203_403491889312164_4225952200781601969_n.jpg",1200,735,false],"post-thumbnail":["https:\/\/arantv.az\/wp-content\/uploads\/2024\/06\/448518203_403491889312164_4225952200781601969_n-240x172.jpg",240,172,true],"advps-thumb-one":["https:\/\/arantv.az\/wp-content\/uploads\/2024\/06\/448518203_403491889312164_4225952200781601969_n-1200x620.jpg",1200,620,true]},"rttpg_author":{"display_name":"V\u00fcsal Rafiqo\u011flu","author_link":"https:\/\/arantv.az\/?author=2"},"rttpg_comment":0,"rttpg_category":"<a href=\"https:\/\/arantv.az\/?cat=2\" rel=\"category\">Region X\u0259b\u0259rl\u0259ri<\/a>","rttpg_excerpt":"\u015eu\u015fa b\u0259yannam\u0259si Qafqazda uzun ill\u0259rdir davam ed\u0259n m\u00fcnaqi\u015f\u0259y\u0259 son qoymaq \u00fc\u00e7\u00fcn at\u0131lan tarixi add\u0131md\u0131r. Bu raz\u0131la\u015fma s\u00fclh v\u0259 bar\u0131\u015f\u0131q ist\u0259yinin ifad\u0259si olaraq hesab edilir v\u0259 diplomatik h\u0259ll yollar\u0131n\u0131n vacibliyini vur\u011fulay\u0131r. Regionda sabitliyin v\u0259 t\u0259hl\u00fck\u0259sizliyin t\u0259min edilm\u0259si istiqam\u0259tind\u0259 beyn\u0259lxalq ictimaiyy\u0259tin v\u0259 region \u00f6lk\u0259l\u0259rinin birg\u0259 s\u0259yl\u0259rinin n\u0259tic\u0259si olan \u015eu\u015fa B\u0259yannam\u0259si beyn\u0259lxalq \u0259m\u0259kda\u015fl\u0131q v\u0259 diplomatiya yolu il\u0259 h\u0259ll&hellip;","_links":{"self":[{"href":"https:\/\/arantv.az\/index.php?rest_route=\/wp\/v2\/posts\/730549"}],"collection":[{"href":"https:\/\/arantv.az\/index.php?rest_route=\/wp\/v2\/posts"}],"about":[{"href":"https:\/\/arantv.az\/index.php?rest_route=\/wp\/v2\/types\/post"}],"author":[{"embeddable":true,"href":"https:\/\/arantv.az\/index.php?rest_route=\/wp\/v2\/users\/2"}],"replies":[{"embeddable":true,"href":"https:\/\/arantv.az\/index.php?rest_route=%2Fwp%2Fv2%2Fcomments&post=730549"}],"version-history":[{"count":0,"href":"https:\/\/arantv.az\/index.php?rest_route=\/wp\/v2\/posts\/730549\/revisions"}],"wp:featuredmedia":[{"embeddable":true,"href":"https:\/\/arantv.az\/index.php?rest_route=\/wp\/v2\/media\/730550"}],"wp:attachment":[{"href":"https:\/\/arantv.az\/index.php?rest_route=%2Fwp%2Fv2%2Fmedia&parent=730549"}],"wp:term":[{"taxonomy":"category","embeddable":true,"href":"https:\/\/arantv.az\/index.php?rest_route=%2Fwp%2Fv2%2Fcategories&post=730549"},{"taxonomy":"post_tag","embeddable":true,"href":"https:\/\/arantv.az\/index.php?rest_route=%2Fwp%2Fv2%2Ftags&post=730549"}],"curies":[{"name":"wp","href":"https:\/\/api.w.org\/{rel}","templated":true}]}}