{"id":730594,"date":"2024-06-15T17:17:35","date_gmt":"2024-06-15T13:17:35","guid":{"rendered":"https:\/\/arantv.az\/?p=730594"},"modified":"2024-06-15T17:17:35","modified_gmt":"2024-06-15T13:17:35","slug":"ilqar%c9%99nin-atasi-m%c9%99ni-qacirib-aygun-kazimova","status":"publish","type":"post","link":"https:\/\/arantv.az\/?p=730594","title":{"rendered":"&#8220;\u0130lqar\u0259nin atas\u0131 m\u0259ni qa\u00e7\u0131r\u0131b&#8221; &#8211; Ayg\u00fcn Kaz\u0131mova"},"content":{"rendered":"<p><strong>&#8220;He\u00e7 vaxt el\u00e7ilikd\u0259 olmam\u0131\u015fam. He\u00e7 bilmir\u0259m el\u00e7ilik nec\u0259 ba\u015f verir. \u00c7ox maraql\u0131d\u0131r. Amma \u0259n\u0259n\u0259l\u0259r \u00e7ox g\u00f6z\u0259ldir&#8221;.<\/strong><\/p>\n<p>Bu s\u00f6zl\u0259ri Xalq artisti Ayg\u00fcn Kaz\u0131mova qonaq oldu\u011fu &#8220;Zaurla G\u00fcnayd\u0131n&#8221; verili\u015find\u0259 deyib.<\/p>\n<p><strong>Pop krali\u00e7a bildirib ki, ona he\u00e7 zaman el\u00e7i g\u0259lm\u0259yib. M\u00fc\u011f\u0259nni ill\u0259r \u0259vv\u0259l h\u0259yat yolda\u015f\u0131 \u0130lqar \u0130brahimov t\u0259r\u0259find\u0259n qa\u00e7\u0131r\u0131ld\u0131\u011f\u0131n\u0131 a\u00e7\u0131qlay\u0131b:<\/strong><\/p>\n<p>&#8220;M\u0259ni qa\u00e7\u0131rd\u0131blar. M\u00fc\u0259llimim, b\u0259st\u0259kar Vaqif G\u0259rayzad\u0259nin biz\u0259 m\u0259\u015fq ke\u00e7diyi klubda idim. Bu hadis\u0259 29 dekabrda ba\u015f verib. Oradan \u00e7\u0131xanda h\u0259yat yolda\u015f\u0131m \u0130lqar m\u0259ni qa\u00e7\u0131rtd\u0131. He\u00e7 el\u0259 bir g\u00fcn\u00fc unutmaq olar? Bizim ail\u0259l\u0259rimiz dostluq edirdi. \u0130lqar m\u0259n\u0259 s\u00f6yl\u0259di ki, &#8220;ax\u015fam saatlar\u0131d\u0131r, s\u0259ni m\u0259\u015fqd\u0259n m\u0259n yola salaca\u011fam&#8221;. M\u0259nd\u0259 raz\u0131la\u015fd\u0131m. El\u0259 o yola salmaqla da m\u0259ni qa\u00e7\u0131rd\u0131&#8221;.<\/p>\n<p><strong>Proqram\u0131n apar\u0131c\u0131s\u0131 Zaur Bax\u015f\u0259liyevin &#8220;Niy\u0259 m\u0259hz \u0130lqar\u0259nin atas\u0131n\u0131 se\u00e7diniz&#8221; sual\u0131na A.Kaz\u0131mova bel\u0259 olub:<\/strong><\/p>\n<p>&#8220;Bilirdim ax\u0131 q\u0131z\u0131m \u0130lqar\u0259nin atas\u0131 \u0130lqar olacaq (g\u00fcl\u00fcr). \u0130lqar\u0131n anas\u0131 v\u0259 m\u0259nim anam r\u0259fiq\u0259 idil\u0259r. Onlar bir-biri il\u0259 \u00e7ox yax\u0131n idil\u0259r. Allah onlara r\u0259hm\u0259t el\u0259sin. Qarda\u015f\u0131m da, Allah ona da r\u0259hm\u0259t el\u0259sin, \u0130lqarla birlikd\u0259 qarmonda ifa edirdil\u0259r v\u0259 onlar bir-biri il\u0259 tan\u0131\u015f idil\u0259r. M\u0259n amma onlar\u0131 tan\u0131m\u0131rd\u0131m. \u00c7\u00fcnki o zamanlar balaca idim. \u0130lqar\u0131n anas\u0131 v\u0259 \u00f6z\u00fc biz\u0259 g\u0259lirdi, qarda\u015f\u0131mla m\u0259\u015fql\u0259r edirdi. Guya m\u0259\u015fq edirdil\u0259r (g\u00fcl\u00fcr)&#8221;.\/\/Ax\u015fam.az<\/p>\n","protected":false},"excerpt":{"rendered":"<p>&#8220;He\u00e7 vaxt el\u00e7ilikd\u0259 olmam\u0131\u015fam. He\u00e7 bilmir\u0259m el\u00e7ilik nec\u0259 ba\u015f verir. \u00c7ox maraql\u0131d\u0131r. Amma \u0259n\u0259n\u0259l\u0259r \u00e7ox g\u00f6z\u0259ldir&#8221;. Bu s\u00f6zl\u0259ri Xalq artisti Ayg\u00fcn Kaz\u0131mova qonaq oldu\u011fu &#8220;Zaurla G\u00fcnayd\u0131n&#8221; verili\u015find\u0259 deyib. Pop krali\u00e7a bildirib ki, ona he\u00e7 zaman el\u00e7i g\u0259lm\u0259yib. M\u00fc\u011f\u0259nni ill\u0259r \u0259vv\u0259l h\u0259yat yolda\u015f\u0131 \u0130lqar \u0130brahimov t\u0259r\u0259find\u0259n qa\u00e7\u0131r\u0131ld\u0131\u011f\u0131n\u0131 a\u00e7\u0131qlay\u0131b: &#8220;M\u0259ni qa\u00e7\u0131rd\u0131blar. M\u00fc\u0259llimim, b\u0259st\u0259kar Vaqif G\u0259rayzad\u0259nin biz\u0259 m\u0259\u015fq ke\u00e7diyi klubda idim. Bu hadis\u0259 29 dekabrda ba\u015f verib. Oradan \u00e7\u0131xanda h\u0259yat yolda\u015f\u0131m \u0130lqar m\u0259ni qa\u00e7\u0131rtd\u0131. He\u00e7 el\u0259 bir g\u00fcn\u00fc unutmaq olar? Bizim ail\u0259l\u0259rimiz dostluq edirdi. \u0130lqar m\u0259n\u0259 s\u00f6yl\u0259di ki, &#8220;ax\u015fam saatlar\u0131d\u0131r, s\u0259ni m\u0259\u015fqd\u0259n m\u0259n&hellip;<\/p>\n","protected":false},"author":2,"featured_media":730595,"comment_status":"closed","ping_status":"closed","sticky":false,"template":"","format":"standard","meta":{"om_disable_all_campaigns":false,"_monsterinsights_skip_tracking":false,"_monsterinsights_sitenote_active":false,"_monsterinsights_sitenote_note":"","_monsterinsights_sitenote_category":0},"categories":[20],"tags":[],"aioseo_notices":[],"gutentor_comment":0,"rttpg_featured_image_url":{"full":["https:\/\/arantv.az\/wp-content\/uploads\/2024\/06\/3435f19fce918dd4ff9d15a35cf68e7b.jpg",870,500,false],"landscape":["https:\/\/arantv.az\/wp-content\/uploads\/2024\/06\/3435f19fce918dd4ff9d15a35cf68e7b.jpg",870,500,false],"portraits":["https:\/\/arantv.az\/wp-content\/uploads\/2024\/06\/3435f19fce918dd4ff9d15a35cf68e7b.jpg",870,500,false],"thumbnail":["https:\/\/arantv.az\/wp-content\/uploads\/2024\/06\/3435f19fce918dd4ff9d15a35cf68e7b-500x280.jpg",500,280,true],"medium":["https:\/\/arantv.az\/wp-content\/uploads\/2024\/06\/3435f19fce918dd4ff9d15a35cf68e7b-635x365.jpg",635,365,true],"large":["https:\/\/arantv.az\/wp-content\/uploads\/2024\/06\/3435f19fce918dd4ff9d15a35cf68e7b-840x483.jpg",640,368,true],"1536x1536":["https:\/\/arantv.az\/wp-content\/uploads\/2024\/06\/3435f19fce918dd4ff9d15a35cf68e7b.jpg",870,500,false],"2048x2048":["https:\/\/arantv.az\/wp-content\/uploads\/2024\/06\/3435f19fce918dd4ff9d15a35cf68e7b.jpg",870,500,false],"post-thumbnail":["https:\/\/arantv.az\/wp-content\/uploads\/2024\/06\/3435f19fce918dd4ff9d15a35cf68e7b-240x172.jpg",240,172,true],"advps-thumb-one":["https:\/\/arantv.az\/wp-content\/uploads\/2024\/06\/3435f19fce918dd4ff9d15a35cf68e7b.jpg",870,500,false]},"rttpg_author":{"display_name":"V\u00fcsal Rafiqo\u011flu","author_link":"https:\/\/arantv.az\/?author=2"},"rttpg_comment":0,"rttpg_category":"<a href=\"https:\/\/arantv.az\/?cat=20\" rel=\"category\">\u015eou biznes<\/a>","rttpg_excerpt":"&#8220;He\u00e7 vaxt el\u00e7ilikd\u0259 olmam\u0131\u015fam. He\u00e7 bilmir\u0259m el\u00e7ilik nec\u0259 ba\u015f verir. \u00c7ox maraql\u0131d\u0131r. Amma \u0259n\u0259n\u0259l\u0259r \u00e7ox g\u00f6z\u0259ldir&#8221;. Bu s\u00f6zl\u0259ri Xalq artisti Ayg\u00fcn Kaz\u0131mova qonaq oldu\u011fu &#8220;Zaurla G\u00fcnayd\u0131n&#8221; verili\u015find\u0259 deyib. Pop krali\u00e7a bildirib ki, ona he\u00e7 zaman el\u00e7i g\u0259lm\u0259yib. M\u00fc\u011f\u0259nni ill\u0259r \u0259vv\u0259l h\u0259yat yolda\u015f\u0131 \u0130lqar \u0130brahimov t\u0259r\u0259find\u0259n qa\u00e7\u0131r\u0131ld\u0131\u011f\u0131n\u0131 a\u00e7\u0131qlay\u0131b: &#8220;M\u0259ni qa\u00e7\u0131rd\u0131blar. M\u00fc\u0259llimim, b\u0259st\u0259kar Vaqif G\u0259rayzad\u0259nin biz\u0259 m\u0259\u015fq&hellip;","_links":{"self":[{"href":"https:\/\/arantv.az\/index.php?rest_route=\/wp\/v2\/posts\/730594"}],"collection":[{"href":"https:\/\/arantv.az\/index.php?rest_route=\/wp\/v2\/posts"}],"about":[{"href":"https:\/\/arantv.az\/index.php?rest_route=\/wp\/v2\/types\/post"}],"author":[{"embeddable":true,"href":"https:\/\/arantv.az\/index.php?rest_route=\/wp\/v2\/users\/2"}],"replies":[{"embeddable":true,"href":"https:\/\/arantv.az\/index.php?rest_route=%2Fwp%2Fv2%2Fcomments&post=730594"}],"version-history":[{"count":0,"href":"https:\/\/arantv.az\/index.php?rest_route=\/wp\/v2\/posts\/730594\/revisions"}],"wp:featuredmedia":[{"embeddable":true,"href":"https:\/\/arantv.az\/index.php?rest_route=\/wp\/v2\/media\/730595"}],"wp:attachment":[{"href":"https:\/\/arantv.az\/index.php?rest_route=%2Fwp%2Fv2%2Fmedia&parent=730594"}],"wp:term":[{"taxonomy":"category","embeddable":true,"href":"https:\/\/arantv.az\/index.php?rest_route=%2Fwp%2Fv2%2Fcategories&post=730594"},{"taxonomy":"post_tag","embeddable":true,"href":"https:\/\/arantv.az\/index.php?rest_route=%2Fwp%2Fv2%2Ftags&post=730594"}],"curies":[{"name":"wp","href":"https:\/\/api.w.org\/{rel}","templated":true}]}}