{"id":730946,"date":"2024-06-17T16:14:56","date_gmt":"2024-06-17T12:14:56","guid":{"rendered":"https:\/\/arantv.az\/?p=730946"},"modified":"2024-06-17T16:14:56","modified_gmt":"2024-06-17T12:14:56","slug":"ans-d%c9%99-yarpaq-tokumu-hec-biri-50-yasa-catmadi","status":"publish","type":"post","link":"https:\/\/arantv.az\/?p=730946","title":{"rendered":"ANS-d\u0259 \u201cyarpaq t\u00f6k\u00fcm\u00fc\u201d &#8211; He\u00e7 biri 50 ya\u015fa \u00e7atmad\u0131&#8230;"},"content":{"rendered":"<p><strong>X\u0259b\u0259r veridiyimiz kimi, &#8220;Baku TV&#8221;nin redaktoru, ANS-in ke\u00e7mi\u015f \u0259m\u0259kda\u015f\u0131 S\u0259rxan Kamall\u0131 \u00f6t\u0259n gec\u0259 d\u00fcnyas\u0131n\u0131 d\u0259yi\u015fib. M\u0259rhumun beyindaxili qans\u0131zma n\u0259tic\u0259sind\u0259 v\u0259fat etdiyi bildirilir.<\/strong><\/p>\n<p><b>ARANTV.AZ <\/b>yenisabah.az-a istinad\u0259n x\u0259b\u0259r verir ki, S\u0259rxan Kamall\u0131n\u0131n q\u0259fil \u00f6l\u00fcm\u00fc diqq\u0259ti onun \u0259vv\u0259lki i\u015f yerin\u0259 &#8211; Az\u0259rbaycan\u0131n ilk m\u00fcst\u0259qil televiziyas\u0131 olan ANS-\u0259 y\u00f6n\u0259ldib.<\/p>\n<p>Qeyd ed\u0259k ki, bununla \u00f6t\u0259n bir il \u0259rzind\u0259 d\u00fcnyas\u0131n\u0131l d\u0259yi\u015fmi\u015f ANS-\u00e7il\u0259rin say\u0131 3-\u0259 \u00e7atd\u0131. SEO N\u0259dir<\/p>\n<p>Xat\u0131rladaq ki, son bir ild\u0259 ANS-d\u0259 &#8220;yarpaq t\u00f6k\u00fcm\u00fc&#8221; tan\u0131nm\u0131\u015f televiziya apar\u0131c\u0131s\u0131 Natavan Babayeva il\u0259 ba\u015flay\u0131b. Ulduzu ANS-d\u0259 parlayan Natavan Babayeva, \u00f6t\u0259n il iyulunda, 46 ya\u015f\u0131nda d\u00fcnyas\u0131n\u0131 d\u0259yi\u015fib. Onun sonuncu i\u015f yeri Az\u0259rbaycan D\u00f6vl\u0259t Televiziyas\u0131 olub.<\/p>\n<p>\u00d6t\u0259n bir ild\u0259 d\u00fcnyas\u0131n\u0131 d\u0259yi\u015f\u0259n ke\u00e7mi\u015f ANS-\u00e7il\u0259rin aras\u0131nda m\u0259rhum mill\u0259t v\u0259kili Q\u0259nir\u0259 Pa\u015fayeva da var. O, 28 sentyabr 2023-c\u00fc ild\u0259, 48 ya\u015f\u0131nda, Bak\u0131 \u015f\u0259h\u0259rind\u0259 v\u0259fat edib. Q\u0259nir\u0259 Pa\u015fayeva 1998-2005-ci ill\u0259rd\u0259 ANS-d\u0259 m\u00fcxbir, redaktor, apar\u0131c\u0131 redaktor, ba\u015f redaktorun m\u00fcavini v\u0259zif\u0259l\u0259rind\u0259 \u00e7al\u0131\u015f\u0131b.<\/p>\n<p>S\u0259rxan Kamall\u0131 Az\u0259rbaycan jurnalistikas\u0131n\u0131n son bir ild\u0259 itirdiyi \u00fc\u00e7\u00fcnc\u00fc ANS-\u00e7idir. Onun jurnalist kimi p\u00fcxt\u0259l\u0259\u015fdiyi d\u00f6vr, ANS-in populyar oldu\u011fu ill\u0259r\u0259 t\u0259sad\u00fcf edir.<\/p>\n<p>M\u0259rhumun sonuncu i\u015f yeri, &#8220;Baku TV&#8221; olub.<\/p>\n<p>Qeyd ed\u0259k ki, h\u0259r \u00fc\u00e7 jurnalist 50 ya\u015f\u0131n\u0131 tamamlamadan h\u0259yatla vidala\u015f\u0131b.<\/p>\n<p>Allah r\u0259hm\u0259t el\u0259sin!<\/p>\n","protected":false},"excerpt":{"rendered":"<p>X\u0259b\u0259r veridiyimiz kimi, &#8220;Baku TV&#8221;nin redaktoru, ANS-in ke\u00e7mi\u015f \u0259m\u0259kda\u015f\u0131 S\u0259rxan Kamall\u0131 \u00f6t\u0259n gec\u0259 d\u00fcnyas\u0131n\u0131 d\u0259yi\u015fib. M\u0259rhumun beyindaxili qans\u0131zma n\u0259tic\u0259sind\u0259 v\u0259fat etdiyi bildirilir. ARANTV.AZ yenisabah.az-a istinad\u0259n x\u0259b\u0259r verir ki, S\u0259rxan Kamall\u0131n\u0131n q\u0259fil \u00f6l\u00fcm\u00fc diqq\u0259ti onun \u0259vv\u0259lki i\u015f yerin\u0259 &#8211; Az\u0259rbaycan\u0131n ilk m\u00fcst\u0259qil televiziyas\u0131 olan ANS-\u0259 y\u00f6n\u0259ldib. Qeyd ed\u0259k ki, bununla \u00f6t\u0259n bir il \u0259rzind\u0259 d\u00fcnyas\u0131n\u0131l d\u0259yi\u015fmi\u015f ANS-\u00e7il\u0259rin say\u0131 3-\u0259 \u00e7atd\u0131. SEO N\u0259dir Xat\u0131rladaq ki, son bir ild\u0259 ANS-d\u0259 &#8220;yarpaq t\u00f6k\u00fcm\u00fc&#8221; tan\u0131nm\u0131\u015f televiziya apar\u0131c\u0131s\u0131 Natavan Babayeva il\u0259 ba\u015flay\u0131b. Ulduzu ANS-d\u0259 parlayan Natavan Babayeva, \u00f6t\u0259n il iyulunda, 46 ya\u015f\u0131nda d\u00fcnyas\u0131n\u0131 d\u0259yi\u015fib. Onun sonuncu&hellip;<\/p>\n","protected":false},"author":2,"featured_media":730947,"comment_status":"closed","ping_status":"closed","sticky":false,"template":"","format":"standard","meta":{"om_disable_all_campaigns":false,"_monsterinsights_skip_tracking":false,"_monsterinsights_sitenote_active":false,"_monsterinsights_sitenote_note":"","_monsterinsights_sitenote_category":0},"categories":[1],"tags":[],"aioseo_notices":[],"gutentor_comment":0,"rttpg_featured_image_url":{"full":["https:\/\/arantv.az\/wp-content\/uploads\/2024\/06\/1212287.jpg",750,422,false],"landscape":["https:\/\/arantv.az\/wp-content\/uploads\/2024\/06\/1212287.jpg",750,422,false],"portraits":["https:\/\/arantv.az\/wp-content\/uploads\/2024\/06\/1212287.jpg",750,422,false],"thumbnail":["https:\/\/arantv.az\/wp-content\/uploads\/2024\/06\/1212287-500x280.jpg",500,280,true],"medium":["https:\/\/arantv.az\/wp-content\/uploads\/2024\/06\/1212287-649x365.jpg",649,365,true],"large":["https:\/\/arantv.az\/wp-content\/uploads\/2024\/06\/1212287.jpg",640,360,false],"1536x1536":["https:\/\/arantv.az\/wp-content\/uploads\/2024\/06\/1212287.jpg",750,422,false],"2048x2048":["https:\/\/arantv.az\/wp-content\/uploads\/2024\/06\/1212287.jpg",750,422,false],"post-thumbnail":["https:\/\/arantv.az\/wp-content\/uploads\/2024\/06\/1212287-240x172.jpg",240,172,true],"advps-thumb-one":["https:\/\/arantv.az\/wp-content\/uploads\/2024\/06\/1212287.jpg",750,422,false]},"rttpg_author":{"display_name":"V\u00fcsal Rafiqo\u011flu","author_link":"https:\/\/arantv.az\/?author=2"},"rttpg_comment":0,"rttpg_category":"<a href=\"https:\/\/arantv.az\/?cat=1\" rel=\"category\">C\u0259miyy\u0259t<\/a>","rttpg_excerpt":"X\u0259b\u0259r veridiyimiz kimi, &#8220;Baku TV&#8221;nin redaktoru, ANS-in ke\u00e7mi\u015f \u0259m\u0259kda\u015f\u0131 S\u0259rxan Kamall\u0131 \u00f6t\u0259n gec\u0259 d\u00fcnyas\u0131n\u0131 d\u0259yi\u015fib. M\u0259rhumun beyindaxili qans\u0131zma n\u0259tic\u0259sind\u0259 v\u0259fat etdiyi bildirilir. ARANTV.AZ yenisabah.az-a istinad\u0259n x\u0259b\u0259r verir ki, S\u0259rxan Kamall\u0131n\u0131n q\u0259fil \u00f6l\u00fcm\u00fc diqq\u0259ti onun \u0259vv\u0259lki i\u015f yerin\u0259 &#8211; Az\u0259rbaycan\u0131n ilk m\u00fcst\u0259qil televiziyas\u0131 olan ANS-\u0259 y\u00f6n\u0259ldib. Qeyd ed\u0259k ki, bununla \u00f6t\u0259n bir il \u0259rzind\u0259 d\u00fcnyas\u0131n\u0131l d\u0259yi\u015fmi\u015f&hellip;","_links":{"self":[{"href":"https:\/\/arantv.az\/index.php?rest_route=\/wp\/v2\/posts\/730946"}],"collection":[{"href":"https:\/\/arantv.az\/index.php?rest_route=\/wp\/v2\/posts"}],"about":[{"href":"https:\/\/arantv.az\/index.php?rest_route=\/wp\/v2\/types\/post"}],"author":[{"embeddable":true,"href":"https:\/\/arantv.az\/index.php?rest_route=\/wp\/v2\/users\/2"}],"replies":[{"embeddable":true,"href":"https:\/\/arantv.az\/index.php?rest_route=%2Fwp%2Fv2%2Fcomments&post=730946"}],"version-history":[{"count":0,"href":"https:\/\/arantv.az\/index.php?rest_route=\/wp\/v2\/posts\/730946\/revisions"}],"wp:featuredmedia":[{"embeddable":true,"href":"https:\/\/arantv.az\/index.php?rest_route=\/wp\/v2\/media\/730947"}],"wp:attachment":[{"href":"https:\/\/arantv.az\/index.php?rest_route=%2Fwp%2Fv2%2Fmedia&parent=730946"}],"wp:term":[{"taxonomy":"category","embeddable":true,"href":"https:\/\/arantv.az\/index.php?rest_route=%2Fwp%2Fv2%2Fcategories&post=730946"},{"taxonomy":"post_tag","embeddable":true,"href":"https:\/\/arantv.az\/index.php?rest_route=%2Fwp%2Fv2%2Ftags&post=730946"}],"curies":[{"name":"wp","href":"https:\/\/api.w.org\/{rel}","templated":true}]}}