{"id":731158,"date":"2024-06-20T10:31:19","date_gmt":"2024-06-20T06:31:19","guid":{"rendered":"https:\/\/arantv.az\/?p=731158"},"modified":"2024-06-20T10:31:19","modified_gmt":"2024-06-20T06:31:19","slug":"rusiya-xin-paris-v%c9%99-ir%c9%99van-arasinda-h%c9%99rbi-%c9%99m%c9%99kdasligin-gucl%c9%99nm%c9%99sin%c9%99-munasib%c9%99t-bildirdi","status":"publish","type":"post","link":"https:\/\/arantv.az\/?p=731158","title":{"rendered":"Rusiya X\u0130N Paris v\u0259 \u0130r\u0259van aras\u0131nda h\u0259rbi \u0259m\u0259kda\u015fl\u0131\u011f\u0131n g\u00fccl\u0259nm\u0259sin\u0259 m\u00fcnasib\u0259t bildirdi"},"content":{"rendered":"<p><strong>Q\u0259rbin C\u0259nubi Qafqazdak\u0131 g\u00fcnd\u0259liyi he\u00e7 d\u0259 h\u0259mi\u015f\u0259 region \u00f6lk\u0259l\u0259rinin maraqlar\u0131na uy\u011fun g\u0259lmir.<\/strong><\/p>\n<p>Bu bar\u0259d\u0259 Rusiya xarici i\u015fl\u0259r nazirinin m\u00fcavini Mixail Qaluzin Paris v\u0259 \u0130r\u0259van aras\u0131nda h\u0259rbi \u0259m\u0259kda\u015fl\u0131\u011f\u0131n g\u00fccl\u0259ndirilm\u0259sini \u015f\u0259rh ed\u0259rk\u0259n \u201cR\u0130A Novosti\u201dy\u0259 s\u00f6yl\u0259yib.<\/p>\n<p>\u201cRegion xaricind\u0259 olanlar C\u0259nubi Qafqaza \u00f6z planlar\u0131 il\u0259 gedirl\u0259r ki, bu, yum\u015faq des\u0259k, he\u00e7 d\u0259 h\u0259mi\u015f\u0259 regional d\u00f6vl\u0259tl\u0259rin maraqlar\u0131na uy\u011fun g\u0259lmir. Hesab edirik ki, bu, C\u0259nubi Qafqazda sabitliy\u0259 v\u0259 t\u0259hl\u00fck\u0259sizliy\u0259 t\u00f6hf\u0259 verm\u0259y\u0259c\u0259k\u201d, \u2013 Qaluzin bildirib.<\/p>\n<p>Diplomat\u0131n fikrinc\u0259, b\u00f6lg\u0259d\u0259 t\u0259hl\u00fck\u0259sizliyin effektivliyini \u201cm\u00fcvafiq region d\u00f6vl\u0259tl\u0259rinin s\u0259yl\u0259ri il\u0259 t\u0259min etm\u0259k olar\u201d.<\/p>\n<p>\u201cBiz inan\u0131r\u0131q ki, regional t\u0259hl\u00fck\u0259sizliyi \u0259n s\u0259m\u0259r\u0259li \u015f\u0259kild\u0259 m\u00fcvafiq region d\u00f6vl\u0259tl\u0259rinin s\u0259yl\u0259ri il\u0259 t\u0259min etm\u0259k olar, biz h\u0259m t\u0259hl\u00fck\u0259sizliyin t\u0259min edilm\u0259si, h\u0259m d\u0259 C\u0259nubi Qafqazda v\u0259 dig\u0259r regionlarda iqtisadi inteqrasiya bax\u0131m\u0131ndan regional m\u0259suliyy\u0259tin t\u0259r\u0259fdar\u0131y\u0131q\u201d, \u2013 Qaluzin deyib.<\/p>\n<p>Xat\u0131rladaq ki, daha \u00f6nc\u0259 Erm\u0259nistan\u0131n Fransadan 36 \u0259d\u0259d \u201cCaesar\u201d \u00f6z\u00fcyeriy\u0259n artilleriya sistemi ald\u0131\u011f\u0131na dair m\u0259lumat yay\u0131lm\u0131\u015fd\u0131.<\/p>\n<p>\u0130yunun 18-d\u0259 Az\u0259rbaycan M\u00fcdafi\u0259 Nazirliyi b\u0259yan edib ki, C\u0259nubi Qafqaz regionunda v\u0259ziyy\u0259tin g\u0259rginl\u0259\u015fm\u0259sin\u0259 v\u0259 yeni m\u00fcharib\u0259 oca\u011f\u0131n\u0131n yaranmas\u0131na g\u00f6r\u0259 m\u0259suliyy\u0259ti tam \u015f\u0259kild\u0259 revan\u015fist siyas\u0259t y\u00fcr\u00fcd\u0259n Erm\u0259nistan r\u0259hb\u0259rliyi v\u0259 Makron diktaturas\u0131 da\u015f\u0131yacaq.\/\/Report<\/p>\n","protected":false},"excerpt":{"rendered":"<p>Q\u0259rbin C\u0259nubi Qafqazdak\u0131 g\u00fcnd\u0259liyi he\u00e7 d\u0259 h\u0259mi\u015f\u0259 region \u00f6lk\u0259l\u0259rinin maraqlar\u0131na uy\u011fun g\u0259lmir. Bu bar\u0259d\u0259 Rusiya xarici i\u015fl\u0259r nazirinin m\u00fcavini Mixail Qaluzin Paris v\u0259 \u0130r\u0259van aras\u0131nda h\u0259rbi \u0259m\u0259kda\u015fl\u0131\u011f\u0131n g\u00fccl\u0259ndirilm\u0259sini \u015f\u0259rh ed\u0259rk\u0259n \u201cR\u0130A Novosti\u201dy\u0259 s\u00f6yl\u0259yib. \u201cRegion xaricind\u0259 olanlar C\u0259nubi Qafqaza \u00f6z planlar\u0131 il\u0259 gedirl\u0259r ki, bu, yum\u015faq des\u0259k, he\u00e7 d\u0259 h\u0259mi\u015f\u0259 regional d\u00f6vl\u0259tl\u0259rin maraqlar\u0131na uy\u011fun g\u0259lmir. Hesab edirik ki, bu, C\u0259nubi Qafqazda sabitliy\u0259 v\u0259 t\u0259hl\u00fck\u0259sizliy\u0259 t\u00f6hf\u0259 verm\u0259y\u0259c\u0259k\u201d, \u2013 Qaluzin bildirib. Diplomat\u0131n fikrinc\u0259, b\u00f6lg\u0259d\u0259 t\u0259hl\u00fck\u0259sizliyin effektivliyini \u201cm\u00fcvafiq region d\u00f6vl\u0259tl\u0259rinin s\u0259yl\u0259ri il\u0259 t\u0259min etm\u0259k olar\u201d. \u201cBiz inan\u0131r\u0131q ki, regional t\u0259hl\u00fck\u0259sizliyi \u0259n s\u0259m\u0259r\u0259li \u015f\u0259kild\u0259 m\u00fcvafiq&hellip;<\/p>\n","protected":false},"author":2,"featured_media":731159,"comment_status":"closed","ping_status":"closed","sticky":false,"template":"","format":"standard","meta":{"om_disable_all_campaigns":false,"_monsterinsights_skip_tracking":false,"_monsterinsights_sitenote_active":false,"_monsterinsights_sitenote_note":"","_monsterinsights_sitenote_category":0},"categories":[4],"tags":[],"aioseo_notices":[],"gutentor_comment":0,"rttpg_featured_image_url":{"full":["https:\/\/arantv.az\/wp-content\/uploads\/2024\/06\/429b0f15a1f4b7b1845a5074a938e0f6.jpg",850,500,false],"landscape":["https:\/\/arantv.az\/wp-content\/uploads\/2024\/06\/429b0f15a1f4b7b1845a5074a938e0f6.jpg",850,500,false],"portraits":["https:\/\/arantv.az\/wp-content\/uploads\/2024\/06\/429b0f15a1f4b7b1845a5074a938e0f6.jpg",850,500,false],"thumbnail":["https:\/\/arantv.az\/wp-content\/uploads\/2024\/06\/429b0f15a1f4b7b1845a5074a938e0f6-500x280.jpg",500,280,true],"medium":["https:\/\/arantv.az\/wp-content\/uploads\/2024\/06\/429b0f15a1f4b7b1845a5074a938e0f6-621x365.jpg",621,365,true],"large":["https:\/\/arantv.az\/wp-content\/uploads\/2024\/06\/429b0f15a1f4b7b1845a5074a938e0f6-840x494.jpg",640,376,true],"1536x1536":["https:\/\/arantv.az\/wp-content\/uploads\/2024\/06\/429b0f15a1f4b7b1845a5074a938e0f6.jpg",850,500,false],"2048x2048":["https:\/\/arantv.az\/wp-content\/uploads\/2024\/06\/429b0f15a1f4b7b1845a5074a938e0f6.jpg",850,500,false],"post-thumbnail":["https:\/\/arantv.az\/wp-content\/uploads\/2024\/06\/429b0f15a1f4b7b1845a5074a938e0f6-240x172.jpg",240,172,true],"advps-thumb-one":["https:\/\/arantv.az\/wp-content\/uploads\/2024\/06\/429b0f15a1f4b7b1845a5074a938e0f6.jpg",850,500,false]},"rttpg_author":{"display_name":"V\u00fcsal Rafiqo\u011flu","author_link":"https:\/\/arantv.az\/?author=2"},"rttpg_comment":0,"rttpg_category":"<a href=\"https:\/\/arantv.az\/?cat=4\" rel=\"category\">Siyas\u0259t<\/a>","rttpg_excerpt":"Q\u0259rbin C\u0259nubi Qafqazdak\u0131 g\u00fcnd\u0259liyi he\u00e7 d\u0259 h\u0259mi\u015f\u0259 region \u00f6lk\u0259l\u0259rinin maraqlar\u0131na uy\u011fun g\u0259lmir. Bu bar\u0259d\u0259 Rusiya xarici i\u015fl\u0259r nazirinin m\u00fcavini Mixail Qaluzin Paris v\u0259 \u0130r\u0259van aras\u0131nda h\u0259rbi \u0259m\u0259kda\u015fl\u0131\u011f\u0131n g\u00fccl\u0259ndirilm\u0259sini \u015f\u0259rh ed\u0259rk\u0259n \u201cR\u0130A Novosti\u201dy\u0259 s\u00f6yl\u0259yib. \u201cRegion xaricind\u0259 olanlar C\u0259nubi Qafqaza \u00f6z planlar\u0131 il\u0259 gedirl\u0259r ki, bu, yum\u015faq des\u0259k, he\u00e7 d\u0259 h\u0259mi\u015f\u0259 regional d\u00f6vl\u0259tl\u0259rin maraqlar\u0131na uy\u011fun g\u0259lmir. Hesab&hellip;","_links":{"self":[{"href":"https:\/\/arantv.az\/index.php?rest_route=\/wp\/v2\/posts\/731158"}],"collection":[{"href":"https:\/\/arantv.az\/index.php?rest_route=\/wp\/v2\/posts"}],"about":[{"href":"https:\/\/arantv.az\/index.php?rest_route=\/wp\/v2\/types\/post"}],"author":[{"embeddable":true,"href":"https:\/\/arantv.az\/index.php?rest_route=\/wp\/v2\/users\/2"}],"replies":[{"embeddable":true,"href":"https:\/\/arantv.az\/index.php?rest_route=%2Fwp%2Fv2%2Fcomments&post=731158"}],"version-history":[{"count":0,"href":"https:\/\/arantv.az\/index.php?rest_route=\/wp\/v2\/posts\/731158\/revisions"}],"wp:featuredmedia":[{"embeddable":true,"href":"https:\/\/arantv.az\/index.php?rest_route=\/wp\/v2\/media\/731159"}],"wp:attachment":[{"href":"https:\/\/arantv.az\/index.php?rest_route=%2Fwp%2Fv2%2Fmedia&parent=731158"}],"wp:term":[{"taxonomy":"category","embeddable":true,"href":"https:\/\/arantv.az\/index.php?rest_route=%2Fwp%2Fv2%2Fcategories&post=731158"},{"taxonomy":"post_tag","embeddable":true,"href":"https:\/\/arantv.az\/index.php?rest_route=%2Fwp%2Fv2%2Ftags&post=731158"}],"curies":[{"name":"wp","href":"https:\/\/api.w.org\/{rel}","templated":true}]}}